{"id":277288,"date":"2025-08-18T21:29:42","date_gmt":"2025-08-18T19:29:42","guid":{"rendered":"https:\/\/tuzlainfo.ba\/?p=277288"},"modified":"2025-08-18T21:29:42","modified_gmt":"2025-08-18T19:29:42","slug":"komentarisali-odluku-suda-bih-covic-i-plenkovic-pustili-dodika-niz-vodu","status":"publish","type":"post","link":"https:\/\/tuzlainfo.ba\/index.php\/bosna-i-hercegovina\/item\/277288-komentarisali-odluku-suda-bih-covic-i-plenkovic-pustili-dodika-niz-vodu\/","title":{"rendered":"Komentarisali odluku Suda BiH: \u010covi\u0107 i Plenkovi\u0107 pustili Dodika &#8220;niz vodu&#8221;"},"content":{"rendered":"<p data-start=\"171\" data-end=\"511\">Na sjednici Predsjedni\u0161tava Hrvatske demokratske zajednice Bosne i Hercegovine i Hrvatske demokratske zajednice Republike Hrvatske u Mostaru, povodom obilje\u017eavanja 35. godi\u0161njice osnivanja HDZ-a BiH, predsjednici stranaka Dragan \u010covi\u0107 i Andrej Plenkovi\u0107 obratili su se javnosti, izme\u0111u ostalog, i povodom aktuelne situacije u entitetu RS.<\/p>\n<p data-start=\"513\" data-end=\"899\">Na pitanje o slu\u010daju Milorada Dodika, kojem je Sud BiH danas odbio \u017ealbu, \u010covi\u0107 je kratko izjavio da je \u201esve re\u010deno po tom pitanju\u201c te naglasio da se odluke institucija BiH moraju po\u0161tovati. On je dodao da je fokus stabilizacija bezbjednosnih odnosa u zemlji i odr\u017eavanje funkcionalnosti vlasti, isti\u010du\u0107i da BiH mora biti ure\u0111ena tako da zadovolji interese svih konstitutivnih naroda.<\/p>\n<p data-start=\"901\" data-end=\"1297\">Predsjednik HDZ-a Hrvatske Andrej Plenkovi\u0107 istakao je va\u017enost po\u0161tovanja sudskih odluka i institucija BiH.<\/p>\n<p data-start=\"901\" data-end=\"1297\">\u201eOn (Dodik, op.a.) je svojim aktima prakti\u010dno priznao te odluke. Vladavina prava iznad svega i po\u0161tovanje institucija iznad svega\u201c, poru\u010dio je Plenkovi\u0107, dodaju\u0107i da je klju\u010dno izbje\u0107i destabilizaciju i eskalaciju, posebno u entitetu RS, te o\u010duvati prava svih naroda i reforme u zemlji.<\/p>\n","protected":false},"excerpt":{"rendered":"<p>Na sjednici Predsjedni\u0161tava Hrvatske demokratske zajednice Bosne i Hercegovine i Hrvatske demokratske zajednice Republike Hrvatske&hellip;<\/p>\n","protected":false},"author":2,"featured_media":179315,"comment_status":"closed","ping_status":"closed","sticky":false,"template":"","format":"standard","meta":{"_acf_changed":false,"footnotes":""},"categories":[291],"tags":[2626,436],"acf":[],"yoast_head":"<!-- This site is optimized with the Yoast SEO plugin v23.5 - https:\/\/yoast.com\/wordpress\/plugins\/seo\/ -->\n<title>Komentarisali odluku Suda BiH: \u010covi\u0107 i Plenkovi\u0107 pustili Dodika &quot;niz vodu&quot; - TuzlaInfo.ba<\/title>\n<meta name=\"robots\" content=\"index, follow, max-snippet:-1, max-image-preview:large, max-video-preview:-1\" \/>\n<link rel=\"canonical\" href=\"https:\/\/tuzlainfo.ba\/index.php\/bosna-i-hercegovina\/item\/277288-komentarisali-odluku-suda-bih-covic-i-plenkovic-pustili-dodika-niz-vodu\/\" \/>\n<meta property=\"og:locale\" content=\"bs_BA\" \/>\n<meta property=\"og:type\" content=\"article\" \/>\n<meta property=\"og:title\" content=\"Komentarisali odluku Suda BiH: \u010covi\u0107 i Plenkovi\u0107 pustili Dodika &quot;niz vodu&quot; - TuzlaInfo.ba\" \/>\n<meta property=\"og:description\" content=\"Na sjednici Predsjedni\u0161tava Hrvatske demokratske zajednice Bosne i Hercegovine i Hrvatske demokratske zajednice Republike Hrvatske&hellip;\" \/>\n<meta property=\"og:url\" content=\"https:\/\/tuzlainfo.ba\/index.php\/bosna-i-hercegovina\/item\/277288-komentarisali-odluku-suda-bih-covic-i-plenkovic-pustili-dodika-niz-vodu\/\" \/>\n<meta property=\"og:site_name\" content=\"TuzlaInfo.ba\" \/>\n<meta property=\"article:publisher\" content=\"https:\/\/www.facebook.com\/tuzlainfo.ba\/\" \/>\n<meta property=\"article:published_time\" content=\"2025-08-18T19:29:42+00:00\" \/>\n<meta property=\"og:image\" content=\"https:\/\/tuzlainfo.ba\/wp-content\/uploads\/2022\/07\/2507_covic_plenkovic.jpg\" \/>\n\t<meta property=\"og:image:width\" content=\"1000\" \/>\n\t<meta property=\"og:image:height\" content=\"666\" \/>\n\t<meta property=\"og:image:type\" content=\"image\/jpeg\" \/>\n<meta name=\"author\" content=\"nedim\" \/>\n<meta name=\"twitter:card\" content=\"summary_large_image\" \/>\n<meta name=\"twitter:label1\" content=\"Written by\" \/>\n\t<meta name=\"twitter:data1\" content=\"nedim\" \/>\n\t<meta name=\"twitter:label2\" content=\"Est. reading time\" \/>\n\t<meta name=\"twitter:data2\" content=\"2 minute\" \/>\n<script type=\"application\/ld+json\" class=\"yoast-schema-graph\">{\"@context\":\"https:\/\/schema.org\",\"@graph\":[{\"@type\":\"Article\",\"@id\":\"https:\/\/tuzlainfo.ba\/index.php\/bosna-i-hercegovina\/item\/277288-komentarisali-odluku-suda-bih-covic-i-plenkovic-pustili-dodika-niz-vodu\/#article\",\"isPartOf\":{\"@id\":\"https:\/\/tuzlainfo.ba\/index.php\/bosna-i-hercegovina\/item\/277288-komentarisali-odluku-suda-bih-covic-i-plenkovic-pustili-dodika-niz-vodu\/\"},\"author\":{\"name\":\"nedim\",\"@id\":\"https:\/\/tuzlainfo.ba\/#\/schema\/person\/f434e20dc27ea133923aab08451b7f7f\"},\"headline\":\"Komentarisali odluku Suda BiH: \u010covi\u0107 i Plenkovi\u0107 pustili Dodika &#8220;niz vodu&#8221;\",\"datePublished\":\"2025-08-18T19:29:42+00:00\",\"dateModified\":\"2025-08-18T19:29:42+00:00\",\"mainEntityOfPage\":{\"@id\":\"https:\/\/tuzlainfo.ba\/index.php\/bosna-i-hercegovina\/item\/277288-komentarisali-odluku-suda-bih-covic-i-plenkovic-pustili-dodika-niz-vodu\/\"},\"wordCount\":193,\"publisher\":{\"@id\":\"https:\/\/tuzlainfo.ba\/#organization\"},\"image\":{\"@id\":\"https:\/\/tuzlainfo.ba\/index.php\/bosna-i-hercegovina\/item\/277288-komentarisali-odluku-suda-bih-covic-i-plenkovic-pustili-dodika-niz-vodu\/#primaryimage\"},\"thumbnailUrl\":\"https:\/\/tuzlainfo.ba\/wp-content\/uploads\/2022\/07\/2507_covic_plenkovic.jpg\",\"keywords\":[\"Andrej Plenkovi\u0107\",\"dragan \u010dovi\u0107\"],\"articleSection\":[\"Bosna i Hercegovina\"],\"inLanguage\":\"bs-BA\"},{\"@type\":\"WebPage\",\"@id\":\"https:\/\/tuzlainfo.ba\/index.php\/bosna-i-hercegovina\/item\/277288-komentarisali-odluku-suda-bih-covic-i-plenkovic-pustili-dodika-niz-vodu\/\",\"url\":\"https:\/\/tuzlainfo.ba\/index.php\/bosna-i-hercegovina\/item\/277288-komentarisali-odluku-suda-bih-covic-i-plenkovic-pustili-dodika-niz-vodu\/\",\"name\":\"Komentarisali odluku Suda BiH: \u010covi\u0107 i Plenkovi\u0107 pustili Dodika \\\"niz vodu\\\" - TuzlaInfo.ba\",\"isPartOf\":{\"@id\":\"https:\/\/tuzlainfo.ba\/#website\"},\"primaryImageOfPage\":{\"@id\":\"https:\/\/tuzlainfo.ba\/index.php\/bosna-i-hercegovina\/item\/277288-komentarisali-odluku-suda-bih-covic-i-plenkovic-pustili-dodika-niz-vodu\/#primaryimage\"},\"image\":{\"@id\":\"https:\/\/tuzlainfo.ba\/index.php\/bosna-i-hercegovina\/item\/277288-komentarisali-odluku-suda-bih-covic-i-plenkovic-pustili-dodika-niz-vodu\/#primaryimage\"},\"thumbnailUrl\":\"https:\/\/tuzlainfo.ba\/wp-content\/uploads\/2022\/07\/2507_covic_plenkovic.jpg\",\"datePublished\":\"2025-08-18T19:29:42+00:00\",\"dateModified\":\"2025-08-18T19:29:42+00:00\",\"breadcrumb\":{\"@id\":\"https:\/\/tuzlainfo.ba\/index.php\/bosna-i-hercegovina\/item\/277288-komentarisali-odluku-suda-bih-covic-i-plenkovic-pustili-dodika-niz-vodu\/#breadcrumb\"},\"inLanguage\":\"bs-BA\",\"potentialAction\":[{\"@type\":\"ReadAction\",\"target\":[\"https:\/\/tuzlainfo.ba\/index.php\/bosna-i-hercegovina\/item\/277288-komentarisali-odluku-suda-bih-covic-i-plenkovic-pustili-dodika-niz-vodu\/\"]}]},{\"@type\":\"ImageObject\",\"inLanguage\":\"bs-BA\",\"@id\":\"https:\/\/tuzlainfo.ba\/index.php\/bosna-i-hercegovina\/item\/277288-komentarisali-odluku-suda-bih-covic-i-plenkovic-pustili-dodika-niz-vodu\/#primaryimage\",\"url\":\"https:\/\/tuzlainfo.ba\/wp-content\/uploads\/2022\/07\/2507_covic_plenkovic.jpg\",\"contentUrl\":\"https:\/\/tuzlainfo.ba\/wp-content\/uploads\/2022\/07\/2507_covic_plenkovic.jpg\",\"width\":1000,\"height\":666},{\"@type\":\"BreadcrumbList\",\"@id\":\"https:\/\/tuzlainfo.ba\/index.php\/bosna-i-hercegovina\/item\/277288-komentarisali-odluku-suda-bih-covic-i-plenkovic-pustili-dodika-niz-vodu\/#breadcrumb\",\"itemListElement\":[{\"@type\":\"ListItem\",\"position\":1,\"name\":\"Home\",\"item\":\"https:\/\/tuzlainfo.ba\/\"},{\"@type\":\"ListItem\",\"position\":2,\"name\":\"Komentarisali odluku Suda BiH: \u010covi\u0107 i Plenkovi\u0107 pustili Dodika &#8220;niz vodu&#8221;\"}]},{\"@type\":\"WebSite\",\"@id\":\"https:\/\/tuzlainfo.ba\/#website\",\"url\":\"https:\/\/tuzlainfo.ba\/\",\"name\":\"TuzlaInfo.ba\",\"description\":\"Tuzla info, gradski informator - Tuzla na dlanu\",\"publisher\":{\"@id\":\"https:\/\/tuzlainfo.ba\/#organization\"},\"potentialAction\":[{\"@type\":\"SearchAction\",\"target\":{\"@type\":\"EntryPoint\",\"urlTemplate\":\"https:\/\/tuzlainfo.ba\/?s={search_term_string}\"},\"query-input\":{\"@type\":\"PropertyValueSpecification\",\"valueRequired\":true,\"valueName\":\"search_term_string\"}}],\"inLanguage\":\"bs-BA\"},{\"@type\":\"Organization\",\"@id\":\"https:\/\/tuzlainfo.ba\/#organization\",\"name\":\"TuzlaInfo.ba\",\"url\":\"https:\/\/tuzlainfo.ba\/\",\"logo\":{\"@type\":\"ImageObject\",\"inLanguage\":\"bs-BA\",\"@id\":\"https:\/\/tuzlainfo.ba\/#\/schema\/logo\/image\/\",\"url\":\"https:\/\/tuzlainfo.ba\/wp-content\/uploads\/2021\/03\/logo-ver-3-1.png\",\"contentUrl\":\"https:\/\/tuzlainfo.ba\/wp-content\/uploads\/2021\/03\/logo-ver-3-1.png\",\"width\":350,\"height\":95,\"caption\":\"TuzlaInfo.ba\"},\"image\":{\"@id\":\"https:\/\/tuzlainfo.ba\/#\/schema\/logo\/image\/\"},\"sameAs\":[\"https:\/\/www.facebook.com\/tuzlainfo.ba\/\"]},{\"@type\":\"Person\",\"@id\":\"https:\/\/tuzlainfo.ba\/#\/schema\/person\/f434e20dc27ea133923aab08451b7f7f\",\"name\":\"nedim\",\"image\":{\"@type\":\"ImageObject\",\"inLanguage\":\"bs-BA\",\"@id\":\"https:\/\/tuzlainfo.ba\/#\/schema\/person\/image\/\",\"url\":\"https:\/\/tuzlainfo.ba\/wp-content\/litespeed\/avatar\/aabad687af24844af817603ac1cbdc4f.jpg?ver=1777306975\",\"contentUrl\":\"https:\/\/tuzlainfo.ba\/wp-content\/litespeed\/avatar\/aabad687af24844af817603ac1cbdc4f.jpg?ver=1777306975\",\"caption\":\"nedim\"},\"description\":\"Tuzlainfo.ba pratite na dru\u0161tvenim mre\u017eama: Facebook, Instagram i Youtube. Svoje pri\u010de, upite i fotografije \u0161aljite na na\u0161u e-mail adresu.\"}]}<\/script>\n<!-- \/ Yoast SEO plugin. -->","yoast_head_json":{"title":"Komentarisali odluku Suda BiH: \u010covi\u0107 i Plenkovi\u0107 pustili Dodika \"niz vodu\" - TuzlaInfo.ba","robots":{"index":"index","follow":"follow","max-snippet":"max-snippet:-1","max-image-preview":"max-image-preview:large","max-video-preview":"max-video-preview:-1"},"canonical":"https:\/\/tuzlainfo.ba\/index.php\/bosna-i-hercegovina\/item\/277288-komentarisali-odluku-suda-bih-covic-i-plenkovic-pustili-dodika-niz-vodu\/","og_locale":"bs_BA","og_type":"article","og_title":"Komentarisali odluku Suda BiH: \u010covi\u0107 i Plenkovi\u0107 pustili Dodika \"niz vodu\" - TuzlaInfo.ba","og_description":"Na sjednici Predsjedni\u0161tava Hrvatske demokratske zajednice Bosne i Hercegovine i Hrvatske demokratske zajednice Republike Hrvatske&hellip;","og_url":"https:\/\/tuzlainfo.ba\/index.php\/bosna-i-hercegovina\/item\/277288-komentarisali-odluku-suda-bih-covic-i-plenkovic-pustili-dodika-niz-vodu\/","og_site_name":"TuzlaInfo.ba","article_publisher":"https:\/\/www.facebook.com\/tuzlainfo.ba\/","article_published_time":"2025-08-18T19:29:42+00:00","og_image":[{"width":1000,"height":666,"url":"https:\/\/tuzlainfo.ba\/wp-content\/uploads\/2022\/07\/2507_covic_plenkovic.jpg","type":"image\/jpeg"}],"author":"nedim","twitter_card":"summary_large_image","twitter_misc":{"Written by":"nedim","Est. reading time":"2 minute"},"schema":{"@context":"https:\/\/schema.org","@graph":[{"@type":"Article","@id":"https:\/\/tuzlainfo.ba\/index.php\/bosna-i-hercegovina\/item\/277288-komentarisali-odluku-suda-bih-covic-i-plenkovic-pustili-dodika-niz-vodu\/#article","isPartOf":{"@id":"https:\/\/tuzlainfo.ba\/index.php\/bosna-i-hercegovina\/item\/277288-komentarisali-odluku-suda-bih-covic-i-plenkovic-pustili-dodika-niz-vodu\/"},"author":{"name":"nedim","@id":"https:\/\/tuzlainfo.ba\/#\/schema\/person\/f434e20dc27ea133923aab08451b7f7f"},"headline":"Komentarisali odluku Suda BiH: \u010covi\u0107 i Plenkovi\u0107 pustili Dodika &#8220;niz vodu&#8221;","datePublished":"2025-08-18T19:29:42+00:00","dateModified":"2025-08-18T19:29:42+00:00","mainEntityOfPage":{"@id":"https:\/\/tuzlainfo.ba\/index.php\/bosna-i-hercegovina\/item\/277288-komentarisali-odluku-suda-bih-covic-i-plenkovic-pustili-dodika-niz-vodu\/"},"wordCount":193,"publisher":{"@id":"https:\/\/tuzlainfo.ba\/#organization"},"image":{"@id":"https:\/\/tuzlainfo.ba\/index.php\/bosna-i-hercegovina\/item\/277288-komentarisali-odluku-suda-bih-covic-i-plenkovic-pustili-dodika-niz-vodu\/#primaryimage"},"thumbnailUrl":"https:\/\/tuzlainfo.ba\/wp-content\/uploads\/2022\/07\/2507_covic_plenkovic.jpg","keywords":["Andrej Plenkovi\u0107","dragan \u010dovi\u0107"],"articleSection":["Bosna i Hercegovina"],"inLanguage":"bs-BA"},{"@type":"WebPage","@id":"https:\/\/tuzlainfo.ba\/index.php\/bosna-i-hercegovina\/item\/277288-komentarisali-odluku-suda-bih-covic-i-plenkovic-pustili-dodika-niz-vodu\/","url":"https:\/\/tuzlainfo.ba\/index.php\/bosna-i-hercegovina\/item\/277288-komentarisali-odluku-suda-bih-covic-i-plenkovic-pustili-dodika-niz-vodu\/","name":"Komentarisali odluku Suda BiH: \u010covi\u0107 i Plenkovi\u0107 pustili Dodika \"niz vodu\" - TuzlaInfo.ba","isPartOf":{"@id":"https:\/\/tuzlainfo.ba\/#website"},"primaryImageOfPage":{"@id":"https:\/\/tuzlainfo.ba\/index.php\/bosna-i-hercegovina\/item\/277288-komentarisali-odluku-suda-bih-covic-i-plenkovic-pustili-dodika-niz-vodu\/#primaryimage"},"image":{"@id":"https:\/\/tuzlainfo.ba\/index.php\/bosna-i-hercegovina\/item\/277288-komentarisali-odluku-suda-bih-covic-i-plenkovic-pustili-dodika-niz-vodu\/#primaryimage"},"thumbnailUrl":"https:\/\/tuzlainfo.ba\/wp-content\/uploads\/2022\/07\/2507_covic_plenkovic.jpg","datePublished":"2025-08-18T19:29:42+00:00","dateModified":"2025-08-18T19:29:42+00:00","breadcrumb":{"@id":"https:\/\/tuzlainfo.ba\/index.php\/bosna-i-hercegovina\/item\/277288-komentarisali-odluku-suda-bih-covic-i-plenkovic-pustili-dodika-niz-vodu\/#breadcrumb"},"inLanguage":"bs-BA","potentialAction":[{"@type":"ReadAction","target":["https:\/\/tuzlainfo.ba\/index.php\/bosna-i-hercegovina\/item\/277288-komentarisali-odluku-suda-bih-covic-i-plenkovic-pustili-dodika-niz-vodu\/"]}]},{"@type":"ImageObject","inLanguage":"bs-BA","@id":"https:\/\/tuzlainfo.ba\/index.php\/bosna-i-hercegovina\/item\/277288-komentarisali-odluku-suda-bih-covic-i-plenkovic-pustili-dodika-niz-vodu\/#primaryimage","url":"https:\/\/tuzlainfo.ba\/wp-content\/uploads\/2022\/07\/2507_covic_plenkovic.jpg","contentUrl":"https:\/\/tuzlainfo.ba\/wp-content\/uploads\/2022\/07\/2507_covic_plenkovic.jpg","width":1000,"height":666},{"@type":"BreadcrumbList","@id":"https:\/\/tuzlainfo.ba\/index.php\/bosna-i-hercegovina\/item\/277288-komentarisali-odluku-suda-bih-covic-i-plenkovic-pustili-dodika-niz-vodu\/#breadcrumb","itemListElement":[{"@type":"ListItem","position":1,"name":"Home","item":"https:\/\/tuzlainfo.ba\/"},{"@type":"ListItem","position":2,"name":"Komentarisali odluku Suda BiH: \u010covi\u0107 i Plenkovi\u0107 pustili Dodika &#8220;niz vodu&#8221;"}]},{"@type":"WebSite","@id":"https:\/\/tuzlainfo.ba\/#website","url":"https:\/\/tuzlainfo.ba\/","name":"TuzlaInfo.ba","description":"Tuzla info, gradski informator - Tuzla na dlanu","publisher":{"@id":"https:\/\/tuzlainfo.ba\/#organization"},"potentialAction":[{"@type":"SearchAction","target":{"@type":"EntryPoint","urlTemplate":"https:\/\/tuzlainfo.ba\/?s={search_term_string}"},"query-input":{"@type":"PropertyValueSpecification","valueRequired":true,"valueName":"search_term_string"}}],"inLanguage":"bs-BA"},{"@type":"Organization","@id":"https:\/\/tuzlainfo.ba\/#organization","name":"TuzlaInfo.ba","url":"https:\/\/tuzlainfo.ba\/","logo":{"@type":"ImageObject","inLanguage":"bs-BA","@id":"https:\/\/tuzlainfo.ba\/#\/schema\/logo\/image\/","url":"https:\/\/tuzlainfo.ba\/wp-content\/uploads\/2021\/03\/logo-ver-3-1.png","contentUrl":"https:\/\/tuzlainfo.ba\/wp-content\/uploads\/2021\/03\/logo-ver-3-1.png","width":350,"height":95,"caption":"TuzlaInfo.ba"},"image":{"@id":"https:\/\/tuzlainfo.ba\/#\/schema\/logo\/image\/"},"sameAs":["https:\/\/www.facebook.com\/tuzlainfo.ba\/"]},{"@type":"Person","@id":"https:\/\/tuzlainfo.ba\/#\/schema\/person\/f434e20dc27ea133923aab08451b7f7f","name":"nedim","image":{"@type":"ImageObject","inLanguage":"bs-BA","@id":"https:\/\/tuzlainfo.ba\/#\/schema\/person\/image\/","url":"https:\/\/tuzlainfo.ba\/wp-content\/litespeed\/avatar\/aabad687af24844af817603ac1cbdc4f.jpg?ver=1777306975","contentUrl":"https:\/\/tuzlainfo.ba\/wp-content\/litespeed\/avatar\/aabad687af24844af817603ac1cbdc4f.jpg?ver=1777306975","caption":"nedim"},"description":"Tuzlainfo.ba pratite na dru\u0161tvenim mre\u017eama: Facebook, Instagram i Youtube. Svoje pri\u010de, upite i fotografije \u0161aljite na na\u0161u e-mail adresu."}]}},"_links":{"self":[{"href":"https:\/\/tuzlainfo.ba\/index.php\/wp-json\/wp\/v2\/posts\/277288"}],"collection":[{"href":"https:\/\/tuzlainfo.ba\/index.php\/wp-json\/wp\/v2\/posts"}],"about":[{"href":"https:\/\/tuzlainfo.ba\/index.php\/wp-json\/wp\/v2\/types\/post"}],"author":[{"embeddable":true,"href":"https:\/\/tuzlainfo.ba\/index.php\/wp-json\/wp\/v2\/users\/2"}],"replies":[{"embeddable":true,"href":"https:\/\/tuzlainfo.ba\/index.php\/wp-json\/wp\/v2\/comments?post=277288"}],"version-history":[{"count":1,"href":"https:\/\/tuzlainfo.ba\/index.php\/wp-json\/wp\/v2\/posts\/277288\/revisions"}],"predecessor-version":[{"id":277289,"href":"https:\/\/tuzlainfo.ba\/index.php\/wp-json\/wp\/v2\/posts\/277288\/revisions\/277289"}],"wp:featuredmedia":[{"embeddable":true,"href":"https:\/\/tuzlainfo.ba\/index.php\/wp-json\/wp\/v2\/media\/179315"}],"wp:attachment":[{"href":"https:\/\/tuzlainfo.ba\/index.php\/wp-json\/wp\/v2\/media?parent=277288"}],"wp:term":[{"taxonomy":"category","embeddable":true,"href":"https:\/\/tuzlainfo.ba\/index.php\/wp-json\/wp\/v2\/categories?post=277288"},{"taxonomy":"post_tag","embeddable":true,"href":"https:\/\/tuzlainfo.ba\/index.php\/wp-json\/wp\/v2\/tags?post=277288"}],"curies":[{"name":"wp","href":"https:\/\/api.w.org\/{rel}","templated":true}]}}