{"id":277203,"date":"2025-08-18T12:34:34","date_gmt":"2025-08-18T10:34:34","guid":{"rendered":"https:\/\/tuzlainfo.ba\/?p=277203"},"modified":"2025-08-18T11:43:19","modified_gmt":"2025-08-18T09:43:19","slug":"hoce-li-pasti-vlada-rs-radovan-viskovic-reagovao-na-navode-o-ostavci","status":"publish","type":"post","link":"https:\/\/tuzlainfo.ba\/index.php\/bosna-i-hercegovina\/item\/277203-hoce-li-pasti-vlada-rs-radovan-viskovic-reagovao-na-navode-o-ostavci\/","title":{"rendered":"Ho\u0107e li pasti Vlada RS? Radovan Vi\u0161kovi\u0107 reagovao na navode o ostavci"},"content":{"rendered":"<p>Nakon \u0161to su se u pojedinim medijima pojavile informacije da Milorad Dodik od njega tra\u017ei povla\u010denje i ostavku sa pozicije predsjednika Vlade Republike Srpske, Radovan Vi\u0161kovi\u0107 kratko je za \u201cNezavisne novine\u201d rekao da su to samo medijske spekulacije.<\/p>\n<p>\u201eSve su to pri\u010de, pi\u0161u novine i mediji\u201c, izjavio je Vi\u0161kovi\u0107, ne \u017eele\u0107i detaljnije komentarisati navode.<\/p>\n<p>Na pitanje novinara da li je ta\u010dno da bi se danas mogli sastati predstavnici vladaju\u0107e koalicije u Republici Srpskoj ili bar SNSD-a, Vi\u0161kovi\u0107 nije dao odgovor.<\/p>\n<p>Podsjetimo, mediji su objavili da je Milorad Dodik zatra\u017eio od Vi\u0161kovi\u0107a da podnese ostavku, \u0161to je on navodno odbio. Najnovije informacije govore da bi se ostavka mogla dogoditi ve\u0107 danas, a kao mogu\u0107i nasljednici spominju se ministar unutra\u0161njih poslova RS Sini\u0161a Karan, ministar poljoprivrede, \u0161umarstva i vodoprivrede Savo Mini\u0107, gradona\u010delnik Lakta\u0161a Miroslav Boji\u0107, te ministar za nau\u010dnotehnolo\u0161ki razvoj i visoko obrazovanje \u017deljko Budimir.<\/p>\n","protected":false},"excerpt":{"rendered":"<p>Nakon \u0161to su se u pojedinim medijima pojavile informacije da Milorad Dodik od njega tra\u017ei&hellip;<\/p>\n","protected":false},"author":8,"featured_media":264892,"comment_status":"closed","ping_status":"closed","sticky":false,"template":"","format":"standard","meta":{"_acf_changed":false,"footnotes":""},"categories":[291],"tags":[1301],"acf":[],"yoast_head":"<!-- This site is optimized with the Yoast SEO plugin v23.5 - https:\/\/yoast.com\/wordpress\/plugins\/seo\/ -->\n<title>Ho\u0107e li pasti Vlada RS? Radovan Vi\u0161kovi\u0107 reagovao na navode o ostavci - TuzlaInfo.ba<\/title>\n<meta name=\"robots\" content=\"index, follow, max-snippet:-1, max-image-preview:large, max-video-preview:-1\" \/>\n<link rel=\"canonical\" href=\"https:\/\/tuzlainfo.ba\/index.php\/bosna-i-hercegovina\/item\/277203-hoce-li-pasti-vlada-rs-radovan-viskovic-reagovao-na-navode-o-ostavci\/\" \/>\n<meta property=\"og:locale\" content=\"bs_BA\" \/>\n<meta property=\"og:type\" content=\"article\" \/>\n<meta property=\"og:title\" content=\"Ho\u0107e li pasti Vlada RS? Radovan Vi\u0161kovi\u0107 reagovao na navode o ostavci - TuzlaInfo.ba\" \/>\n<meta property=\"og:description\" content=\"Nakon \u0161to su se u pojedinim medijima pojavile informacije da Milorad Dodik od njega tra\u017ei&hellip;\" \/>\n<meta property=\"og:url\" content=\"https:\/\/tuzlainfo.ba\/index.php\/bosna-i-hercegovina\/item\/277203-hoce-li-pasti-vlada-rs-radovan-viskovic-reagovao-na-navode-o-ostavci\/\" \/>\n<meta property=\"og:site_name\" content=\"TuzlaInfo.ba\" \/>\n<meta property=\"article:publisher\" content=\"https:\/\/www.facebook.com\/tuzlainfo.ba\/\" \/>\n<meta property=\"article:published_time\" content=\"2025-08-18T10:34:34+00:00\" \/>\n<meta property=\"article:modified_time\" content=\"2025-08-18T09:43:19+00:00\" \/>\n<meta property=\"og:image\" content=\"https:\/\/tuzlainfo.ba\/wp-content\/uploads\/2025\/03\/1203_viskovic.jpg\" \/>\n\t<meta property=\"og:image:width\" content=\"800\" \/>\n\t<meta property=\"og:image:height\" content=\"599\" \/>\n\t<meta property=\"og:image:type\" content=\"image\/jpeg\" \/>\n<meta name=\"author\" content=\"Admin Tri\" \/>\n<meta name=\"twitter:card\" content=\"summary_large_image\" \/>\n<meta name=\"twitter:label1\" content=\"Written by\" \/>\n\t<meta name=\"twitter:data1\" content=\"Admin Tri\" \/>\n\t<meta name=\"twitter:label2\" content=\"Est. reading time\" \/>\n\t<meta name=\"twitter:data2\" content=\"1 minuta\" \/>\n<script type=\"application\/ld+json\" class=\"yoast-schema-graph\">{\"@context\":\"https:\/\/schema.org\",\"@graph\":[{\"@type\":\"Article\",\"@id\":\"https:\/\/tuzlainfo.ba\/index.php\/bosna-i-hercegovina\/item\/277203-hoce-li-pasti-vlada-rs-radovan-viskovic-reagovao-na-navode-o-ostavci\/#article\",\"isPartOf\":{\"@id\":\"https:\/\/tuzlainfo.ba\/index.php\/bosna-i-hercegovina\/item\/277203-hoce-li-pasti-vlada-rs-radovan-viskovic-reagovao-na-navode-o-ostavci\/\"},\"author\":{\"name\":\"Admin Tri\",\"@id\":\"https:\/\/tuzlainfo.ba\/#\/schema\/person\/593e78a2f6378c5ba3e7600ecfa4e63a\"},\"headline\":\"Ho\u0107e li pasti Vlada RS? Radovan Vi\u0161kovi\u0107 reagovao na navode o ostavci\",\"datePublished\":\"2025-08-18T10:34:34+00:00\",\"dateModified\":\"2025-08-18T09:43:19+00:00\",\"mainEntityOfPage\":{\"@id\":\"https:\/\/tuzlainfo.ba\/index.php\/bosna-i-hercegovina\/item\/277203-hoce-li-pasti-vlada-rs-radovan-viskovic-reagovao-na-navode-o-ostavci\/\"},\"wordCount\":177,\"publisher\":{\"@id\":\"https:\/\/tuzlainfo.ba\/#organization\"},\"image\":{\"@id\":\"https:\/\/tuzlainfo.ba\/index.php\/bosna-i-hercegovina\/item\/277203-hoce-li-pasti-vlada-rs-radovan-viskovic-reagovao-na-navode-o-ostavci\/#primaryimage\"},\"thumbnailUrl\":\"https:\/\/tuzlainfo.ba\/wp-content\/uploads\/2025\/03\/1203_viskovic.jpg\",\"keywords\":[\"Radovan Vi\u0161kovi\u0107\"],\"articleSection\":[\"Bosna i Hercegovina\"],\"inLanguage\":\"bs-BA\"},{\"@type\":\"WebPage\",\"@id\":\"https:\/\/tuzlainfo.ba\/index.php\/bosna-i-hercegovina\/item\/277203-hoce-li-pasti-vlada-rs-radovan-viskovic-reagovao-na-navode-o-ostavci\/\",\"url\":\"https:\/\/tuzlainfo.ba\/index.php\/bosna-i-hercegovina\/item\/277203-hoce-li-pasti-vlada-rs-radovan-viskovic-reagovao-na-navode-o-ostavci\/\",\"name\":\"Ho\u0107e li pasti Vlada RS? Radovan Vi\u0161kovi\u0107 reagovao na navode o ostavci - TuzlaInfo.ba\",\"isPartOf\":{\"@id\":\"https:\/\/tuzlainfo.ba\/#website\"},\"primaryImageOfPage\":{\"@id\":\"https:\/\/tuzlainfo.ba\/index.php\/bosna-i-hercegovina\/item\/277203-hoce-li-pasti-vlada-rs-radovan-viskovic-reagovao-na-navode-o-ostavci\/#primaryimage\"},\"image\":{\"@id\":\"https:\/\/tuzlainfo.ba\/index.php\/bosna-i-hercegovina\/item\/277203-hoce-li-pasti-vlada-rs-radovan-viskovic-reagovao-na-navode-o-ostavci\/#primaryimage\"},\"thumbnailUrl\":\"https:\/\/tuzlainfo.ba\/wp-content\/uploads\/2025\/03\/1203_viskovic.jpg\",\"datePublished\":\"2025-08-18T10:34:34+00:00\",\"dateModified\":\"2025-08-18T09:43:19+00:00\",\"breadcrumb\":{\"@id\":\"https:\/\/tuzlainfo.ba\/index.php\/bosna-i-hercegovina\/item\/277203-hoce-li-pasti-vlada-rs-radovan-viskovic-reagovao-na-navode-o-ostavci\/#breadcrumb\"},\"inLanguage\":\"bs-BA\",\"potentialAction\":[{\"@type\":\"ReadAction\",\"target\":[\"https:\/\/tuzlainfo.ba\/index.php\/bosna-i-hercegovina\/item\/277203-hoce-li-pasti-vlada-rs-radovan-viskovic-reagovao-na-navode-o-ostavci\/\"]}]},{\"@type\":\"ImageObject\",\"inLanguage\":\"bs-BA\",\"@id\":\"https:\/\/tuzlainfo.ba\/index.php\/bosna-i-hercegovina\/item\/277203-hoce-li-pasti-vlada-rs-radovan-viskovic-reagovao-na-navode-o-ostavci\/#primaryimage\",\"url\":\"https:\/\/tuzlainfo.ba\/wp-content\/uploads\/2025\/03\/1203_viskovic.jpg\",\"contentUrl\":\"https:\/\/tuzlainfo.ba\/wp-content\/uploads\/2025\/03\/1203_viskovic.jpg\",\"width\":800,\"height\":599},{\"@type\":\"BreadcrumbList\",\"@id\":\"https:\/\/tuzlainfo.ba\/index.php\/bosna-i-hercegovina\/item\/277203-hoce-li-pasti-vlada-rs-radovan-viskovic-reagovao-na-navode-o-ostavci\/#breadcrumb\",\"itemListElement\":[{\"@type\":\"ListItem\",\"position\":1,\"name\":\"Home\",\"item\":\"https:\/\/tuzlainfo.ba\/\"},{\"@type\":\"ListItem\",\"position\":2,\"name\":\"Ho\u0107e li pasti Vlada RS? Radovan Vi\u0161kovi\u0107 reagovao na navode o ostavci\"}]},{\"@type\":\"WebSite\",\"@id\":\"https:\/\/tuzlainfo.ba\/#website\",\"url\":\"https:\/\/tuzlainfo.ba\/\",\"name\":\"TuzlaInfo.ba\",\"description\":\"Tuzla info, gradski informator - Tuzla na dlanu\",\"publisher\":{\"@id\":\"https:\/\/tuzlainfo.ba\/#organization\"},\"potentialAction\":[{\"@type\":\"SearchAction\",\"target\":{\"@type\":\"EntryPoint\",\"urlTemplate\":\"https:\/\/tuzlainfo.ba\/?s={search_term_string}\"},\"query-input\":{\"@type\":\"PropertyValueSpecification\",\"valueRequired\":true,\"valueName\":\"search_term_string\"}}],\"inLanguage\":\"bs-BA\"},{\"@type\":\"Organization\",\"@id\":\"https:\/\/tuzlainfo.ba\/#organization\",\"name\":\"TuzlaInfo.ba\",\"url\":\"https:\/\/tuzlainfo.ba\/\",\"logo\":{\"@type\":\"ImageObject\",\"inLanguage\":\"bs-BA\",\"@id\":\"https:\/\/tuzlainfo.ba\/#\/schema\/logo\/image\/\",\"url\":\"https:\/\/tuzlainfo.ba\/wp-content\/uploads\/2021\/03\/logo-ver-3-1.png\",\"contentUrl\":\"https:\/\/tuzlainfo.ba\/wp-content\/uploads\/2021\/03\/logo-ver-3-1.png\",\"width\":350,\"height\":95,\"caption\":\"TuzlaInfo.ba\"},\"image\":{\"@id\":\"https:\/\/tuzlainfo.ba\/#\/schema\/logo\/image\/\"},\"sameAs\":[\"https:\/\/www.facebook.com\/tuzlainfo.ba\/\"]},{\"@type\":\"Person\",\"@id\":\"https:\/\/tuzlainfo.ba\/#\/schema\/person\/593e78a2f6378c5ba3e7600ecfa4e63a\",\"name\":\"Admin Tri\",\"image\":{\"@type\":\"ImageObject\",\"inLanguage\":\"bs-BA\",\"@id\":\"https:\/\/tuzlainfo.ba\/#\/schema\/person\/image\/\",\"url\":\"https:\/\/tuzlainfo.ba\/wp-content\/litespeed\/avatar\/b7920db4cc34a71ad12497283ad2fe3f.jpg?ver=1777100914\",\"contentUrl\":\"https:\/\/tuzlainfo.ba\/wp-content\/litespeed\/avatar\/b7920db4cc34a71ad12497283ad2fe3f.jpg?ver=1777100914\",\"caption\":\"Admin Tri\"},\"sameAs\":[\"https:\/\/tuzlainfo.ba\"]}]}<\/script>\n<!-- \/ Yoast SEO plugin. -->","yoast_head_json":{"title":"Ho\u0107e li pasti Vlada RS? Radovan Vi\u0161kovi\u0107 reagovao na navode o ostavci - TuzlaInfo.ba","robots":{"index":"index","follow":"follow","max-snippet":"max-snippet:-1","max-image-preview":"max-image-preview:large","max-video-preview":"max-video-preview:-1"},"canonical":"https:\/\/tuzlainfo.ba\/index.php\/bosna-i-hercegovina\/item\/277203-hoce-li-pasti-vlada-rs-radovan-viskovic-reagovao-na-navode-o-ostavci\/","og_locale":"bs_BA","og_type":"article","og_title":"Ho\u0107e li pasti Vlada RS? Radovan Vi\u0161kovi\u0107 reagovao na navode o ostavci - TuzlaInfo.ba","og_description":"Nakon \u0161to su se u pojedinim medijima pojavile informacije da Milorad Dodik od njega tra\u017ei&hellip;","og_url":"https:\/\/tuzlainfo.ba\/index.php\/bosna-i-hercegovina\/item\/277203-hoce-li-pasti-vlada-rs-radovan-viskovic-reagovao-na-navode-o-ostavci\/","og_site_name":"TuzlaInfo.ba","article_publisher":"https:\/\/www.facebook.com\/tuzlainfo.ba\/","article_published_time":"2025-08-18T10:34:34+00:00","article_modified_time":"2025-08-18T09:43:19+00:00","og_image":[{"width":800,"height":599,"url":"https:\/\/tuzlainfo.ba\/wp-content\/uploads\/2025\/03\/1203_viskovic.jpg","type":"image\/jpeg"}],"author":"Admin Tri","twitter_card":"summary_large_image","twitter_misc":{"Written by":"Admin Tri","Est. reading time":"1 minuta"},"schema":{"@context":"https:\/\/schema.org","@graph":[{"@type":"Article","@id":"https:\/\/tuzlainfo.ba\/index.php\/bosna-i-hercegovina\/item\/277203-hoce-li-pasti-vlada-rs-radovan-viskovic-reagovao-na-navode-o-ostavci\/#article","isPartOf":{"@id":"https:\/\/tuzlainfo.ba\/index.php\/bosna-i-hercegovina\/item\/277203-hoce-li-pasti-vlada-rs-radovan-viskovic-reagovao-na-navode-o-ostavci\/"},"author":{"name":"Admin Tri","@id":"https:\/\/tuzlainfo.ba\/#\/schema\/person\/593e78a2f6378c5ba3e7600ecfa4e63a"},"headline":"Ho\u0107e li pasti Vlada RS? Radovan Vi\u0161kovi\u0107 reagovao na navode o ostavci","datePublished":"2025-08-18T10:34:34+00:00","dateModified":"2025-08-18T09:43:19+00:00","mainEntityOfPage":{"@id":"https:\/\/tuzlainfo.ba\/index.php\/bosna-i-hercegovina\/item\/277203-hoce-li-pasti-vlada-rs-radovan-viskovic-reagovao-na-navode-o-ostavci\/"},"wordCount":177,"publisher":{"@id":"https:\/\/tuzlainfo.ba\/#organization"},"image":{"@id":"https:\/\/tuzlainfo.ba\/index.php\/bosna-i-hercegovina\/item\/277203-hoce-li-pasti-vlada-rs-radovan-viskovic-reagovao-na-navode-o-ostavci\/#primaryimage"},"thumbnailUrl":"https:\/\/tuzlainfo.ba\/wp-content\/uploads\/2025\/03\/1203_viskovic.jpg","keywords":["Radovan Vi\u0161kovi\u0107"],"articleSection":["Bosna i Hercegovina"],"inLanguage":"bs-BA"},{"@type":"WebPage","@id":"https:\/\/tuzlainfo.ba\/index.php\/bosna-i-hercegovina\/item\/277203-hoce-li-pasti-vlada-rs-radovan-viskovic-reagovao-na-navode-o-ostavci\/","url":"https:\/\/tuzlainfo.ba\/index.php\/bosna-i-hercegovina\/item\/277203-hoce-li-pasti-vlada-rs-radovan-viskovic-reagovao-na-navode-o-ostavci\/","name":"Ho\u0107e li pasti Vlada RS? Radovan Vi\u0161kovi\u0107 reagovao na navode o ostavci - TuzlaInfo.ba","isPartOf":{"@id":"https:\/\/tuzlainfo.ba\/#website"},"primaryImageOfPage":{"@id":"https:\/\/tuzlainfo.ba\/index.php\/bosna-i-hercegovina\/item\/277203-hoce-li-pasti-vlada-rs-radovan-viskovic-reagovao-na-navode-o-ostavci\/#primaryimage"},"image":{"@id":"https:\/\/tuzlainfo.ba\/index.php\/bosna-i-hercegovina\/item\/277203-hoce-li-pasti-vlada-rs-radovan-viskovic-reagovao-na-navode-o-ostavci\/#primaryimage"},"thumbnailUrl":"https:\/\/tuzlainfo.ba\/wp-content\/uploads\/2025\/03\/1203_viskovic.jpg","datePublished":"2025-08-18T10:34:34+00:00","dateModified":"2025-08-18T09:43:19+00:00","breadcrumb":{"@id":"https:\/\/tuzlainfo.ba\/index.php\/bosna-i-hercegovina\/item\/277203-hoce-li-pasti-vlada-rs-radovan-viskovic-reagovao-na-navode-o-ostavci\/#breadcrumb"},"inLanguage":"bs-BA","potentialAction":[{"@type":"ReadAction","target":["https:\/\/tuzlainfo.ba\/index.php\/bosna-i-hercegovina\/item\/277203-hoce-li-pasti-vlada-rs-radovan-viskovic-reagovao-na-navode-o-ostavci\/"]}]},{"@type":"ImageObject","inLanguage":"bs-BA","@id":"https:\/\/tuzlainfo.ba\/index.php\/bosna-i-hercegovina\/item\/277203-hoce-li-pasti-vlada-rs-radovan-viskovic-reagovao-na-navode-o-ostavci\/#primaryimage","url":"https:\/\/tuzlainfo.ba\/wp-content\/uploads\/2025\/03\/1203_viskovic.jpg","contentUrl":"https:\/\/tuzlainfo.ba\/wp-content\/uploads\/2025\/03\/1203_viskovic.jpg","width":800,"height":599},{"@type":"BreadcrumbList","@id":"https:\/\/tuzlainfo.ba\/index.php\/bosna-i-hercegovina\/item\/277203-hoce-li-pasti-vlada-rs-radovan-viskovic-reagovao-na-navode-o-ostavci\/#breadcrumb","itemListElement":[{"@type":"ListItem","position":1,"name":"Home","item":"https:\/\/tuzlainfo.ba\/"},{"@type":"ListItem","position":2,"name":"Ho\u0107e li pasti Vlada RS? Radovan Vi\u0161kovi\u0107 reagovao na navode o ostavci"}]},{"@type":"WebSite","@id":"https:\/\/tuzlainfo.ba\/#website","url":"https:\/\/tuzlainfo.ba\/","name":"TuzlaInfo.ba","description":"Tuzla info, gradski informator - Tuzla na dlanu","publisher":{"@id":"https:\/\/tuzlainfo.ba\/#organization"},"potentialAction":[{"@type":"SearchAction","target":{"@type":"EntryPoint","urlTemplate":"https:\/\/tuzlainfo.ba\/?s={search_term_string}"},"query-input":{"@type":"PropertyValueSpecification","valueRequired":true,"valueName":"search_term_string"}}],"inLanguage":"bs-BA"},{"@type":"Organization","@id":"https:\/\/tuzlainfo.ba\/#organization","name":"TuzlaInfo.ba","url":"https:\/\/tuzlainfo.ba\/","logo":{"@type":"ImageObject","inLanguage":"bs-BA","@id":"https:\/\/tuzlainfo.ba\/#\/schema\/logo\/image\/","url":"https:\/\/tuzlainfo.ba\/wp-content\/uploads\/2021\/03\/logo-ver-3-1.png","contentUrl":"https:\/\/tuzlainfo.ba\/wp-content\/uploads\/2021\/03\/logo-ver-3-1.png","width":350,"height":95,"caption":"TuzlaInfo.ba"},"image":{"@id":"https:\/\/tuzlainfo.ba\/#\/schema\/logo\/image\/"},"sameAs":["https:\/\/www.facebook.com\/tuzlainfo.ba\/"]},{"@type":"Person","@id":"https:\/\/tuzlainfo.ba\/#\/schema\/person\/593e78a2f6378c5ba3e7600ecfa4e63a","name":"Admin Tri","image":{"@type":"ImageObject","inLanguage":"bs-BA","@id":"https:\/\/tuzlainfo.ba\/#\/schema\/person\/image\/","url":"https:\/\/tuzlainfo.ba\/wp-content\/litespeed\/avatar\/b7920db4cc34a71ad12497283ad2fe3f.jpg?ver=1777100914","contentUrl":"https:\/\/tuzlainfo.ba\/wp-content\/litespeed\/avatar\/b7920db4cc34a71ad12497283ad2fe3f.jpg?ver=1777100914","caption":"Admin Tri"},"sameAs":["https:\/\/tuzlainfo.ba"]}]}},"_links":{"self":[{"href":"https:\/\/tuzlainfo.ba\/index.php\/wp-json\/wp\/v2\/posts\/277203"}],"collection":[{"href":"https:\/\/tuzlainfo.ba\/index.php\/wp-json\/wp\/v2\/posts"}],"about":[{"href":"https:\/\/tuzlainfo.ba\/index.php\/wp-json\/wp\/v2\/types\/post"}],"author":[{"embeddable":true,"href":"https:\/\/tuzlainfo.ba\/index.php\/wp-json\/wp\/v2\/users\/8"}],"replies":[{"embeddable":true,"href":"https:\/\/tuzlainfo.ba\/index.php\/wp-json\/wp\/v2\/comments?post=277203"}],"version-history":[{"count":1,"href":"https:\/\/tuzlainfo.ba\/index.php\/wp-json\/wp\/v2\/posts\/277203\/revisions"}],"predecessor-version":[{"id":277204,"href":"https:\/\/tuzlainfo.ba\/index.php\/wp-json\/wp\/v2\/posts\/277203\/revisions\/277204"}],"wp:featuredmedia":[{"embeddable":true,"href":"https:\/\/tuzlainfo.ba\/index.php\/wp-json\/wp\/v2\/media\/264892"}],"wp:attachment":[{"href":"https:\/\/tuzlainfo.ba\/index.php\/wp-json\/wp\/v2\/media?parent=277203"}],"wp:term":[{"taxonomy":"category","embeddable":true,"href":"https:\/\/tuzlainfo.ba\/index.php\/wp-json\/wp\/v2\/categories?post=277203"},{"taxonomy":"post_tag","embeddable":true,"href":"https:\/\/tuzlainfo.ba\/index.php\/wp-json\/wp\/v2\/tags?post=277203"}],"curies":[{"name":"wp","href":"https:\/\/api.w.org\/{rel}","templated":true}]}}