{"id":277157,"date":"2025-08-16T22:17:06","date_gmt":"2025-08-16T20:17:06","guid":{"rendered":"https:\/\/tuzlainfo.ba\/?p=277157"},"modified":"2025-08-16T22:17:06","modified_gmt":"2025-08-16T20:17:06","slug":"haos-u-srbiji-gradjani-pale-prostorije-sns-a-policija-razbija-demonstracije","status":"publish","type":"post","link":"https:\/\/tuzlainfo.ba\/index.php\/clanci\/sa-svih-strana\/item\/277157-haos-u-srbiji-gradjani-pale-prostorije-sns-a-policija-razbija-demonstracije\/","title":{"rendered":"Haos u Srbiji: Gra\u0111ani pale prostorije SNS-a, policija razbija demonstracije"},"content":{"rendered":"<p data-start=\"0\" data-end=\"391\">U Valjevu je sino\u0107 do\u0161lo do incidenta kada je grupa mladih s fantomkama i maskama bacala pirotehni\u010dka sredstva prema prostorijama Srpske napredne stranke, nakon \u010dega je izbio po\u017ear.<\/p>\n<p data-start=\"0\" data-end=\"391\">Prema navodima reportera N1, rije\u010d je o stambeno-poslovnom objektu, a u nekoliko stanova bila su upaljena svjetla u trenutku napada. Napada\u010di su razbili izlog, a vatrogasci su brzo reagovali i ugasili po\u017ear.<\/p>\n<p data-start=\"393\" data-end=\"520\">Kako je precizirano, u pitanju je bila manja grupa gra\u0111ana, dok se ve\u0107i broj okupljenih udaljio kada je po\u010dela vandalizacija.<\/p>\n<p data-start=\"393\" data-end=\"520\">Nakon ovog incidenta i napada na zgradu gradske uprave reagovala je i policija koja se nalazila u zgradi.<\/p>\n<p data-start=\"522\" data-end=\"1035\">Incident u Valjevu desio se u trenutku kada su studenti u blokadi pozvali gra\u0111ane na masovne proteste pod sloganom \u201eSrbija se umiriti ne mo\u017ee\u201c.<\/p>\n<p data-start=\"522\" data-end=\"1035\">Okupljanja su zakazana na vi\u0161e lokacija u Beogradu i jo\u0161 devet gradova \u0161irom Srbije. U Beogradu su protesti najavljeni na Avijati\u010darskom trgu u Zemunu i kod op\u0161tine Novi Beograd, dok su u drugim gradovima okupljanja planirana u razli\u010ditim terminima \u2013 od Pan\u010deva i Vranja, preko Kni\u0107a i Valjeva, pa sve do Po\u017earevca, Stare Pazove, Gornjeg Milanovca, Leskovca i In\u0111ije.<\/p>\n<p data-start=\"522\" data-end=\"1035\">Organizatori navode da je povod izlaska na ulice prekomjerna upotreba sile od strane policije, kao i napadi na demonstrante koje su, prema njihovim tvrdnjama, vr\u0161ili maskirani batina\u0161i i pristalice SNS-a. Posebno je nagla\u0161eno da je meta represije bila i omladina, uklju\u010duju\u0107i i maloljetnike, te da su demolirani brojni objekti.<\/p>\n<p data-start=\"1368\" data-end=\"1605\">Snimci prebijanja gra\u0111ana izazvali su uznemirenje u javnosti, a najavljen je i veliki protest u Valjevu kao odgovor na, kako je navedeno, \u201ei\u017eivljavanje i maltretiranje policije prema svima koji nisu na strani re\u017eima Aleksandra Vu\u010di\u0107a\u201c.<\/p>\n","protected":false},"excerpt":{"rendered":"<p>U Valjevu je sino\u0107 do\u0161lo do incidenta kada je grupa mladih s fantomkama i maskama&hellip;<\/p>\n","protected":false},"author":2,"featured_media":277158,"comment_status":"closed","ping_status":"closed","sticky":false,"template":"","format":"standard","meta":{"_acf_changed":false,"footnotes":""},"categories":[16],"tags":[320,309],"acf":[],"yoast_head":"<!-- This site is optimized with the Yoast SEO plugin v23.5 - https:\/\/yoast.com\/wordpress\/plugins\/seo\/ -->\n<title>Haos u Srbiji: Gra\u0111ani pale prostorije SNS-a, policija razbija demonstracije - TuzlaInfo.ba<\/title>\n<meta name=\"robots\" content=\"index, follow, max-snippet:-1, max-image-preview:large, max-video-preview:-1\" \/>\n<link rel=\"canonical\" href=\"https:\/\/tuzlainfo.ba\/index.php\/clanci\/sa-svih-strana\/item\/277157-haos-u-srbiji-gradjani-pale-prostorije-sns-a-policija-razbija-demonstracije\/\" \/>\n<meta property=\"og:locale\" content=\"bs_BA\" \/>\n<meta property=\"og:type\" content=\"article\" \/>\n<meta property=\"og:title\" content=\"Haos u Srbiji: Gra\u0111ani pale prostorije SNS-a, policija razbija demonstracije - TuzlaInfo.ba\" \/>\n<meta property=\"og:description\" content=\"U Valjevu je sino\u0107 do\u0161lo do incidenta kada je grupa mladih s fantomkama i maskama&hellip;\" \/>\n<meta property=\"og:url\" content=\"https:\/\/tuzlainfo.ba\/index.php\/clanci\/sa-svih-strana\/item\/277157-haos-u-srbiji-gradjani-pale-prostorije-sns-a-policija-razbija-demonstracije\/\" \/>\n<meta property=\"og:site_name\" content=\"TuzlaInfo.ba\" \/>\n<meta property=\"article:publisher\" content=\"https:\/\/www.facebook.com\/tuzlainfo.ba\/\" \/>\n<meta property=\"article:published_time\" content=\"2025-08-16T20:17:06+00:00\" \/>\n<meta property=\"og:image\" content=\"https:\/\/tuzlainfo.ba\/wp-content\/uploads\/2025\/08\/1608_gori_SNS.jpg\" \/>\n\t<meta property=\"og:image:width\" content=\"800\" \/>\n\t<meta property=\"og:image:height\" content=\"504\" \/>\n\t<meta property=\"og:image:type\" content=\"image\/jpeg\" \/>\n<meta name=\"author\" content=\"nedim\" \/>\n<meta name=\"twitter:card\" content=\"summary_large_image\" \/>\n<meta name=\"twitter:label1\" content=\"Written by\" \/>\n\t<meta name=\"twitter:data1\" content=\"nedim\" \/>\n\t<meta name=\"twitter:label2\" content=\"Est. reading time\" \/>\n\t<meta name=\"twitter:data2\" content=\"2 minute\" \/>\n<script type=\"application\/ld+json\" class=\"yoast-schema-graph\">{\"@context\":\"https:\/\/schema.org\",\"@graph\":[{\"@type\":\"Article\",\"@id\":\"https:\/\/tuzlainfo.ba\/index.php\/clanci\/sa-svih-strana\/item\/277157-haos-u-srbiji-gradjani-pale-prostorije-sns-a-policija-razbija-demonstracije\/#article\",\"isPartOf\":{\"@id\":\"https:\/\/tuzlainfo.ba\/index.php\/clanci\/sa-svih-strana\/item\/277157-haos-u-srbiji-gradjani-pale-prostorije-sns-a-policija-razbija-demonstracije\/\"},\"author\":{\"name\":\"nedim\",\"@id\":\"https:\/\/tuzlainfo.ba\/#\/schema\/person\/f434e20dc27ea133923aab08451b7f7f\"},\"headline\":\"Haos u Srbiji: Gra\u0111ani pale prostorije SNS-a, policija razbija demonstracije\",\"datePublished\":\"2025-08-16T20:17:06+00:00\",\"dateModified\":\"2025-08-16T20:17:06+00:00\",\"mainEntityOfPage\":{\"@id\":\"https:\/\/tuzlainfo.ba\/index.php\/clanci\/sa-svih-strana\/item\/277157-haos-u-srbiji-gradjani-pale-prostorije-sns-a-policija-razbija-demonstracije\/\"},\"wordCount\":303,\"publisher\":{\"@id\":\"https:\/\/tuzlainfo.ba\/#organization\"},\"image\":{\"@id\":\"https:\/\/tuzlainfo.ba\/index.php\/clanci\/sa-svih-strana\/item\/277157-haos-u-srbiji-gradjani-pale-prostorije-sns-a-policija-razbija-demonstracije\/#primaryimage\"},\"thumbnailUrl\":\"https:\/\/tuzlainfo.ba\/wp-content\/uploads\/2025\/08\/1608_gori_SNS.jpg\",\"keywords\":[\"protesti\",\"srbija\"],\"articleSection\":[\"Sa svih strana\"],\"inLanguage\":\"bs-BA\"},{\"@type\":\"WebPage\",\"@id\":\"https:\/\/tuzlainfo.ba\/index.php\/clanci\/sa-svih-strana\/item\/277157-haos-u-srbiji-gradjani-pale-prostorije-sns-a-policija-razbija-demonstracije\/\",\"url\":\"https:\/\/tuzlainfo.ba\/index.php\/clanci\/sa-svih-strana\/item\/277157-haos-u-srbiji-gradjani-pale-prostorije-sns-a-policija-razbija-demonstracije\/\",\"name\":\"Haos u Srbiji: Gra\u0111ani pale prostorije SNS-a, policija razbija demonstracije - TuzlaInfo.ba\",\"isPartOf\":{\"@id\":\"https:\/\/tuzlainfo.ba\/#website\"},\"primaryImageOfPage\":{\"@id\":\"https:\/\/tuzlainfo.ba\/index.php\/clanci\/sa-svih-strana\/item\/277157-haos-u-srbiji-gradjani-pale-prostorije-sns-a-policija-razbija-demonstracije\/#primaryimage\"},\"image\":{\"@id\":\"https:\/\/tuzlainfo.ba\/index.php\/clanci\/sa-svih-strana\/item\/277157-haos-u-srbiji-gradjani-pale-prostorije-sns-a-policija-razbija-demonstracije\/#primaryimage\"},\"thumbnailUrl\":\"https:\/\/tuzlainfo.ba\/wp-content\/uploads\/2025\/08\/1608_gori_SNS.jpg\",\"datePublished\":\"2025-08-16T20:17:06+00:00\",\"dateModified\":\"2025-08-16T20:17:06+00:00\",\"breadcrumb\":{\"@id\":\"https:\/\/tuzlainfo.ba\/index.php\/clanci\/sa-svih-strana\/item\/277157-haos-u-srbiji-gradjani-pale-prostorije-sns-a-policija-razbija-demonstracije\/#breadcrumb\"},\"inLanguage\":\"bs-BA\",\"potentialAction\":[{\"@type\":\"ReadAction\",\"target\":[\"https:\/\/tuzlainfo.ba\/index.php\/clanci\/sa-svih-strana\/item\/277157-haos-u-srbiji-gradjani-pale-prostorije-sns-a-policija-razbija-demonstracije\/\"]}]},{\"@type\":\"ImageObject\",\"inLanguage\":\"bs-BA\",\"@id\":\"https:\/\/tuzlainfo.ba\/index.php\/clanci\/sa-svih-strana\/item\/277157-haos-u-srbiji-gradjani-pale-prostorije-sns-a-policija-razbija-demonstracije\/#primaryimage\",\"url\":\"https:\/\/tuzlainfo.ba\/wp-content\/uploads\/2025\/08\/1608_gori_SNS.jpg\",\"contentUrl\":\"https:\/\/tuzlainfo.ba\/wp-content\/uploads\/2025\/08\/1608_gori_SNS.jpg\",\"width\":800,\"height\":504},{\"@type\":\"BreadcrumbList\",\"@id\":\"https:\/\/tuzlainfo.ba\/index.php\/clanci\/sa-svih-strana\/item\/277157-haos-u-srbiji-gradjani-pale-prostorije-sns-a-policija-razbija-demonstracije\/#breadcrumb\",\"itemListElement\":[{\"@type\":\"ListItem\",\"position\":1,\"name\":\"Home\",\"item\":\"https:\/\/tuzlainfo.ba\/\"},{\"@type\":\"ListItem\",\"position\":2,\"name\":\"Haos u Srbiji: Gra\u0111ani pale prostorije SNS-a, policija razbija demonstracije\"}]},{\"@type\":\"WebSite\",\"@id\":\"https:\/\/tuzlainfo.ba\/#website\",\"url\":\"https:\/\/tuzlainfo.ba\/\",\"name\":\"TuzlaInfo.ba\",\"description\":\"Tuzla info, gradski informator - Tuzla na dlanu\",\"publisher\":{\"@id\":\"https:\/\/tuzlainfo.ba\/#organization\"},\"potentialAction\":[{\"@type\":\"SearchAction\",\"target\":{\"@type\":\"EntryPoint\",\"urlTemplate\":\"https:\/\/tuzlainfo.ba\/?s={search_term_string}\"},\"query-input\":{\"@type\":\"PropertyValueSpecification\",\"valueRequired\":true,\"valueName\":\"search_term_string\"}}],\"inLanguage\":\"bs-BA\"},{\"@type\":\"Organization\",\"@id\":\"https:\/\/tuzlainfo.ba\/#organization\",\"name\":\"TuzlaInfo.ba\",\"url\":\"https:\/\/tuzlainfo.ba\/\",\"logo\":{\"@type\":\"ImageObject\",\"inLanguage\":\"bs-BA\",\"@id\":\"https:\/\/tuzlainfo.ba\/#\/schema\/logo\/image\/\",\"url\":\"https:\/\/tuzlainfo.ba\/wp-content\/uploads\/2021\/03\/logo-ver-3-1.png\",\"contentUrl\":\"https:\/\/tuzlainfo.ba\/wp-content\/uploads\/2021\/03\/logo-ver-3-1.png\",\"width\":350,\"height\":95,\"caption\":\"TuzlaInfo.ba\"},\"image\":{\"@id\":\"https:\/\/tuzlainfo.ba\/#\/schema\/logo\/image\/\"},\"sameAs\":[\"https:\/\/www.facebook.com\/tuzlainfo.ba\/\"]},{\"@type\":\"Person\",\"@id\":\"https:\/\/tuzlainfo.ba\/#\/schema\/person\/f434e20dc27ea133923aab08451b7f7f\",\"name\":\"nedim\",\"image\":{\"@type\":\"ImageObject\",\"inLanguage\":\"bs-BA\",\"@id\":\"https:\/\/tuzlainfo.ba\/#\/schema\/person\/image\/\",\"url\":\"https:\/\/tuzlainfo.ba\/wp-content\/litespeed\/avatar\/aabad687af24844af817603ac1cbdc4f.jpg?ver=1776702173\",\"contentUrl\":\"https:\/\/tuzlainfo.ba\/wp-content\/litespeed\/avatar\/aabad687af24844af817603ac1cbdc4f.jpg?ver=1776702173\",\"caption\":\"nedim\"},\"description\":\"Tuzlainfo.ba pratite na dru\u0161tvenim mre\u017eama: Facebook, Instagram i Youtube. Svoje pri\u010de, upite i fotografije \u0161aljite na na\u0161u e-mail adresu.\"}]}<\/script>\n<!-- \/ Yoast SEO plugin. -->","yoast_head_json":{"title":"Haos u Srbiji: Gra\u0111ani pale prostorije SNS-a, policija razbija demonstracije - TuzlaInfo.ba","robots":{"index":"index","follow":"follow","max-snippet":"max-snippet:-1","max-image-preview":"max-image-preview:large","max-video-preview":"max-video-preview:-1"},"canonical":"https:\/\/tuzlainfo.ba\/index.php\/clanci\/sa-svih-strana\/item\/277157-haos-u-srbiji-gradjani-pale-prostorije-sns-a-policija-razbija-demonstracije\/","og_locale":"bs_BA","og_type":"article","og_title":"Haos u Srbiji: Gra\u0111ani pale prostorije SNS-a, policija razbija demonstracije - TuzlaInfo.ba","og_description":"U Valjevu je sino\u0107 do\u0161lo do incidenta kada je grupa mladih s fantomkama i maskama&hellip;","og_url":"https:\/\/tuzlainfo.ba\/index.php\/clanci\/sa-svih-strana\/item\/277157-haos-u-srbiji-gradjani-pale-prostorije-sns-a-policija-razbija-demonstracije\/","og_site_name":"TuzlaInfo.ba","article_publisher":"https:\/\/www.facebook.com\/tuzlainfo.ba\/","article_published_time":"2025-08-16T20:17:06+00:00","og_image":[{"width":800,"height":504,"url":"https:\/\/tuzlainfo.ba\/wp-content\/uploads\/2025\/08\/1608_gori_SNS.jpg","type":"image\/jpeg"}],"author":"nedim","twitter_card":"summary_large_image","twitter_misc":{"Written by":"nedim","Est. reading time":"2 minute"},"schema":{"@context":"https:\/\/schema.org","@graph":[{"@type":"Article","@id":"https:\/\/tuzlainfo.ba\/index.php\/clanci\/sa-svih-strana\/item\/277157-haos-u-srbiji-gradjani-pale-prostorije-sns-a-policija-razbija-demonstracije\/#article","isPartOf":{"@id":"https:\/\/tuzlainfo.ba\/index.php\/clanci\/sa-svih-strana\/item\/277157-haos-u-srbiji-gradjani-pale-prostorije-sns-a-policija-razbija-demonstracije\/"},"author":{"name":"nedim","@id":"https:\/\/tuzlainfo.ba\/#\/schema\/person\/f434e20dc27ea133923aab08451b7f7f"},"headline":"Haos u Srbiji: Gra\u0111ani pale prostorije SNS-a, policija razbija demonstracije","datePublished":"2025-08-16T20:17:06+00:00","dateModified":"2025-08-16T20:17:06+00:00","mainEntityOfPage":{"@id":"https:\/\/tuzlainfo.ba\/index.php\/clanci\/sa-svih-strana\/item\/277157-haos-u-srbiji-gradjani-pale-prostorije-sns-a-policija-razbija-demonstracije\/"},"wordCount":303,"publisher":{"@id":"https:\/\/tuzlainfo.ba\/#organization"},"image":{"@id":"https:\/\/tuzlainfo.ba\/index.php\/clanci\/sa-svih-strana\/item\/277157-haos-u-srbiji-gradjani-pale-prostorije-sns-a-policija-razbija-demonstracije\/#primaryimage"},"thumbnailUrl":"https:\/\/tuzlainfo.ba\/wp-content\/uploads\/2025\/08\/1608_gori_SNS.jpg","keywords":["protesti","srbija"],"articleSection":["Sa svih strana"],"inLanguage":"bs-BA"},{"@type":"WebPage","@id":"https:\/\/tuzlainfo.ba\/index.php\/clanci\/sa-svih-strana\/item\/277157-haos-u-srbiji-gradjani-pale-prostorije-sns-a-policija-razbija-demonstracije\/","url":"https:\/\/tuzlainfo.ba\/index.php\/clanci\/sa-svih-strana\/item\/277157-haos-u-srbiji-gradjani-pale-prostorije-sns-a-policija-razbija-demonstracije\/","name":"Haos u Srbiji: Gra\u0111ani pale prostorije SNS-a, policija razbija demonstracije - TuzlaInfo.ba","isPartOf":{"@id":"https:\/\/tuzlainfo.ba\/#website"},"primaryImageOfPage":{"@id":"https:\/\/tuzlainfo.ba\/index.php\/clanci\/sa-svih-strana\/item\/277157-haos-u-srbiji-gradjani-pale-prostorije-sns-a-policija-razbija-demonstracije\/#primaryimage"},"image":{"@id":"https:\/\/tuzlainfo.ba\/index.php\/clanci\/sa-svih-strana\/item\/277157-haos-u-srbiji-gradjani-pale-prostorije-sns-a-policija-razbija-demonstracije\/#primaryimage"},"thumbnailUrl":"https:\/\/tuzlainfo.ba\/wp-content\/uploads\/2025\/08\/1608_gori_SNS.jpg","datePublished":"2025-08-16T20:17:06+00:00","dateModified":"2025-08-16T20:17:06+00:00","breadcrumb":{"@id":"https:\/\/tuzlainfo.ba\/index.php\/clanci\/sa-svih-strana\/item\/277157-haos-u-srbiji-gradjani-pale-prostorije-sns-a-policija-razbija-demonstracije\/#breadcrumb"},"inLanguage":"bs-BA","potentialAction":[{"@type":"ReadAction","target":["https:\/\/tuzlainfo.ba\/index.php\/clanci\/sa-svih-strana\/item\/277157-haos-u-srbiji-gradjani-pale-prostorije-sns-a-policija-razbija-demonstracije\/"]}]},{"@type":"ImageObject","inLanguage":"bs-BA","@id":"https:\/\/tuzlainfo.ba\/index.php\/clanci\/sa-svih-strana\/item\/277157-haos-u-srbiji-gradjani-pale-prostorije-sns-a-policija-razbija-demonstracije\/#primaryimage","url":"https:\/\/tuzlainfo.ba\/wp-content\/uploads\/2025\/08\/1608_gori_SNS.jpg","contentUrl":"https:\/\/tuzlainfo.ba\/wp-content\/uploads\/2025\/08\/1608_gori_SNS.jpg","width":800,"height":504},{"@type":"BreadcrumbList","@id":"https:\/\/tuzlainfo.ba\/index.php\/clanci\/sa-svih-strana\/item\/277157-haos-u-srbiji-gradjani-pale-prostorije-sns-a-policija-razbija-demonstracije\/#breadcrumb","itemListElement":[{"@type":"ListItem","position":1,"name":"Home","item":"https:\/\/tuzlainfo.ba\/"},{"@type":"ListItem","position":2,"name":"Haos u Srbiji: Gra\u0111ani pale prostorije SNS-a, policija razbija demonstracije"}]},{"@type":"WebSite","@id":"https:\/\/tuzlainfo.ba\/#website","url":"https:\/\/tuzlainfo.ba\/","name":"TuzlaInfo.ba","description":"Tuzla info, gradski informator - Tuzla na dlanu","publisher":{"@id":"https:\/\/tuzlainfo.ba\/#organization"},"potentialAction":[{"@type":"SearchAction","target":{"@type":"EntryPoint","urlTemplate":"https:\/\/tuzlainfo.ba\/?s={search_term_string}"},"query-input":{"@type":"PropertyValueSpecification","valueRequired":true,"valueName":"search_term_string"}}],"inLanguage":"bs-BA"},{"@type":"Organization","@id":"https:\/\/tuzlainfo.ba\/#organization","name":"TuzlaInfo.ba","url":"https:\/\/tuzlainfo.ba\/","logo":{"@type":"ImageObject","inLanguage":"bs-BA","@id":"https:\/\/tuzlainfo.ba\/#\/schema\/logo\/image\/","url":"https:\/\/tuzlainfo.ba\/wp-content\/uploads\/2021\/03\/logo-ver-3-1.png","contentUrl":"https:\/\/tuzlainfo.ba\/wp-content\/uploads\/2021\/03\/logo-ver-3-1.png","width":350,"height":95,"caption":"TuzlaInfo.ba"},"image":{"@id":"https:\/\/tuzlainfo.ba\/#\/schema\/logo\/image\/"},"sameAs":["https:\/\/www.facebook.com\/tuzlainfo.ba\/"]},{"@type":"Person","@id":"https:\/\/tuzlainfo.ba\/#\/schema\/person\/f434e20dc27ea133923aab08451b7f7f","name":"nedim","image":{"@type":"ImageObject","inLanguage":"bs-BA","@id":"https:\/\/tuzlainfo.ba\/#\/schema\/person\/image\/","url":"https:\/\/tuzlainfo.ba\/wp-content\/litespeed\/avatar\/aabad687af24844af817603ac1cbdc4f.jpg?ver=1776702173","contentUrl":"https:\/\/tuzlainfo.ba\/wp-content\/litespeed\/avatar\/aabad687af24844af817603ac1cbdc4f.jpg?ver=1776702173","caption":"nedim"},"description":"Tuzlainfo.ba pratite na dru\u0161tvenim mre\u017eama: Facebook, Instagram i Youtube. Svoje pri\u010de, upite i fotografije \u0161aljite na na\u0161u e-mail adresu."}]}},"_links":{"self":[{"href":"https:\/\/tuzlainfo.ba\/index.php\/wp-json\/wp\/v2\/posts\/277157"}],"collection":[{"href":"https:\/\/tuzlainfo.ba\/index.php\/wp-json\/wp\/v2\/posts"}],"about":[{"href":"https:\/\/tuzlainfo.ba\/index.php\/wp-json\/wp\/v2\/types\/post"}],"author":[{"embeddable":true,"href":"https:\/\/tuzlainfo.ba\/index.php\/wp-json\/wp\/v2\/users\/2"}],"replies":[{"embeddable":true,"href":"https:\/\/tuzlainfo.ba\/index.php\/wp-json\/wp\/v2\/comments?post=277157"}],"version-history":[{"count":1,"href":"https:\/\/tuzlainfo.ba\/index.php\/wp-json\/wp\/v2\/posts\/277157\/revisions"}],"predecessor-version":[{"id":277159,"href":"https:\/\/tuzlainfo.ba\/index.php\/wp-json\/wp\/v2\/posts\/277157\/revisions\/277159"}],"wp:featuredmedia":[{"embeddable":true,"href":"https:\/\/tuzlainfo.ba\/index.php\/wp-json\/wp\/v2\/media\/277158"}],"wp:attachment":[{"href":"https:\/\/tuzlainfo.ba\/index.php\/wp-json\/wp\/v2\/media?parent=277157"}],"wp:term":[{"taxonomy":"category","embeddable":true,"href":"https:\/\/tuzlainfo.ba\/index.php\/wp-json\/wp\/v2\/categories?post=277157"},{"taxonomy":"post_tag","embeddable":true,"href":"https:\/\/tuzlainfo.ba\/index.php\/wp-json\/wp\/v2\/tags?post=277157"}],"curies":[{"name":"wp","href":"https:\/\/api.w.org\/{rel}","templated":true}]}}