{"id":277150,"date":"2025-08-17T11:05:42","date_gmt":"2025-08-17T09:05:42","guid":{"rendered":"https:\/\/tuzlainfo.ba\/?p=277150"},"modified":"2025-08-16T21:44:20","modified_gmt":"2025-08-16T19:44:20","slug":"drugo-izdanje-graffiti-unity-jam-festivala-uskoro-u-tuzli","status":"publish","type":"post","link":"https:\/\/tuzlainfo.ba\/index.php\/najava-dogadaja-2\/item\/277150-drugo-izdanje-graffiti-unity-jam-festivala-uskoro-u-tuzli\/","title":{"rendered":"Drugo izdanje Graffiti Unity Jam festivala uskoro u Tuzli"},"content":{"rendered":"<p>Tuzla \u0107e 23. augusta 2025. godine ponovo postati centar regionalne street art scene. Drugo izdanje Graffiti Unity Jam festivala odr\u017ea\u0107e se na platou i zidovima JU Gimnazije \u201cMe\u0161a Selimovi\u0107\u201d, okupljaju\u0107i umjetnike iz Njemacke, Turske, Svicarske,Hrvatske, Srbije kao i iz Bosne i Hercegovine koji \u0107e svoj talent i kreativnost utkati u nove murale i graffiti radove.<\/p>\n<p>Ovaj jedinstveni doga\u0111aj, u organizaciji udruzenja za kulturu i umjetnost \u201cIndustriartz\u201d, ima za cilj promociju uli\u010dne umjetnosti, kulturne razmjene i pozitivnih dru\u0161tvenih vrijednosti. Tokom cijelog dana posjetioci \u0107e imati priliku vidjeti kako nastaju velika umjetni\u010dka djela na otvorenom, dru\u017eiti se sa umjetnicima i u\u017eivati u bogatom muzi\u010dkom programu.<\/p>\n<p>Graffiti Unity Jam nije samo festival boja \u2013 to je festival ideja, energije i zajedni\u0161tva. Ovdje se bri\u0161u granice me\u0111u ljudima, a zidovi postaju platna na kojima pri\u010damo pri\u010de koje povezuju. Pro\u0161logodi\u0161nje izdanje festivala privuklo je veliki broj posjetilaca i ostavilo neizbrisiv trag na vizuelnom identitetu grada.<\/p>\n<p>Organizatori najavljuju da \u0107e ovogodi\u0161nji program biti jo\u0161 bogatiji, s ve\u0107im brojem u\u010desnika i \u0161irim spektrom umjetni\u010dkih stilova.<\/p>\n<p>\u201eCilj nam je ne samo predstaviti vrhunske graffiti umjetnike, nego i motivisati mlade da se uklju\u010de u kreativne procese i razvijaju svoje talente. \u017delimo da Tuzla bude prepoznata kao grad koji podr\u017eava i slavi urbanu kulturu,\u201c dodaje predsjednik udruzenja za kulturu i umjetnost \u201cIndustriartz\u201d Miran Muja\u010di\u0107.<\/p>\n<p>Ulaz na festival je slobodan, a dobrodo\u0161li su svi \u2013 od ljubitelja umjetnosti i muzike, do onih koji tek \u017eele otkriti \u010dari street art-a.<\/p>\n","protected":false},"excerpt":{"rendered":"<p>Tuzla \u0107e 23. augusta 2025. godine ponovo postati centar regionalne street art scene. Drugo izdanje Graffiti Unity Jam festivala odr\u017ea\u0107e se na platou i zidovima JU Gimnazije \u201cMe\u0161a Selimovi\u0107\u201d, okupljaju\u0107i umjetnike iz Njemacke, Turske, Svicarske,Hrvatske, Srbije kao i iz Bosne i Hercegovine koji \u0107e svoj talent i kreativnost utkati u nove murale i graffiti radove. [&hellip;]<\/p>\n","protected":false},"author":2,"featured_media":277151,"comment_status":"closed","ping_status":"closed","sticky":false,"template":"","format":"standard","meta":{"footnotes":""},"categories":[11],"tags":[12614],"class_list":["post-277150","post","type-post","status-publish","format-standard","has-post-thumbnail","hentry","category-najava-dogadaja-2","tag-graffiti-unity-jam"],"yoast_head":"<!-- This site is optimized with the Yoast SEO plugin v28.3 - https:\/\/yoast.com\/product\/yoast-seo-wordpress\/ -->\n<title>Drugo izdanje Graffiti Unity Jam festivala uskoro u Tuzli<\/title>\n<meta name=\"robots\" content=\"index, follow, max-snippet:-1, max-image-preview:large, max-video-preview:-1\" \/>\n<link rel=\"canonical\" href=\"https:\/\/tuzlainfo.ba\/index.php\/najava-dogadaja-2\/item\/277150-drugo-izdanje-graffiti-unity-jam-festivala-uskoro-u-tuzli\/\" \/>\n<meta property=\"og:locale\" content=\"bs_BA\" \/>\n<meta property=\"og:type\" content=\"article\" \/>\n<meta property=\"og:title\" content=\"Drugo izdanje Graffiti Unity Jam festivala uskoro u Tuzli\" \/>\n<meta property=\"og:description\" content=\"Tuzla \u0107e 23. augusta 2025. godine ponovo postati centar regionalne street art scene. Drugo izdanje Graffiti Unity Jam festivala odr\u017ea\u0107e se na platou i zidovima JU Gimnazije \u201cMe\u0161a Selimovi\u0107\u201d, okupljaju\u0107i umjetnike iz Njemacke, Turske, Svicarske,Hrvatske, Srbije kao i iz Bosne i Hercegovine koji \u0107e svoj talent i kreativnost utkati u nove murale i graffiti radove. [&hellip;]\" \/>\n<meta property=\"og:url\" content=\"https:\/\/tuzlainfo.ba\/index.php\/najava-dogadaja-2\/item\/277150-drugo-izdanje-graffiti-unity-jam-festivala-uskoro-u-tuzli\/\" \/>\n<meta property=\"og:site_name\" content=\"TuzlaInfo.ba\" \/>\n<meta property=\"article:publisher\" content=\"https:\/\/www.facebook.com\/tuzlainfo.ba\/\" \/>\n<meta property=\"article:published_time\" content=\"2025-08-17T09:05:42+00:00\" \/>\n<meta property=\"og:image\" content=\"https:\/\/tuzlainfo.ba\/wp-content\/uploads\/2025\/08\/1608_grafiti.jpg\" \/>\n\t<meta property=\"og:image:width\" content=\"1080\" \/>\n\t<meta property=\"og:image:height\" content=\"1080\" \/>\n\t<meta property=\"og:image:type\" content=\"image\/jpeg\" \/>\n<meta name=\"author\" content=\"nedim\" \/>\n<meta name=\"twitter:card\" content=\"summary_large_image\" \/>\n<meta name=\"twitter:label1\" content=\"Written by\" \/>\n\t<meta name=\"twitter:data1\" content=\"nedim\" \/>\n\t<meta name=\"twitter:label2\" content=\"Est. reading time\" \/>\n\t<meta name=\"twitter:data2\" content=\"2 minute\" \/>\n<script type=\"application\/ld+json\" class=\"yoast-schema-graph\">{\"@context\":\"https:\\\/\\\/schema.org\",\"@graph\":[{\"@type\":\"Article\",\"@id\":\"https:\\\/\\\/tuzlainfo.ba\\\/index.php\\\/najava-dogadaja-2\\\/item\\\/277150-drugo-izdanje-graffiti-unity-jam-festivala-uskoro-u-tuzli\\\/#article\",\"isPartOf\":{\"@id\":\"https:\\\/\\\/tuzlainfo.ba\\\/index.php\\\/najava-dogadaja-2\\\/item\\\/277150-drugo-izdanje-graffiti-unity-jam-festivala-uskoro-u-tuzli\\\/\"},\"author\":{\"name\":\"nedim\",\"@id\":\"https:\\\/\\\/tuzlainfo.ba\\\/#\\\/schema\\\/person\\\/f434e20dc27ea133923aab08451b7f7f\"},\"headline\":\"Drugo izdanje Graffiti Unity Jam festivala uskoro u Tuzli\",\"datePublished\":\"2025-08-17T09:05:42+00:00\",\"mainEntityOfPage\":{\"@id\":\"https:\\\/\\\/tuzlainfo.ba\\\/index.php\\\/najava-dogadaja-2\\\/item\\\/277150-drugo-izdanje-graffiti-unity-jam-festivala-uskoro-u-tuzli\\\/\"},\"wordCount\":270,\"publisher\":{\"@id\":\"https:\\\/\\\/tuzlainfo.ba\\\/#organization\"},\"image\":{\"@id\":\"https:\\\/\\\/tuzlainfo.ba\\\/index.php\\\/najava-dogadaja-2\\\/item\\\/277150-drugo-izdanje-graffiti-unity-jam-festivala-uskoro-u-tuzli\\\/#primaryimage\"},\"thumbnailUrl\":\"https:\\\/\\\/tuzlainfo.ba\\\/wp-content\\\/uploads\\\/2025\\\/08\\\/1608_grafiti.jpg\",\"keywords\":[\"Graffiti Unity Jam\"],\"articleSection\":[\"Najave i doga\u0111aji\"],\"inLanguage\":\"bs-BA\",\"copyrightYear\":\"2025\",\"copyrightHolder\":{\"@id\":\"https:\\\/\\\/tuzlainfo.ba\\\/#organization\"}},{\"@type\":\"WebPage\",\"@id\":\"https:\\\/\\\/tuzlainfo.ba\\\/index.php\\\/najava-dogadaja-2\\\/item\\\/277150-drugo-izdanje-graffiti-unity-jam-festivala-uskoro-u-tuzli\\\/\",\"url\":\"https:\\\/\\\/tuzlainfo.ba\\\/index.php\\\/najava-dogadaja-2\\\/item\\\/277150-drugo-izdanje-graffiti-unity-jam-festivala-uskoro-u-tuzli\\\/\",\"name\":\"Drugo izdanje Graffiti Unity Jam festivala uskoro u Tuzli\",\"isPartOf\":{\"@id\":\"https:\\\/\\\/tuzlainfo.ba\\\/#website\"},\"primaryImageOfPage\":{\"@id\":\"https:\\\/\\\/tuzlainfo.ba\\\/index.php\\\/najava-dogadaja-2\\\/item\\\/277150-drugo-izdanje-graffiti-unity-jam-festivala-uskoro-u-tuzli\\\/#primaryimage\"},\"image\":{\"@id\":\"https:\\\/\\\/tuzlainfo.ba\\\/index.php\\\/najava-dogadaja-2\\\/item\\\/277150-drugo-izdanje-graffiti-unity-jam-festivala-uskoro-u-tuzli\\\/#primaryimage\"},\"thumbnailUrl\":\"https:\\\/\\\/tuzlainfo.ba\\\/wp-content\\\/uploads\\\/2025\\\/08\\\/1608_grafiti.jpg\",\"datePublished\":\"2025-08-17T09:05:42+00:00\",\"breadcrumb\":{\"@id\":\"https:\\\/\\\/tuzlainfo.ba\\\/index.php\\\/najava-dogadaja-2\\\/item\\\/277150-drugo-izdanje-graffiti-unity-jam-festivala-uskoro-u-tuzli\\\/#breadcrumb\"},\"inLanguage\":\"bs-BA\",\"potentialAction\":[{\"@type\":\"ReadAction\",\"target\":[\"https:\\\/\\\/tuzlainfo.ba\\\/index.php\\\/najava-dogadaja-2\\\/item\\\/277150-drugo-izdanje-graffiti-unity-jam-festivala-uskoro-u-tuzli\\\/\"]}]},{\"@type\":\"ImageObject\",\"inLanguage\":\"bs-BA\",\"@id\":\"https:\\\/\\\/tuzlainfo.ba\\\/index.php\\\/najava-dogadaja-2\\\/item\\\/277150-drugo-izdanje-graffiti-unity-jam-festivala-uskoro-u-tuzli\\\/#primaryimage\",\"url\":\"https:\\\/\\\/tuzlainfo.ba\\\/wp-content\\\/uploads\\\/2025\\\/08\\\/1608_grafiti.jpg\",\"contentUrl\":\"https:\\\/\\\/tuzlainfo.ba\\\/wp-content\\\/uploads\\\/2025\\\/08\\\/1608_grafiti.jpg\",\"width\":1080,\"height\":1080},{\"@type\":\"BreadcrumbList\",\"@id\":\"https:\\\/\\\/tuzlainfo.ba\\\/index.php\\\/najava-dogadaja-2\\\/item\\\/277150-drugo-izdanje-graffiti-unity-jam-festivala-uskoro-u-tuzli\\\/#breadcrumb\",\"itemListElement\":[{\"@type\":\"ListItem\",\"position\":1,\"name\":\"Home\",\"item\":\"https:\\\/\\\/tuzlainfo.ba\\\/\"},{\"@type\":\"ListItem\",\"position\":2,\"name\":\"Drugo izdanje Graffiti Unity Jam festivala uskoro u Tuzli\"}]},{\"@type\":\"WebSite\",\"@id\":\"https:\\\/\\\/tuzlainfo.ba\\\/#website\",\"url\":\"https:\\\/\\\/tuzlainfo.ba\\\/\",\"name\":\"TuzlaInfo.ba\",\"description\":\"Tuzla info, gradski informator - Tuzla na dlanu\",\"publisher\":{\"@id\":\"https:\\\/\\\/tuzlainfo.ba\\\/#organization\"},\"potentialAction\":[{\"@type\":\"SearchAction\",\"target\":{\"@type\":\"EntryPoint\",\"urlTemplate\":\"https:\\\/\\\/tuzlainfo.ba\\\/?s={search_term_string}\"},\"query-input\":{\"@type\":\"PropertyValueSpecification\",\"valueRequired\":true,\"valueName\":\"search_term_string\"}}],\"inLanguage\":\"bs-BA\"},{\"@type\":\"Organization\",\"@id\":\"https:\\\/\\\/tuzlainfo.ba\\\/#organization\",\"name\":\"TuzlaInfo.ba\",\"url\":\"https:\\\/\\\/tuzlainfo.ba\\\/\",\"logo\":{\"@type\":\"ImageObject\",\"inLanguage\":\"bs-BA\",\"@id\":\"https:\\\/\\\/tuzlainfo.ba\\\/#\\\/schema\\\/logo\\\/image\\\/\",\"url\":\"https:\\\/\\\/tuzlainfo.ba\\\/wp-content\\\/uploads\\\/2021\\\/03\\\/logo-ver-3-1.png\",\"contentUrl\":\"https:\\\/\\\/tuzlainfo.ba\\\/wp-content\\\/uploads\\\/2021\\\/03\\\/logo-ver-3-1.png\",\"width\":350,\"height\":95,\"caption\":\"TuzlaInfo.ba\"},\"image\":{\"@id\":\"https:\\\/\\\/tuzlainfo.ba\\\/#\\\/schema\\\/logo\\\/image\\\/\"},\"sameAs\":[\"https:\\\/\\\/www.facebook.com\\\/tuzlainfo.ba\\\/\"]},{\"@type\":\"Person\",\"@id\":\"https:\\\/\\\/tuzlainfo.ba\\\/#\\\/schema\\\/person\\\/f434e20dc27ea133923aab08451b7f7f\",\"name\":\"nedim\",\"image\":{\"@type\":\"ImageObject\",\"inLanguage\":\"bs-BA\",\"@id\":\"https:\\\/\\\/secure.gravatar.com\\\/avatar\\\/5b928a2e7e70a54208d2eb6c1edcb75a5350d6ae97d5f0a701203d456823f6f3?s=96&d=mm&r=g\",\"url\":\"https:\\\/\\\/secure.gravatar.com\\\/avatar\\\/5b928a2e7e70a54208d2eb6c1edcb75a5350d6ae97d5f0a701203d456823f6f3?s=96&d=mm&r=g\",\"contentUrl\":\"https:\\\/\\\/secure.gravatar.com\\\/avatar\\\/5b928a2e7e70a54208d2eb6c1edcb75a5350d6ae97d5f0a701203d456823f6f3?s=96&d=mm&r=g\",\"caption\":\"nedim\"},\"description\":\"Tuzlainfo.ba pratite na dru\u0161tvenim mre\u017eama: Facebook, Instagram i Youtube. Svoje pri\u010de, upite i fotografije \u0161aljite na na\u0161u e-mail adresu.\"}]}<\/script>\n<!-- \/ Yoast SEO plugin. -->","yoast_head_json":{"title":"Drugo izdanje Graffiti Unity Jam festivala uskoro u Tuzli","robots":{"index":"index","follow":"follow","max-snippet":"max-snippet:-1","max-image-preview":"max-image-preview:large","max-video-preview":"max-video-preview:-1"},"canonical":"https:\/\/tuzlainfo.ba\/index.php\/najava-dogadaja-2\/item\/277150-drugo-izdanje-graffiti-unity-jam-festivala-uskoro-u-tuzli\/","og_locale":"bs_BA","og_type":"article","og_title":"Drugo izdanje Graffiti Unity Jam festivala uskoro u Tuzli","og_description":"Tuzla \u0107e 23. augusta 2025. godine ponovo postati centar regionalne street art scene. Drugo izdanje Graffiti Unity Jam festivala odr\u017ea\u0107e se na platou i zidovima JU Gimnazije \u201cMe\u0161a Selimovi\u0107\u201d, okupljaju\u0107i umjetnike iz Njemacke, Turske, Svicarske,Hrvatske, Srbije kao i iz Bosne i Hercegovine koji \u0107e svoj talent i kreativnost utkati u nove murale i graffiti radove. [&hellip;]","og_url":"https:\/\/tuzlainfo.ba\/index.php\/najava-dogadaja-2\/item\/277150-drugo-izdanje-graffiti-unity-jam-festivala-uskoro-u-tuzli\/","og_site_name":"TuzlaInfo.ba","article_publisher":"https:\/\/www.facebook.com\/tuzlainfo.ba\/","article_published_time":"2025-08-17T09:05:42+00:00","og_image":[{"width":1080,"height":1080,"url":"https:\/\/tuzlainfo.ba\/wp-content\/uploads\/2025\/08\/1608_grafiti.jpg","type":"image\/jpeg"}],"author":"nedim","twitter_card":"summary_large_image","twitter_misc":{"Written by":"nedim","Est. reading time":"2 minute"},"schema":{"@context":"https:\/\/schema.org","@graph":[{"@type":"Article","@id":"https:\/\/tuzlainfo.ba\/index.php\/najava-dogadaja-2\/item\/277150-drugo-izdanje-graffiti-unity-jam-festivala-uskoro-u-tuzli\/#article","isPartOf":{"@id":"https:\/\/tuzlainfo.ba\/index.php\/najava-dogadaja-2\/item\/277150-drugo-izdanje-graffiti-unity-jam-festivala-uskoro-u-tuzli\/"},"author":{"name":"nedim","@id":"https:\/\/tuzlainfo.ba\/#\/schema\/person\/f434e20dc27ea133923aab08451b7f7f"},"headline":"Drugo izdanje Graffiti Unity Jam festivala uskoro u Tuzli","datePublished":"2025-08-17T09:05:42+00:00","mainEntityOfPage":{"@id":"https:\/\/tuzlainfo.ba\/index.php\/najava-dogadaja-2\/item\/277150-drugo-izdanje-graffiti-unity-jam-festivala-uskoro-u-tuzli\/"},"wordCount":270,"publisher":{"@id":"https:\/\/tuzlainfo.ba\/#organization"},"image":{"@id":"https:\/\/tuzlainfo.ba\/index.php\/najava-dogadaja-2\/item\/277150-drugo-izdanje-graffiti-unity-jam-festivala-uskoro-u-tuzli\/#primaryimage"},"thumbnailUrl":"https:\/\/tuzlainfo.ba\/wp-content\/uploads\/2025\/08\/1608_grafiti.jpg","keywords":["Graffiti Unity Jam"],"articleSection":["Najave i doga\u0111aji"],"inLanguage":"bs-BA","copyrightYear":"2025","copyrightHolder":{"@id":"https:\/\/tuzlainfo.ba\/#organization"}},{"@type":"WebPage","@id":"https:\/\/tuzlainfo.ba\/index.php\/najava-dogadaja-2\/item\/277150-drugo-izdanje-graffiti-unity-jam-festivala-uskoro-u-tuzli\/","url":"https:\/\/tuzlainfo.ba\/index.php\/najava-dogadaja-2\/item\/277150-drugo-izdanje-graffiti-unity-jam-festivala-uskoro-u-tuzli\/","name":"Drugo izdanje Graffiti Unity Jam festivala uskoro u Tuzli","isPartOf":{"@id":"https:\/\/tuzlainfo.ba\/#website"},"primaryImageOfPage":{"@id":"https:\/\/tuzlainfo.ba\/index.php\/najava-dogadaja-2\/item\/277150-drugo-izdanje-graffiti-unity-jam-festivala-uskoro-u-tuzli\/#primaryimage"},"image":{"@id":"https:\/\/tuzlainfo.ba\/index.php\/najava-dogadaja-2\/item\/277150-drugo-izdanje-graffiti-unity-jam-festivala-uskoro-u-tuzli\/#primaryimage"},"thumbnailUrl":"https:\/\/tuzlainfo.ba\/wp-content\/uploads\/2025\/08\/1608_grafiti.jpg","datePublished":"2025-08-17T09:05:42+00:00","breadcrumb":{"@id":"https:\/\/tuzlainfo.ba\/index.php\/najava-dogadaja-2\/item\/277150-drugo-izdanje-graffiti-unity-jam-festivala-uskoro-u-tuzli\/#breadcrumb"},"inLanguage":"bs-BA","potentialAction":[{"@type":"ReadAction","target":["https:\/\/tuzlainfo.ba\/index.php\/najava-dogadaja-2\/item\/277150-drugo-izdanje-graffiti-unity-jam-festivala-uskoro-u-tuzli\/"]}]},{"@type":"ImageObject","inLanguage":"bs-BA","@id":"https:\/\/tuzlainfo.ba\/index.php\/najava-dogadaja-2\/item\/277150-drugo-izdanje-graffiti-unity-jam-festivala-uskoro-u-tuzli\/#primaryimage","url":"https:\/\/tuzlainfo.ba\/wp-content\/uploads\/2025\/08\/1608_grafiti.jpg","contentUrl":"https:\/\/tuzlainfo.ba\/wp-content\/uploads\/2025\/08\/1608_grafiti.jpg","width":1080,"height":1080},{"@type":"BreadcrumbList","@id":"https:\/\/tuzlainfo.ba\/index.php\/najava-dogadaja-2\/item\/277150-drugo-izdanje-graffiti-unity-jam-festivala-uskoro-u-tuzli\/#breadcrumb","itemListElement":[{"@type":"ListItem","position":1,"name":"Home","item":"https:\/\/tuzlainfo.ba\/"},{"@type":"ListItem","position":2,"name":"Drugo izdanje Graffiti Unity Jam festivala uskoro u Tuzli"}]},{"@type":"WebSite","@id":"https:\/\/tuzlainfo.ba\/#website","url":"https:\/\/tuzlainfo.ba\/","name":"TuzlaInfo.ba","description":"Tuzla info, gradski informator - Tuzla na dlanu","publisher":{"@id":"https:\/\/tuzlainfo.ba\/#organization"},"potentialAction":[{"@type":"SearchAction","target":{"@type":"EntryPoint","urlTemplate":"https:\/\/tuzlainfo.ba\/?s={search_term_string}"},"query-input":{"@type":"PropertyValueSpecification","valueRequired":true,"valueName":"search_term_string"}}],"inLanguage":"bs-BA"},{"@type":"Organization","@id":"https:\/\/tuzlainfo.ba\/#organization","name":"TuzlaInfo.ba","url":"https:\/\/tuzlainfo.ba\/","logo":{"@type":"ImageObject","inLanguage":"bs-BA","@id":"https:\/\/tuzlainfo.ba\/#\/schema\/logo\/image\/","url":"https:\/\/tuzlainfo.ba\/wp-content\/uploads\/2021\/03\/logo-ver-3-1.png","contentUrl":"https:\/\/tuzlainfo.ba\/wp-content\/uploads\/2021\/03\/logo-ver-3-1.png","width":350,"height":95,"caption":"TuzlaInfo.ba"},"image":{"@id":"https:\/\/tuzlainfo.ba\/#\/schema\/logo\/image\/"},"sameAs":["https:\/\/www.facebook.com\/tuzlainfo.ba\/"]},{"@type":"Person","@id":"https:\/\/tuzlainfo.ba\/#\/schema\/person\/f434e20dc27ea133923aab08451b7f7f","name":"nedim","image":{"@type":"ImageObject","inLanguage":"bs-BA","@id":"https:\/\/secure.gravatar.com\/avatar\/5b928a2e7e70a54208d2eb6c1edcb75a5350d6ae97d5f0a701203d456823f6f3?s=96&d=mm&r=g","url":"https:\/\/secure.gravatar.com\/avatar\/5b928a2e7e70a54208d2eb6c1edcb75a5350d6ae97d5f0a701203d456823f6f3?s=96&d=mm&r=g","contentUrl":"https:\/\/secure.gravatar.com\/avatar\/5b928a2e7e70a54208d2eb6c1edcb75a5350d6ae97d5f0a701203d456823f6f3?s=96&d=mm&r=g","caption":"nedim"},"description":"Tuzlainfo.ba pratite na dru\u0161tvenim mre\u017eama: Facebook, Instagram i Youtube. Svoje pri\u010de, upite i fotografije \u0161aljite na na\u0161u e-mail adresu."}]}},"_links":{"self":[{"href":"https:\/\/tuzlainfo.ba\/index.php\/wp-json\/wp\/v2\/posts\/277150","targetHints":{"allow":["GET"]}}],"collection":[{"href":"https:\/\/tuzlainfo.ba\/index.php\/wp-json\/wp\/v2\/posts"}],"about":[{"href":"https:\/\/tuzlainfo.ba\/index.php\/wp-json\/wp\/v2\/types\/post"}],"author":[{"embeddable":true,"href":"https:\/\/tuzlainfo.ba\/index.php\/wp-json\/wp\/v2\/users\/2"}],"replies":[{"embeddable":true,"href":"https:\/\/tuzlainfo.ba\/index.php\/wp-json\/wp\/v2\/comments?post=277150"}],"version-history":[{"count":1,"href":"https:\/\/tuzlainfo.ba\/index.php\/wp-json\/wp\/v2\/posts\/277150\/revisions"}],"predecessor-version":[{"id":277152,"href":"https:\/\/tuzlainfo.ba\/index.php\/wp-json\/wp\/v2\/posts\/277150\/revisions\/277152"}],"wp:featuredmedia":[{"embeddable":true,"href":"https:\/\/tuzlainfo.ba\/index.php\/wp-json\/wp\/v2\/media\/277151"}],"wp:attachment":[{"href":"https:\/\/tuzlainfo.ba\/index.php\/wp-json\/wp\/v2\/media?parent=277150"}],"wp:term":[{"taxonomy":"category","embeddable":true,"href":"https:\/\/tuzlainfo.ba\/index.php\/wp-json\/wp\/v2\/categories?post=277150"},{"taxonomy":"post_tag","embeddable":true,"href":"https:\/\/tuzlainfo.ba\/index.php\/wp-json\/wp\/v2\/tags?post=277150"}],"curies":[{"name":"wp","href":"https:\/\/api.w.org\/{rel}","templated":true}]}}