{"id":277125,"date":"2025-08-16T09:38:50","date_gmt":"2025-08-16T07:38:50","guid":{"rendered":"https:\/\/tuzlainfo.ba\/?p=277125"},"modified":"2025-08-16T09:38:50","modified_gmt":"2025-08-16T07:38:50","slug":"provokacije-u-jajcu-svadbena-kolona-zaustavila-se-ispred-dzamije-s-jednim-ciljem","status":"publish","type":"post","link":"https:\/\/tuzlainfo.ba\/index.php\/bosna-i-hercegovina\/item\/277125-provokacije-u-jajcu-svadbena-kolona-zaustavila-se-ispred-dzamije-s-jednim-ciljem\/","title":{"rendered":"Provokacije u Jajcu: Svadbena kolona zaustavila se ispred d\u017eamije s jednim ciljem"},"content":{"rendered":"<p data-start=\"0\" data-end=\"168\">Op\u0107inski odbor Stranke demokratske akcije (SDA) Jajce oglasio se saop\u0107enjem povodom incidenta koji se dogodio u centru grada prilikom prolaska svadbene kolone vozila.<\/p>\n<p data-start=\"170\" data-end=\"377\">Prema navodima iz SDA Jajce, kolona se zaustavila ispred gradske d\u017eamije, gdje su pojedini u\u010desnici, ma\u0161u\u0107i etni\u010dkim zastavama i glasno skandiraju\u0107i, naru\u0161ili javni red i mir s o\u010ditom namjerom provokacije.<\/p>\n<p data-start=\"379\" data-end=\"630\">Posebno je istaknuto da je jedan od u\u010desnika svadbene kolone na semaforu verbalno napao Rasima \u0160ahmana, vije\u0107nika SDA u Op\u0107inskom vije\u0107u Jajce, koji se u tom trenutku nalazio u svom privatnom vozilu. Incident je prijavljen Policijskoj stanici Jajce.<\/p>\n<p data-start=\"632\" data-end=\"848\">Iz SDA poru\u010duju da ovakvi postupci naru\u0161avaju stabilnu i mirnu atmosferu koju Jajce njeguje godinama, te ih najo\u0161trije osu\u0111uju. Pozvali su policiju i pravosu\u0111e da poduzmu sve potrebne mjere i sankcioni\u0161u odgovorne.<\/p>\n<p data-start=\"850\" data-end=\"1000\" data-is-last-node=\"\" data-is-only-node=\"\">Tako\u0111er, apelovali su na gra\u0111ane da svojim pona\u0161anjem i porukama doprinesu o\u010duvanju me\u0111usobnog po\u0161tovanja i sprije\u010de ponavljanje sli\u010dnih incidenata.<\/p>\n","protected":false},"excerpt":{"rendered":"<p>Op\u0107inski odbor Stranke demokratske akcije (SDA) Jajce oglasio se saop\u0107enjem povodom incidenta koji se dogodio&hellip;<\/p>\n","protected":false},"author":2,"featured_media":277126,"comment_status":"closed","ping_status":"closed","sticky":false,"template":"","format":"standard","meta":{"_acf_changed":false,"footnotes":""},"categories":[291],"tags":[2844],"acf":[],"yoast_head":"<!-- This site is optimized with the Yoast SEO plugin v23.5 - https:\/\/yoast.com\/wordpress\/plugins\/seo\/ -->\n<title>Provokacije u Jajcu: Svadbena kolona zaustavila se ispred d\u017eamije s jednim ciljem - TuzlaInfo.ba<\/title>\n<meta name=\"robots\" content=\"index, follow, max-snippet:-1, max-image-preview:large, max-video-preview:-1\" \/>\n<link rel=\"canonical\" href=\"https:\/\/tuzlainfo.ba\/index.php\/bosna-i-hercegovina\/item\/277125-provokacije-u-jajcu-svadbena-kolona-zaustavila-se-ispred-dzamije-s-jednim-ciljem\/\" \/>\n<meta property=\"og:locale\" content=\"bs_BA\" \/>\n<meta property=\"og:type\" content=\"article\" \/>\n<meta property=\"og:title\" content=\"Provokacije u Jajcu: Svadbena kolona zaustavila se ispred d\u017eamije s jednim ciljem - TuzlaInfo.ba\" \/>\n<meta property=\"og:description\" content=\"Op\u0107inski odbor Stranke demokratske akcije (SDA) Jajce oglasio se saop\u0107enjem povodom incidenta koji se dogodio&hellip;\" \/>\n<meta property=\"og:url\" content=\"https:\/\/tuzlainfo.ba\/index.php\/bosna-i-hercegovina\/item\/277125-provokacije-u-jajcu-svadbena-kolona-zaustavila-se-ispred-dzamije-s-jednim-ciljem\/\" \/>\n<meta property=\"og:site_name\" content=\"TuzlaInfo.ba\" \/>\n<meta property=\"article:publisher\" content=\"https:\/\/www.facebook.com\/tuzlainfo.ba\/\" \/>\n<meta property=\"article:published_time\" content=\"2025-08-16T07:38:50+00:00\" \/>\n<meta property=\"og:image\" content=\"https:\/\/tuzlainfo.ba\/wp-content\/uploads\/2025\/08\/1608_provo.jpg\" \/>\n\t<meta property=\"og:image:width\" content=\"770\" \/>\n\t<meta property=\"og:image:height\" content=\"513\" \/>\n\t<meta property=\"og:image:type\" content=\"image\/jpeg\" \/>\n<meta name=\"author\" content=\"nedim\" \/>\n<meta name=\"twitter:card\" content=\"summary_large_image\" \/>\n<meta name=\"twitter:label1\" content=\"Written by\" \/>\n\t<meta name=\"twitter:data1\" content=\"nedim\" \/>\n\t<meta name=\"twitter:label2\" content=\"Est. reading time\" \/>\n\t<meta name=\"twitter:data2\" content=\"1 minuta\" \/>\n<script type=\"application\/ld+json\" class=\"yoast-schema-graph\">{\"@context\":\"https:\/\/schema.org\",\"@graph\":[{\"@type\":\"Article\",\"@id\":\"https:\/\/tuzlainfo.ba\/index.php\/bosna-i-hercegovina\/item\/277125-provokacije-u-jajcu-svadbena-kolona-zaustavila-se-ispred-dzamije-s-jednim-ciljem\/#article\",\"isPartOf\":{\"@id\":\"https:\/\/tuzlainfo.ba\/index.php\/bosna-i-hercegovina\/item\/277125-provokacije-u-jajcu-svadbena-kolona-zaustavila-se-ispred-dzamije-s-jednim-ciljem\/\"},\"author\":{\"name\":\"nedim\",\"@id\":\"https:\/\/tuzlainfo.ba\/#\/schema\/person\/f434e20dc27ea133923aab08451b7f7f\"},\"headline\":\"Provokacije u Jajcu: Svadbena kolona zaustavila se ispred d\u017eamije s jednim ciljem\",\"datePublished\":\"2025-08-16T07:38:50+00:00\",\"dateModified\":\"2025-08-16T07:38:50+00:00\",\"mainEntityOfPage\":{\"@id\":\"https:\/\/tuzlainfo.ba\/index.php\/bosna-i-hercegovina\/item\/277125-provokacije-u-jajcu-svadbena-kolona-zaustavila-se-ispred-dzamije-s-jednim-ciljem\/\"},\"wordCount\":183,\"publisher\":{\"@id\":\"https:\/\/tuzlainfo.ba\/#organization\"},\"image\":{\"@id\":\"https:\/\/tuzlainfo.ba\/index.php\/bosna-i-hercegovina\/item\/277125-provokacije-u-jajcu-svadbena-kolona-zaustavila-se-ispred-dzamije-s-jednim-ciljem\/#primaryimage\"},\"thumbnailUrl\":\"https:\/\/tuzlainfo.ba\/wp-content\/uploads\/2025\/08\/1608_provo.jpg\",\"keywords\":[\"jajce\"],\"articleSection\":[\"Bosna i Hercegovina\"],\"inLanguage\":\"bs-BA\"},{\"@type\":\"WebPage\",\"@id\":\"https:\/\/tuzlainfo.ba\/index.php\/bosna-i-hercegovina\/item\/277125-provokacije-u-jajcu-svadbena-kolona-zaustavila-se-ispred-dzamije-s-jednim-ciljem\/\",\"url\":\"https:\/\/tuzlainfo.ba\/index.php\/bosna-i-hercegovina\/item\/277125-provokacije-u-jajcu-svadbena-kolona-zaustavila-se-ispred-dzamije-s-jednim-ciljem\/\",\"name\":\"Provokacije u Jajcu: Svadbena kolona zaustavila se ispred d\u017eamije s jednim ciljem - TuzlaInfo.ba\",\"isPartOf\":{\"@id\":\"https:\/\/tuzlainfo.ba\/#website\"},\"primaryImageOfPage\":{\"@id\":\"https:\/\/tuzlainfo.ba\/index.php\/bosna-i-hercegovina\/item\/277125-provokacije-u-jajcu-svadbena-kolona-zaustavila-se-ispred-dzamije-s-jednim-ciljem\/#primaryimage\"},\"image\":{\"@id\":\"https:\/\/tuzlainfo.ba\/index.php\/bosna-i-hercegovina\/item\/277125-provokacije-u-jajcu-svadbena-kolona-zaustavila-se-ispred-dzamije-s-jednim-ciljem\/#primaryimage\"},\"thumbnailUrl\":\"https:\/\/tuzlainfo.ba\/wp-content\/uploads\/2025\/08\/1608_provo.jpg\",\"datePublished\":\"2025-08-16T07:38:50+00:00\",\"dateModified\":\"2025-08-16T07:38:50+00:00\",\"breadcrumb\":{\"@id\":\"https:\/\/tuzlainfo.ba\/index.php\/bosna-i-hercegovina\/item\/277125-provokacije-u-jajcu-svadbena-kolona-zaustavila-se-ispred-dzamije-s-jednim-ciljem\/#breadcrumb\"},\"inLanguage\":\"bs-BA\",\"potentialAction\":[{\"@type\":\"ReadAction\",\"target\":[\"https:\/\/tuzlainfo.ba\/index.php\/bosna-i-hercegovina\/item\/277125-provokacije-u-jajcu-svadbena-kolona-zaustavila-se-ispred-dzamije-s-jednim-ciljem\/\"]}]},{\"@type\":\"ImageObject\",\"inLanguage\":\"bs-BA\",\"@id\":\"https:\/\/tuzlainfo.ba\/index.php\/bosna-i-hercegovina\/item\/277125-provokacije-u-jajcu-svadbena-kolona-zaustavila-se-ispred-dzamije-s-jednim-ciljem\/#primaryimage\",\"url\":\"https:\/\/tuzlainfo.ba\/wp-content\/uploads\/2025\/08\/1608_provo.jpg\",\"contentUrl\":\"https:\/\/tuzlainfo.ba\/wp-content\/uploads\/2025\/08\/1608_provo.jpg\",\"width\":770,\"height\":513},{\"@type\":\"BreadcrumbList\",\"@id\":\"https:\/\/tuzlainfo.ba\/index.php\/bosna-i-hercegovina\/item\/277125-provokacije-u-jajcu-svadbena-kolona-zaustavila-se-ispred-dzamije-s-jednim-ciljem\/#breadcrumb\",\"itemListElement\":[{\"@type\":\"ListItem\",\"position\":1,\"name\":\"Home\",\"item\":\"https:\/\/tuzlainfo.ba\/\"},{\"@type\":\"ListItem\",\"position\":2,\"name\":\"Provokacije u Jajcu: Svadbena kolona zaustavila se ispred d\u017eamije s jednim ciljem\"}]},{\"@type\":\"WebSite\",\"@id\":\"https:\/\/tuzlainfo.ba\/#website\",\"url\":\"https:\/\/tuzlainfo.ba\/\",\"name\":\"TuzlaInfo.ba\",\"description\":\"Tuzla info, gradski informator - Tuzla na dlanu\",\"publisher\":{\"@id\":\"https:\/\/tuzlainfo.ba\/#organization\"},\"potentialAction\":[{\"@type\":\"SearchAction\",\"target\":{\"@type\":\"EntryPoint\",\"urlTemplate\":\"https:\/\/tuzlainfo.ba\/?s={search_term_string}\"},\"query-input\":{\"@type\":\"PropertyValueSpecification\",\"valueRequired\":true,\"valueName\":\"search_term_string\"}}],\"inLanguage\":\"bs-BA\"},{\"@type\":\"Organization\",\"@id\":\"https:\/\/tuzlainfo.ba\/#organization\",\"name\":\"TuzlaInfo.ba\",\"url\":\"https:\/\/tuzlainfo.ba\/\",\"logo\":{\"@type\":\"ImageObject\",\"inLanguage\":\"bs-BA\",\"@id\":\"https:\/\/tuzlainfo.ba\/#\/schema\/logo\/image\/\",\"url\":\"https:\/\/tuzlainfo.ba\/wp-content\/uploads\/2021\/03\/logo-ver-3-1.png\",\"contentUrl\":\"https:\/\/tuzlainfo.ba\/wp-content\/uploads\/2021\/03\/logo-ver-3-1.png\",\"width\":350,\"height\":95,\"caption\":\"TuzlaInfo.ba\"},\"image\":{\"@id\":\"https:\/\/tuzlainfo.ba\/#\/schema\/logo\/image\/\"},\"sameAs\":[\"https:\/\/www.facebook.com\/tuzlainfo.ba\/\"]},{\"@type\":\"Person\",\"@id\":\"https:\/\/tuzlainfo.ba\/#\/schema\/person\/f434e20dc27ea133923aab08451b7f7f\",\"name\":\"nedim\",\"image\":{\"@type\":\"ImageObject\",\"inLanguage\":\"bs-BA\",\"@id\":\"https:\/\/tuzlainfo.ba\/#\/schema\/person\/image\/\",\"url\":\"https:\/\/tuzlainfo.ba\/wp-content\/litespeed\/avatar\/aabad687af24844af817603ac1cbdc4f.jpg?ver=1776702173\",\"contentUrl\":\"https:\/\/tuzlainfo.ba\/wp-content\/litespeed\/avatar\/aabad687af24844af817603ac1cbdc4f.jpg?ver=1776702173\",\"caption\":\"nedim\"},\"description\":\"Tuzlainfo.ba pratite na dru\u0161tvenim mre\u017eama: Facebook, Instagram i Youtube. Svoje pri\u010de, upite i fotografije \u0161aljite na na\u0161u e-mail adresu.\"}]}<\/script>\n<!-- \/ Yoast SEO plugin. -->","yoast_head_json":{"title":"Provokacije u Jajcu: Svadbena kolona zaustavila se ispred d\u017eamije s jednim ciljem - TuzlaInfo.ba","robots":{"index":"index","follow":"follow","max-snippet":"max-snippet:-1","max-image-preview":"max-image-preview:large","max-video-preview":"max-video-preview:-1"},"canonical":"https:\/\/tuzlainfo.ba\/index.php\/bosna-i-hercegovina\/item\/277125-provokacije-u-jajcu-svadbena-kolona-zaustavila-se-ispred-dzamije-s-jednim-ciljem\/","og_locale":"bs_BA","og_type":"article","og_title":"Provokacije u Jajcu: Svadbena kolona zaustavila se ispred d\u017eamije s jednim ciljem - TuzlaInfo.ba","og_description":"Op\u0107inski odbor Stranke demokratske akcije (SDA) Jajce oglasio se saop\u0107enjem povodom incidenta koji se dogodio&hellip;","og_url":"https:\/\/tuzlainfo.ba\/index.php\/bosna-i-hercegovina\/item\/277125-provokacije-u-jajcu-svadbena-kolona-zaustavila-se-ispred-dzamije-s-jednim-ciljem\/","og_site_name":"TuzlaInfo.ba","article_publisher":"https:\/\/www.facebook.com\/tuzlainfo.ba\/","article_published_time":"2025-08-16T07:38:50+00:00","og_image":[{"width":770,"height":513,"url":"https:\/\/tuzlainfo.ba\/wp-content\/uploads\/2025\/08\/1608_provo.jpg","type":"image\/jpeg"}],"author":"nedim","twitter_card":"summary_large_image","twitter_misc":{"Written by":"nedim","Est. reading time":"1 minuta"},"schema":{"@context":"https:\/\/schema.org","@graph":[{"@type":"Article","@id":"https:\/\/tuzlainfo.ba\/index.php\/bosna-i-hercegovina\/item\/277125-provokacije-u-jajcu-svadbena-kolona-zaustavila-se-ispred-dzamije-s-jednim-ciljem\/#article","isPartOf":{"@id":"https:\/\/tuzlainfo.ba\/index.php\/bosna-i-hercegovina\/item\/277125-provokacije-u-jajcu-svadbena-kolona-zaustavila-se-ispred-dzamije-s-jednim-ciljem\/"},"author":{"name":"nedim","@id":"https:\/\/tuzlainfo.ba\/#\/schema\/person\/f434e20dc27ea133923aab08451b7f7f"},"headline":"Provokacije u Jajcu: Svadbena kolona zaustavila se ispred d\u017eamije s jednim ciljem","datePublished":"2025-08-16T07:38:50+00:00","dateModified":"2025-08-16T07:38:50+00:00","mainEntityOfPage":{"@id":"https:\/\/tuzlainfo.ba\/index.php\/bosna-i-hercegovina\/item\/277125-provokacije-u-jajcu-svadbena-kolona-zaustavila-se-ispred-dzamije-s-jednim-ciljem\/"},"wordCount":183,"publisher":{"@id":"https:\/\/tuzlainfo.ba\/#organization"},"image":{"@id":"https:\/\/tuzlainfo.ba\/index.php\/bosna-i-hercegovina\/item\/277125-provokacije-u-jajcu-svadbena-kolona-zaustavila-se-ispred-dzamije-s-jednim-ciljem\/#primaryimage"},"thumbnailUrl":"https:\/\/tuzlainfo.ba\/wp-content\/uploads\/2025\/08\/1608_provo.jpg","keywords":["jajce"],"articleSection":["Bosna i Hercegovina"],"inLanguage":"bs-BA"},{"@type":"WebPage","@id":"https:\/\/tuzlainfo.ba\/index.php\/bosna-i-hercegovina\/item\/277125-provokacije-u-jajcu-svadbena-kolona-zaustavila-se-ispred-dzamije-s-jednim-ciljem\/","url":"https:\/\/tuzlainfo.ba\/index.php\/bosna-i-hercegovina\/item\/277125-provokacije-u-jajcu-svadbena-kolona-zaustavila-se-ispred-dzamije-s-jednim-ciljem\/","name":"Provokacije u Jajcu: Svadbena kolona zaustavila se ispred d\u017eamije s jednim ciljem - TuzlaInfo.ba","isPartOf":{"@id":"https:\/\/tuzlainfo.ba\/#website"},"primaryImageOfPage":{"@id":"https:\/\/tuzlainfo.ba\/index.php\/bosna-i-hercegovina\/item\/277125-provokacije-u-jajcu-svadbena-kolona-zaustavila-se-ispred-dzamije-s-jednim-ciljem\/#primaryimage"},"image":{"@id":"https:\/\/tuzlainfo.ba\/index.php\/bosna-i-hercegovina\/item\/277125-provokacije-u-jajcu-svadbena-kolona-zaustavila-se-ispred-dzamije-s-jednim-ciljem\/#primaryimage"},"thumbnailUrl":"https:\/\/tuzlainfo.ba\/wp-content\/uploads\/2025\/08\/1608_provo.jpg","datePublished":"2025-08-16T07:38:50+00:00","dateModified":"2025-08-16T07:38:50+00:00","breadcrumb":{"@id":"https:\/\/tuzlainfo.ba\/index.php\/bosna-i-hercegovina\/item\/277125-provokacije-u-jajcu-svadbena-kolona-zaustavila-se-ispred-dzamije-s-jednim-ciljem\/#breadcrumb"},"inLanguage":"bs-BA","potentialAction":[{"@type":"ReadAction","target":["https:\/\/tuzlainfo.ba\/index.php\/bosna-i-hercegovina\/item\/277125-provokacije-u-jajcu-svadbena-kolona-zaustavila-se-ispred-dzamije-s-jednim-ciljem\/"]}]},{"@type":"ImageObject","inLanguage":"bs-BA","@id":"https:\/\/tuzlainfo.ba\/index.php\/bosna-i-hercegovina\/item\/277125-provokacije-u-jajcu-svadbena-kolona-zaustavila-se-ispred-dzamije-s-jednim-ciljem\/#primaryimage","url":"https:\/\/tuzlainfo.ba\/wp-content\/uploads\/2025\/08\/1608_provo.jpg","contentUrl":"https:\/\/tuzlainfo.ba\/wp-content\/uploads\/2025\/08\/1608_provo.jpg","width":770,"height":513},{"@type":"BreadcrumbList","@id":"https:\/\/tuzlainfo.ba\/index.php\/bosna-i-hercegovina\/item\/277125-provokacije-u-jajcu-svadbena-kolona-zaustavila-se-ispred-dzamije-s-jednim-ciljem\/#breadcrumb","itemListElement":[{"@type":"ListItem","position":1,"name":"Home","item":"https:\/\/tuzlainfo.ba\/"},{"@type":"ListItem","position":2,"name":"Provokacije u Jajcu: Svadbena kolona zaustavila se ispred d\u017eamije s jednim ciljem"}]},{"@type":"WebSite","@id":"https:\/\/tuzlainfo.ba\/#website","url":"https:\/\/tuzlainfo.ba\/","name":"TuzlaInfo.ba","description":"Tuzla info, gradski informator - Tuzla na dlanu","publisher":{"@id":"https:\/\/tuzlainfo.ba\/#organization"},"potentialAction":[{"@type":"SearchAction","target":{"@type":"EntryPoint","urlTemplate":"https:\/\/tuzlainfo.ba\/?s={search_term_string}"},"query-input":{"@type":"PropertyValueSpecification","valueRequired":true,"valueName":"search_term_string"}}],"inLanguage":"bs-BA"},{"@type":"Organization","@id":"https:\/\/tuzlainfo.ba\/#organization","name":"TuzlaInfo.ba","url":"https:\/\/tuzlainfo.ba\/","logo":{"@type":"ImageObject","inLanguage":"bs-BA","@id":"https:\/\/tuzlainfo.ba\/#\/schema\/logo\/image\/","url":"https:\/\/tuzlainfo.ba\/wp-content\/uploads\/2021\/03\/logo-ver-3-1.png","contentUrl":"https:\/\/tuzlainfo.ba\/wp-content\/uploads\/2021\/03\/logo-ver-3-1.png","width":350,"height":95,"caption":"TuzlaInfo.ba"},"image":{"@id":"https:\/\/tuzlainfo.ba\/#\/schema\/logo\/image\/"},"sameAs":["https:\/\/www.facebook.com\/tuzlainfo.ba\/"]},{"@type":"Person","@id":"https:\/\/tuzlainfo.ba\/#\/schema\/person\/f434e20dc27ea133923aab08451b7f7f","name":"nedim","image":{"@type":"ImageObject","inLanguage":"bs-BA","@id":"https:\/\/tuzlainfo.ba\/#\/schema\/person\/image\/","url":"https:\/\/tuzlainfo.ba\/wp-content\/litespeed\/avatar\/aabad687af24844af817603ac1cbdc4f.jpg?ver=1776702173","contentUrl":"https:\/\/tuzlainfo.ba\/wp-content\/litespeed\/avatar\/aabad687af24844af817603ac1cbdc4f.jpg?ver=1776702173","caption":"nedim"},"description":"Tuzlainfo.ba pratite na dru\u0161tvenim mre\u017eama: Facebook, Instagram i Youtube. Svoje pri\u010de, upite i fotografije \u0161aljite na na\u0161u e-mail adresu."}]}},"_links":{"self":[{"href":"https:\/\/tuzlainfo.ba\/index.php\/wp-json\/wp\/v2\/posts\/277125"}],"collection":[{"href":"https:\/\/tuzlainfo.ba\/index.php\/wp-json\/wp\/v2\/posts"}],"about":[{"href":"https:\/\/tuzlainfo.ba\/index.php\/wp-json\/wp\/v2\/types\/post"}],"author":[{"embeddable":true,"href":"https:\/\/tuzlainfo.ba\/index.php\/wp-json\/wp\/v2\/users\/2"}],"replies":[{"embeddable":true,"href":"https:\/\/tuzlainfo.ba\/index.php\/wp-json\/wp\/v2\/comments?post=277125"}],"version-history":[{"count":1,"href":"https:\/\/tuzlainfo.ba\/index.php\/wp-json\/wp\/v2\/posts\/277125\/revisions"}],"predecessor-version":[{"id":277127,"href":"https:\/\/tuzlainfo.ba\/index.php\/wp-json\/wp\/v2\/posts\/277125\/revisions\/277127"}],"wp:featuredmedia":[{"embeddable":true,"href":"https:\/\/tuzlainfo.ba\/index.php\/wp-json\/wp\/v2\/media\/277126"}],"wp:attachment":[{"href":"https:\/\/tuzlainfo.ba\/index.php\/wp-json\/wp\/v2\/media?parent=277125"}],"wp:term":[{"taxonomy":"category","embeddable":true,"href":"https:\/\/tuzlainfo.ba\/index.php\/wp-json\/wp\/v2\/categories?post=277125"},{"taxonomy":"post_tag","embeddable":true,"href":"https:\/\/tuzlainfo.ba\/index.php\/wp-json\/wp\/v2\/tags?post=277125"}],"curies":[{"name":"wp","href":"https:\/\/api.w.org\/{rel}","templated":true}]}}