{"id":277065,"date":"2025-08-17T18:50:52","date_gmt":"2025-08-17T16:50:52","guid":{"rendered":"https:\/\/tuzlainfo.ba\/?p=277065"},"modified":"2025-08-17T18:54:22","modified_gmt":"2025-08-17T16:54:22","slug":"place-u-fbih-padaju-teletina-40-km-strucnjaci-krive-vlast-za-rast-cijena","status":"publish","type":"post","link":"https:\/\/tuzlainfo.ba\/index.php\/bosna-i-hercegovina\/item\/277065-place-u-fbih-padaju-teletina-40-km-strucnjaci-krive-vlast-za-rast-cijena\/","title":{"rendered":"Pla\u0107e u FBiH padaju, teletina 40 KM: Stru\u010dnjaci krive vlast za rast cijena"},"content":{"rendered":"<p>Iako zvani\u010dna statistika bilje\u017ei da su prosje\u010dne pla\u0107e u Federaciji Bosne i Hercegovine nominalno vi\u0161e nego pro\u0161le godine, realnost pokazuje druga\u010diju sliku \u2013 pla\u0107e padaju, cijene rastu, a gra\u0111ani sve te\u017ee spajaju kraj s krajem.<\/p>\n<p>Prema podacima Agencije za statistiku FBiH, prosje\u010dna neto pla\u0107a u julu iznosila je 1.577 KM, \u0161to je pad od 1,3 posto u odnosu na prethodni mjesec. U pore\u0111enju s julom pro\u0161le godine, pla\u0107e su nominalno vi\u0161e za 16,7 posto, ali realno rast iznosi 12 posto.<\/p>\n<p>Najve\u0107i pad prosje\u010dnih neto pla\u0107a zabilje\u017een je u proizvodnji i snabdijevanju elektri\u010dnom energijom, plinom i klimatizaciji (3,9 posto), finansijskom sektoru i osiguranju (3,5 posto) te zdravstvenoj i socijalnoj za\u0161titi (2,7 posto). Pove\u0107anje je zabilje\u017eeno u stru\u010dnim, nau\u010dnim i tehni\u010dkim djelatnostima (0,6 posto), obrazovanju (0,6 posto) i poslovanju nekretninama (0,4 posto).<\/p>\n<p>Prosje\u010dna bruto pla\u0107a u julu iznosila je 2.458 KM, nominalno ni\u017ea za 0,9 posto, a realno za 1,4 posto u odnosu na prethodni mjesec. Sindikalna potro\u0161a\u010dka korpa za juli iznosi 3.202,70 KM, \u0161to je dvostruko vi\u0161e od prosje\u010dne neto pla\u0107e.<\/p>\n<p>U trgovinama i na pijacama cijene osnovnih namirnica nastavljaju rasti \u2013 kilogram teletine bez kosti dose\u017ee i 40 KM, kilogram mljevene junetine 22 KM, dok su \u017euti sirevi od 15 do 30 KM. Litar mlijeka ko\u0161ta od 1,70 do 2,50 KM, a kilogram paradajza ili paprika od 2,50 do pet KM.<\/p>\n<p>Ekonomski analiti\u010dar Igor Gavran za Faktor isti\u010de da je rast pla\u0107a u proteklom periodu bio rezultat zakonskog pove\u0107anja minimalne pla\u0107e, ali da se sada taj efekat iscrpio.<br \/>\n\u201ePosebno je zabrinjavaju\u0107e \u0161to je i ovaj raniji rast bio prije svega nominalan, a realni tro\u0161kovi \u017eivota su ga svejedno nadma\u0161ivali. Prosje\u010dna pla\u0107a je konstantno u padu u smislu kupovne mo\u0107i i njene stvarne vrijednosti. Mnogim gra\u0111anima proizvodi poput teletine su odavno tek san\u201c, kazao je Gavran.<\/p>\n<p>Dodaje da je za rast cijena odgovorna i vlast.<br \/>\n\u201eJedan dio poskupljenja uzrokovan je pove\u0107anjem minimalne pla\u0107e bez smanjenja doprinosa, kao i rastom cijene elektri\u010dne energije, vode i komunalnih usluga. Drugi dio poskupljenja je rezultat \u010diste pohlepe, a vlast ga nije sprije\u010dila ni sankcionisala. Divljanje cijena mo\u017ee zaustaviti samo vlast, i to mjerama koje ne poduzima, a mogla bi \u2013 od ograni\u010davanja cijena do podr\u0161ke doma\u0107oj proizvodnji\u201c, zaklju\u010dio je Gavran.<\/p>\n","protected":false},"excerpt":{"rendered":"<p>Iako zvani\u010dna statistika bilje\u017ei da su prosje\u010dne pla\u0107e u Federaciji Bosne i Hercegovine nominalno vi\u0161e&hellip;<\/p>\n","protected":false},"author":8,"featured_media":262302,"comment_status":"closed","ping_status":"closed","sticky":false,"template":"","format":"standard","meta":{"_acf_changed":false,"footnotes":""},"categories":[291,304],"tags":[1369,874,12612],"acf":[],"yoast_head":"<!-- This site is optimized with the Yoast SEO plugin v23.5 - https:\/\/yoast.com\/wordpress\/plugins\/seo\/ -->\n<title>Pla\u0107e u FBiH padaju, teletina 40 KM: Stru\u010dnjaci krive vlast za rast cijena - TuzlaInfo.ba<\/title>\n<meta name=\"robots\" content=\"index, follow, max-snippet:-1, max-image-preview:large, max-video-preview:-1\" \/>\n<link rel=\"canonical\" href=\"https:\/\/tuzlainfo.ba\/index.php\/bosna-i-hercegovina\/item\/277065-place-u-fbih-padaju-teletina-40-km-strucnjaci-krive-vlast-za-rast-cijena\/\" \/>\n<meta property=\"og:locale\" content=\"bs_BA\" \/>\n<meta property=\"og:type\" content=\"article\" \/>\n<meta property=\"og:title\" content=\"Pla\u0107e u FBiH padaju, teletina 40 KM: Stru\u010dnjaci krive vlast za rast cijena - TuzlaInfo.ba\" \/>\n<meta property=\"og:description\" content=\"Iako zvani\u010dna statistika bilje\u017ei da su prosje\u010dne pla\u0107e u Federaciji Bosne i Hercegovine nominalno vi\u0161e&hellip;\" \/>\n<meta property=\"og:url\" content=\"https:\/\/tuzlainfo.ba\/index.php\/bosna-i-hercegovina\/item\/277065-place-u-fbih-padaju-teletina-40-km-strucnjaci-krive-vlast-za-rast-cijena\/\" \/>\n<meta property=\"og:site_name\" content=\"TuzlaInfo.ba\" \/>\n<meta property=\"article:publisher\" content=\"https:\/\/www.facebook.com\/tuzlainfo.ba\/\" \/>\n<meta property=\"article:published_time\" content=\"2025-08-17T16:50:52+00:00\" \/>\n<meta property=\"article:modified_time\" content=\"2025-08-17T16:54:22+00:00\" \/>\n<meta property=\"og:image\" content=\"https:\/\/tuzlainfo.ba\/wp-content\/uploads\/2025\/02\/market_bojkot_potrosacka_korpa-2.jpg\" \/>\n\t<meta property=\"og:image:width\" content=\"1200\" \/>\n\t<meta property=\"og:image:height\" content=\"719\" \/>\n\t<meta property=\"og:image:type\" content=\"image\/jpeg\" \/>\n<meta name=\"author\" content=\"Admin Tri\" \/>\n<meta name=\"twitter:card\" content=\"summary_large_image\" \/>\n<meta name=\"twitter:label1\" content=\"Written by\" \/>\n\t<meta name=\"twitter:data1\" content=\"Admin Tri\" \/>\n\t<meta name=\"twitter:label2\" content=\"Est. reading time\" \/>\n\t<meta name=\"twitter:data2\" content=\"3 minute\" \/>\n<script type=\"application\/ld+json\" class=\"yoast-schema-graph\">{\"@context\":\"https:\/\/schema.org\",\"@graph\":[{\"@type\":\"Article\",\"@id\":\"https:\/\/tuzlainfo.ba\/index.php\/bosna-i-hercegovina\/item\/277065-place-u-fbih-padaju-teletina-40-km-strucnjaci-krive-vlast-za-rast-cijena\/#article\",\"isPartOf\":{\"@id\":\"https:\/\/tuzlainfo.ba\/index.php\/bosna-i-hercegovina\/item\/277065-place-u-fbih-padaju-teletina-40-km-strucnjaci-krive-vlast-za-rast-cijena\/\"},\"author\":{\"name\":\"Admin Tri\",\"@id\":\"https:\/\/tuzlainfo.ba\/#\/schema\/person\/593e78a2f6378c5ba3e7600ecfa4e63a\"},\"headline\":\"Pla\u0107e u FBiH padaju, teletina 40 KM: Stru\u010dnjaci krive vlast za rast cijena\",\"datePublished\":\"2025-08-17T16:50:52+00:00\",\"dateModified\":\"2025-08-17T16:54:22+00:00\",\"mainEntityOfPage\":{\"@id\":\"https:\/\/tuzlainfo.ba\/index.php\/bosna-i-hercegovina\/item\/277065-place-u-fbih-padaju-teletina-40-km-strucnjaci-krive-vlast-za-rast-cijena\/\"},\"wordCount\":413,\"publisher\":{\"@id\":\"https:\/\/tuzlainfo.ba\/#organization\"},\"image\":{\"@id\":\"https:\/\/tuzlainfo.ba\/index.php\/bosna-i-hercegovina\/item\/277065-place-u-fbih-padaju-teletina-40-km-strucnjaci-krive-vlast-za-rast-cijena\/#primaryimage\"},\"thumbnailUrl\":\"https:\/\/tuzlainfo.ba\/wp-content\/uploads\/2025\/02\/market_bojkot_potrosacka_korpa-2.jpg\",\"keywords\":[\"cijene\",\"inflacija\",\"pla\u0107a\"],\"articleSection\":[\"Bosna i Hercegovina\",\"Istaknuto\"],\"inLanguage\":\"bs-BA\"},{\"@type\":\"WebPage\",\"@id\":\"https:\/\/tuzlainfo.ba\/index.php\/bosna-i-hercegovina\/item\/277065-place-u-fbih-padaju-teletina-40-km-strucnjaci-krive-vlast-za-rast-cijena\/\",\"url\":\"https:\/\/tuzlainfo.ba\/index.php\/bosna-i-hercegovina\/item\/277065-place-u-fbih-padaju-teletina-40-km-strucnjaci-krive-vlast-za-rast-cijena\/\",\"name\":\"Pla\u0107e u FBiH padaju, teletina 40 KM: Stru\u010dnjaci krive vlast za rast cijena - TuzlaInfo.ba\",\"isPartOf\":{\"@id\":\"https:\/\/tuzlainfo.ba\/#website\"},\"primaryImageOfPage\":{\"@id\":\"https:\/\/tuzlainfo.ba\/index.php\/bosna-i-hercegovina\/item\/277065-place-u-fbih-padaju-teletina-40-km-strucnjaci-krive-vlast-za-rast-cijena\/#primaryimage\"},\"image\":{\"@id\":\"https:\/\/tuzlainfo.ba\/index.php\/bosna-i-hercegovina\/item\/277065-place-u-fbih-padaju-teletina-40-km-strucnjaci-krive-vlast-za-rast-cijena\/#primaryimage\"},\"thumbnailUrl\":\"https:\/\/tuzlainfo.ba\/wp-content\/uploads\/2025\/02\/market_bojkot_potrosacka_korpa-2.jpg\",\"datePublished\":\"2025-08-17T16:50:52+00:00\",\"dateModified\":\"2025-08-17T16:54:22+00:00\",\"breadcrumb\":{\"@id\":\"https:\/\/tuzlainfo.ba\/index.php\/bosna-i-hercegovina\/item\/277065-place-u-fbih-padaju-teletina-40-km-strucnjaci-krive-vlast-za-rast-cijena\/#breadcrumb\"},\"inLanguage\":\"bs-BA\",\"potentialAction\":[{\"@type\":\"ReadAction\",\"target\":[\"https:\/\/tuzlainfo.ba\/index.php\/bosna-i-hercegovina\/item\/277065-place-u-fbih-padaju-teletina-40-km-strucnjaci-krive-vlast-za-rast-cijena\/\"]}]},{\"@type\":\"ImageObject\",\"inLanguage\":\"bs-BA\",\"@id\":\"https:\/\/tuzlainfo.ba\/index.php\/bosna-i-hercegovina\/item\/277065-place-u-fbih-padaju-teletina-40-km-strucnjaci-krive-vlast-za-rast-cijena\/#primaryimage\",\"url\":\"https:\/\/tuzlainfo.ba\/wp-content\/uploads\/2025\/02\/market_bojkot_potrosacka_korpa-2.jpg\",\"contentUrl\":\"https:\/\/tuzlainfo.ba\/wp-content\/uploads\/2025\/02\/market_bojkot_potrosacka_korpa-2.jpg\",\"width\":1200,\"height\":719},{\"@type\":\"BreadcrumbList\",\"@id\":\"https:\/\/tuzlainfo.ba\/index.php\/bosna-i-hercegovina\/item\/277065-place-u-fbih-padaju-teletina-40-km-strucnjaci-krive-vlast-za-rast-cijena\/#breadcrumb\",\"itemListElement\":[{\"@type\":\"ListItem\",\"position\":1,\"name\":\"Home\",\"item\":\"https:\/\/tuzlainfo.ba\/\"},{\"@type\":\"ListItem\",\"position\":2,\"name\":\"Pla\u0107e u FBiH padaju, teletina 40 KM: Stru\u010dnjaci krive vlast za rast cijena\"}]},{\"@type\":\"WebSite\",\"@id\":\"https:\/\/tuzlainfo.ba\/#website\",\"url\":\"https:\/\/tuzlainfo.ba\/\",\"name\":\"TuzlaInfo.ba\",\"description\":\"Tuzla info, gradski informator - Tuzla na dlanu\",\"publisher\":{\"@id\":\"https:\/\/tuzlainfo.ba\/#organization\"},\"potentialAction\":[{\"@type\":\"SearchAction\",\"target\":{\"@type\":\"EntryPoint\",\"urlTemplate\":\"https:\/\/tuzlainfo.ba\/?s={search_term_string}\"},\"query-input\":{\"@type\":\"PropertyValueSpecification\",\"valueRequired\":true,\"valueName\":\"search_term_string\"}}],\"inLanguage\":\"bs-BA\"},{\"@type\":\"Organization\",\"@id\":\"https:\/\/tuzlainfo.ba\/#organization\",\"name\":\"TuzlaInfo.ba\",\"url\":\"https:\/\/tuzlainfo.ba\/\",\"logo\":{\"@type\":\"ImageObject\",\"inLanguage\":\"bs-BA\",\"@id\":\"https:\/\/tuzlainfo.ba\/#\/schema\/logo\/image\/\",\"url\":\"https:\/\/tuzlainfo.ba\/wp-content\/uploads\/2021\/03\/logo-ver-3-1.png\",\"contentUrl\":\"https:\/\/tuzlainfo.ba\/wp-content\/uploads\/2021\/03\/logo-ver-3-1.png\",\"width\":350,\"height\":95,\"caption\":\"TuzlaInfo.ba\"},\"image\":{\"@id\":\"https:\/\/tuzlainfo.ba\/#\/schema\/logo\/image\/\"},\"sameAs\":[\"https:\/\/www.facebook.com\/tuzlainfo.ba\/\"]},{\"@type\":\"Person\",\"@id\":\"https:\/\/tuzlainfo.ba\/#\/schema\/person\/593e78a2f6378c5ba3e7600ecfa4e63a\",\"name\":\"Admin Tri\",\"image\":{\"@type\":\"ImageObject\",\"inLanguage\":\"bs-BA\",\"@id\":\"https:\/\/tuzlainfo.ba\/#\/schema\/person\/image\/\",\"url\":\"https:\/\/tuzlainfo.ba\/wp-content\/litespeed\/avatar\/b7920db4cc34a71ad12497283ad2fe3f.jpg?ver=1777100914\",\"contentUrl\":\"https:\/\/tuzlainfo.ba\/wp-content\/litespeed\/avatar\/b7920db4cc34a71ad12497283ad2fe3f.jpg?ver=1777100914\",\"caption\":\"Admin Tri\"},\"sameAs\":[\"https:\/\/tuzlainfo.ba\"]}]}<\/script>\n<!-- \/ Yoast SEO plugin. -->","yoast_head_json":{"title":"Pla\u0107e u FBiH padaju, teletina 40 KM: Stru\u010dnjaci krive vlast za rast cijena - TuzlaInfo.ba","robots":{"index":"index","follow":"follow","max-snippet":"max-snippet:-1","max-image-preview":"max-image-preview:large","max-video-preview":"max-video-preview:-1"},"canonical":"https:\/\/tuzlainfo.ba\/index.php\/bosna-i-hercegovina\/item\/277065-place-u-fbih-padaju-teletina-40-km-strucnjaci-krive-vlast-za-rast-cijena\/","og_locale":"bs_BA","og_type":"article","og_title":"Pla\u0107e u FBiH padaju, teletina 40 KM: Stru\u010dnjaci krive vlast za rast cijena - TuzlaInfo.ba","og_description":"Iako zvani\u010dna statistika bilje\u017ei da su prosje\u010dne pla\u0107e u Federaciji Bosne i Hercegovine nominalno vi\u0161e&hellip;","og_url":"https:\/\/tuzlainfo.ba\/index.php\/bosna-i-hercegovina\/item\/277065-place-u-fbih-padaju-teletina-40-km-strucnjaci-krive-vlast-za-rast-cijena\/","og_site_name":"TuzlaInfo.ba","article_publisher":"https:\/\/www.facebook.com\/tuzlainfo.ba\/","article_published_time":"2025-08-17T16:50:52+00:00","article_modified_time":"2025-08-17T16:54:22+00:00","og_image":[{"width":1200,"height":719,"url":"https:\/\/tuzlainfo.ba\/wp-content\/uploads\/2025\/02\/market_bojkot_potrosacka_korpa-2.jpg","type":"image\/jpeg"}],"author":"Admin Tri","twitter_card":"summary_large_image","twitter_misc":{"Written by":"Admin Tri","Est. reading time":"3 minute"},"schema":{"@context":"https:\/\/schema.org","@graph":[{"@type":"Article","@id":"https:\/\/tuzlainfo.ba\/index.php\/bosna-i-hercegovina\/item\/277065-place-u-fbih-padaju-teletina-40-km-strucnjaci-krive-vlast-za-rast-cijena\/#article","isPartOf":{"@id":"https:\/\/tuzlainfo.ba\/index.php\/bosna-i-hercegovina\/item\/277065-place-u-fbih-padaju-teletina-40-km-strucnjaci-krive-vlast-za-rast-cijena\/"},"author":{"name":"Admin Tri","@id":"https:\/\/tuzlainfo.ba\/#\/schema\/person\/593e78a2f6378c5ba3e7600ecfa4e63a"},"headline":"Pla\u0107e u FBiH padaju, teletina 40 KM: Stru\u010dnjaci krive vlast za rast cijena","datePublished":"2025-08-17T16:50:52+00:00","dateModified":"2025-08-17T16:54:22+00:00","mainEntityOfPage":{"@id":"https:\/\/tuzlainfo.ba\/index.php\/bosna-i-hercegovina\/item\/277065-place-u-fbih-padaju-teletina-40-km-strucnjaci-krive-vlast-za-rast-cijena\/"},"wordCount":413,"publisher":{"@id":"https:\/\/tuzlainfo.ba\/#organization"},"image":{"@id":"https:\/\/tuzlainfo.ba\/index.php\/bosna-i-hercegovina\/item\/277065-place-u-fbih-padaju-teletina-40-km-strucnjaci-krive-vlast-za-rast-cijena\/#primaryimage"},"thumbnailUrl":"https:\/\/tuzlainfo.ba\/wp-content\/uploads\/2025\/02\/market_bojkot_potrosacka_korpa-2.jpg","keywords":["cijene","inflacija","pla\u0107a"],"articleSection":["Bosna i Hercegovina","Istaknuto"],"inLanguage":"bs-BA"},{"@type":"WebPage","@id":"https:\/\/tuzlainfo.ba\/index.php\/bosna-i-hercegovina\/item\/277065-place-u-fbih-padaju-teletina-40-km-strucnjaci-krive-vlast-za-rast-cijena\/","url":"https:\/\/tuzlainfo.ba\/index.php\/bosna-i-hercegovina\/item\/277065-place-u-fbih-padaju-teletina-40-km-strucnjaci-krive-vlast-za-rast-cijena\/","name":"Pla\u0107e u FBiH padaju, teletina 40 KM: Stru\u010dnjaci krive vlast za rast cijena - TuzlaInfo.ba","isPartOf":{"@id":"https:\/\/tuzlainfo.ba\/#website"},"primaryImageOfPage":{"@id":"https:\/\/tuzlainfo.ba\/index.php\/bosna-i-hercegovina\/item\/277065-place-u-fbih-padaju-teletina-40-km-strucnjaci-krive-vlast-za-rast-cijena\/#primaryimage"},"image":{"@id":"https:\/\/tuzlainfo.ba\/index.php\/bosna-i-hercegovina\/item\/277065-place-u-fbih-padaju-teletina-40-km-strucnjaci-krive-vlast-za-rast-cijena\/#primaryimage"},"thumbnailUrl":"https:\/\/tuzlainfo.ba\/wp-content\/uploads\/2025\/02\/market_bojkot_potrosacka_korpa-2.jpg","datePublished":"2025-08-17T16:50:52+00:00","dateModified":"2025-08-17T16:54:22+00:00","breadcrumb":{"@id":"https:\/\/tuzlainfo.ba\/index.php\/bosna-i-hercegovina\/item\/277065-place-u-fbih-padaju-teletina-40-km-strucnjaci-krive-vlast-za-rast-cijena\/#breadcrumb"},"inLanguage":"bs-BA","potentialAction":[{"@type":"ReadAction","target":["https:\/\/tuzlainfo.ba\/index.php\/bosna-i-hercegovina\/item\/277065-place-u-fbih-padaju-teletina-40-km-strucnjaci-krive-vlast-za-rast-cijena\/"]}]},{"@type":"ImageObject","inLanguage":"bs-BA","@id":"https:\/\/tuzlainfo.ba\/index.php\/bosna-i-hercegovina\/item\/277065-place-u-fbih-padaju-teletina-40-km-strucnjaci-krive-vlast-za-rast-cijena\/#primaryimage","url":"https:\/\/tuzlainfo.ba\/wp-content\/uploads\/2025\/02\/market_bojkot_potrosacka_korpa-2.jpg","contentUrl":"https:\/\/tuzlainfo.ba\/wp-content\/uploads\/2025\/02\/market_bojkot_potrosacka_korpa-2.jpg","width":1200,"height":719},{"@type":"BreadcrumbList","@id":"https:\/\/tuzlainfo.ba\/index.php\/bosna-i-hercegovina\/item\/277065-place-u-fbih-padaju-teletina-40-km-strucnjaci-krive-vlast-za-rast-cijena\/#breadcrumb","itemListElement":[{"@type":"ListItem","position":1,"name":"Home","item":"https:\/\/tuzlainfo.ba\/"},{"@type":"ListItem","position":2,"name":"Pla\u0107e u FBiH padaju, teletina 40 KM: Stru\u010dnjaci krive vlast za rast cijena"}]},{"@type":"WebSite","@id":"https:\/\/tuzlainfo.ba\/#website","url":"https:\/\/tuzlainfo.ba\/","name":"TuzlaInfo.ba","description":"Tuzla info, gradski informator - Tuzla na dlanu","publisher":{"@id":"https:\/\/tuzlainfo.ba\/#organization"},"potentialAction":[{"@type":"SearchAction","target":{"@type":"EntryPoint","urlTemplate":"https:\/\/tuzlainfo.ba\/?s={search_term_string}"},"query-input":{"@type":"PropertyValueSpecification","valueRequired":true,"valueName":"search_term_string"}}],"inLanguage":"bs-BA"},{"@type":"Organization","@id":"https:\/\/tuzlainfo.ba\/#organization","name":"TuzlaInfo.ba","url":"https:\/\/tuzlainfo.ba\/","logo":{"@type":"ImageObject","inLanguage":"bs-BA","@id":"https:\/\/tuzlainfo.ba\/#\/schema\/logo\/image\/","url":"https:\/\/tuzlainfo.ba\/wp-content\/uploads\/2021\/03\/logo-ver-3-1.png","contentUrl":"https:\/\/tuzlainfo.ba\/wp-content\/uploads\/2021\/03\/logo-ver-3-1.png","width":350,"height":95,"caption":"TuzlaInfo.ba"},"image":{"@id":"https:\/\/tuzlainfo.ba\/#\/schema\/logo\/image\/"},"sameAs":["https:\/\/www.facebook.com\/tuzlainfo.ba\/"]},{"@type":"Person","@id":"https:\/\/tuzlainfo.ba\/#\/schema\/person\/593e78a2f6378c5ba3e7600ecfa4e63a","name":"Admin Tri","image":{"@type":"ImageObject","inLanguage":"bs-BA","@id":"https:\/\/tuzlainfo.ba\/#\/schema\/person\/image\/","url":"https:\/\/tuzlainfo.ba\/wp-content\/litespeed\/avatar\/b7920db4cc34a71ad12497283ad2fe3f.jpg?ver=1777100914","contentUrl":"https:\/\/tuzlainfo.ba\/wp-content\/litespeed\/avatar\/b7920db4cc34a71ad12497283ad2fe3f.jpg?ver=1777100914","caption":"Admin Tri"},"sameAs":["https:\/\/tuzlainfo.ba"]}]}},"_links":{"self":[{"href":"https:\/\/tuzlainfo.ba\/index.php\/wp-json\/wp\/v2\/posts\/277065"}],"collection":[{"href":"https:\/\/tuzlainfo.ba\/index.php\/wp-json\/wp\/v2\/posts"}],"about":[{"href":"https:\/\/tuzlainfo.ba\/index.php\/wp-json\/wp\/v2\/types\/post"}],"author":[{"embeddable":true,"href":"https:\/\/tuzlainfo.ba\/index.php\/wp-json\/wp\/v2\/users\/8"}],"replies":[{"embeddable":true,"href":"https:\/\/tuzlainfo.ba\/index.php\/wp-json\/wp\/v2\/comments?post=277065"}],"version-history":[{"count":1,"href":"https:\/\/tuzlainfo.ba\/index.php\/wp-json\/wp\/v2\/posts\/277065\/revisions"}],"predecessor-version":[{"id":277067,"href":"https:\/\/tuzlainfo.ba\/index.php\/wp-json\/wp\/v2\/posts\/277065\/revisions\/277067"}],"wp:featuredmedia":[{"embeddable":true,"href":"https:\/\/tuzlainfo.ba\/index.php\/wp-json\/wp\/v2\/media\/262302"}],"wp:attachment":[{"href":"https:\/\/tuzlainfo.ba\/index.php\/wp-json\/wp\/v2\/media?parent=277065"}],"wp:term":[{"taxonomy":"category","embeddable":true,"href":"https:\/\/tuzlainfo.ba\/index.php\/wp-json\/wp\/v2\/categories?post=277065"},{"taxonomy":"post_tag","embeddable":true,"href":"https:\/\/tuzlainfo.ba\/index.php\/wp-json\/wp\/v2\/tags?post=277065"}],"curies":[{"name":"wp","href":"https:\/\/api.w.org\/{rel}","templated":true}]}}