{"id":276952,"date":"2025-08-15T08:13:23","date_gmt":"2025-08-15T06:13:23","guid":{"rendered":"https:\/\/tuzlainfo.ba\/?p=276952"},"modified":"2025-08-15T08:13:23","modified_gmt":"2025-08-15T06:13:23","slug":"katolici-sirom-svijeta-danas-obiljezavaju-veliku-gospu-blagdan-uznesenja-blazene-djevice-marije","status":"publish","type":"post","link":"https:\/\/tuzlainfo.ba\/index.php\/bosna-i-hercegovina\/item\/276952-katolici-sirom-svijeta-danas-obiljezavaju-veliku-gospu-blagdan-uznesenja-blazene-djevice-marije\/","title":{"rendered":"Katolici \u0161irom svijeta danas obilje\u017eavaju Veliku Gospu \u2013 blagdan Uznesenja Bla\u017eene Djevice Marije"},"content":{"rendered":"<p data-start=\"105\" data-end=\"487\">Danas katoli\u010dki vjernici obilje\u017eavaju <strong data-start=\"143\" data-end=\"159\">Veliku Gospu<\/strong>, blagdan koji se slavi 15. augusta, a koji u pojedinim dr\u017eavama poput Hrvatske i Italije ima i status dr\u017eavnog praznika. Vjernici tog dana hodo\u010daste u marijanska sveti\u0161ta, prisje\u0107aju\u0107i se dogme da je Marija, po zavr\u0161etku zemaljskog \u017eivota, du\u0161om i tijelom uznesena u nebo, u dru\u0161tvo sa svojim uskrsnulim sinom Isusom Kristom.<\/p>\n<p data-start=\"489\" data-end=\"784\">Nauk o Marijinom uznesenju proglasio je papa Pio XII. 1. novembra 1950. godine, no blagdan ima vi\u0161estoljetnu tradiciju slavljenja. U Bosni i Hercegovini po\u0161tovanje prema Bla\u017eenoj Djevici Mariji duboko je ukorijenjeno, a o tome svjedo\u010de brojna sveti\u0161ta, crkve, molitve i pjesme posve\u0107ene Gospi.<\/p>\n<p data-start=\"786\" data-end=\"1221\">Velika Gospa se u BiH sve\u010dano obilje\u017eava u oko 150 \u017eupa. Posebno se izdvaja <strong data-start=\"862\" data-end=\"875\">Me\u0111ugorje<\/strong>, mjesto svjetski poznatih hodo\u010da\u0161\u0107a, zatim <strong data-start=\"919\" data-end=\"936\">\u0160iroki Brijeg<\/strong> s Crkvom Uznesenja Bla\u017eene Djevice Marije \u2013 nacionalnim spomenikom, te sveti\u0161ta u <strong data-start=\"1019\" data-end=\"1042\">Kond\u017eilu (Komu\u0161ina)<\/strong> i <strong data-start=\"1045\" data-end=\"1053\">Rami<\/strong>. Jedno od najmanjih, ali i najstarijih sveti\u0161ta je <strong data-start=\"1105\" data-end=\"1131\">Sveti\u0161te Gospe Olovske<\/strong> u Olovu, koje stolje\u0107ima okuplja ne samo katolike, ve\u0107 i pripadnike islamske zajednice.<\/p>\n<p data-start=\"1223\" data-end=\"1565\">Izvan BiH, najve\u0107e hodo\u010dasni\u010dko okupljanje u Hrvatskoj odr\u017eava se u <strong data-start=\"1291\" data-end=\"1310\">Mariji Bistrici<\/strong>, a poznata sveti\u0161ta nalaze se i u <strong data-start=\"1345\" data-end=\"1385\">Sinju, na Trsatu, u Aljma\u0161u i Vo\u0107inu<\/strong>. U svijetu su me\u0111u najpoznatijima <strong data-start=\"1420\" data-end=\"1428\">Lurd<\/strong> (Francuska), <strong data-start=\"1442\" data-end=\"1452\">Fatima<\/strong> (Portugal), <strong data-start=\"1465\" data-end=\"1478\">Alt\u00f6tting<\/strong> (Njema\u010dka), <strong data-start=\"1491\" data-end=\"1504\">\u010ce\u0161to\u010dova<\/strong> (Poljska), <strong data-start=\"1516\" data-end=\"1526\">Loreto<\/strong> (Italija) i <strong data-start=\"1539\" data-end=\"1552\">Guadalupe<\/strong> (Meksiko).<\/p>\n<p data-start=\"1567\" data-end=\"1748\" data-is-last-node=\"\" data-is-only-node=\"\">Velika Gospa za katolike predstavlja ne samo vjerski blagdan, ve\u0107 i dan zajedni\u0161tva, molitve i zahvalnosti, koji ve\u0107 stolje\u0107ima okuplja vjernike oko simbola vjere, nade i ljubavi.<\/p>\n","protected":false},"excerpt":{"rendered":"<p>Danas katoli\u010dki vjernici obilje\u017eavaju Veliku Gospu, blagdan koji se slavi 15. augusta, a koji u&hellip;<\/p>\n","protected":false},"author":2,"featured_media":81802,"comment_status":"closed","ping_status":"closed","sticky":false,"template":"","format":"standard","meta":{"_acf_changed":false,"footnotes":""},"categories":[291,304],"tags":[2216],"acf":[],"yoast_head":"<!-- This site is optimized with the Yoast SEO plugin v23.5 - https:\/\/yoast.com\/wordpress\/plugins\/seo\/ -->\n<title>Katolici \u0161irom svijeta danas obilje\u017eavaju Veliku Gospu \u2013 blagdan Uznesenja Bla\u017eene Djevice Marije - TuzlaInfo.ba<\/title>\n<meta name=\"robots\" content=\"index, follow, max-snippet:-1, max-image-preview:large, max-video-preview:-1\" \/>\n<link rel=\"canonical\" href=\"https:\/\/tuzlainfo.ba\/index.php\/bosna-i-hercegovina\/item\/276952-katolici-sirom-svijeta-danas-obiljezavaju-veliku-gospu-blagdan-uznesenja-blazene-djevice-marije\/\" \/>\n<meta property=\"og:locale\" content=\"bs_BA\" \/>\n<meta property=\"og:type\" content=\"article\" \/>\n<meta property=\"og:title\" content=\"Katolici \u0161irom svijeta danas obilje\u017eavaju Veliku Gospu \u2013 blagdan Uznesenja Bla\u017eene Djevice Marije - TuzlaInfo.ba\" \/>\n<meta property=\"og:description\" content=\"Danas katoli\u010dki vjernici obilje\u017eavaju Veliku Gospu, blagdan koji se slavi 15. augusta, a koji u&hellip;\" \/>\n<meta property=\"og:url\" content=\"https:\/\/tuzlainfo.ba\/index.php\/bosna-i-hercegovina\/item\/276952-katolici-sirom-svijeta-danas-obiljezavaju-veliku-gospu-blagdan-uznesenja-blazene-djevice-marije\/\" \/>\n<meta property=\"og:site_name\" content=\"TuzlaInfo.ba\" \/>\n<meta property=\"article:publisher\" content=\"https:\/\/www.facebook.com\/tuzlainfo.ba\/\" \/>\n<meta property=\"article:published_time\" content=\"2025-08-15T06:13:23+00:00\" \/>\n<meta property=\"og:image\" content=\"https:\/\/tuzlainfo.ba\/wp-content\/uploads\/2020\/08\/sadrzaj_2020_20200801_1508_gospa.jpg\" \/>\n\t<meta property=\"og:image:width\" content=\"770\" \/>\n\t<meta property=\"og:image:height\" content=\"546\" \/>\n\t<meta property=\"og:image:type\" content=\"image\/jpeg\" \/>\n<meta name=\"author\" content=\"nedim\" \/>\n<meta name=\"twitter:card\" content=\"summary_large_image\" \/>\n<meta name=\"twitter:label1\" content=\"Written by\" \/>\n\t<meta name=\"twitter:data1\" content=\"nedim\" \/>\n\t<meta name=\"twitter:label2\" content=\"Est. reading time\" \/>\n\t<meta name=\"twitter:data2\" content=\"2 minute\" \/>\n<script type=\"application\/ld+json\" class=\"yoast-schema-graph\">{\"@context\":\"https:\/\/schema.org\",\"@graph\":[{\"@type\":\"Article\",\"@id\":\"https:\/\/tuzlainfo.ba\/index.php\/bosna-i-hercegovina\/item\/276952-katolici-sirom-svijeta-danas-obiljezavaju-veliku-gospu-blagdan-uznesenja-blazene-djevice-marije\/#article\",\"isPartOf\":{\"@id\":\"https:\/\/tuzlainfo.ba\/index.php\/bosna-i-hercegovina\/item\/276952-katolici-sirom-svijeta-danas-obiljezavaju-veliku-gospu-blagdan-uznesenja-blazene-djevice-marije\/\"},\"author\":{\"name\":\"nedim\",\"@id\":\"https:\/\/tuzlainfo.ba\/#\/schema\/person\/f434e20dc27ea133923aab08451b7f7f\"},\"headline\":\"Katolici \u0161irom svijeta danas obilje\u017eavaju Veliku Gospu \u2013 blagdan Uznesenja Bla\u017eene Djevice Marije\",\"datePublished\":\"2025-08-15T06:13:23+00:00\",\"dateModified\":\"2025-08-15T06:13:23+00:00\",\"mainEntityOfPage\":{\"@id\":\"https:\/\/tuzlainfo.ba\/index.php\/bosna-i-hercegovina\/item\/276952-katolici-sirom-svijeta-danas-obiljezavaju-veliku-gospu-blagdan-uznesenja-blazene-djevice-marije\/\"},\"wordCount\":285,\"publisher\":{\"@id\":\"https:\/\/tuzlainfo.ba\/#organization\"},\"image\":{\"@id\":\"https:\/\/tuzlainfo.ba\/index.php\/bosna-i-hercegovina\/item\/276952-katolici-sirom-svijeta-danas-obiljezavaju-veliku-gospu-blagdan-uznesenja-blazene-djevice-marije\/#primaryimage\"},\"thumbnailUrl\":\"https:\/\/tuzlainfo.ba\/wp-content\/uploads\/2020\/08\/sadrzaj_2020_20200801_1508_gospa.jpg\",\"keywords\":[\"velika gospa\"],\"articleSection\":[\"Bosna i Hercegovina\",\"Istaknuto\"],\"inLanguage\":\"bs-BA\"},{\"@type\":\"WebPage\",\"@id\":\"https:\/\/tuzlainfo.ba\/index.php\/bosna-i-hercegovina\/item\/276952-katolici-sirom-svijeta-danas-obiljezavaju-veliku-gospu-blagdan-uznesenja-blazene-djevice-marije\/\",\"url\":\"https:\/\/tuzlainfo.ba\/index.php\/bosna-i-hercegovina\/item\/276952-katolici-sirom-svijeta-danas-obiljezavaju-veliku-gospu-blagdan-uznesenja-blazene-djevice-marije\/\",\"name\":\"Katolici \u0161irom svijeta danas obilje\u017eavaju Veliku Gospu \u2013 blagdan Uznesenja Bla\u017eene Djevice Marije - TuzlaInfo.ba\",\"isPartOf\":{\"@id\":\"https:\/\/tuzlainfo.ba\/#website\"},\"primaryImageOfPage\":{\"@id\":\"https:\/\/tuzlainfo.ba\/index.php\/bosna-i-hercegovina\/item\/276952-katolici-sirom-svijeta-danas-obiljezavaju-veliku-gospu-blagdan-uznesenja-blazene-djevice-marije\/#primaryimage\"},\"image\":{\"@id\":\"https:\/\/tuzlainfo.ba\/index.php\/bosna-i-hercegovina\/item\/276952-katolici-sirom-svijeta-danas-obiljezavaju-veliku-gospu-blagdan-uznesenja-blazene-djevice-marije\/#primaryimage\"},\"thumbnailUrl\":\"https:\/\/tuzlainfo.ba\/wp-content\/uploads\/2020\/08\/sadrzaj_2020_20200801_1508_gospa.jpg\",\"datePublished\":\"2025-08-15T06:13:23+00:00\",\"dateModified\":\"2025-08-15T06:13:23+00:00\",\"breadcrumb\":{\"@id\":\"https:\/\/tuzlainfo.ba\/index.php\/bosna-i-hercegovina\/item\/276952-katolici-sirom-svijeta-danas-obiljezavaju-veliku-gospu-blagdan-uznesenja-blazene-djevice-marije\/#breadcrumb\"},\"inLanguage\":\"bs-BA\",\"potentialAction\":[{\"@type\":\"ReadAction\",\"target\":[\"https:\/\/tuzlainfo.ba\/index.php\/bosna-i-hercegovina\/item\/276952-katolici-sirom-svijeta-danas-obiljezavaju-veliku-gospu-blagdan-uznesenja-blazene-djevice-marije\/\"]}]},{\"@type\":\"ImageObject\",\"inLanguage\":\"bs-BA\",\"@id\":\"https:\/\/tuzlainfo.ba\/index.php\/bosna-i-hercegovina\/item\/276952-katolici-sirom-svijeta-danas-obiljezavaju-veliku-gospu-blagdan-uznesenja-blazene-djevice-marije\/#primaryimage\",\"url\":\"https:\/\/tuzlainfo.ba\/wp-content\/uploads\/2020\/08\/sadrzaj_2020_20200801_1508_gospa.jpg\",\"contentUrl\":\"https:\/\/tuzlainfo.ba\/wp-content\/uploads\/2020\/08\/sadrzaj_2020_20200801_1508_gospa.jpg\",\"width\":770,\"height\":546,\"caption\":\"1508 gospa\"},{\"@type\":\"BreadcrumbList\",\"@id\":\"https:\/\/tuzlainfo.ba\/index.php\/bosna-i-hercegovina\/item\/276952-katolici-sirom-svijeta-danas-obiljezavaju-veliku-gospu-blagdan-uznesenja-blazene-djevice-marije\/#breadcrumb\",\"itemListElement\":[{\"@type\":\"ListItem\",\"position\":1,\"name\":\"Home\",\"item\":\"https:\/\/tuzlainfo.ba\/\"},{\"@type\":\"ListItem\",\"position\":2,\"name\":\"Katolici \u0161irom svijeta danas obilje\u017eavaju Veliku Gospu \u2013 blagdan Uznesenja Bla\u017eene Djevice Marije\"}]},{\"@type\":\"WebSite\",\"@id\":\"https:\/\/tuzlainfo.ba\/#website\",\"url\":\"https:\/\/tuzlainfo.ba\/\",\"name\":\"TuzlaInfo.ba\",\"description\":\"Tuzla info, gradski informator - Tuzla na dlanu\",\"publisher\":{\"@id\":\"https:\/\/tuzlainfo.ba\/#organization\"},\"potentialAction\":[{\"@type\":\"SearchAction\",\"target\":{\"@type\":\"EntryPoint\",\"urlTemplate\":\"https:\/\/tuzlainfo.ba\/?s={search_term_string}\"},\"query-input\":{\"@type\":\"PropertyValueSpecification\",\"valueRequired\":true,\"valueName\":\"search_term_string\"}}],\"inLanguage\":\"bs-BA\"},{\"@type\":\"Organization\",\"@id\":\"https:\/\/tuzlainfo.ba\/#organization\",\"name\":\"TuzlaInfo.ba\",\"url\":\"https:\/\/tuzlainfo.ba\/\",\"logo\":{\"@type\":\"ImageObject\",\"inLanguage\":\"bs-BA\",\"@id\":\"https:\/\/tuzlainfo.ba\/#\/schema\/logo\/image\/\",\"url\":\"https:\/\/tuzlainfo.ba\/wp-content\/uploads\/2021\/03\/logo-ver-3-1.png\",\"contentUrl\":\"https:\/\/tuzlainfo.ba\/wp-content\/uploads\/2021\/03\/logo-ver-3-1.png\",\"width\":350,\"height\":95,\"caption\":\"TuzlaInfo.ba\"},\"image\":{\"@id\":\"https:\/\/tuzlainfo.ba\/#\/schema\/logo\/image\/\"},\"sameAs\":[\"https:\/\/www.facebook.com\/tuzlainfo.ba\/\"]},{\"@type\":\"Person\",\"@id\":\"https:\/\/tuzlainfo.ba\/#\/schema\/person\/f434e20dc27ea133923aab08451b7f7f\",\"name\":\"nedim\",\"image\":{\"@type\":\"ImageObject\",\"inLanguage\":\"bs-BA\",\"@id\":\"https:\/\/tuzlainfo.ba\/#\/schema\/person\/image\/\",\"url\":\"https:\/\/tuzlainfo.ba\/wp-content\/litespeed\/avatar\/aabad687af24844af817603ac1cbdc4f.jpg?ver=1777306975\",\"contentUrl\":\"https:\/\/tuzlainfo.ba\/wp-content\/litespeed\/avatar\/aabad687af24844af817603ac1cbdc4f.jpg?ver=1777306975\",\"caption\":\"nedim\"},\"description\":\"Tuzlainfo.ba pratite na dru\u0161tvenim mre\u017eama: Facebook, Instagram i Youtube. Svoje pri\u010de, upite i fotografije \u0161aljite na na\u0161u e-mail adresu.\"}]}<\/script>\n<!-- \/ Yoast SEO plugin. -->","yoast_head_json":{"title":"Katolici \u0161irom svijeta danas obilje\u017eavaju Veliku Gospu \u2013 blagdan Uznesenja Bla\u017eene Djevice Marije - TuzlaInfo.ba","robots":{"index":"index","follow":"follow","max-snippet":"max-snippet:-1","max-image-preview":"max-image-preview:large","max-video-preview":"max-video-preview:-1"},"canonical":"https:\/\/tuzlainfo.ba\/index.php\/bosna-i-hercegovina\/item\/276952-katolici-sirom-svijeta-danas-obiljezavaju-veliku-gospu-blagdan-uznesenja-blazene-djevice-marije\/","og_locale":"bs_BA","og_type":"article","og_title":"Katolici \u0161irom svijeta danas obilje\u017eavaju Veliku Gospu \u2013 blagdan Uznesenja Bla\u017eene Djevice Marije - TuzlaInfo.ba","og_description":"Danas katoli\u010dki vjernici obilje\u017eavaju Veliku Gospu, blagdan koji se slavi 15. augusta, a koji u&hellip;","og_url":"https:\/\/tuzlainfo.ba\/index.php\/bosna-i-hercegovina\/item\/276952-katolici-sirom-svijeta-danas-obiljezavaju-veliku-gospu-blagdan-uznesenja-blazene-djevice-marije\/","og_site_name":"TuzlaInfo.ba","article_publisher":"https:\/\/www.facebook.com\/tuzlainfo.ba\/","article_published_time":"2025-08-15T06:13:23+00:00","og_image":[{"width":770,"height":546,"url":"https:\/\/tuzlainfo.ba\/wp-content\/uploads\/2020\/08\/sadrzaj_2020_20200801_1508_gospa.jpg","type":"image\/jpeg"}],"author":"nedim","twitter_card":"summary_large_image","twitter_misc":{"Written by":"nedim","Est. reading time":"2 minute"},"schema":{"@context":"https:\/\/schema.org","@graph":[{"@type":"Article","@id":"https:\/\/tuzlainfo.ba\/index.php\/bosna-i-hercegovina\/item\/276952-katolici-sirom-svijeta-danas-obiljezavaju-veliku-gospu-blagdan-uznesenja-blazene-djevice-marije\/#article","isPartOf":{"@id":"https:\/\/tuzlainfo.ba\/index.php\/bosna-i-hercegovina\/item\/276952-katolici-sirom-svijeta-danas-obiljezavaju-veliku-gospu-blagdan-uznesenja-blazene-djevice-marije\/"},"author":{"name":"nedim","@id":"https:\/\/tuzlainfo.ba\/#\/schema\/person\/f434e20dc27ea133923aab08451b7f7f"},"headline":"Katolici \u0161irom svijeta danas obilje\u017eavaju Veliku Gospu \u2013 blagdan Uznesenja Bla\u017eene Djevice Marije","datePublished":"2025-08-15T06:13:23+00:00","dateModified":"2025-08-15T06:13:23+00:00","mainEntityOfPage":{"@id":"https:\/\/tuzlainfo.ba\/index.php\/bosna-i-hercegovina\/item\/276952-katolici-sirom-svijeta-danas-obiljezavaju-veliku-gospu-blagdan-uznesenja-blazene-djevice-marije\/"},"wordCount":285,"publisher":{"@id":"https:\/\/tuzlainfo.ba\/#organization"},"image":{"@id":"https:\/\/tuzlainfo.ba\/index.php\/bosna-i-hercegovina\/item\/276952-katolici-sirom-svijeta-danas-obiljezavaju-veliku-gospu-blagdan-uznesenja-blazene-djevice-marije\/#primaryimage"},"thumbnailUrl":"https:\/\/tuzlainfo.ba\/wp-content\/uploads\/2020\/08\/sadrzaj_2020_20200801_1508_gospa.jpg","keywords":["velika gospa"],"articleSection":["Bosna i Hercegovina","Istaknuto"],"inLanguage":"bs-BA"},{"@type":"WebPage","@id":"https:\/\/tuzlainfo.ba\/index.php\/bosna-i-hercegovina\/item\/276952-katolici-sirom-svijeta-danas-obiljezavaju-veliku-gospu-blagdan-uznesenja-blazene-djevice-marije\/","url":"https:\/\/tuzlainfo.ba\/index.php\/bosna-i-hercegovina\/item\/276952-katolici-sirom-svijeta-danas-obiljezavaju-veliku-gospu-blagdan-uznesenja-blazene-djevice-marije\/","name":"Katolici \u0161irom svijeta danas obilje\u017eavaju Veliku Gospu \u2013 blagdan Uznesenja Bla\u017eene Djevice Marije - TuzlaInfo.ba","isPartOf":{"@id":"https:\/\/tuzlainfo.ba\/#website"},"primaryImageOfPage":{"@id":"https:\/\/tuzlainfo.ba\/index.php\/bosna-i-hercegovina\/item\/276952-katolici-sirom-svijeta-danas-obiljezavaju-veliku-gospu-blagdan-uznesenja-blazene-djevice-marije\/#primaryimage"},"image":{"@id":"https:\/\/tuzlainfo.ba\/index.php\/bosna-i-hercegovina\/item\/276952-katolici-sirom-svijeta-danas-obiljezavaju-veliku-gospu-blagdan-uznesenja-blazene-djevice-marije\/#primaryimage"},"thumbnailUrl":"https:\/\/tuzlainfo.ba\/wp-content\/uploads\/2020\/08\/sadrzaj_2020_20200801_1508_gospa.jpg","datePublished":"2025-08-15T06:13:23+00:00","dateModified":"2025-08-15T06:13:23+00:00","breadcrumb":{"@id":"https:\/\/tuzlainfo.ba\/index.php\/bosna-i-hercegovina\/item\/276952-katolici-sirom-svijeta-danas-obiljezavaju-veliku-gospu-blagdan-uznesenja-blazene-djevice-marije\/#breadcrumb"},"inLanguage":"bs-BA","potentialAction":[{"@type":"ReadAction","target":["https:\/\/tuzlainfo.ba\/index.php\/bosna-i-hercegovina\/item\/276952-katolici-sirom-svijeta-danas-obiljezavaju-veliku-gospu-blagdan-uznesenja-blazene-djevice-marije\/"]}]},{"@type":"ImageObject","inLanguage":"bs-BA","@id":"https:\/\/tuzlainfo.ba\/index.php\/bosna-i-hercegovina\/item\/276952-katolici-sirom-svijeta-danas-obiljezavaju-veliku-gospu-blagdan-uznesenja-blazene-djevice-marije\/#primaryimage","url":"https:\/\/tuzlainfo.ba\/wp-content\/uploads\/2020\/08\/sadrzaj_2020_20200801_1508_gospa.jpg","contentUrl":"https:\/\/tuzlainfo.ba\/wp-content\/uploads\/2020\/08\/sadrzaj_2020_20200801_1508_gospa.jpg","width":770,"height":546,"caption":"1508 gospa"},{"@type":"BreadcrumbList","@id":"https:\/\/tuzlainfo.ba\/index.php\/bosna-i-hercegovina\/item\/276952-katolici-sirom-svijeta-danas-obiljezavaju-veliku-gospu-blagdan-uznesenja-blazene-djevice-marije\/#breadcrumb","itemListElement":[{"@type":"ListItem","position":1,"name":"Home","item":"https:\/\/tuzlainfo.ba\/"},{"@type":"ListItem","position":2,"name":"Katolici \u0161irom svijeta danas obilje\u017eavaju Veliku Gospu \u2013 blagdan Uznesenja Bla\u017eene Djevice Marije"}]},{"@type":"WebSite","@id":"https:\/\/tuzlainfo.ba\/#website","url":"https:\/\/tuzlainfo.ba\/","name":"TuzlaInfo.ba","description":"Tuzla info, gradski informator - Tuzla na dlanu","publisher":{"@id":"https:\/\/tuzlainfo.ba\/#organization"},"potentialAction":[{"@type":"SearchAction","target":{"@type":"EntryPoint","urlTemplate":"https:\/\/tuzlainfo.ba\/?s={search_term_string}"},"query-input":{"@type":"PropertyValueSpecification","valueRequired":true,"valueName":"search_term_string"}}],"inLanguage":"bs-BA"},{"@type":"Organization","@id":"https:\/\/tuzlainfo.ba\/#organization","name":"TuzlaInfo.ba","url":"https:\/\/tuzlainfo.ba\/","logo":{"@type":"ImageObject","inLanguage":"bs-BA","@id":"https:\/\/tuzlainfo.ba\/#\/schema\/logo\/image\/","url":"https:\/\/tuzlainfo.ba\/wp-content\/uploads\/2021\/03\/logo-ver-3-1.png","contentUrl":"https:\/\/tuzlainfo.ba\/wp-content\/uploads\/2021\/03\/logo-ver-3-1.png","width":350,"height":95,"caption":"TuzlaInfo.ba"},"image":{"@id":"https:\/\/tuzlainfo.ba\/#\/schema\/logo\/image\/"},"sameAs":["https:\/\/www.facebook.com\/tuzlainfo.ba\/"]},{"@type":"Person","@id":"https:\/\/tuzlainfo.ba\/#\/schema\/person\/f434e20dc27ea133923aab08451b7f7f","name":"nedim","image":{"@type":"ImageObject","inLanguage":"bs-BA","@id":"https:\/\/tuzlainfo.ba\/#\/schema\/person\/image\/","url":"https:\/\/tuzlainfo.ba\/wp-content\/litespeed\/avatar\/aabad687af24844af817603ac1cbdc4f.jpg?ver=1777306975","contentUrl":"https:\/\/tuzlainfo.ba\/wp-content\/litespeed\/avatar\/aabad687af24844af817603ac1cbdc4f.jpg?ver=1777306975","caption":"nedim"},"description":"Tuzlainfo.ba pratite na dru\u0161tvenim mre\u017eama: Facebook, Instagram i Youtube. Svoje pri\u010de, upite i fotografije \u0161aljite na na\u0161u e-mail adresu."}]}},"_links":{"self":[{"href":"https:\/\/tuzlainfo.ba\/index.php\/wp-json\/wp\/v2\/posts\/276952"}],"collection":[{"href":"https:\/\/tuzlainfo.ba\/index.php\/wp-json\/wp\/v2\/posts"}],"about":[{"href":"https:\/\/tuzlainfo.ba\/index.php\/wp-json\/wp\/v2\/types\/post"}],"author":[{"embeddable":true,"href":"https:\/\/tuzlainfo.ba\/index.php\/wp-json\/wp\/v2\/users\/2"}],"replies":[{"embeddable":true,"href":"https:\/\/tuzlainfo.ba\/index.php\/wp-json\/wp\/v2\/comments?post=276952"}],"version-history":[{"count":1,"href":"https:\/\/tuzlainfo.ba\/index.php\/wp-json\/wp\/v2\/posts\/276952\/revisions"}],"predecessor-version":[{"id":276954,"href":"https:\/\/tuzlainfo.ba\/index.php\/wp-json\/wp\/v2\/posts\/276952\/revisions\/276954"}],"wp:featuredmedia":[{"embeddable":true,"href":"https:\/\/tuzlainfo.ba\/index.php\/wp-json\/wp\/v2\/media\/81802"}],"wp:attachment":[{"href":"https:\/\/tuzlainfo.ba\/index.php\/wp-json\/wp\/v2\/media?parent=276952"}],"wp:term":[{"taxonomy":"category","embeddable":true,"href":"https:\/\/tuzlainfo.ba\/index.php\/wp-json\/wp\/v2\/categories?post=276952"},{"taxonomy":"post_tag","embeddable":true,"href":"https:\/\/tuzlainfo.ba\/index.php\/wp-json\/wp\/v2\/tags?post=276952"}],"curies":[{"name":"wp","href":"https:\/\/api.w.org\/{rel}","templated":true}]}}