{"id":276492,"date":"2025-08-11T16:31:29","date_gmt":"2025-08-11T14:31:29","guid":{"rendered":"https:\/\/tuzlainfo.ba\/?p=276492"},"modified":"2025-08-11T14:07:34","modified_gmt":"2025-08-11T12:07:34","slug":"vukanovic-optuzio-dodika-za-islamofobiju-rasizam-i-guranje-srba-u-sukobe","status":"publish","type":"post","link":"https:\/\/tuzlainfo.ba\/index.php\/bosna-i-hercegovina\/item\/276492-vukanovic-optuzio-dodika-za-islamofobiju-rasizam-i-guranje-srba-u-sukobe\/","title":{"rendered":"Vukanovi\u0107 optu\u017eio Dodika za islamofobiju, rasizam i guranje Srba u sukobe"},"content":{"rendered":"<p data-start=\"89\" data-end=\"305\">Neboj\u0161a Vukanovi\u0107, lider stranke Za pravdu i red, o\u0161tro je reagovao na gostovanje predsjednika RS Milorada Dodika u Jutarnjem programu RTRS-a, optu\u017eiv\u0161i ga za islamofobiju, rasizam i govor mr\u017enje prema muslimanima.<\/p>\n<p data-start=\"307\" data-end=\"581\">\u201eNjegova islamofobija i mr\u017enja prema muslimanima \u0161irom svijeta su smi\u0161ljene, ciljano izgovorene, da izazovu reakcije i podignu tenzije. Rasizam, mr\u017enja, uvrede i sramne izjave su za svaku osudu, jer nanose ogromnu \u0161tetu i Srbima i Republici Srpskoj\u201c, poru\u010dio je Vukanovi\u0107.<\/p>\n<p data-start=\"583\" data-end=\"892\">Posebno je osudio Dodikovu izjavu u kojoj je britanskog ministra Davida Lammyja nazvao \u201ecrncem\u201c, a Bo\u0161njake optu\u017eio da su u Drugom svjetskom ratu \u201eu usta\u0161ama bili mnogo vi\u0161e nego Hrvati\u201c. Za Vukanovi\u0107a je to \u201enotorna la\u017e, drska uvreda i za Srbe i za \u017ertve genocida, te dokaz njegovog nepoznavanja istorije\u201c.<\/p>\n<p data-start=\"894\" data-end=\"1185\">O\u0161tre rije\u010di uputio je i voditelju emisije Rajnatu Majstorovi\u0107u, kojeg je nazvao \u201ejeftinom slugom\u201c i \u201ebeski\u010dmenjakom bez boje, mirisa i ukusa\u201c. \u201eNjegova ogavnost i dodvoravanje bila su tolika da je pored njega bilo ljep\u0161e slu\u0161ati Dodika, koliko god bile pogre\u0161ne njegove poruke\u201c, dodao je.<\/p>\n<p data-start=\"1187\" data-end=\"1475\">Tvrdi da je Dodik \u201ebijesan, frustriran, upla\u0161en i ogor\u010den\u201c jer Lista Za pravdu i red ru\u0161i planove vlasti. \u201eOpsesivno me spominje jer nas ne mo\u017ee kupiti, upla\u0161iti ili ucijeniti. Mi ru\u0161imo koncert \u2018srpskog jedinstva\u2019 koji je isklju\u010divo u funkciji njegovog opstanka na vlasti\u201c, istakao je.<\/p>\n<p data-start=\"1477\" data-end=\"1668\">Zamjera mu i selektivnu pri\u010du o usta\u0161tvu: \u201eO savremenim hrvatskim nacionalistima, o Thompsonu, o onima koji otvoreno veli\u010daju Paveli\u0107a \u2013 ni rije\u010di. O\u010digledno se ne smije zamjeriti Zagrebu.\u201c<\/p>\n<p data-start=\"1670\" data-end=\"2112\">Dodika optu\u017euje za izno\u0161enje historijskih neta\u010dnosti koje \u201evrije\u0111aju inteligenciju, ali i sje\u0107anje na stradanja srpskog naroda\u201c i kori\u0161tenje historije kao oru\u017eja za dnevnopoliti\u010dke obra\u010dune. Podsjetio je i na Dodikov nedavni put u Crnu Goru, gdje se, kako tvrdi, sastao s biv\u0161im ameri\u010dkim diplomatom Richardom Grenellom. \u201eSve je to dio politike povla\u0111ivanja onima od kojih o\u010dekuje za\u0161titu, a ne iskrenog vo\u0111enja Republike Srpske\u201c, rekao je.<\/p>\n<p data-start=\"2114\" data-end=\"2330\">Kritikovao je i Dodikovo favoriziranje infrastrukturnih projekata koji vode do njegove privatne imovine: \u201ePutevi se grade do njegove hacijende, dok dijelovi isto\u010dne Hercegovine ostaju zapostavljeni i bez ulaganja.\u201c<\/p>\n<p data-start=\"2332\" data-end=\"2603\">\u201eUdba\u0161ki nacionalizam Milorada Dodika gura Srbe u propast. On ne tra\u017ei mir, ne tra\u017ei dogovor, ve\u0107 stalno otvara frontove i proizvodi neprijatelje. Potreban nam je mir, normalizacija odnosa i po\u0161tivanje Dejtonskog sporazuma, a ne mr\u017enja i sukobi\u201c, naglasio je Vukanovi\u0107.<\/p>\n<p data-start=\"2605\" data-end=\"2782\">Na kraju je upozorio: \u201eOvo nije put patriotizma nego put izolacije. Oni koji nas vode u sukobe zapravo rade protiv na\u0161eg naroda, a sve to maskiraju pri\u010dom o odbrani interesa.\u201c<\/p>\n","protected":false},"excerpt":{"rendered":"<p>Neboj\u0161a Vukanovi\u0107, lider stranke Za pravdu i red, o\u0161tro je reagovao na gostovanje predsjednika RS&hellip;<\/p>\n","protected":false},"author":8,"featured_media":273614,"comment_status":"closed","ping_status":"closed","sticky":false,"template":"","format":"standard","meta":{"_acf_changed":false,"footnotes":""},"categories":[291],"tags":[1341],"acf":[],"yoast_head":"<!-- This site is optimized with the Yoast SEO plugin v23.5 - https:\/\/yoast.com\/wordpress\/plugins\/seo\/ -->\n<title>Vukanovi\u0107 optu\u017eio Dodika za islamofobiju, rasizam i guranje Srba u sukobe - TuzlaInfo.ba<\/title>\n<meta name=\"robots\" content=\"index, follow, max-snippet:-1, max-image-preview:large, max-video-preview:-1\" \/>\n<link rel=\"canonical\" href=\"https:\/\/tuzlainfo.ba\/index.php\/bosna-i-hercegovina\/item\/276492-vukanovic-optuzio-dodika-za-islamofobiju-rasizam-i-guranje-srba-u-sukobe\/\" \/>\n<meta property=\"og:locale\" content=\"bs_BA\" \/>\n<meta property=\"og:type\" content=\"article\" \/>\n<meta property=\"og:title\" content=\"Vukanovi\u0107 optu\u017eio Dodika za islamofobiju, rasizam i guranje Srba u sukobe - TuzlaInfo.ba\" \/>\n<meta property=\"og:description\" content=\"Neboj\u0161a Vukanovi\u0107, lider stranke Za pravdu i red, o\u0161tro je reagovao na gostovanje predsjednika RS&hellip;\" \/>\n<meta property=\"og:url\" content=\"https:\/\/tuzlainfo.ba\/index.php\/bosna-i-hercegovina\/item\/276492-vukanovic-optuzio-dodika-za-islamofobiju-rasizam-i-guranje-srba-u-sukobe\/\" \/>\n<meta property=\"og:site_name\" content=\"TuzlaInfo.ba\" \/>\n<meta property=\"article:publisher\" content=\"https:\/\/www.facebook.com\/tuzlainfo.ba\/\" \/>\n<meta property=\"article:published_time\" content=\"2025-08-11T14:31:29+00:00\" \/>\n<meta property=\"article:modified_time\" content=\"2025-08-11T12:07:34+00:00\" \/>\n<meta property=\"og:image\" content=\"https:\/\/tuzlainfo.ba\/wp-content\/uploads\/2025\/07\/0707_nebojsa-vukanovic.jpg\" \/>\n\t<meta property=\"og:image:width\" content=\"1536\" \/>\n\t<meta property=\"og:image:height\" content=\"1024\" \/>\n\t<meta property=\"og:image:type\" content=\"image\/jpeg\" \/>\n<meta name=\"author\" content=\"Admin Tri\" \/>\n<meta name=\"twitter:card\" content=\"summary_large_image\" \/>\n<meta name=\"twitter:label1\" content=\"Written by\" \/>\n\t<meta name=\"twitter:data1\" content=\"Admin Tri\" \/>\n\t<meta name=\"twitter:label2\" content=\"Est. reading time\" \/>\n\t<meta name=\"twitter:data2\" content=\"3 minute\" \/>\n<script type=\"application\/ld+json\" class=\"yoast-schema-graph\">{\"@context\":\"https:\/\/schema.org\",\"@graph\":[{\"@type\":\"Article\",\"@id\":\"https:\/\/tuzlainfo.ba\/index.php\/bosna-i-hercegovina\/item\/276492-vukanovic-optuzio-dodika-za-islamofobiju-rasizam-i-guranje-srba-u-sukobe\/#article\",\"isPartOf\":{\"@id\":\"https:\/\/tuzlainfo.ba\/index.php\/bosna-i-hercegovina\/item\/276492-vukanovic-optuzio-dodika-za-islamofobiju-rasizam-i-guranje-srba-u-sukobe\/\"},\"author\":{\"name\":\"Admin Tri\",\"@id\":\"https:\/\/tuzlainfo.ba\/#\/schema\/person\/593e78a2f6378c5ba3e7600ecfa4e63a\"},\"headline\":\"Vukanovi\u0107 optu\u017eio Dodika za islamofobiju, rasizam i guranje Srba u sukobe\",\"datePublished\":\"2025-08-11T14:31:29+00:00\",\"dateModified\":\"2025-08-11T12:07:34+00:00\",\"mainEntityOfPage\":{\"@id\":\"https:\/\/tuzlainfo.ba\/index.php\/bosna-i-hercegovina\/item\/276492-vukanovic-optuzio-dodika-za-islamofobiju-rasizam-i-guranje-srba-u-sukobe\/\"},\"wordCount\":468,\"publisher\":{\"@id\":\"https:\/\/tuzlainfo.ba\/#organization\"},\"image\":{\"@id\":\"https:\/\/tuzlainfo.ba\/index.php\/bosna-i-hercegovina\/item\/276492-vukanovic-optuzio-dodika-za-islamofobiju-rasizam-i-guranje-srba-u-sukobe\/#primaryimage\"},\"thumbnailUrl\":\"https:\/\/tuzlainfo.ba\/wp-content\/uploads\/2025\/07\/0707_nebojsa-vukanovic.jpg\",\"keywords\":[\"neboj\u0161a Vukanovi\u0107\"],\"articleSection\":[\"Bosna i Hercegovina\"],\"inLanguage\":\"bs-BA\"},{\"@type\":\"WebPage\",\"@id\":\"https:\/\/tuzlainfo.ba\/index.php\/bosna-i-hercegovina\/item\/276492-vukanovic-optuzio-dodika-za-islamofobiju-rasizam-i-guranje-srba-u-sukobe\/\",\"url\":\"https:\/\/tuzlainfo.ba\/index.php\/bosna-i-hercegovina\/item\/276492-vukanovic-optuzio-dodika-za-islamofobiju-rasizam-i-guranje-srba-u-sukobe\/\",\"name\":\"Vukanovi\u0107 optu\u017eio Dodika za islamofobiju, rasizam i guranje Srba u sukobe - TuzlaInfo.ba\",\"isPartOf\":{\"@id\":\"https:\/\/tuzlainfo.ba\/#website\"},\"primaryImageOfPage\":{\"@id\":\"https:\/\/tuzlainfo.ba\/index.php\/bosna-i-hercegovina\/item\/276492-vukanovic-optuzio-dodika-za-islamofobiju-rasizam-i-guranje-srba-u-sukobe\/#primaryimage\"},\"image\":{\"@id\":\"https:\/\/tuzlainfo.ba\/index.php\/bosna-i-hercegovina\/item\/276492-vukanovic-optuzio-dodika-za-islamofobiju-rasizam-i-guranje-srba-u-sukobe\/#primaryimage\"},\"thumbnailUrl\":\"https:\/\/tuzlainfo.ba\/wp-content\/uploads\/2025\/07\/0707_nebojsa-vukanovic.jpg\",\"datePublished\":\"2025-08-11T14:31:29+00:00\",\"dateModified\":\"2025-08-11T12:07:34+00:00\",\"breadcrumb\":{\"@id\":\"https:\/\/tuzlainfo.ba\/index.php\/bosna-i-hercegovina\/item\/276492-vukanovic-optuzio-dodika-za-islamofobiju-rasizam-i-guranje-srba-u-sukobe\/#breadcrumb\"},\"inLanguage\":\"bs-BA\",\"potentialAction\":[{\"@type\":\"ReadAction\",\"target\":[\"https:\/\/tuzlainfo.ba\/index.php\/bosna-i-hercegovina\/item\/276492-vukanovic-optuzio-dodika-za-islamofobiju-rasizam-i-guranje-srba-u-sukobe\/\"]}]},{\"@type\":\"ImageObject\",\"inLanguage\":\"bs-BA\",\"@id\":\"https:\/\/tuzlainfo.ba\/index.php\/bosna-i-hercegovina\/item\/276492-vukanovic-optuzio-dodika-za-islamofobiju-rasizam-i-guranje-srba-u-sukobe\/#primaryimage\",\"url\":\"https:\/\/tuzlainfo.ba\/wp-content\/uploads\/2025\/07\/0707_nebojsa-vukanovic.jpg\",\"contentUrl\":\"https:\/\/tuzlainfo.ba\/wp-content\/uploads\/2025\/07\/0707_nebojsa-vukanovic.jpg\",\"width\":1536,\"height\":1024},{\"@type\":\"BreadcrumbList\",\"@id\":\"https:\/\/tuzlainfo.ba\/index.php\/bosna-i-hercegovina\/item\/276492-vukanovic-optuzio-dodika-za-islamofobiju-rasizam-i-guranje-srba-u-sukobe\/#breadcrumb\",\"itemListElement\":[{\"@type\":\"ListItem\",\"position\":1,\"name\":\"Home\",\"item\":\"https:\/\/tuzlainfo.ba\/\"},{\"@type\":\"ListItem\",\"position\":2,\"name\":\"Vukanovi\u0107 optu\u017eio Dodika za islamofobiju, rasizam i guranje Srba u sukobe\"}]},{\"@type\":\"WebSite\",\"@id\":\"https:\/\/tuzlainfo.ba\/#website\",\"url\":\"https:\/\/tuzlainfo.ba\/\",\"name\":\"TuzlaInfo.ba\",\"description\":\"Tuzla info, gradski informator - Tuzla na dlanu\",\"publisher\":{\"@id\":\"https:\/\/tuzlainfo.ba\/#organization\"},\"potentialAction\":[{\"@type\":\"SearchAction\",\"target\":{\"@type\":\"EntryPoint\",\"urlTemplate\":\"https:\/\/tuzlainfo.ba\/?s={search_term_string}\"},\"query-input\":{\"@type\":\"PropertyValueSpecification\",\"valueRequired\":true,\"valueName\":\"search_term_string\"}}],\"inLanguage\":\"bs-BA\"},{\"@type\":\"Organization\",\"@id\":\"https:\/\/tuzlainfo.ba\/#organization\",\"name\":\"TuzlaInfo.ba\",\"url\":\"https:\/\/tuzlainfo.ba\/\",\"logo\":{\"@type\":\"ImageObject\",\"inLanguage\":\"bs-BA\",\"@id\":\"https:\/\/tuzlainfo.ba\/#\/schema\/logo\/image\/\",\"url\":\"https:\/\/tuzlainfo.ba\/wp-content\/uploads\/2021\/03\/logo-ver-3-1.png\",\"contentUrl\":\"https:\/\/tuzlainfo.ba\/wp-content\/uploads\/2021\/03\/logo-ver-3-1.png\",\"width\":350,\"height\":95,\"caption\":\"TuzlaInfo.ba\"},\"image\":{\"@id\":\"https:\/\/tuzlainfo.ba\/#\/schema\/logo\/image\/\"},\"sameAs\":[\"https:\/\/www.facebook.com\/tuzlainfo.ba\/\"]},{\"@type\":\"Person\",\"@id\":\"https:\/\/tuzlainfo.ba\/#\/schema\/person\/593e78a2f6378c5ba3e7600ecfa4e63a\",\"name\":\"Admin Tri\",\"image\":{\"@type\":\"ImageObject\",\"inLanguage\":\"bs-BA\",\"@id\":\"https:\/\/tuzlainfo.ba\/#\/schema\/person\/image\/\",\"url\":\"https:\/\/tuzlainfo.ba\/wp-content\/litespeed\/avatar\/b7920db4cc34a71ad12497283ad2fe3f.jpg?ver=1777100914\",\"contentUrl\":\"https:\/\/tuzlainfo.ba\/wp-content\/litespeed\/avatar\/b7920db4cc34a71ad12497283ad2fe3f.jpg?ver=1777100914\",\"caption\":\"Admin Tri\"},\"sameAs\":[\"https:\/\/tuzlainfo.ba\"]}]}<\/script>\n<!-- \/ Yoast SEO plugin. -->","yoast_head_json":{"title":"Vukanovi\u0107 optu\u017eio Dodika za islamofobiju, rasizam i guranje Srba u sukobe - TuzlaInfo.ba","robots":{"index":"index","follow":"follow","max-snippet":"max-snippet:-1","max-image-preview":"max-image-preview:large","max-video-preview":"max-video-preview:-1"},"canonical":"https:\/\/tuzlainfo.ba\/index.php\/bosna-i-hercegovina\/item\/276492-vukanovic-optuzio-dodika-za-islamofobiju-rasizam-i-guranje-srba-u-sukobe\/","og_locale":"bs_BA","og_type":"article","og_title":"Vukanovi\u0107 optu\u017eio Dodika za islamofobiju, rasizam i guranje Srba u sukobe - TuzlaInfo.ba","og_description":"Neboj\u0161a Vukanovi\u0107, lider stranke Za pravdu i red, o\u0161tro je reagovao na gostovanje predsjednika RS&hellip;","og_url":"https:\/\/tuzlainfo.ba\/index.php\/bosna-i-hercegovina\/item\/276492-vukanovic-optuzio-dodika-za-islamofobiju-rasizam-i-guranje-srba-u-sukobe\/","og_site_name":"TuzlaInfo.ba","article_publisher":"https:\/\/www.facebook.com\/tuzlainfo.ba\/","article_published_time":"2025-08-11T14:31:29+00:00","article_modified_time":"2025-08-11T12:07:34+00:00","og_image":[{"width":1536,"height":1024,"url":"https:\/\/tuzlainfo.ba\/wp-content\/uploads\/2025\/07\/0707_nebojsa-vukanovic.jpg","type":"image\/jpeg"}],"author":"Admin Tri","twitter_card":"summary_large_image","twitter_misc":{"Written by":"Admin Tri","Est. reading time":"3 minute"},"schema":{"@context":"https:\/\/schema.org","@graph":[{"@type":"Article","@id":"https:\/\/tuzlainfo.ba\/index.php\/bosna-i-hercegovina\/item\/276492-vukanovic-optuzio-dodika-za-islamofobiju-rasizam-i-guranje-srba-u-sukobe\/#article","isPartOf":{"@id":"https:\/\/tuzlainfo.ba\/index.php\/bosna-i-hercegovina\/item\/276492-vukanovic-optuzio-dodika-za-islamofobiju-rasizam-i-guranje-srba-u-sukobe\/"},"author":{"name":"Admin Tri","@id":"https:\/\/tuzlainfo.ba\/#\/schema\/person\/593e78a2f6378c5ba3e7600ecfa4e63a"},"headline":"Vukanovi\u0107 optu\u017eio Dodika za islamofobiju, rasizam i guranje Srba u sukobe","datePublished":"2025-08-11T14:31:29+00:00","dateModified":"2025-08-11T12:07:34+00:00","mainEntityOfPage":{"@id":"https:\/\/tuzlainfo.ba\/index.php\/bosna-i-hercegovina\/item\/276492-vukanovic-optuzio-dodika-za-islamofobiju-rasizam-i-guranje-srba-u-sukobe\/"},"wordCount":468,"publisher":{"@id":"https:\/\/tuzlainfo.ba\/#organization"},"image":{"@id":"https:\/\/tuzlainfo.ba\/index.php\/bosna-i-hercegovina\/item\/276492-vukanovic-optuzio-dodika-za-islamofobiju-rasizam-i-guranje-srba-u-sukobe\/#primaryimage"},"thumbnailUrl":"https:\/\/tuzlainfo.ba\/wp-content\/uploads\/2025\/07\/0707_nebojsa-vukanovic.jpg","keywords":["neboj\u0161a Vukanovi\u0107"],"articleSection":["Bosna i Hercegovina"],"inLanguage":"bs-BA"},{"@type":"WebPage","@id":"https:\/\/tuzlainfo.ba\/index.php\/bosna-i-hercegovina\/item\/276492-vukanovic-optuzio-dodika-za-islamofobiju-rasizam-i-guranje-srba-u-sukobe\/","url":"https:\/\/tuzlainfo.ba\/index.php\/bosna-i-hercegovina\/item\/276492-vukanovic-optuzio-dodika-za-islamofobiju-rasizam-i-guranje-srba-u-sukobe\/","name":"Vukanovi\u0107 optu\u017eio Dodika za islamofobiju, rasizam i guranje Srba u sukobe - TuzlaInfo.ba","isPartOf":{"@id":"https:\/\/tuzlainfo.ba\/#website"},"primaryImageOfPage":{"@id":"https:\/\/tuzlainfo.ba\/index.php\/bosna-i-hercegovina\/item\/276492-vukanovic-optuzio-dodika-za-islamofobiju-rasizam-i-guranje-srba-u-sukobe\/#primaryimage"},"image":{"@id":"https:\/\/tuzlainfo.ba\/index.php\/bosna-i-hercegovina\/item\/276492-vukanovic-optuzio-dodika-za-islamofobiju-rasizam-i-guranje-srba-u-sukobe\/#primaryimage"},"thumbnailUrl":"https:\/\/tuzlainfo.ba\/wp-content\/uploads\/2025\/07\/0707_nebojsa-vukanovic.jpg","datePublished":"2025-08-11T14:31:29+00:00","dateModified":"2025-08-11T12:07:34+00:00","breadcrumb":{"@id":"https:\/\/tuzlainfo.ba\/index.php\/bosna-i-hercegovina\/item\/276492-vukanovic-optuzio-dodika-za-islamofobiju-rasizam-i-guranje-srba-u-sukobe\/#breadcrumb"},"inLanguage":"bs-BA","potentialAction":[{"@type":"ReadAction","target":["https:\/\/tuzlainfo.ba\/index.php\/bosna-i-hercegovina\/item\/276492-vukanovic-optuzio-dodika-za-islamofobiju-rasizam-i-guranje-srba-u-sukobe\/"]}]},{"@type":"ImageObject","inLanguage":"bs-BA","@id":"https:\/\/tuzlainfo.ba\/index.php\/bosna-i-hercegovina\/item\/276492-vukanovic-optuzio-dodika-za-islamofobiju-rasizam-i-guranje-srba-u-sukobe\/#primaryimage","url":"https:\/\/tuzlainfo.ba\/wp-content\/uploads\/2025\/07\/0707_nebojsa-vukanovic.jpg","contentUrl":"https:\/\/tuzlainfo.ba\/wp-content\/uploads\/2025\/07\/0707_nebojsa-vukanovic.jpg","width":1536,"height":1024},{"@type":"BreadcrumbList","@id":"https:\/\/tuzlainfo.ba\/index.php\/bosna-i-hercegovina\/item\/276492-vukanovic-optuzio-dodika-za-islamofobiju-rasizam-i-guranje-srba-u-sukobe\/#breadcrumb","itemListElement":[{"@type":"ListItem","position":1,"name":"Home","item":"https:\/\/tuzlainfo.ba\/"},{"@type":"ListItem","position":2,"name":"Vukanovi\u0107 optu\u017eio Dodika za islamofobiju, rasizam i guranje Srba u sukobe"}]},{"@type":"WebSite","@id":"https:\/\/tuzlainfo.ba\/#website","url":"https:\/\/tuzlainfo.ba\/","name":"TuzlaInfo.ba","description":"Tuzla info, gradski informator - Tuzla na dlanu","publisher":{"@id":"https:\/\/tuzlainfo.ba\/#organization"},"potentialAction":[{"@type":"SearchAction","target":{"@type":"EntryPoint","urlTemplate":"https:\/\/tuzlainfo.ba\/?s={search_term_string}"},"query-input":{"@type":"PropertyValueSpecification","valueRequired":true,"valueName":"search_term_string"}}],"inLanguage":"bs-BA"},{"@type":"Organization","@id":"https:\/\/tuzlainfo.ba\/#organization","name":"TuzlaInfo.ba","url":"https:\/\/tuzlainfo.ba\/","logo":{"@type":"ImageObject","inLanguage":"bs-BA","@id":"https:\/\/tuzlainfo.ba\/#\/schema\/logo\/image\/","url":"https:\/\/tuzlainfo.ba\/wp-content\/uploads\/2021\/03\/logo-ver-3-1.png","contentUrl":"https:\/\/tuzlainfo.ba\/wp-content\/uploads\/2021\/03\/logo-ver-3-1.png","width":350,"height":95,"caption":"TuzlaInfo.ba"},"image":{"@id":"https:\/\/tuzlainfo.ba\/#\/schema\/logo\/image\/"},"sameAs":["https:\/\/www.facebook.com\/tuzlainfo.ba\/"]},{"@type":"Person","@id":"https:\/\/tuzlainfo.ba\/#\/schema\/person\/593e78a2f6378c5ba3e7600ecfa4e63a","name":"Admin Tri","image":{"@type":"ImageObject","inLanguage":"bs-BA","@id":"https:\/\/tuzlainfo.ba\/#\/schema\/person\/image\/","url":"https:\/\/tuzlainfo.ba\/wp-content\/litespeed\/avatar\/b7920db4cc34a71ad12497283ad2fe3f.jpg?ver=1777100914","contentUrl":"https:\/\/tuzlainfo.ba\/wp-content\/litespeed\/avatar\/b7920db4cc34a71ad12497283ad2fe3f.jpg?ver=1777100914","caption":"Admin Tri"},"sameAs":["https:\/\/tuzlainfo.ba"]}]}},"_links":{"self":[{"href":"https:\/\/tuzlainfo.ba\/index.php\/wp-json\/wp\/v2\/posts\/276492"}],"collection":[{"href":"https:\/\/tuzlainfo.ba\/index.php\/wp-json\/wp\/v2\/posts"}],"about":[{"href":"https:\/\/tuzlainfo.ba\/index.php\/wp-json\/wp\/v2\/types\/post"}],"author":[{"embeddable":true,"href":"https:\/\/tuzlainfo.ba\/index.php\/wp-json\/wp\/v2\/users\/8"}],"replies":[{"embeddable":true,"href":"https:\/\/tuzlainfo.ba\/index.php\/wp-json\/wp\/v2\/comments?post=276492"}],"version-history":[{"count":2,"href":"https:\/\/tuzlainfo.ba\/index.php\/wp-json\/wp\/v2\/posts\/276492\/revisions"}],"predecessor-version":[{"id":276496,"href":"https:\/\/tuzlainfo.ba\/index.php\/wp-json\/wp\/v2\/posts\/276492\/revisions\/276496"}],"wp:featuredmedia":[{"embeddable":true,"href":"https:\/\/tuzlainfo.ba\/index.php\/wp-json\/wp\/v2\/media\/273614"}],"wp:attachment":[{"href":"https:\/\/tuzlainfo.ba\/index.php\/wp-json\/wp\/v2\/media?parent=276492"}],"wp:term":[{"taxonomy":"category","embeddable":true,"href":"https:\/\/tuzlainfo.ba\/index.php\/wp-json\/wp\/v2\/categories?post=276492"},{"taxonomy":"post_tag","embeddable":true,"href":"https:\/\/tuzlainfo.ba\/index.php\/wp-json\/wp\/v2\/tags?post=276492"}],"curies":[{"name":"wp","href":"https:\/\/api.w.org\/{rel}","templated":true}]}}