{"id":276396,"date":"2025-08-08T22:16:31","date_gmt":"2025-08-08T20:16:31","guid":{"rendered":"https:\/\/tuzlainfo.ba\/?p=276396"},"modified":"2025-08-08T22:16:31","modified_gmt":"2025-08-08T20:16:31","slug":"stota-godisnjica-rodjenja-alije-izetbegovica-obiljezena-svecanim-programima-u-sarajevu-i-zenici","status":"publish","type":"post","link":"https:\/\/tuzlainfo.ba\/index.php\/bosna-i-hercegovina\/item\/276396-stota-godisnjica-rodjenja-alije-izetbegovica-obiljezena-svecanim-programima-u-sarajevu-i-zenici\/","title":{"rendered":"Stota godi\u0161njica ro\u0111enja Alije Izetbegovi\u0107a obilje\u017eena sve\u010danim programima u Sarajevu i Zenici"},"content":{"rendered":"<p data-start=\"0\" data-end=\"365\">Muzej \u201cAlija Izetbegovi\u0107\u201d ve\u010deras je u Sarajevu organizirao sve\u010dani program povodom obilje\u017eavanja stote godi\u0161njice ro\u0111enja prvog predsjednika Predsjedni\u0161tva Republike Bosne i Hercegovine, Alije Izetbegovi\u0107a. Doga\u0111aj je odr\u017ean u sarajevskoj Vije\u0107nici, gdje su se okupili brojni zvanici i gra\u0111ani da odaju po\u010dast jednom od najzna\u010dajnijih dr\u017eavnika u historiji zemlje.<\/p>\n<p data-start=\"367\" data-end=\"755\">Potpredsjednik Federacije BiH Refik Lendo istakao je da se obilje\u017eava stolje\u0107e od ro\u0111enja \u010dovjeka koji je svojim \u017eivotom i djelom obilje\u017eio jednu od najva\u017enijih epoha u historiji Bosne i Hercegovine. Naglasio je da je Izetbegovi\u0107 bio ne samo prvi predsjednik Predsjedni\u0161tva, ve\u0107 i mislioc i borac za slobodu, \u010dije rije\u010di i danas \u0161alju univerzalne poruke dostojanstva, borbe i pra\u0161tanja.<\/p>\n<p data-start=\"757\" data-end=\"962\">Gradona\u010delnik Sarajeva Samir Avdi\u0107 podsjetio je da je Alija Izetbegovi\u0107 ostao simbol otpora i glas razuma, mira i pomirenja, te da njegove poruke o su\u017eivotu i toleranciji i danas imaju veliku vrijednost.<\/p>\n<p data-start=\"964\" data-end=\"1197\">U okviru programa premijerno je prikazan dokumentarni film i multimedijalna izlo\u017eba \u201cNaslije\u0111e i vrijeme\u201d, koji pru\u017eaju autenti\u010dan uvid u \u017eivot, ideje i viziju Alije Izetbegovi\u0107a, kao i njegovu trajnu ostav\u0161tinu u savremenom dru\u0161tvu.<\/p>\n<p data-start=\"1199\" data-end=\"1604\">Alija Izetbegovi\u0107 ro\u0111en je 8. avgusta 1925. godine u Bosanskom \u0160amcu. Bio je osniva\u010d Stranke demokratske akcije i njen prvi predsjednik. Nakon prvih vi\u0161estrana\u010dkih izbora 1990. godine, izabran je za predsjednika Predsjedni\u0161tva SR Bosne i Hercegovine, a od 1992. do 2000. godine obna\u0161ao je funkciju predsjednika Predsjedni\u0161tva Republike Bosne i Hercegovine. Preminuo je 19. oktobra 2003. godine u Sarajevu.<\/p>\n<p data-start=\"1606\" data-end=\"1976\">Istovremeno, u Zenici je odr\u017eana centralna sve\u010danost povodom stote godi\u0161njice ro\u0111enja Alije Izetbegovi\u0107a u organizaciji Vlade Zeni\u010dko-dobojskog kantona. Premijer tog kantona Nezir Pivi\u0107 istakao je va\u017enost intelektualnog i politi\u010dkog naslije\u0111a Izetbegovi\u0107a, koje s vremenom dobija sve ve\u0107i zna\u010daj i prevazilazi ulogu politi\u010dara, te pripada svjetskoj misle\u0107oj tradiciji.<\/p>\n<p data-start=\"1978\" data-end=\"2207\">Sve\u010danosti je prisustvovao i biv\u0161i predsjednik Republike Hrvatske Stipe Mesi\u0107, koji je u svom obra\u0107anju istakao po\u0161tovanje koje je imao prema Aliji Izetbegovi\u0107u i zna\u010daj njegovih politi\u010dkih poruka u duhu dobrosusjedskih odnosa.<\/p>\n<p data-start=\"2209\" data-end=\"2469\">Program u Bosanskom narodnom pozori\u0161tu obuhvatio je dramske interpretacije iz djela Alije Izetbegovi\u0107a, izvedene od strane glumaca Narodnog pozori\u0161ta Sarajevo, kao i muzi\u010dke nastupe solistice Opere, baritona, tenora i guda\u010dkog orkestra Udru\u017eenja \u201cAkustikUm\u201d.<\/p>\n<p data-start=\"2471\" data-end=\"2694\">Sve\u010danosti su prisustvovale brojne zvanice iz politi\u010dkog, dru\u0161tvenog i kulturnog \u017eivota Bosne i Hercegovine, kao i gosti iz regiona. Direktan prijenos obezbijedile su Radio-televizija Bosne i Hercegovine i Televizija Hayat.<\/p>\n","protected":false},"excerpt":{"rendered":"<p>Muzej \u201cAlija Izetbegovi\u0107\u201d ve\u010deras je u Sarajevu organizirao sve\u010dani program povodom obilje\u017eavanja stote godi\u0161njice ro\u0111enja&hellip;<\/p>\n","protected":false},"author":2,"featured_media":276397,"comment_status":"closed","ping_status":"closed","sticky":false,"template":"","format":"standard","meta":{"_acf_changed":false,"footnotes":""},"categories":[291,304],"tags":[550],"acf":[],"yoast_head":"<!-- This site is optimized with the Yoast SEO plugin v23.5 - https:\/\/yoast.com\/wordpress\/plugins\/seo\/ -->\n<title>Stota godi\u0161njica ro\u0111enja Alije Izetbegovi\u0107a obilje\u017eena sve\u010danim programima u Sarajevu i Zenici - TuzlaInfo.ba<\/title>\n<meta name=\"robots\" content=\"index, follow, max-snippet:-1, max-image-preview:large, max-video-preview:-1\" \/>\n<link rel=\"canonical\" href=\"https:\/\/tuzlainfo.ba\/index.php\/bosna-i-hercegovina\/item\/276396-stota-godisnjica-rodjenja-alije-izetbegovica-obiljezena-svecanim-programima-u-sarajevu-i-zenici\/\" \/>\n<meta property=\"og:locale\" content=\"bs_BA\" \/>\n<meta property=\"og:type\" content=\"article\" \/>\n<meta property=\"og:title\" content=\"Stota godi\u0161njica ro\u0111enja Alije Izetbegovi\u0107a obilje\u017eena sve\u010danim programima u Sarajevu i Zenici - TuzlaInfo.ba\" \/>\n<meta property=\"og:description\" content=\"Muzej \u201cAlija Izetbegovi\u0107\u201d ve\u010deras je u Sarajevu organizirao sve\u010dani program povodom obilje\u017eavanja stote godi\u0161njice ro\u0111enja&hellip;\" \/>\n<meta property=\"og:url\" content=\"https:\/\/tuzlainfo.ba\/index.php\/bosna-i-hercegovina\/item\/276396-stota-godisnjica-rodjenja-alije-izetbegovica-obiljezena-svecanim-programima-u-sarajevu-i-zenici\/\" \/>\n<meta property=\"og:site_name\" content=\"TuzlaInfo.ba\" \/>\n<meta property=\"article:publisher\" content=\"https:\/\/www.facebook.com\/tuzlainfo.ba\/\" \/>\n<meta property=\"article:published_time\" content=\"2025-08-08T20:16:31+00:00\" \/>\n<meta property=\"og:image\" content=\"https:\/\/tuzlainfo.ba\/wp-content\/uploads\/2025\/08\/0808_alija_100.jpg\" \/>\n\t<meta property=\"og:image:width\" content=\"800\" \/>\n\t<meta property=\"og:image:height\" content=\"420\" \/>\n\t<meta property=\"og:image:type\" content=\"image\/jpeg\" \/>\n<meta name=\"author\" content=\"nedim\" \/>\n<meta name=\"twitter:card\" content=\"summary_large_image\" \/>\n<meta name=\"twitter:label1\" content=\"Written by\" \/>\n\t<meta name=\"twitter:data1\" content=\"nedim\" \/>\n\t<meta name=\"twitter:label2\" content=\"Est. reading time\" \/>\n\t<meta name=\"twitter:data2\" content=\"3 minute\" \/>\n<script type=\"application\/ld+json\" class=\"yoast-schema-graph\">{\"@context\":\"https:\/\/schema.org\",\"@graph\":[{\"@type\":\"Article\",\"@id\":\"https:\/\/tuzlainfo.ba\/index.php\/bosna-i-hercegovina\/item\/276396-stota-godisnjica-rodjenja-alije-izetbegovica-obiljezena-svecanim-programima-u-sarajevu-i-zenici\/#article\",\"isPartOf\":{\"@id\":\"https:\/\/tuzlainfo.ba\/index.php\/bosna-i-hercegovina\/item\/276396-stota-godisnjica-rodjenja-alije-izetbegovica-obiljezena-svecanim-programima-u-sarajevu-i-zenici\/\"},\"author\":{\"name\":\"nedim\",\"@id\":\"https:\/\/tuzlainfo.ba\/#\/schema\/person\/f434e20dc27ea133923aab08451b7f7f\"},\"headline\":\"Stota godi\u0161njica ro\u0111enja Alije Izetbegovi\u0107a obilje\u017eena sve\u010danim programima u Sarajevu i Zenici\",\"datePublished\":\"2025-08-08T20:16:31+00:00\",\"dateModified\":\"2025-08-08T20:16:31+00:00\",\"mainEntityOfPage\":{\"@id\":\"https:\/\/tuzlainfo.ba\/index.php\/bosna-i-hercegovina\/item\/276396-stota-godisnjica-rodjenja-alije-izetbegovica-obiljezena-svecanim-programima-u-sarajevu-i-zenici\/\"},\"wordCount\":450,\"publisher\":{\"@id\":\"https:\/\/tuzlainfo.ba\/#organization\"},\"image\":{\"@id\":\"https:\/\/tuzlainfo.ba\/index.php\/bosna-i-hercegovina\/item\/276396-stota-godisnjica-rodjenja-alije-izetbegovica-obiljezena-svecanim-programima-u-sarajevu-i-zenici\/#primaryimage\"},\"thumbnailUrl\":\"https:\/\/tuzlainfo.ba\/wp-content\/uploads\/2025\/08\/0808_alija_100.jpg\",\"keywords\":[\"alija izetbegovi\u0107\"],\"articleSection\":[\"Bosna i Hercegovina\",\"Istaknuto\"],\"inLanguage\":\"bs-BA\"},{\"@type\":\"WebPage\",\"@id\":\"https:\/\/tuzlainfo.ba\/index.php\/bosna-i-hercegovina\/item\/276396-stota-godisnjica-rodjenja-alije-izetbegovica-obiljezena-svecanim-programima-u-sarajevu-i-zenici\/\",\"url\":\"https:\/\/tuzlainfo.ba\/index.php\/bosna-i-hercegovina\/item\/276396-stota-godisnjica-rodjenja-alije-izetbegovica-obiljezena-svecanim-programima-u-sarajevu-i-zenici\/\",\"name\":\"Stota godi\u0161njica ro\u0111enja Alije Izetbegovi\u0107a obilje\u017eena sve\u010danim programima u Sarajevu i Zenici - TuzlaInfo.ba\",\"isPartOf\":{\"@id\":\"https:\/\/tuzlainfo.ba\/#website\"},\"primaryImageOfPage\":{\"@id\":\"https:\/\/tuzlainfo.ba\/index.php\/bosna-i-hercegovina\/item\/276396-stota-godisnjica-rodjenja-alije-izetbegovica-obiljezena-svecanim-programima-u-sarajevu-i-zenici\/#primaryimage\"},\"image\":{\"@id\":\"https:\/\/tuzlainfo.ba\/index.php\/bosna-i-hercegovina\/item\/276396-stota-godisnjica-rodjenja-alije-izetbegovica-obiljezena-svecanim-programima-u-sarajevu-i-zenici\/#primaryimage\"},\"thumbnailUrl\":\"https:\/\/tuzlainfo.ba\/wp-content\/uploads\/2025\/08\/0808_alija_100.jpg\",\"datePublished\":\"2025-08-08T20:16:31+00:00\",\"dateModified\":\"2025-08-08T20:16:31+00:00\",\"breadcrumb\":{\"@id\":\"https:\/\/tuzlainfo.ba\/index.php\/bosna-i-hercegovina\/item\/276396-stota-godisnjica-rodjenja-alije-izetbegovica-obiljezena-svecanim-programima-u-sarajevu-i-zenici\/#breadcrumb\"},\"inLanguage\":\"bs-BA\",\"potentialAction\":[{\"@type\":\"ReadAction\",\"target\":[\"https:\/\/tuzlainfo.ba\/index.php\/bosna-i-hercegovina\/item\/276396-stota-godisnjica-rodjenja-alije-izetbegovica-obiljezena-svecanim-programima-u-sarajevu-i-zenici\/\"]}]},{\"@type\":\"ImageObject\",\"inLanguage\":\"bs-BA\",\"@id\":\"https:\/\/tuzlainfo.ba\/index.php\/bosna-i-hercegovina\/item\/276396-stota-godisnjica-rodjenja-alije-izetbegovica-obiljezena-svecanim-programima-u-sarajevu-i-zenici\/#primaryimage\",\"url\":\"https:\/\/tuzlainfo.ba\/wp-content\/uploads\/2025\/08\/0808_alija_100.jpg\",\"contentUrl\":\"https:\/\/tuzlainfo.ba\/wp-content\/uploads\/2025\/08\/0808_alija_100.jpg\",\"width\":800,\"height\":420},{\"@type\":\"BreadcrumbList\",\"@id\":\"https:\/\/tuzlainfo.ba\/index.php\/bosna-i-hercegovina\/item\/276396-stota-godisnjica-rodjenja-alije-izetbegovica-obiljezena-svecanim-programima-u-sarajevu-i-zenici\/#breadcrumb\",\"itemListElement\":[{\"@type\":\"ListItem\",\"position\":1,\"name\":\"Home\",\"item\":\"https:\/\/tuzlainfo.ba\/\"},{\"@type\":\"ListItem\",\"position\":2,\"name\":\"Stota godi\u0161njica ro\u0111enja Alije Izetbegovi\u0107a obilje\u017eena sve\u010danim programima u Sarajevu i Zenici\"}]},{\"@type\":\"WebSite\",\"@id\":\"https:\/\/tuzlainfo.ba\/#website\",\"url\":\"https:\/\/tuzlainfo.ba\/\",\"name\":\"TuzlaInfo.ba\",\"description\":\"Tuzla info, gradski informator - Tuzla na dlanu\",\"publisher\":{\"@id\":\"https:\/\/tuzlainfo.ba\/#organization\"},\"potentialAction\":[{\"@type\":\"SearchAction\",\"target\":{\"@type\":\"EntryPoint\",\"urlTemplate\":\"https:\/\/tuzlainfo.ba\/?s={search_term_string}\"},\"query-input\":{\"@type\":\"PropertyValueSpecification\",\"valueRequired\":true,\"valueName\":\"search_term_string\"}}],\"inLanguage\":\"bs-BA\"},{\"@type\":\"Organization\",\"@id\":\"https:\/\/tuzlainfo.ba\/#organization\",\"name\":\"TuzlaInfo.ba\",\"url\":\"https:\/\/tuzlainfo.ba\/\",\"logo\":{\"@type\":\"ImageObject\",\"inLanguage\":\"bs-BA\",\"@id\":\"https:\/\/tuzlainfo.ba\/#\/schema\/logo\/image\/\",\"url\":\"https:\/\/tuzlainfo.ba\/wp-content\/uploads\/2021\/03\/logo-ver-3-1.png\",\"contentUrl\":\"https:\/\/tuzlainfo.ba\/wp-content\/uploads\/2021\/03\/logo-ver-3-1.png\",\"width\":350,\"height\":95,\"caption\":\"TuzlaInfo.ba\"},\"image\":{\"@id\":\"https:\/\/tuzlainfo.ba\/#\/schema\/logo\/image\/\"},\"sameAs\":[\"https:\/\/www.facebook.com\/tuzlainfo.ba\/\"]},{\"@type\":\"Person\",\"@id\":\"https:\/\/tuzlainfo.ba\/#\/schema\/person\/f434e20dc27ea133923aab08451b7f7f\",\"name\":\"nedim\",\"image\":{\"@type\":\"ImageObject\",\"inLanguage\":\"bs-BA\",\"@id\":\"https:\/\/tuzlainfo.ba\/#\/schema\/person\/image\/\",\"url\":\"https:\/\/tuzlainfo.ba\/wp-content\/litespeed\/avatar\/aabad687af24844af817603ac1cbdc4f.jpg?ver=1776702173\",\"contentUrl\":\"https:\/\/tuzlainfo.ba\/wp-content\/litespeed\/avatar\/aabad687af24844af817603ac1cbdc4f.jpg?ver=1776702173\",\"caption\":\"nedim\"},\"description\":\"Tuzlainfo.ba pratite na dru\u0161tvenim mre\u017eama: Facebook, Instagram i Youtube. Svoje pri\u010de, upite i fotografije \u0161aljite na na\u0161u e-mail adresu.\"}]}<\/script>\n<!-- \/ Yoast SEO plugin. -->","yoast_head_json":{"title":"Stota godi\u0161njica ro\u0111enja Alije Izetbegovi\u0107a obilje\u017eena sve\u010danim programima u Sarajevu i Zenici - TuzlaInfo.ba","robots":{"index":"index","follow":"follow","max-snippet":"max-snippet:-1","max-image-preview":"max-image-preview:large","max-video-preview":"max-video-preview:-1"},"canonical":"https:\/\/tuzlainfo.ba\/index.php\/bosna-i-hercegovina\/item\/276396-stota-godisnjica-rodjenja-alije-izetbegovica-obiljezena-svecanim-programima-u-sarajevu-i-zenici\/","og_locale":"bs_BA","og_type":"article","og_title":"Stota godi\u0161njica ro\u0111enja Alije Izetbegovi\u0107a obilje\u017eena sve\u010danim programima u Sarajevu i Zenici - TuzlaInfo.ba","og_description":"Muzej \u201cAlija Izetbegovi\u0107\u201d ve\u010deras je u Sarajevu organizirao sve\u010dani program povodom obilje\u017eavanja stote godi\u0161njice ro\u0111enja&hellip;","og_url":"https:\/\/tuzlainfo.ba\/index.php\/bosna-i-hercegovina\/item\/276396-stota-godisnjica-rodjenja-alije-izetbegovica-obiljezena-svecanim-programima-u-sarajevu-i-zenici\/","og_site_name":"TuzlaInfo.ba","article_publisher":"https:\/\/www.facebook.com\/tuzlainfo.ba\/","article_published_time":"2025-08-08T20:16:31+00:00","og_image":[{"width":800,"height":420,"url":"https:\/\/tuzlainfo.ba\/wp-content\/uploads\/2025\/08\/0808_alija_100.jpg","type":"image\/jpeg"}],"author":"nedim","twitter_card":"summary_large_image","twitter_misc":{"Written by":"nedim","Est. reading time":"3 minute"},"schema":{"@context":"https:\/\/schema.org","@graph":[{"@type":"Article","@id":"https:\/\/tuzlainfo.ba\/index.php\/bosna-i-hercegovina\/item\/276396-stota-godisnjica-rodjenja-alije-izetbegovica-obiljezena-svecanim-programima-u-sarajevu-i-zenici\/#article","isPartOf":{"@id":"https:\/\/tuzlainfo.ba\/index.php\/bosna-i-hercegovina\/item\/276396-stota-godisnjica-rodjenja-alije-izetbegovica-obiljezena-svecanim-programima-u-sarajevu-i-zenici\/"},"author":{"name":"nedim","@id":"https:\/\/tuzlainfo.ba\/#\/schema\/person\/f434e20dc27ea133923aab08451b7f7f"},"headline":"Stota godi\u0161njica ro\u0111enja Alije Izetbegovi\u0107a obilje\u017eena sve\u010danim programima u Sarajevu i Zenici","datePublished":"2025-08-08T20:16:31+00:00","dateModified":"2025-08-08T20:16:31+00:00","mainEntityOfPage":{"@id":"https:\/\/tuzlainfo.ba\/index.php\/bosna-i-hercegovina\/item\/276396-stota-godisnjica-rodjenja-alije-izetbegovica-obiljezena-svecanim-programima-u-sarajevu-i-zenici\/"},"wordCount":450,"publisher":{"@id":"https:\/\/tuzlainfo.ba\/#organization"},"image":{"@id":"https:\/\/tuzlainfo.ba\/index.php\/bosna-i-hercegovina\/item\/276396-stota-godisnjica-rodjenja-alije-izetbegovica-obiljezena-svecanim-programima-u-sarajevu-i-zenici\/#primaryimage"},"thumbnailUrl":"https:\/\/tuzlainfo.ba\/wp-content\/uploads\/2025\/08\/0808_alija_100.jpg","keywords":["alija izetbegovi\u0107"],"articleSection":["Bosna i Hercegovina","Istaknuto"],"inLanguage":"bs-BA"},{"@type":"WebPage","@id":"https:\/\/tuzlainfo.ba\/index.php\/bosna-i-hercegovina\/item\/276396-stota-godisnjica-rodjenja-alije-izetbegovica-obiljezena-svecanim-programima-u-sarajevu-i-zenici\/","url":"https:\/\/tuzlainfo.ba\/index.php\/bosna-i-hercegovina\/item\/276396-stota-godisnjica-rodjenja-alije-izetbegovica-obiljezena-svecanim-programima-u-sarajevu-i-zenici\/","name":"Stota godi\u0161njica ro\u0111enja Alije Izetbegovi\u0107a obilje\u017eena sve\u010danim programima u Sarajevu i Zenici - TuzlaInfo.ba","isPartOf":{"@id":"https:\/\/tuzlainfo.ba\/#website"},"primaryImageOfPage":{"@id":"https:\/\/tuzlainfo.ba\/index.php\/bosna-i-hercegovina\/item\/276396-stota-godisnjica-rodjenja-alije-izetbegovica-obiljezena-svecanim-programima-u-sarajevu-i-zenici\/#primaryimage"},"image":{"@id":"https:\/\/tuzlainfo.ba\/index.php\/bosna-i-hercegovina\/item\/276396-stota-godisnjica-rodjenja-alije-izetbegovica-obiljezena-svecanim-programima-u-sarajevu-i-zenici\/#primaryimage"},"thumbnailUrl":"https:\/\/tuzlainfo.ba\/wp-content\/uploads\/2025\/08\/0808_alija_100.jpg","datePublished":"2025-08-08T20:16:31+00:00","dateModified":"2025-08-08T20:16:31+00:00","breadcrumb":{"@id":"https:\/\/tuzlainfo.ba\/index.php\/bosna-i-hercegovina\/item\/276396-stota-godisnjica-rodjenja-alije-izetbegovica-obiljezena-svecanim-programima-u-sarajevu-i-zenici\/#breadcrumb"},"inLanguage":"bs-BA","potentialAction":[{"@type":"ReadAction","target":["https:\/\/tuzlainfo.ba\/index.php\/bosna-i-hercegovina\/item\/276396-stota-godisnjica-rodjenja-alije-izetbegovica-obiljezena-svecanim-programima-u-sarajevu-i-zenici\/"]}]},{"@type":"ImageObject","inLanguage":"bs-BA","@id":"https:\/\/tuzlainfo.ba\/index.php\/bosna-i-hercegovina\/item\/276396-stota-godisnjica-rodjenja-alije-izetbegovica-obiljezena-svecanim-programima-u-sarajevu-i-zenici\/#primaryimage","url":"https:\/\/tuzlainfo.ba\/wp-content\/uploads\/2025\/08\/0808_alija_100.jpg","contentUrl":"https:\/\/tuzlainfo.ba\/wp-content\/uploads\/2025\/08\/0808_alija_100.jpg","width":800,"height":420},{"@type":"BreadcrumbList","@id":"https:\/\/tuzlainfo.ba\/index.php\/bosna-i-hercegovina\/item\/276396-stota-godisnjica-rodjenja-alije-izetbegovica-obiljezena-svecanim-programima-u-sarajevu-i-zenici\/#breadcrumb","itemListElement":[{"@type":"ListItem","position":1,"name":"Home","item":"https:\/\/tuzlainfo.ba\/"},{"@type":"ListItem","position":2,"name":"Stota godi\u0161njica ro\u0111enja Alije Izetbegovi\u0107a obilje\u017eena sve\u010danim programima u Sarajevu i Zenici"}]},{"@type":"WebSite","@id":"https:\/\/tuzlainfo.ba\/#website","url":"https:\/\/tuzlainfo.ba\/","name":"TuzlaInfo.ba","description":"Tuzla info, gradski informator - Tuzla na dlanu","publisher":{"@id":"https:\/\/tuzlainfo.ba\/#organization"},"potentialAction":[{"@type":"SearchAction","target":{"@type":"EntryPoint","urlTemplate":"https:\/\/tuzlainfo.ba\/?s={search_term_string}"},"query-input":{"@type":"PropertyValueSpecification","valueRequired":true,"valueName":"search_term_string"}}],"inLanguage":"bs-BA"},{"@type":"Organization","@id":"https:\/\/tuzlainfo.ba\/#organization","name":"TuzlaInfo.ba","url":"https:\/\/tuzlainfo.ba\/","logo":{"@type":"ImageObject","inLanguage":"bs-BA","@id":"https:\/\/tuzlainfo.ba\/#\/schema\/logo\/image\/","url":"https:\/\/tuzlainfo.ba\/wp-content\/uploads\/2021\/03\/logo-ver-3-1.png","contentUrl":"https:\/\/tuzlainfo.ba\/wp-content\/uploads\/2021\/03\/logo-ver-3-1.png","width":350,"height":95,"caption":"TuzlaInfo.ba"},"image":{"@id":"https:\/\/tuzlainfo.ba\/#\/schema\/logo\/image\/"},"sameAs":["https:\/\/www.facebook.com\/tuzlainfo.ba\/"]},{"@type":"Person","@id":"https:\/\/tuzlainfo.ba\/#\/schema\/person\/f434e20dc27ea133923aab08451b7f7f","name":"nedim","image":{"@type":"ImageObject","inLanguage":"bs-BA","@id":"https:\/\/tuzlainfo.ba\/#\/schema\/person\/image\/","url":"https:\/\/tuzlainfo.ba\/wp-content\/litespeed\/avatar\/aabad687af24844af817603ac1cbdc4f.jpg?ver=1776702173","contentUrl":"https:\/\/tuzlainfo.ba\/wp-content\/litespeed\/avatar\/aabad687af24844af817603ac1cbdc4f.jpg?ver=1776702173","caption":"nedim"},"description":"Tuzlainfo.ba pratite na dru\u0161tvenim mre\u017eama: Facebook, Instagram i Youtube. Svoje pri\u010de, upite i fotografije \u0161aljite na na\u0161u e-mail adresu."}]}},"_links":{"self":[{"href":"https:\/\/tuzlainfo.ba\/index.php\/wp-json\/wp\/v2\/posts\/276396"}],"collection":[{"href":"https:\/\/tuzlainfo.ba\/index.php\/wp-json\/wp\/v2\/posts"}],"about":[{"href":"https:\/\/tuzlainfo.ba\/index.php\/wp-json\/wp\/v2\/types\/post"}],"author":[{"embeddable":true,"href":"https:\/\/tuzlainfo.ba\/index.php\/wp-json\/wp\/v2\/users\/2"}],"replies":[{"embeddable":true,"href":"https:\/\/tuzlainfo.ba\/index.php\/wp-json\/wp\/v2\/comments?post=276396"}],"version-history":[{"count":1,"href":"https:\/\/tuzlainfo.ba\/index.php\/wp-json\/wp\/v2\/posts\/276396\/revisions"}],"predecessor-version":[{"id":276398,"href":"https:\/\/tuzlainfo.ba\/index.php\/wp-json\/wp\/v2\/posts\/276396\/revisions\/276398"}],"wp:featuredmedia":[{"embeddable":true,"href":"https:\/\/tuzlainfo.ba\/index.php\/wp-json\/wp\/v2\/media\/276397"}],"wp:attachment":[{"href":"https:\/\/tuzlainfo.ba\/index.php\/wp-json\/wp\/v2\/media?parent=276396"}],"wp:term":[{"taxonomy":"category","embeddable":true,"href":"https:\/\/tuzlainfo.ba\/index.php\/wp-json\/wp\/v2\/categories?post=276396"},{"taxonomy":"post_tag","embeddable":true,"href":"https:\/\/tuzlainfo.ba\/index.php\/wp-json\/wp\/v2\/tags?post=276396"}],"curies":[{"name":"wp","href":"https:\/\/api.w.org\/{rel}","templated":true}]}}