{"id":276288,"date":"2025-08-07T19:52:56","date_gmt":"2025-08-07T17:52:56","guid":{"rendered":"https:\/\/tuzlainfo.ba\/?p=276288"},"modified":"2025-08-07T19:52:56","modified_gmt":"2025-08-07T17:52:56","slug":"kfc-uskoro-otvara-vrata-u-tuzli-zavrsne-pripreme-u-punom-jeku","status":"publish","type":"post","link":"https:\/\/tuzlainfo.ba\/index.php\/novosti\/item\/276288-kfc-uskoro-otvara-vrata-u-tuzli-zavrsne-pripreme-u-punom-jeku\/","title":{"rendered":"KFC uskoro otvara vrata u Tuzli: Zavr\u0161ne pripreme u punom jeku"},"content":{"rendered":"<p data-start=\"243\" data-end=\"471\">Poznati svjetski lanac restorana brze hrane KFC (Kentucky Fried Chicken) uskoro otvara svoj prvi restoran u Tuzli, a prema trenutnim vizualima s terena, radovi na prostoru u Robnoj ku\u0107i Tuzlanka ulaze u zavr\u0161nu fazu.<\/p>\n<p data-start=\"473\" data-end=\"827\">Novi restoran bi\u0107e smje\u0161ten na \u010detvrtom spratu ovog popularnog tr\u017enog centra, a njegovo otvaranje donosi i odre\u0111ene prostorne izmjene unutar samog objekta.<\/p>\n<p data-start=\"473\" data-end=\"827\">Naime, sadr\u017eaji koji su se ranije nalazili na ovoj eta\u017ei, uklju\u010duju\u0107i i dje\u010diju igraonicu, izmje\u0161teni su na novoure\u0111eni peti sprat, \u010dime Tuzlanka dodatno \u0161iri i modernizuje svoju ponudu.<\/p>\n<p data-start=\"829\" data-end=\"1232\">Otvaranje KFC-a ne samo da donosi nove gastronomske opcije za posjetitelje Tuzlanke, ve\u0107 je pratila i zapo\u0161ljavanja novih \u010dlanova tima. Konkurs za pozicije menad\u017eera restorana, voditelja smjena i radnika u restoranu bio je otvoren tokom juna, a kandidatima je ponu\u0111en rad sa globalno prepoznatljivim brendom, obuka, profesionalni uslovi rada, kao i dodatne beneficije poput toplog obroka i uniformi.<\/p>\n<p data-start=\"829\" data-end=\"1232\"><img fetchpriority=\"high\" decoding=\"async\" class=\"alignnone size-full wp-image-276290\" src=\"https:\/\/tuzlainfo.ba\/wp-content\/uploads\/2025\/08\/0708_KFC1.jpg\" alt=\"\" width=\"1000\" height=\"742\" srcset=\"https:\/\/tuzlainfo.ba\/wp-content\/uploads\/2025\/08\/0708_KFC1.jpg 1000w, https:\/\/tuzlainfo.ba\/wp-content\/uploads\/2025\/08\/0708_KFC1-300x223.jpg 300w, https:\/\/tuzlainfo.ba\/wp-content\/uploads\/2025\/08\/0708_KFC1-768x570.jpg 768w, https:\/\/tuzlainfo.ba\/wp-content\/uploads\/2025\/08\/0708_KFC1-585x434.jpg 585w, https:\/\/tuzlainfo.ba\/wp-content\/uploads\/2025\/08\/0708_KFC1-150x111.jpg 150w, https:\/\/tuzlainfo.ba\/wp-content\/uploads\/2025\/08\/0708_KFC1-500x371.jpg 500w\" sizes=\"(max-width: 1000px) 100vw, 1000px\" \/><\/p>\n<p data-start=\"1234\" data-end=\"1580\">Dolazak KFC-a u Tuzlu predstavlja va\u017ean korak u \u0161irenju ovog svjetskog brenda u Bosni i Hercegovini. Prvi restoran u na\u0161oj zemlji otvoren je 2022. godine u Sarajevu, a Tuzla je nakon Sarajeva i Mostara, sada tre\u0107i\u00a0grad u BiH koji \u0107e imati priliku ugostiti ovaj lanac, poznat po svojoj specijalizaciji za pr\u017eenu piletinu pripremljenu prema strogo \u010duvanoj recepturi.<\/p>\n<p data-start=\"1582\" data-end=\"1863\">KFC posluje u vi\u0161e od 150 zemalja, sa vi\u0161e od 22 hiljade restorana \u0161irom svijeta, i svakodnevno uslu\u017ei preko 10 miliona gostiju. Kompanija je dio Yum! Brands grupacije, koja u svom vlasni\u0161tvu ima i restorane kao \u0161to su Pizza Hut, Taco Bell i WingStreet.<\/p>\n<p data-start=\"1865\" data-end=\"2098\">S obzirom na trenutno stanje radova i vizuelne naznake, otvaranje KFC-a u Tuzli mo\u017eemo o\u010dekivati veoma uskoro. Tuzlanska gastro scena ovim dobija jo\u0161 jednog velikog igra\u010da \u2013 a posjetioci jo\u0161 jedan razlog vi\u0161e da svrate u RK Tuzlanka.<strong>\/Tuzlainfo.ba\/<\/strong><\/p>\n","protected":false},"excerpt":{"rendered":"<p>Poznati svjetski lanac restorana brze hrane KFC (Kentucky Fried Chicken) uskoro otvara svoj prvi restoran&hellip;<\/p>\n","protected":false},"author":2,"featured_media":276289,"comment_status":"closed","ping_status":"closed","sticky":false,"template":"","format":"standard","meta":{"_acf_changed":false,"footnotes":""},"categories":[304,12],"tags":[7170,12095],"acf":[],"yoast_head":"<!-- This site is optimized with the Yoast SEO plugin v23.5 - https:\/\/yoast.com\/wordpress\/plugins\/seo\/ -->\n<title>KFC uskoro otvara vrata u Tuzli: Zavr\u0161ne pripreme u punom jeku - TuzlaInfo.ba<\/title>\n<meta name=\"robots\" content=\"index, follow, max-snippet:-1, max-image-preview:large, max-video-preview:-1\" \/>\n<link rel=\"canonical\" href=\"https:\/\/tuzlainfo.ba\/index.php\/novosti\/item\/276288-kfc-uskoro-otvara-vrata-u-tuzli-zavrsne-pripreme-u-punom-jeku\/\" \/>\n<meta property=\"og:locale\" content=\"bs_BA\" \/>\n<meta property=\"og:type\" content=\"article\" \/>\n<meta property=\"og:title\" content=\"KFC uskoro otvara vrata u Tuzli: Zavr\u0161ne pripreme u punom jeku - TuzlaInfo.ba\" \/>\n<meta property=\"og:description\" content=\"Poznati svjetski lanac restorana brze hrane KFC (Kentucky Fried Chicken) uskoro otvara svoj prvi restoran&hellip;\" \/>\n<meta property=\"og:url\" content=\"https:\/\/tuzlainfo.ba\/index.php\/novosti\/item\/276288-kfc-uskoro-otvara-vrata-u-tuzli-zavrsne-pripreme-u-punom-jeku\/\" \/>\n<meta property=\"og:site_name\" content=\"TuzlaInfo.ba\" \/>\n<meta property=\"article:publisher\" content=\"https:\/\/www.facebook.com\/tuzlainfo.ba\/\" \/>\n<meta property=\"article:published_time\" content=\"2025-08-07T17:52:56+00:00\" \/>\n<meta property=\"og:image\" content=\"https:\/\/tuzlainfo.ba\/wp-content\/uploads\/2025\/08\/0708_KFC2.jpg\" \/>\n\t<meta property=\"og:image:width\" content=\"1000\" \/>\n\t<meta property=\"og:image:height\" content=\"560\" \/>\n\t<meta property=\"og:image:type\" content=\"image\/jpeg\" \/>\n<meta name=\"author\" content=\"nedim\" \/>\n<meta name=\"twitter:card\" content=\"summary_large_image\" \/>\n<meta name=\"twitter:label1\" content=\"Written by\" \/>\n\t<meta name=\"twitter:data1\" content=\"nedim\" \/>\n\t<meta name=\"twitter:label2\" content=\"Est. reading time\" \/>\n\t<meta name=\"twitter:data2\" content=\"2 minute\" \/>\n<script type=\"application\/ld+json\" class=\"yoast-schema-graph\">{\"@context\":\"https:\/\/schema.org\",\"@graph\":[{\"@type\":\"Article\",\"@id\":\"https:\/\/tuzlainfo.ba\/index.php\/novosti\/item\/276288-kfc-uskoro-otvara-vrata-u-tuzli-zavrsne-pripreme-u-punom-jeku\/#article\",\"isPartOf\":{\"@id\":\"https:\/\/tuzlainfo.ba\/index.php\/novosti\/item\/276288-kfc-uskoro-otvara-vrata-u-tuzli-zavrsne-pripreme-u-punom-jeku\/\"},\"author\":{\"name\":\"nedim\",\"@id\":\"https:\/\/tuzlainfo.ba\/#\/schema\/person\/f434e20dc27ea133923aab08451b7f7f\"},\"headline\":\"KFC uskoro otvara vrata u Tuzli: Zavr\u0161ne pripreme u punom jeku\",\"datePublished\":\"2025-08-07T17:52:56+00:00\",\"dateModified\":\"2025-08-07T17:52:56+00:00\",\"mainEntityOfPage\":{\"@id\":\"https:\/\/tuzlainfo.ba\/index.php\/novosti\/item\/276288-kfc-uskoro-otvara-vrata-u-tuzli-zavrsne-pripreme-u-punom-jeku\/\"},\"wordCount\":319,\"publisher\":{\"@id\":\"https:\/\/tuzlainfo.ba\/#organization\"},\"image\":{\"@id\":\"https:\/\/tuzlainfo.ba\/index.php\/novosti\/item\/276288-kfc-uskoro-otvara-vrata-u-tuzli-zavrsne-pripreme-u-punom-jeku\/#primaryimage\"},\"thumbnailUrl\":\"https:\/\/tuzlainfo.ba\/wp-content\/uploads\/2025\/08\/0708_KFC2.jpg\",\"keywords\":[\"Kfc\",\"KFC Tuzla\"],\"articleSection\":[\"Istaknuto\",\"Novosti\"],\"inLanguage\":\"bs-BA\"},{\"@type\":\"WebPage\",\"@id\":\"https:\/\/tuzlainfo.ba\/index.php\/novosti\/item\/276288-kfc-uskoro-otvara-vrata-u-tuzli-zavrsne-pripreme-u-punom-jeku\/\",\"url\":\"https:\/\/tuzlainfo.ba\/index.php\/novosti\/item\/276288-kfc-uskoro-otvara-vrata-u-tuzli-zavrsne-pripreme-u-punom-jeku\/\",\"name\":\"KFC uskoro otvara vrata u Tuzli: Zavr\u0161ne pripreme u punom jeku - TuzlaInfo.ba\",\"isPartOf\":{\"@id\":\"https:\/\/tuzlainfo.ba\/#website\"},\"primaryImageOfPage\":{\"@id\":\"https:\/\/tuzlainfo.ba\/index.php\/novosti\/item\/276288-kfc-uskoro-otvara-vrata-u-tuzli-zavrsne-pripreme-u-punom-jeku\/#primaryimage\"},\"image\":{\"@id\":\"https:\/\/tuzlainfo.ba\/index.php\/novosti\/item\/276288-kfc-uskoro-otvara-vrata-u-tuzli-zavrsne-pripreme-u-punom-jeku\/#primaryimage\"},\"thumbnailUrl\":\"https:\/\/tuzlainfo.ba\/wp-content\/uploads\/2025\/08\/0708_KFC2.jpg\",\"datePublished\":\"2025-08-07T17:52:56+00:00\",\"dateModified\":\"2025-08-07T17:52:56+00:00\",\"breadcrumb\":{\"@id\":\"https:\/\/tuzlainfo.ba\/index.php\/novosti\/item\/276288-kfc-uskoro-otvara-vrata-u-tuzli-zavrsne-pripreme-u-punom-jeku\/#breadcrumb\"},\"inLanguage\":\"bs-BA\",\"potentialAction\":[{\"@type\":\"ReadAction\",\"target\":[\"https:\/\/tuzlainfo.ba\/index.php\/novosti\/item\/276288-kfc-uskoro-otvara-vrata-u-tuzli-zavrsne-pripreme-u-punom-jeku\/\"]}]},{\"@type\":\"ImageObject\",\"inLanguage\":\"bs-BA\",\"@id\":\"https:\/\/tuzlainfo.ba\/index.php\/novosti\/item\/276288-kfc-uskoro-otvara-vrata-u-tuzli-zavrsne-pripreme-u-punom-jeku\/#primaryimage\",\"url\":\"https:\/\/tuzlainfo.ba\/wp-content\/uploads\/2025\/08\/0708_KFC2.jpg\",\"contentUrl\":\"https:\/\/tuzlainfo.ba\/wp-content\/uploads\/2025\/08\/0708_KFC2.jpg\",\"width\":1000,\"height\":560},{\"@type\":\"BreadcrumbList\",\"@id\":\"https:\/\/tuzlainfo.ba\/index.php\/novosti\/item\/276288-kfc-uskoro-otvara-vrata-u-tuzli-zavrsne-pripreme-u-punom-jeku\/#breadcrumb\",\"itemListElement\":[{\"@type\":\"ListItem\",\"position\":1,\"name\":\"Home\",\"item\":\"https:\/\/tuzlainfo.ba\/\"},{\"@type\":\"ListItem\",\"position\":2,\"name\":\"KFC uskoro otvara vrata u Tuzli: Zavr\u0161ne pripreme u punom jeku\"}]},{\"@type\":\"WebSite\",\"@id\":\"https:\/\/tuzlainfo.ba\/#website\",\"url\":\"https:\/\/tuzlainfo.ba\/\",\"name\":\"TuzlaInfo.ba\",\"description\":\"Tuzla info, gradski informator - Tuzla na dlanu\",\"publisher\":{\"@id\":\"https:\/\/tuzlainfo.ba\/#organization\"},\"potentialAction\":[{\"@type\":\"SearchAction\",\"target\":{\"@type\":\"EntryPoint\",\"urlTemplate\":\"https:\/\/tuzlainfo.ba\/?s={search_term_string}\"},\"query-input\":{\"@type\":\"PropertyValueSpecification\",\"valueRequired\":true,\"valueName\":\"search_term_string\"}}],\"inLanguage\":\"bs-BA\"},{\"@type\":\"Organization\",\"@id\":\"https:\/\/tuzlainfo.ba\/#organization\",\"name\":\"TuzlaInfo.ba\",\"url\":\"https:\/\/tuzlainfo.ba\/\",\"logo\":{\"@type\":\"ImageObject\",\"inLanguage\":\"bs-BA\",\"@id\":\"https:\/\/tuzlainfo.ba\/#\/schema\/logo\/image\/\",\"url\":\"https:\/\/tuzlainfo.ba\/wp-content\/uploads\/2021\/03\/logo-ver-3-1.png\",\"contentUrl\":\"https:\/\/tuzlainfo.ba\/wp-content\/uploads\/2021\/03\/logo-ver-3-1.png\",\"width\":350,\"height\":95,\"caption\":\"TuzlaInfo.ba\"},\"image\":{\"@id\":\"https:\/\/tuzlainfo.ba\/#\/schema\/logo\/image\/\"},\"sameAs\":[\"https:\/\/www.facebook.com\/tuzlainfo.ba\/\"]},{\"@type\":\"Person\",\"@id\":\"https:\/\/tuzlainfo.ba\/#\/schema\/person\/f434e20dc27ea133923aab08451b7f7f\",\"name\":\"nedim\",\"image\":{\"@type\":\"ImageObject\",\"inLanguage\":\"bs-BA\",\"@id\":\"https:\/\/tuzlainfo.ba\/#\/schema\/person\/image\/\",\"url\":\"https:\/\/tuzlainfo.ba\/wp-content\/litespeed\/avatar\/aabad687af24844af817603ac1cbdc4f.jpg?ver=1777306975\",\"contentUrl\":\"https:\/\/tuzlainfo.ba\/wp-content\/litespeed\/avatar\/aabad687af24844af817603ac1cbdc4f.jpg?ver=1777306975\",\"caption\":\"nedim\"},\"description\":\"Tuzlainfo.ba pratite na dru\u0161tvenim mre\u017eama: Facebook, Instagram i Youtube. Svoje pri\u010de, upite i fotografije \u0161aljite na na\u0161u e-mail adresu.\"}]}<\/script>\n<!-- \/ Yoast SEO plugin. -->","yoast_head_json":{"title":"KFC uskoro otvara vrata u Tuzli: Zavr\u0161ne pripreme u punom jeku - TuzlaInfo.ba","robots":{"index":"index","follow":"follow","max-snippet":"max-snippet:-1","max-image-preview":"max-image-preview:large","max-video-preview":"max-video-preview:-1"},"canonical":"https:\/\/tuzlainfo.ba\/index.php\/novosti\/item\/276288-kfc-uskoro-otvara-vrata-u-tuzli-zavrsne-pripreme-u-punom-jeku\/","og_locale":"bs_BA","og_type":"article","og_title":"KFC uskoro otvara vrata u Tuzli: Zavr\u0161ne pripreme u punom jeku - TuzlaInfo.ba","og_description":"Poznati svjetski lanac restorana brze hrane KFC (Kentucky Fried Chicken) uskoro otvara svoj prvi restoran&hellip;","og_url":"https:\/\/tuzlainfo.ba\/index.php\/novosti\/item\/276288-kfc-uskoro-otvara-vrata-u-tuzli-zavrsne-pripreme-u-punom-jeku\/","og_site_name":"TuzlaInfo.ba","article_publisher":"https:\/\/www.facebook.com\/tuzlainfo.ba\/","article_published_time":"2025-08-07T17:52:56+00:00","og_image":[{"width":1000,"height":560,"url":"https:\/\/tuzlainfo.ba\/wp-content\/uploads\/2025\/08\/0708_KFC2.jpg","type":"image\/jpeg"}],"author":"nedim","twitter_card":"summary_large_image","twitter_misc":{"Written by":"nedim","Est. reading time":"2 minute"},"schema":{"@context":"https:\/\/schema.org","@graph":[{"@type":"Article","@id":"https:\/\/tuzlainfo.ba\/index.php\/novosti\/item\/276288-kfc-uskoro-otvara-vrata-u-tuzli-zavrsne-pripreme-u-punom-jeku\/#article","isPartOf":{"@id":"https:\/\/tuzlainfo.ba\/index.php\/novosti\/item\/276288-kfc-uskoro-otvara-vrata-u-tuzli-zavrsne-pripreme-u-punom-jeku\/"},"author":{"name":"nedim","@id":"https:\/\/tuzlainfo.ba\/#\/schema\/person\/f434e20dc27ea133923aab08451b7f7f"},"headline":"KFC uskoro otvara vrata u Tuzli: Zavr\u0161ne pripreme u punom jeku","datePublished":"2025-08-07T17:52:56+00:00","dateModified":"2025-08-07T17:52:56+00:00","mainEntityOfPage":{"@id":"https:\/\/tuzlainfo.ba\/index.php\/novosti\/item\/276288-kfc-uskoro-otvara-vrata-u-tuzli-zavrsne-pripreme-u-punom-jeku\/"},"wordCount":319,"publisher":{"@id":"https:\/\/tuzlainfo.ba\/#organization"},"image":{"@id":"https:\/\/tuzlainfo.ba\/index.php\/novosti\/item\/276288-kfc-uskoro-otvara-vrata-u-tuzli-zavrsne-pripreme-u-punom-jeku\/#primaryimage"},"thumbnailUrl":"https:\/\/tuzlainfo.ba\/wp-content\/uploads\/2025\/08\/0708_KFC2.jpg","keywords":["Kfc","KFC Tuzla"],"articleSection":["Istaknuto","Novosti"],"inLanguage":"bs-BA"},{"@type":"WebPage","@id":"https:\/\/tuzlainfo.ba\/index.php\/novosti\/item\/276288-kfc-uskoro-otvara-vrata-u-tuzli-zavrsne-pripreme-u-punom-jeku\/","url":"https:\/\/tuzlainfo.ba\/index.php\/novosti\/item\/276288-kfc-uskoro-otvara-vrata-u-tuzli-zavrsne-pripreme-u-punom-jeku\/","name":"KFC uskoro otvara vrata u Tuzli: Zavr\u0161ne pripreme u punom jeku - TuzlaInfo.ba","isPartOf":{"@id":"https:\/\/tuzlainfo.ba\/#website"},"primaryImageOfPage":{"@id":"https:\/\/tuzlainfo.ba\/index.php\/novosti\/item\/276288-kfc-uskoro-otvara-vrata-u-tuzli-zavrsne-pripreme-u-punom-jeku\/#primaryimage"},"image":{"@id":"https:\/\/tuzlainfo.ba\/index.php\/novosti\/item\/276288-kfc-uskoro-otvara-vrata-u-tuzli-zavrsne-pripreme-u-punom-jeku\/#primaryimage"},"thumbnailUrl":"https:\/\/tuzlainfo.ba\/wp-content\/uploads\/2025\/08\/0708_KFC2.jpg","datePublished":"2025-08-07T17:52:56+00:00","dateModified":"2025-08-07T17:52:56+00:00","breadcrumb":{"@id":"https:\/\/tuzlainfo.ba\/index.php\/novosti\/item\/276288-kfc-uskoro-otvara-vrata-u-tuzli-zavrsne-pripreme-u-punom-jeku\/#breadcrumb"},"inLanguage":"bs-BA","potentialAction":[{"@type":"ReadAction","target":["https:\/\/tuzlainfo.ba\/index.php\/novosti\/item\/276288-kfc-uskoro-otvara-vrata-u-tuzli-zavrsne-pripreme-u-punom-jeku\/"]}]},{"@type":"ImageObject","inLanguage":"bs-BA","@id":"https:\/\/tuzlainfo.ba\/index.php\/novosti\/item\/276288-kfc-uskoro-otvara-vrata-u-tuzli-zavrsne-pripreme-u-punom-jeku\/#primaryimage","url":"https:\/\/tuzlainfo.ba\/wp-content\/uploads\/2025\/08\/0708_KFC2.jpg","contentUrl":"https:\/\/tuzlainfo.ba\/wp-content\/uploads\/2025\/08\/0708_KFC2.jpg","width":1000,"height":560},{"@type":"BreadcrumbList","@id":"https:\/\/tuzlainfo.ba\/index.php\/novosti\/item\/276288-kfc-uskoro-otvara-vrata-u-tuzli-zavrsne-pripreme-u-punom-jeku\/#breadcrumb","itemListElement":[{"@type":"ListItem","position":1,"name":"Home","item":"https:\/\/tuzlainfo.ba\/"},{"@type":"ListItem","position":2,"name":"KFC uskoro otvara vrata u Tuzli: Zavr\u0161ne pripreme u punom jeku"}]},{"@type":"WebSite","@id":"https:\/\/tuzlainfo.ba\/#website","url":"https:\/\/tuzlainfo.ba\/","name":"TuzlaInfo.ba","description":"Tuzla info, gradski informator - Tuzla na dlanu","publisher":{"@id":"https:\/\/tuzlainfo.ba\/#organization"},"potentialAction":[{"@type":"SearchAction","target":{"@type":"EntryPoint","urlTemplate":"https:\/\/tuzlainfo.ba\/?s={search_term_string}"},"query-input":{"@type":"PropertyValueSpecification","valueRequired":true,"valueName":"search_term_string"}}],"inLanguage":"bs-BA"},{"@type":"Organization","@id":"https:\/\/tuzlainfo.ba\/#organization","name":"TuzlaInfo.ba","url":"https:\/\/tuzlainfo.ba\/","logo":{"@type":"ImageObject","inLanguage":"bs-BA","@id":"https:\/\/tuzlainfo.ba\/#\/schema\/logo\/image\/","url":"https:\/\/tuzlainfo.ba\/wp-content\/uploads\/2021\/03\/logo-ver-3-1.png","contentUrl":"https:\/\/tuzlainfo.ba\/wp-content\/uploads\/2021\/03\/logo-ver-3-1.png","width":350,"height":95,"caption":"TuzlaInfo.ba"},"image":{"@id":"https:\/\/tuzlainfo.ba\/#\/schema\/logo\/image\/"},"sameAs":["https:\/\/www.facebook.com\/tuzlainfo.ba\/"]},{"@type":"Person","@id":"https:\/\/tuzlainfo.ba\/#\/schema\/person\/f434e20dc27ea133923aab08451b7f7f","name":"nedim","image":{"@type":"ImageObject","inLanguage":"bs-BA","@id":"https:\/\/tuzlainfo.ba\/#\/schema\/person\/image\/","url":"https:\/\/tuzlainfo.ba\/wp-content\/litespeed\/avatar\/aabad687af24844af817603ac1cbdc4f.jpg?ver=1777306975","contentUrl":"https:\/\/tuzlainfo.ba\/wp-content\/litespeed\/avatar\/aabad687af24844af817603ac1cbdc4f.jpg?ver=1777306975","caption":"nedim"},"description":"Tuzlainfo.ba pratite na dru\u0161tvenim mre\u017eama: Facebook, Instagram i Youtube. Svoje pri\u010de, upite i fotografije \u0161aljite na na\u0161u e-mail adresu."}]}},"_links":{"self":[{"href":"https:\/\/tuzlainfo.ba\/index.php\/wp-json\/wp\/v2\/posts\/276288"}],"collection":[{"href":"https:\/\/tuzlainfo.ba\/index.php\/wp-json\/wp\/v2\/posts"}],"about":[{"href":"https:\/\/tuzlainfo.ba\/index.php\/wp-json\/wp\/v2\/types\/post"}],"author":[{"embeddable":true,"href":"https:\/\/tuzlainfo.ba\/index.php\/wp-json\/wp\/v2\/users\/2"}],"replies":[{"embeddable":true,"href":"https:\/\/tuzlainfo.ba\/index.php\/wp-json\/wp\/v2\/comments?post=276288"}],"version-history":[{"count":1,"href":"https:\/\/tuzlainfo.ba\/index.php\/wp-json\/wp\/v2\/posts\/276288\/revisions"}],"predecessor-version":[{"id":276291,"href":"https:\/\/tuzlainfo.ba\/index.php\/wp-json\/wp\/v2\/posts\/276288\/revisions\/276291"}],"wp:featuredmedia":[{"embeddable":true,"href":"https:\/\/tuzlainfo.ba\/index.php\/wp-json\/wp\/v2\/media\/276289"}],"wp:attachment":[{"href":"https:\/\/tuzlainfo.ba\/index.php\/wp-json\/wp\/v2\/media?parent=276288"}],"wp:term":[{"taxonomy":"category","embeddable":true,"href":"https:\/\/tuzlainfo.ba\/index.php\/wp-json\/wp\/v2\/categories?post=276288"},{"taxonomy":"post_tag","embeddable":true,"href":"https:\/\/tuzlainfo.ba\/index.php\/wp-json\/wp\/v2\/tags?post=276288"}],"curies":[{"name":"wp","href":"https:\/\/api.w.org\/{rel}","templated":true}]}}