{"id":276211,"date":"2025-08-07T13:06:33","date_gmt":"2025-08-07T11:06:33","guid":{"rendered":"https:\/\/tuzlainfo.ba\/?p=276211"},"modified":"2025-08-07T08:25:00","modified_gmt":"2025-08-07T06:25:00","slug":"poziv-parlamentu-fbih-osigurajte-pratnju-na-porodu-u-svim-javnim-porodilistima","status":"publish","type":"post","link":"https:\/\/tuzlainfo.ba\/index.php\/bosna-i-hercegovina\/item\/276211-poziv-parlamentu-fbih-osigurajte-pratnju-na-porodu-u-svim-javnim-porodilistima\/","title":{"rendered":"Poziv Parlamentu FBiH: Osigurajte pratnju na porodu u svim javnim porodili\u0161tima"},"content":{"rendered":"<p>Udru\u017eenje &#8216;Baby Steps&#8217; fokusirano je na Parlament Federacije BiH i smatraju da je to najadekvatniji put da pratnja na porodu bude prepoznata kao pravo koje moraju omogu\u0107iti sve zdravstvene ustanove u Federaciji BiH.<\/p>\n<p>&#8211; Ne\u0107emo stati dok svaka \u017eena u javnom porodili\u0161tu ne bude imala podr\u0161ku koju zaslu\u017euje. To treba da rije\u0161i Parlament FBiH. Pratnja tokom poroda je multisektorsko pitanje, ne pripada samo oblasti zdravstva iako je vezano za boravak u bolnici. Porodilja je jedini pacijent koji u\u0111e i zdrav iza\u0111e iz zdravstvene ustanove. Porod nije vezan za medicinsko stanje niti je pitanje patologije bolesti. Dakle, to je proces koji se ti\u010de \u0161ireg dru\u0161tva i na\u0161eg opstanka kao dru\u0161tva &#8211; naglasila je za Fenu predsjednica Udru\u017eenja &#8216;Baby Steps&#8217; Amila Tatarevi\u0107.<\/p>\n<p>Mi\u0161ljenja je da \u010dekanja na analize, procedure ili na pravilnike samo ote\u017eava put omogu\u0107avanja pratnje tokom poroda, za koji ka\u017ee da je zapravo jednostavan i toliko prisutan u svijetu.<\/p>\n<p>&#8211; Ponavljamo pri\u010du i borimo se za ne\u0161to \u0161to je tako jednostavno za argumentirati. I zdravstveno je apsolutno dokazano da pratnja pospje\u0161uje i poma\u017eu tok poro\u0111aja. Zapravo bi zdravstvene ustanove trebalo da insistiraju na pratnji tokom poroda. U svijetu se \u017eenama tra\u017ei, i od njih zahtijeva, da tokom poroda imaju pratnju. Nijedna \u017eena ne bi smjela biti li\u0161ena podr\u0161ke u najva\u017enijem trenutku svog \u017eivota &#8211; naglasila je.<\/p>\n<p>Tatarevi\u0107 precizira da insistiraju na prisustvu pratnje po vlastitom izboru porodilje, od trenutka ulaska u porodili\u0161te. Pojasnila je da je trenutno to pravo prepu\u0161teno volji pojedina\u010dnih porodili\u0161ta, bez jedinstvenih procedura.<\/p>\n<p>&#8211; Tra\u017eimo da pratnja bude prisutna od trenutka kad ulazi i porodilja, sa njom je do kraja poro\u0111aja. To je u skladu i sa preporukama Svjetske zdravstvene organizacije i Vodi\u010dem Federalnog ministarstva zdravstva &#8211; rekla je Tatarevi\u0107.<\/p>\n<p>Udru\u017eenje \u201cBaby Steps\u201d godinama radi sa trudnicama i porodiljama, a pratnja na porodu se iznova pokazuje kao njihova najve\u0107a \u017eelja i potreba. U aprilu ove godine predali su inicijativu Parlamentu Federacije BiH da bi pratnja bila prepoznata kao pravo koje sve zdravstvene ustanove u FBiH moraju omogu\u0107iti, a smatraju da pravo na pratnju doprinosi i borbi protiv korupcije jer prisustvo tre\u0107e osobe pove\u0107ava transparentnost i odgovornost osoblja.<\/p>\n","protected":false},"excerpt":{"rendered":"<p>Udru\u017eenje &#8216;Baby Steps&#8217; fokusirano je na Parlament Federacije BiH i smatraju da je to najadekvatniji&hellip;<\/p>\n","protected":false},"author":4,"featured_media":153875,"comment_status":"closed","ping_status":"closed","sticky":false,"template":"","format":"standard","meta":{"_acf_changed":false,"footnotes":""},"categories":[291,304],"tags":[1948,12580],"acf":[],"yoast_head":"<!-- This site is optimized with the Yoast SEO plugin v23.5 - https:\/\/yoast.com\/wordpress\/plugins\/seo\/ -->\n<title>Poziv Parlamentu FBiH: Osigurajte pratnju na porodu u svim javnim porodili\u0161tima - TuzlaInfo.ba<\/title>\n<meta name=\"robots\" content=\"index, follow, max-snippet:-1, max-image-preview:large, max-video-preview:-1\" \/>\n<link rel=\"canonical\" href=\"https:\/\/tuzlainfo.ba\/index.php\/bosna-i-hercegovina\/item\/276211-poziv-parlamentu-fbih-osigurajte-pratnju-na-porodu-u-svim-javnim-porodilistima\/\" \/>\n<meta property=\"og:locale\" content=\"bs_BA\" \/>\n<meta property=\"og:type\" content=\"article\" \/>\n<meta property=\"og:title\" content=\"Poziv Parlamentu FBiH: Osigurajte pratnju na porodu u svim javnim porodili\u0161tima - TuzlaInfo.ba\" \/>\n<meta property=\"og:description\" content=\"Udru\u017eenje &#8216;Baby Steps&#8217; fokusirano je na Parlament Federacije BiH i smatraju da je to najadekvatniji&hellip;\" \/>\n<meta property=\"og:url\" content=\"https:\/\/tuzlainfo.ba\/index.php\/bosna-i-hercegovina\/item\/276211-poziv-parlamentu-fbih-osigurajte-pratnju-na-porodu-u-svim-javnim-porodilistima\/\" \/>\n<meta property=\"og:site_name\" content=\"TuzlaInfo.ba\" \/>\n<meta property=\"article:publisher\" content=\"https:\/\/www.facebook.com\/tuzlainfo.ba\/\" \/>\n<meta property=\"article:published_time\" content=\"2025-08-07T11:06:33+00:00\" \/>\n<meta property=\"article:modified_time\" content=\"2025-08-07T06:25:00+00:00\" \/>\n<meta property=\"og:image\" content=\"https:\/\/tuzlainfo.ba\/wp-content\/uploads\/2021\/11\/0911_beba-ruka-i-majka.jpg\" \/>\n\t<meta property=\"og:image:width\" content=\"900\" \/>\n\t<meta property=\"og:image:height\" content=\"599\" \/>\n\t<meta property=\"og:image:type\" content=\"image\/jpeg\" \/>\n<meta name=\"author\" content=\"Tuzla Info\" \/>\n<meta name=\"twitter:card\" content=\"summary_large_image\" \/>\n<meta name=\"twitter:label1\" content=\"Written by\" \/>\n\t<meta name=\"twitter:data1\" content=\"Tuzla Info\" \/>\n\t<meta name=\"twitter:label2\" content=\"Est. reading time\" \/>\n\t<meta name=\"twitter:data2\" content=\"3 minute\" \/>\n<script type=\"application\/ld+json\" class=\"yoast-schema-graph\">{\"@context\":\"https:\/\/schema.org\",\"@graph\":[{\"@type\":\"Article\",\"@id\":\"https:\/\/tuzlainfo.ba\/index.php\/bosna-i-hercegovina\/item\/276211-poziv-parlamentu-fbih-osigurajte-pratnju-na-porodu-u-svim-javnim-porodilistima\/#article\",\"isPartOf\":{\"@id\":\"https:\/\/tuzlainfo.ba\/index.php\/bosna-i-hercegovina\/item\/276211-poziv-parlamentu-fbih-osigurajte-pratnju-na-porodu-u-svim-javnim-porodilistima\/\"},\"author\":{\"name\":\"Tuzla Info\",\"@id\":\"https:\/\/tuzlainfo.ba\/#\/schema\/person\/46cad4c57790cbc50781edd14870825a\"},\"headline\":\"Poziv Parlamentu FBiH: Osigurajte pratnju na porodu u svim javnim porodili\u0161tima\",\"datePublished\":\"2025-08-07T11:06:33+00:00\",\"dateModified\":\"2025-08-07T06:25:00+00:00\",\"mainEntityOfPage\":{\"@id\":\"https:\/\/tuzlainfo.ba\/index.php\/bosna-i-hercegovina\/item\/276211-poziv-parlamentu-fbih-osigurajte-pratnju-na-porodu-u-svim-javnim-porodilistima\/\"},\"wordCount\":401,\"publisher\":{\"@id\":\"https:\/\/tuzlainfo.ba\/#organization\"},\"image\":{\"@id\":\"https:\/\/tuzlainfo.ba\/index.php\/bosna-i-hercegovina\/item\/276211-poziv-parlamentu-fbih-osigurajte-pratnju-na-porodu-u-svim-javnim-porodilistima\/#primaryimage\"},\"thumbnailUrl\":\"https:\/\/tuzlainfo.ba\/wp-content\/uploads\/2021\/11\/0911_beba-ruka-i-majka.jpg\",\"keywords\":[\"baby steps\",\"pratnja na porodu\"],\"articleSection\":[\"Bosna i Hercegovina\",\"Istaknuto\"],\"inLanguage\":\"bs-BA\"},{\"@type\":\"WebPage\",\"@id\":\"https:\/\/tuzlainfo.ba\/index.php\/bosna-i-hercegovina\/item\/276211-poziv-parlamentu-fbih-osigurajte-pratnju-na-porodu-u-svim-javnim-porodilistima\/\",\"url\":\"https:\/\/tuzlainfo.ba\/index.php\/bosna-i-hercegovina\/item\/276211-poziv-parlamentu-fbih-osigurajte-pratnju-na-porodu-u-svim-javnim-porodilistima\/\",\"name\":\"Poziv Parlamentu FBiH: Osigurajte pratnju na porodu u svim javnim porodili\u0161tima - TuzlaInfo.ba\",\"isPartOf\":{\"@id\":\"https:\/\/tuzlainfo.ba\/#website\"},\"primaryImageOfPage\":{\"@id\":\"https:\/\/tuzlainfo.ba\/index.php\/bosna-i-hercegovina\/item\/276211-poziv-parlamentu-fbih-osigurajte-pratnju-na-porodu-u-svim-javnim-porodilistima\/#primaryimage\"},\"image\":{\"@id\":\"https:\/\/tuzlainfo.ba\/index.php\/bosna-i-hercegovina\/item\/276211-poziv-parlamentu-fbih-osigurajte-pratnju-na-porodu-u-svim-javnim-porodilistima\/#primaryimage\"},\"thumbnailUrl\":\"https:\/\/tuzlainfo.ba\/wp-content\/uploads\/2021\/11\/0911_beba-ruka-i-majka.jpg\",\"datePublished\":\"2025-08-07T11:06:33+00:00\",\"dateModified\":\"2025-08-07T06:25:00+00:00\",\"breadcrumb\":{\"@id\":\"https:\/\/tuzlainfo.ba\/index.php\/bosna-i-hercegovina\/item\/276211-poziv-parlamentu-fbih-osigurajte-pratnju-na-porodu-u-svim-javnim-porodilistima\/#breadcrumb\"},\"inLanguage\":\"bs-BA\",\"potentialAction\":[{\"@type\":\"ReadAction\",\"target\":[\"https:\/\/tuzlainfo.ba\/index.php\/bosna-i-hercegovina\/item\/276211-poziv-parlamentu-fbih-osigurajte-pratnju-na-porodu-u-svim-javnim-porodilistima\/\"]}]},{\"@type\":\"ImageObject\",\"inLanguage\":\"bs-BA\",\"@id\":\"https:\/\/tuzlainfo.ba\/index.php\/bosna-i-hercegovina\/item\/276211-poziv-parlamentu-fbih-osigurajte-pratnju-na-porodu-u-svim-javnim-porodilistima\/#primaryimage\",\"url\":\"https:\/\/tuzlainfo.ba\/wp-content\/uploads\/2021\/11\/0911_beba-ruka-i-majka.jpg\",\"contentUrl\":\"https:\/\/tuzlainfo.ba\/wp-content\/uploads\/2021\/11\/0911_beba-ruka-i-majka.jpg\",\"width\":900,\"height\":599},{\"@type\":\"BreadcrumbList\",\"@id\":\"https:\/\/tuzlainfo.ba\/index.php\/bosna-i-hercegovina\/item\/276211-poziv-parlamentu-fbih-osigurajte-pratnju-na-porodu-u-svim-javnim-porodilistima\/#breadcrumb\",\"itemListElement\":[{\"@type\":\"ListItem\",\"position\":1,\"name\":\"Home\",\"item\":\"https:\/\/tuzlainfo.ba\/\"},{\"@type\":\"ListItem\",\"position\":2,\"name\":\"Poziv Parlamentu FBiH: Osigurajte pratnju na porodu u svim javnim porodili\u0161tima\"}]},{\"@type\":\"WebSite\",\"@id\":\"https:\/\/tuzlainfo.ba\/#website\",\"url\":\"https:\/\/tuzlainfo.ba\/\",\"name\":\"TuzlaInfo.ba\",\"description\":\"Tuzla info, gradski informator - Tuzla na dlanu\",\"publisher\":{\"@id\":\"https:\/\/tuzlainfo.ba\/#organization\"},\"potentialAction\":[{\"@type\":\"SearchAction\",\"target\":{\"@type\":\"EntryPoint\",\"urlTemplate\":\"https:\/\/tuzlainfo.ba\/?s={search_term_string}\"},\"query-input\":{\"@type\":\"PropertyValueSpecification\",\"valueRequired\":true,\"valueName\":\"search_term_string\"}}],\"inLanguage\":\"bs-BA\"},{\"@type\":\"Organization\",\"@id\":\"https:\/\/tuzlainfo.ba\/#organization\",\"name\":\"TuzlaInfo.ba\",\"url\":\"https:\/\/tuzlainfo.ba\/\",\"logo\":{\"@type\":\"ImageObject\",\"inLanguage\":\"bs-BA\",\"@id\":\"https:\/\/tuzlainfo.ba\/#\/schema\/logo\/image\/\",\"url\":\"https:\/\/tuzlainfo.ba\/wp-content\/uploads\/2021\/03\/logo-ver-3-1.png\",\"contentUrl\":\"https:\/\/tuzlainfo.ba\/wp-content\/uploads\/2021\/03\/logo-ver-3-1.png\",\"width\":350,\"height\":95,\"caption\":\"TuzlaInfo.ba\"},\"image\":{\"@id\":\"https:\/\/tuzlainfo.ba\/#\/schema\/logo\/image\/\"},\"sameAs\":[\"https:\/\/www.facebook.com\/tuzlainfo.ba\/\"]},{\"@type\":\"Person\",\"@id\":\"https:\/\/tuzlainfo.ba\/#\/schema\/person\/46cad4c57790cbc50781edd14870825a\",\"name\":\"Tuzla Info\",\"image\":{\"@type\":\"ImageObject\",\"inLanguage\":\"bs-BA\",\"@id\":\"https:\/\/tuzlainfo.ba\/#\/schema\/person\/image\/\",\"url\":\"https:\/\/tuzlainfo.ba\/wp-content\/litespeed\/avatar\/b6c453a6c38e3654f2e4416c643fc25c.jpg?ver=1777051911\",\"contentUrl\":\"https:\/\/tuzlainfo.ba\/wp-content\/litespeed\/avatar\/b6c453a6c38e3654f2e4416c643fc25c.jpg?ver=1777051911\",\"caption\":\"Tuzla Info\"}}]}<\/script>\n<!-- \/ Yoast SEO plugin. -->","yoast_head_json":{"title":"Poziv Parlamentu FBiH: Osigurajte pratnju na porodu u svim javnim porodili\u0161tima - TuzlaInfo.ba","robots":{"index":"index","follow":"follow","max-snippet":"max-snippet:-1","max-image-preview":"max-image-preview:large","max-video-preview":"max-video-preview:-1"},"canonical":"https:\/\/tuzlainfo.ba\/index.php\/bosna-i-hercegovina\/item\/276211-poziv-parlamentu-fbih-osigurajte-pratnju-na-porodu-u-svim-javnim-porodilistima\/","og_locale":"bs_BA","og_type":"article","og_title":"Poziv Parlamentu FBiH: Osigurajte pratnju na porodu u svim javnim porodili\u0161tima - TuzlaInfo.ba","og_description":"Udru\u017eenje &#8216;Baby Steps&#8217; fokusirano je na Parlament Federacije BiH i smatraju da je to najadekvatniji&hellip;","og_url":"https:\/\/tuzlainfo.ba\/index.php\/bosna-i-hercegovina\/item\/276211-poziv-parlamentu-fbih-osigurajte-pratnju-na-porodu-u-svim-javnim-porodilistima\/","og_site_name":"TuzlaInfo.ba","article_publisher":"https:\/\/www.facebook.com\/tuzlainfo.ba\/","article_published_time":"2025-08-07T11:06:33+00:00","article_modified_time":"2025-08-07T06:25:00+00:00","og_image":[{"width":900,"height":599,"url":"https:\/\/tuzlainfo.ba\/wp-content\/uploads\/2021\/11\/0911_beba-ruka-i-majka.jpg","type":"image\/jpeg"}],"author":"Tuzla Info","twitter_card":"summary_large_image","twitter_misc":{"Written by":"Tuzla Info","Est. reading time":"3 minute"},"schema":{"@context":"https:\/\/schema.org","@graph":[{"@type":"Article","@id":"https:\/\/tuzlainfo.ba\/index.php\/bosna-i-hercegovina\/item\/276211-poziv-parlamentu-fbih-osigurajte-pratnju-na-porodu-u-svim-javnim-porodilistima\/#article","isPartOf":{"@id":"https:\/\/tuzlainfo.ba\/index.php\/bosna-i-hercegovina\/item\/276211-poziv-parlamentu-fbih-osigurajte-pratnju-na-porodu-u-svim-javnim-porodilistima\/"},"author":{"name":"Tuzla Info","@id":"https:\/\/tuzlainfo.ba\/#\/schema\/person\/46cad4c57790cbc50781edd14870825a"},"headline":"Poziv Parlamentu FBiH: Osigurajte pratnju na porodu u svim javnim porodili\u0161tima","datePublished":"2025-08-07T11:06:33+00:00","dateModified":"2025-08-07T06:25:00+00:00","mainEntityOfPage":{"@id":"https:\/\/tuzlainfo.ba\/index.php\/bosna-i-hercegovina\/item\/276211-poziv-parlamentu-fbih-osigurajte-pratnju-na-porodu-u-svim-javnim-porodilistima\/"},"wordCount":401,"publisher":{"@id":"https:\/\/tuzlainfo.ba\/#organization"},"image":{"@id":"https:\/\/tuzlainfo.ba\/index.php\/bosna-i-hercegovina\/item\/276211-poziv-parlamentu-fbih-osigurajte-pratnju-na-porodu-u-svim-javnim-porodilistima\/#primaryimage"},"thumbnailUrl":"https:\/\/tuzlainfo.ba\/wp-content\/uploads\/2021\/11\/0911_beba-ruka-i-majka.jpg","keywords":["baby steps","pratnja na porodu"],"articleSection":["Bosna i Hercegovina","Istaknuto"],"inLanguage":"bs-BA"},{"@type":"WebPage","@id":"https:\/\/tuzlainfo.ba\/index.php\/bosna-i-hercegovina\/item\/276211-poziv-parlamentu-fbih-osigurajte-pratnju-na-porodu-u-svim-javnim-porodilistima\/","url":"https:\/\/tuzlainfo.ba\/index.php\/bosna-i-hercegovina\/item\/276211-poziv-parlamentu-fbih-osigurajte-pratnju-na-porodu-u-svim-javnim-porodilistima\/","name":"Poziv Parlamentu FBiH: Osigurajte pratnju na porodu u svim javnim porodili\u0161tima - TuzlaInfo.ba","isPartOf":{"@id":"https:\/\/tuzlainfo.ba\/#website"},"primaryImageOfPage":{"@id":"https:\/\/tuzlainfo.ba\/index.php\/bosna-i-hercegovina\/item\/276211-poziv-parlamentu-fbih-osigurajte-pratnju-na-porodu-u-svim-javnim-porodilistima\/#primaryimage"},"image":{"@id":"https:\/\/tuzlainfo.ba\/index.php\/bosna-i-hercegovina\/item\/276211-poziv-parlamentu-fbih-osigurajte-pratnju-na-porodu-u-svim-javnim-porodilistima\/#primaryimage"},"thumbnailUrl":"https:\/\/tuzlainfo.ba\/wp-content\/uploads\/2021\/11\/0911_beba-ruka-i-majka.jpg","datePublished":"2025-08-07T11:06:33+00:00","dateModified":"2025-08-07T06:25:00+00:00","breadcrumb":{"@id":"https:\/\/tuzlainfo.ba\/index.php\/bosna-i-hercegovina\/item\/276211-poziv-parlamentu-fbih-osigurajte-pratnju-na-porodu-u-svim-javnim-porodilistima\/#breadcrumb"},"inLanguage":"bs-BA","potentialAction":[{"@type":"ReadAction","target":["https:\/\/tuzlainfo.ba\/index.php\/bosna-i-hercegovina\/item\/276211-poziv-parlamentu-fbih-osigurajte-pratnju-na-porodu-u-svim-javnim-porodilistima\/"]}]},{"@type":"ImageObject","inLanguage":"bs-BA","@id":"https:\/\/tuzlainfo.ba\/index.php\/bosna-i-hercegovina\/item\/276211-poziv-parlamentu-fbih-osigurajte-pratnju-na-porodu-u-svim-javnim-porodilistima\/#primaryimage","url":"https:\/\/tuzlainfo.ba\/wp-content\/uploads\/2021\/11\/0911_beba-ruka-i-majka.jpg","contentUrl":"https:\/\/tuzlainfo.ba\/wp-content\/uploads\/2021\/11\/0911_beba-ruka-i-majka.jpg","width":900,"height":599},{"@type":"BreadcrumbList","@id":"https:\/\/tuzlainfo.ba\/index.php\/bosna-i-hercegovina\/item\/276211-poziv-parlamentu-fbih-osigurajte-pratnju-na-porodu-u-svim-javnim-porodilistima\/#breadcrumb","itemListElement":[{"@type":"ListItem","position":1,"name":"Home","item":"https:\/\/tuzlainfo.ba\/"},{"@type":"ListItem","position":2,"name":"Poziv Parlamentu FBiH: Osigurajte pratnju na porodu u svim javnim porodili\u0161tima"}]},{"@type":"WebSite","@id":"https:\/\/tuzlainfo.ba\/#website","url":"https:\/\/tuzlainfo.ba\/","name":"TuzlaInfo.ba","description":"Tuzla info, gradski informator - Tuzla na dlanu","publisher":{"@id":"https:\/\/tuzlainfo.ba\/#organization"},"potentialAction":[{"@type":"SearchAction","target":{"@type":"EntryPoint","urlTemplate":"https:\/\/tuzlainfo.ba\/?s={search_term_string}"},"query-input":{"@type":"PropertyValueSpecification","valueRequired":true,"valueName":"search_term_string"}}],"inLanguage":"bs-BA"},{"@type":"Organization","@id":"https:\/\/tuzlainfo.ba\/#organization","name":"TuzlaInfo.ba","url":"https:\/\/tuzlainfo.ba\/","logo":{"@type":"ImageObject","inLanguage":"bs-BA","@id":"https:\/\/tuzlainfo.ba\/#\/schema\/logo\/image\/","url":"https:\/\/tuzlainfo.ba\/wp-content\/uploads\/2021\/03\/logo-ver-3-1.png","contentUrl":"https:\/\/tuzlainfo.ba\/wp-content\/uploads\/2021\/03\/logo-ver-3-1.png","width":350,"height":95,"caption":"TuzlaInfo.ba"},"image":{"@id":"https:\/\/tuzlainfo.ba\/#\/schema\/logo\/image\/"},"sameAs":["https:\/\/www.facebook.com\/tuzlainfo.ba\/"]},{"@type":"Person","@id":"https:\/\/tuzlainfo.ba\/#\/schema\/person\/46cad4c57790cbc50781edd14870825a","name":"Tuzla Info","image":{"@type":"ImageObject","inLanguage":"bs-BA","@id":"https:\/\/tuzlainfo.ba\/#\/schema\/person\/image\/","url":"https:\/\/tuzlainfo.ba\/wp-content\/litespeed\/avatar\/b6c453a6c38e3654f2e4416c643fc25c.jpg?ver=1777051911","contentUrl":"https:\/\/tuzlainfo.ba\/wp-content\/litespeed\/avatar\/b6c453a6c38e3654f2e4416c643fc25c.jpg?ver=1777051911","caption":"Tuzla Info"}}]}},"_links":{"self":[{"href":"https:\/\/tuzlainfo.ba\/index.php\/wp-json\/wp\/v2\/posts\/276211"}],"collection":[{"href":"https:\/\/tuzlainfo.ba\/index.php\/wp-json\/wp\/v2\/posts"}],"about":[{"href":"https:\/\/tuzlainfo.ba\/index.php\/wp-json\/wp\/v2\/types\/post"}],"author":[{"embeddable":true,"href":"https:\/\/tuzlainfo.ba\/index.php\/wp-json\/wp\/v2\/users\/4"}],"replies":[{"embeddable":true,"href":"https:\/\/tuzlainfo.ba\/index.php\/wp-json\/wp\/v2\/comments?post=276211"}],"version-history":[{"count":1,"href":"https:\/\/tuzlainfo.ba\/index.php\/wp-json\/wp\/v2\/posts\/276211\/revisions"}],"predecessor-version":[{"id":276212,"href":"https:\/\/tuzlainfo.ba\/index.php\/wp-json\/wp\/v2\/posts\/276211\/revisions\/276212"}],"wp:featuredmedia":[{"embeddable":true,"href":"https:\/\/tuzlainfo.ba\/index.php\/wp-json\/wp\/v2\/media\/153875"}],"wp:attachment":[{"href":"https:\/\/tuzlainfo.ba\/index.php\/wp-json\/wp\/v2\/media?parent=276211"}],"wp:term":[{"taxonomy":"category","embeddable":true,"href":"https:\/\/tuzlainfo.ba\/index.php\/wp-json\/wp\/v2\/categories?post=276211"},{"taxonomy":"post_tag","embeddable":true,"href":"https:\/\/tuzlainfo.ba\/index.php\/wp-json\/wp\/v2\/tags?post=276211"}],"curies":[{"name":"wp","href":"https:\/\/api.w.org\/{rel}","templated":true}]}}