{"id":275688,"date":"2025-08-02T10:04:00","date_gmt":"2025-08-02T08:04:00","guid":{"rendered":"https:\/\/tuzlainfo.ba\/?p=275688"},"modified":"2025-07-31T14:20:19","modified_gmt":"2025-07-31T12:20:19","slug":"romi-danas-obiljezavaju-alidjun","status":"publish","type":"post","link":"https:\/\/tuzlainfo.ba\/index.php\/bosna-i-hercegovina\/item\/275688-romi-danas-obiljezavaju-alidjun\/","title":{"rendered":"Romi danas obilje\u017eavaju Ali\u0111un"},"content":{"rendered":"<p>Osim \u0161to ozna\u010dava kraj ljeta, Ali\u0111un nosi duboko historijsko zna\u010denje za Rome \u0161irom svijeta.<\/p>\n<p>Na ovaj dan 1944. godine, tokom Drugog svjetskog rata, u nacisti\u010dkom logoru Auschwitz, u tzv. \u201eCiganskom logoru\u201c (Zigeunerlager), ubijeno je 4.300 Roma i Sinta, uklju\u010duju\u0107i \u017eene, djecu i starije.<\/p>\n<p>Ta no\u0107 je ostala upam\u0107ena kao jedan od najstra\u0161nijih zlo\u010dina nad romskom zajednicom. U gasnim komorama je uni\u0161ten cijeli logorski blok u kojem su bili zatvoreni Romi. Ovaj \u010din je postao simbol genocida nad romskim narodom, koji je tokom Holokausta izgubio vi\u0161e od 500.000 \u017eivota.<\/p>\n<p>Ali\u0111un je, stoga, ne samo praznik prijelaza i duhovnog okupljanja, ve\u0107 i dan sje\u0107anja. Romi ga obilje\u017eavaju i kao podsjetnik na bolnu historiju, na \u017ertve koje su pale, i na potrebu za priznanjem patnje kroz koju su pro\u0161li. Iako se zlo\u010din nad Romima dugo ignorisao u \u0161irim historijskim narativima, posljednjih godina raste svijest o potrebi da se i ova strana Holokausta prizna i komemorira dostojanstveno.<\/p>\n<p>Za mnoge Rome, obilje\u017eavanje Ali\u0111una je i \u010din otpora \u2013 protiv zaborava, protiv diskriminacije i za o\u010duvanje identiteta. Manifestacije, komemoracije i okupljanja organizovana \u0161irom Evrope, uklju\u010duju\u0107i i Bosnu i Hercegovinu, sve su \u010de\u0161\u0107e usmjerena ka obrazovanju mladih i \u0161ire javnosti o onome \u0161to se desilo 2. augusta 1944.<\/p>\n<p>I danas se u nekim dijelovima Bosne i Hercegovine, posebno u manjim sredinama i me\u0111u starijim generacijama, Ali\u0111un obilje\u017eava kao dan okupljanja, porodi\u010dnog dru\u017eenja i sje\u0107anja na stare obi\u010daje. U mnogim mjestima taj dan ima i turisti\u010dki potencijal, jer okuplja ljude iz dijaspore i o\u017eivljava lokalne tradicije.<\/p>\n","protected":false},"excerpt":{"rendered":"<p>Osim \u0161to ozna\u010dava kraj ljeta, Ali\u0111un nosi duboko historijsko zna\u010denje za Rome \u0161irom svijeta. Na&hellip;<\/p>\n","protected":false},"author":8,"featured_media":212501,"comment_status":"closed","ping_status":"closed","sticky":false,"template":"","format":"standard","meta":{"_acf_changed":false,"footnotes":""},"categories":[291],"tags":[7808],"acf":[],"yoast_head":"<!-- This site is optimized with the Yoast SEO plugin v23.5 - https:\/\/yoast.com\/wordpress\/plugins\/seo\/ -->\n<title>Romi danas obilje\u017eavaju Ali\u0111un - TuzlaInfo.ba<\/title>\n<meta name=\"robots\" content=\"index, follow, max-snippet:-1, max-image-preview:large, max-video-preview:-1\" \/>\n<link rel=\"canonical\" href=\"https:\/\/tuzlainfo.ba\/index.php\/bosna-i-hercegovina\/item\/275688-romi-danas-obiljezavaju-alidjun\/\" \/>\n<meta property=\"og:locale\" content=\"bs_BA\" \/>\n<meta property=\"og:type\" content=\"article\" \/>\n<meta property=\"og:title\" content=\"Romi danas obilje\u017eavaju Ali\u0111un - TuzlaInfo.ba\" \/>\n<meta property=\"og:description\" content=\"Osim \u0161to ozna\u010dava kraj ljeta, Ali\u0111un nosi duboko historijsko zna\u010denje za Rome \u0161irom svijeta. Na&hellip;\" \/>\n<meta property=\"og:url\" content=\"https:\/\/tuzlainfo.ba\/index.php\/bosna-i-hercegovina\/item\/275688-romi-danas-obiljezavaju-alidjun\/\" \/>\n<meta property=\"og:site_name\" content=\"TuzlaInfo.ba\" \/>\n<meta property=\"article:publisher\" content=\"https:\/\/www.facebook.com\/tuzlainfo.ba\/\" \/>\n<meta property=\"article:published_time\" content=\"2025-08-02T08:04:00+00:00\" \/>\n<meta property=\"article:modified_time\" content=\"2025-07-31T12:20:19+00:00\" \/>\n<meta property=\"og:image\" content=\"https:\/\/tuzlainfo.ba\/wp-content\/uploads\/2023\/08\/romska-zastava.png\" \/>\n\t<meta property=\"og:image:width\" content=\"1024\" \/>\n\t<meta property=\"og:image:height\" content=\"576\" \/>\n\t<meta property=\"og:image:type\" content=\"image\/png\" \/>\n<meta name=\"author\" content=\"Admin Tri\" \/>\n<meta name=\"twitter:card\" content=\"summary_large_image\" \/>\n<meta name=\"twitter:label1\" content=\"Written by\" \/>\n\t<meta name=\"twitter:data1\" content=\"Admin Tri\" \/>\n\t<meta name=\"twitter:label2\" content=\"Est. reading time\" \/>\n\t<meta name=\"twitter:data2\" content=\"2 minute\" \/>\n<script type=\"application\/ld+json\" class=\"yoast-schema-graph\">{\"@context\":\"https:\/\/schema.org\",\"@graph\":[{\"@type\":\"Article\",\"@id\":\"https:\/\/tuzlainfo.ba\/index.php\/bosna-i-hercegovina\/item\/275688-romi-danas-obiljezavaju-alidjun\/#article\",\"isPartOf\":{\"@id\":\"https:\/\/tuzlainfo.ba\/index.php\/bosna-i-hercegovina\/item\/275688-romi-danas-obiljezavaju-alidjun\/\"},\"author\":{\"name\":\"Admin Tri\",\"@id\":\"https:\/\/tuzlainfo.ba\/#\/schema\/person\/593e78a2f6378c5ba3e7600ecfa4e63a\"},\"headline\":\"Romi danas obilje\u017eavaju Ali\u0111un\",\"datePublished\":\"2025-08-02T08:04:00+00:00\",\"dateModified\":\"2025-07-31T12:20:19+00:00\",\"mainEntityOfPage\":{\"@id\":\"https:\/\/tuzlainfo.ba\/index.php\/bosna-i-hercegovina\/item\/275688-romi-danas-obiljezavaju-alidjun\/\"},\"wordCount\":279,\"publisher\":{\"@id\":\"https:\/\/tuzlainfo.ba\/#organization\"},\"image\":{\"@id\":\"https:\/\/tuzlainfo.ba\/index.php\/bosna-i-hercegovina\/item\/275688-romi-danas-obiljezavaju-alidjun\/#primaryimage\"},\"thumbnailUrl\":\"https:\/\/tuzlainfo.ba\/wp-content\/uploads\/2023\/08\/romska-zastava.png\",\"keywords\":[\"ali\u0111un\"],\"articleSection\":[\"Bosna i Hercegovina\"],\"inLanguage\":\"bs-BA\"},{\"@type\":\"WebPage\",\"@id\":\"https:\/\/tuzlainfo.ba\/index.php\/bosna-i-hercegovina\/item\/275688-romi-danas-obiljezavaju-alidjun\/\",\"url\":\"https:\/\/tuzlainfo.ba\/index.php\/bosna-i-hercegovina\/item\/275688-romi-danas-obiljezavaju-alidjun\/\",\"name\":\"Romi danas obilje\u017eavaju Ali\u0111un - TuzlaInfo.ba\",\"isPartOf\":{\"@id\":\"https:\/\/tuzlainfo.ba\/#website\"},\"primaryImageOfPage\":{\"@id\":\"https:\/\/tuzlainfo.ba\/index.php\/bosna-i-hercegovina\/item\/275688-romi-danas-obiljezavaju-alidjun\/#primaryimage\"},\"image\":{\"@id\":\"https:\/\/tuzlainfo.ba\/index.php\/bosna-i-hercegovina\/item\/275688-romi-danas-obiljezavaju-alidjun\/#primaryimage\"},\"thumbnailUrl\":\"https:\/\/tuzlainfo.ba\/wp-content\/uploads\/2023\/08\/romska-zastava.png\",\"datePublished\":\"2025-08-02T08:04:00+00:00\",\"dateModified\":\"2025-07-31T12:20:19+00:00\",\"breadcrumb\":{\"@id\":\"https:\/\/tuzlainfo.ba\/index.php\/bosna-i-hercegovina\/item\/275688-romi-danas-obiljezavaju-alidjun\/#breadcrumb\"},\"inLanguage\":\"bs-BA\",\"potentialAction\":[{\"@type\":\"ReadAction\",\"target\":[\"https:\/\/tuzlainfo.ba\/index.php\/bosna-i-hercegovina\/item\/275688-romi-danas-obiljezavaju-alidjun\/\"]}]},{\"@type\":\"ImageObject\",\"inLanguage\":\"bs-BA\",\"@id\":\"https:\/\/tuzlainfo.ba\/index.php\/bosna-i-hercegovina\/item\/275688-romi-danas-obiljezavaju-alidjun\/#primaryimage\",\"url\":\"https:\/\/tuzlainfo.ba\/wp-content\/uploads\/2023\/08\/romska-zastava.png\",\"contentUrl\":\"https:\/\/tuzlainfo.ba\/wp-content\/uploads\/2023\/08\/romska-zastava.png\",\"width\":1024,\"height\":576},{\"@type\":\"BreadcrumbList\",\"@id\":\"https:\/\/tuzlainfo.ba\/index.php\/bosna-i-hercegovina\/item\/275688-romi-danas-obiljezavaju-alidjun\/#breadcrumb\",\"itemListElement\":[{\"@type\":\"ListItem\",\"position\":1,\"name\":\"Home\",\"item\":\"https:\/\/tuzlainfo.ba\/\"},{\"@type\":\"ListItem\",\"position\":2,\"name\":\"Romi danas obilje\u017eavaju Ali\u0111un\"}]},{\"@type\":\"WebSite\",\"@id\":\"https:\/\/tuzlainfo.ba\/#website\",\"url\":\"https:\/\/tuzlainfo.ba\/\",\"name\":\"TuzlaInfo.ba\",\"description\":\"Tuzla info, gradski informator - Tuzla na dlanu\",\"publisher\":{\"@id\":\"https:\/\/tuzlainfo.ba\/#organization\"},\"potentialAction\":[{\"@type\":\"SearchAction\",\"target\":{\"@type\":\"EntryPoint\",\"urlTemplate\":\"https:\/\/tuzlainfo.ba\/?s={search_term_string}\"},\"query-input\":{\"@type\":\"PropertyValueSpecification\",\"valueRequired\":true,\"valueName\":\"search_term_string\"}}],\"inLanguage\":\"bs-BA\"},{\"@type\":\"Organization\",\"@id\":\"https:\/\/tuzlainfo.ba\/#organization\",\"name\":\"TuzlaInfo.ba\",\"url\":\"https:\/\/tuzlainfo.ba\/\",\"logo\":{\"@type\":\"ImageObject\",\"inLanguage\":\"bs-BA\",\"@id\":\"https:\/\/tuzlainfo.ba\/#\/schema\/logo\/image\/\",\"url\":\"https:\/\/tuzlainfo.ba\/wp-content\/uploads\/2021\/03\/logo-ver-3-1.png\",\"contentUrl\":\"https:\/\/tuzlainfo.ba\/wp-content\/uploads\/2021\/03\/logo-ver-3-1.png\",\"width\":350,\"height\":95,\"caption\":\"TuzlaInfo.ba\"},\"image\":{\"@id\":\"https:\/\/tuzlainfo.ba\/#\/schema\/logo\/image\/\"},\"sameAs\":[\"https:\/\/www.facebook.com\/tuzlainfo.ba\/\"]},{\"@type\":\"Person\",\"@id\":\"https:\/\/tuzlainfo.ba\/#\/schema\/person\/593e78a2f6378c5ba3e7600ecfa4e63a\",\"name\":\"Admin Tri\",\"image\":{\"@type\":\"ImageObject\",\"inLanguage\":\"bs-BA\",\"@id\":\"https:\/\/tuzlainfo.ba\/#\/schema\/person\/image\/\",\"url\":\"https:\/\/tuzlainfo.ba\/wp-content\/litespeed\/avatar\/b7920db4cc34a71ad12497283ad2fe3f.jpg?ver=1777100914\",\"contentUrl\":\"https:\/\/tuzlainfo.ba\/wp-content\/litespeed\/avatar\/b7920db4cc34a71ad12497283ad2fe3f.jpg?ver=1777100914\",\"caption\":\"Admin Tri\"},\"sameAs\":[\"https:\/\/tuzlainfo.ba\"]}]}<\/script>\n<!-- \/ Yoast SEO plugin. -->","yoast_head_json":{"title":"Romi danas obilje\u017eavaju Ali\u0111un - TuzlaInfo.ba","robots":{"index":"index","follow":"follow","max-snippet":"max-snippet:-1","max-image-preview":"max-image-preview:large","max-video-preview":"max-video-preview:-1"},"canonical":"https:\/\/tuzlainfo.ba\/index.php\/bosna-i-hercegovina\/item\/275688-romi-danas-obiljezavaju-alidjun\/","og_locale":"bs_BA","og_type":"article","og_title":"Romi danas obilje\u017eavaju Ali\u0111un - TuzlaInfo.ba","og_description":"Osim \u0161to ozna\u010dava kraj ljeta, Ali\u0111un nosi duboko historijsko zna\u010denje za Rome \u0161irom svijeta. Na&hellip;","og_url":"https:\/\/tuzlainfo.ba\/index.php\/bosna-i-hercegovina\/item\/275688-romi-danas-obiljezavaju-alidjun\/","og_site_name":"TuzlaInfo.ba","article_publisher":"https:\/\/www.facebook.com\/tuzlainfo.ba\/","article_published_time":"2025-08-02T08:04:00+00:00","article_modified_time":"2025-07-31T12:20:19+00:00","og_image":[{"width":1024,"height":576,"url":"https:\/\/tuzlainfo.ba\/wp-content\/uploads\/2023\/08\/romska-zastava.png","type":"image\/png"}],"author":"Admin Tri","twitter_card":"summary_large_image","twitter_misc":{"Written by":"Admin Tri","Est. reading time":"2 minute"},"schema":{"@context":"https:\/\/schema.org","@graph":[{"@type":"Article","@id":"https:\/\/tuzlainfo.ba\/index.php\/bosna-i-hercegovina\/item\/275688-romi-danas-obiljezavaju-alidjun\/#article","isPartOf":{"@id":"https:\/\/tuzlainfo.ba\/index.php\/bosna-i-hercegovina\/item\/275688-romi-danas-obiljezavaju-alidjun\/"},"author":{"name":"Admin Tri","@id":"https:\/\/tuzlainfo.ba\/#\/schema\/person\/593e78a2f6378c5ba3e7600ecfa4e63a"},"headline":"Romi danas obilje\u017eavaju Ali\u0111un","datePublished":"2025-08-02T08:04:00+00:00","dateModified":"2025-07-31T12:20:19+00:00","mainEntityOfPage":{"@id":"https:\/\/tuzlainfo.ba\/index.php\/bosna-i-hercegovina\/item\/275688-romi-danas-obiljezavaju-alidjun\/"},"wordCount":279,"publisher":{"@id":"https:\/\/tuzlainfo.ba\/#organization"},"image":{"@id":"https:\/\/tuzlainfo.ba\/index.php\/bosna-i-hercegovina\/item\/275688-romi-danas-obiljezavaju-alidjun\/#primaryimage"},"thumbnailUrl":"https:\/\/tuzlainfo.ba\/wp-content\/uploads\/2023\/08\/romska-zastava.png","keywords":["ali\u0111un"],"articleSection":["Bosna i Hercegovina"],"inLanguage":"bs-BA"},{"@type":"WebPage","@id":"https:\/\/tuzlainfo.ba\/index.php\/bosna-i-hercegovina\/item\/275688-romi-danas-obiljezavaju-alidjun\/","url":"https:\/\/tuzlainfo.ba\/index.php\/bosna-i-hercegovina\/item\/275688-romi-danas-obiljezavaju-alidjun\/","name":"Romi danas obilje\u017eavaju Ali\u0111un - TuzlaInfo.ba","isPartOf":{"@id":"https:\/\/tuzlainfo.ba\/#website"},"primaryImageOfPage":{"@id":"https:\/\/tuzlainfo.ba\/index.php\/bosna-i-hercegovina\/item\/275688-romi-danas-obiljezavaju-alidjun\/#primaryimage"},"image":{"@id":"https:\/\/tuzlainfo.ba\/index.php\/bosna-i-hercegovina\/item\/275688-romi-danas-obiljezavaju-alidjun\/#primaryimage"},"thumbnailUrl":"https:\/\/tuzlainfo.ba\/wp-content\/uploads\/2023\/08\/romska-zastava.png","datePublished":"2025-08-02T08:04:00+00:00","dateModified":"2025-07-31T12:20:19+00:00","breadcrumb":{"@id":"https:\/\/tuzlainfo.ba\/index.php\/bosna-i-hercegovina\/item\/275688-romi-danas-obiljezavaju-alidjun\/#breadcrumb"},"inLanguage":"bs-BA","potentialAction":[{"@type":"ReadAction","target":["https:\/\/tuzlainfo.ba\/index.php\/bosna-i-hercegovina\/item\/275688-romi-danas-obiljezavaju-alidjun\/"]}]},{"@type":"ImageObject","inLanguage":"bs-BA","@id":"https:\/\/tuzlainfo.ba\/index.php\/bosna-i-hercegovina\/item\/275688-romi-danas-obiljezavaju-alidjun\/#primaryimage","url":"https:\/\/tuzlainfo.ba\/wp-content\/uploads\/2023\/08\/romska-zastava.png","contentUrl":"https:\/\/tuzlainfo.ba\/wp-content\/uploads\/2023\/08\/romska-zastava.png","width":1024,"height":576},{"@type":"BreadcrumbList","@id":"https:\/\/tuzlainfo.ba\/index.php\/bosna-i-hercegovina\/item\/275688-romi-danas-obiljezavaju-alidjun\/#breadcrumb","itemListElement":[{"@type":"ListItem","position":1,"name":"Home","item":"https:\/\/tuzlainfo.ba\/"},{"@type":"ListItem","position":2,"name":"Romi danas obilje\u017eavaju Ali\u0111un"}]},{"@type":"WebSite","@id":"https:\/\/tuzlainfo.ba\/#website","url":"https:\/\/tuzlainfo.ba\/","name":"TuzlaInfo.ba","description":"Tuzla info, gradski informator - Tuzla na dlanu","publisher":{"@id":"https:\/\/tuzlainfo.ba\/#organization"},"potentialAction":[{"@type":"SearchAction","target":{"@type":"EntryPoint","urlTemplate":"https:\/\/tuzlainfo.ba\/?s={search_term_string}"},"query-input":{"@type":"PropertyValueSpecification","valueRequired":true,"valueName":"search_term_string"}}],"inLanguage":"bs-BA"},{"@type":"Organization","@id":"https:\/\/tuzlainfo.ba\/#organization","name":"TuzlaInfo.ba","url":"https:\/\/tuzlainfo.ba\/","logo":{"@type":"ImageObject","inLanguage":"bs-BA","@id":"https:\/\/tuzlainfo.ba\/#\/schema\/logo\/image\/","url":"https:\/\/tuzlainfo.ba\/wp-content\/uploads\/2021\/03\/logo-ver-3-1.png","contentUrl":"https:\/\/tuzlainfo.ba\/wp-content\/uploads\/2021\/03\/logo-ver-3-1.png","width":350,"height":95,"caption":"TuzlaInfo.ba"},"image":{"@id":"https:\/\/tuzlainfo.ba\/#\/schema\/logo\/image\/"},"sameAs":["https:\/\/www.facebook.com\/tuzlainfo.ba\/"]},{"@type":"Person","@id":"https:\/\/tuzlainfo.ba\/#\/schema\/person\/593e78a2f6378c5ba3e7600ecfa4e63a","name":"Admin Tri","image":{"@type":"ImageObject","inLanguage":"bs-BA","@id":"https:\/\/tuzlainfo.ba\/#\/schema\/person\/image\/","url":"https:\/\/tuzlainfo.ba\/wp-content\/litespeed\/avatar\/b7920db4cc34a71ad12497283ad2fe3f.jpg?ver=1777100914","contentUrl":"https:\/\/tuzlainfo.ba\/wp-content\/litespeed\/avatar\/b7920db4cc34a71ad12497283ad2fe3f.jpg?ver=1777100914","caption":"Admin Tri"},"sameAs":["https:\/\/tuzlainfo.ba"]}]}},"_links":{"self":[{"href":"https:\/\/tuzlainfo.ba\/index.php\/wp-json\/wp\/v2\/posts\/275688"}],"collection":[{"href":"https:\/\/tuzlainfo.ba\/index.php\/wp-json\/wp\/v2\/posts"}],"about":[{"href":"https:\/\/tuzlainfo.ba\/index.php\/wp-json\/wp\/v2\/types\/post"}],"author":[{"embeddable":true,"href":"https:\/\/tuzlainfo.ba\/index.php\/wp-json\/wp\/v2\/users\/8"}],"replies":[{"embeddable":true,"href":"https:\/\/tuzlainfo.ba\/index.php\/wp-json\/wp\/v2\/comments?post=275688"}],"version-history":[{"count":1,"href":"https:\/\/tuzlainfo.ba\/index.php\/wp-json\/wp\/v2\/posts\/275688\/revisions"}],"predecessor-version":[{"id":275689,"href":"https:\/\/tuzlainfo.ba\/index.php\/wp-json\/wp\/v2\/posts\/275688\/revisions\/275689"}],"wp:featuredmedia":[{"embeddable":true,"href":"https:\/\/tuzlainfo.ba\/index.php\/wp-json\/wp\/v2\/media\/212501"}],"wp:attachment":[{"href":"https:\/\/tuzlainfo.ba\/index.php\/wp-json\/wp\/v2\/media?parent=275688"}],"wp:term":[{"taxonomy":"category","embeddable":true,"href":"https:\/\/tuzlainfo.ba\/index.php\/wp-json\/wp\/v2\/categories?post=275688"},{"taxonomy":"post_tag","embeddable":true,"href":"https:\/\/tuzlainfo.ba\/index.php\/wp-json\/wp\/v2\/tags?post=275688"}],"curies":[{"name":"wp","href":"https:\/\/api.w.org\/{rel}","templated":true}]}}