{"id":275644,"date":"2025-08-03T14:06:41","date_gmt":"2025-08-03T12:06:41","guid":{"rendered":"https:\/\/tuzlainfo.ba\/?p=275644"},"modified":"2025-08-03T11:15:19","modified_gmt":"2025-08-03T09:15:19","slug":"sta-se-najvise-uvozi-a-sta-izvozi-iz-bih","status":"publish","type":"post","link":"https:\/\/tuzlainfo.ba\/index.php\/bosna-i-hercegovina\/item\/275644-sta-se-najvise-uvozi-a-sta-izvozi-iz-bih\/","title":{"rendered":"\u0160ta se najvi\u0161e uvozi, a \u0161ta izvozi iz BiH?"},"content":{"rendered":"<p>U periodu januar \u2013 juni 2025. godine ukupna vanjskotrgovinska razmjena Bosne i Hercegovine iznosila je 23,6 milijardi KM, \u0161to predstavlja rast od 4,83% u odnosu na isti period prethodne godine. Izvoz je dosegao 8,65 milijardi KM, dok je uvoz iznosio 14,95 milijardi KM. Ukupan deficit iznosi 6,3 milijardi maraka, \u0161to ukazuje na i dalje izra\u017eenu zavisnost doma\u0107e ekonomije o stranim tr\u017ei\u0161tima.<\/p>\n<p>\u201eUprkos blagom oporavku industrije, vanjski faktori poput slabije globalne potra\u017enje i fragmentacije lanaca snabdijevanja i dalje ote\u017eavaju poziciju na\u0161e privrede. Pove\u0107ani izvoz svakako je pozitivan signal, ali rast uvoza koji prati porast doma\u0107e potro\u0161nje pokazuje koliko je struktura doma\u0107e proizvodnje i dalje ranjiva\u201c, rekao je Slavi\u0161a \u0106erani\u0107, direktor Sektora za makroekonomski sistem Vanjskotrgovinske komore BiH.<\/p>\n<p>Evropska unija ostaje najzna\u010dajniji trgovinski partner Bosne i Hercegovine, sa udjelom od 66% u izvozu i gotovo 68% u uvozu. Istovremeno, sve vi\u0161e ja\u010da i razmjena unutar CEFTA-e, \u0161to pokazuje va\u017enost regionalne saradnje. Ukupan izvoz u zemlje CEFTA-e iznosio je 1,42 milijarde KM, dok je uvoz bio 2,34 milijarde KM.<\/p>\n<p>\u201eNajve\u0107i pojedina\u010dni problem ostaje prehrambeni sektor, gdje samo uvoz mesa stvara negativni saldo od preko 245 miliona KM. Kada tome dodamo i razmjenu pi\u0107a, koja uklju\u010duje prekomjerni uvoz vode, zasla\u0111iva\u010da i alkoholnih pi\u0107a, dolazimo do 228 miliona KM deficita samo u tom segmentu. Jasno je da je doma\u0107a prehrambena industrija pod sna\u017enim pritiskom uvoznih proizvoda\u201c, upozorava Belma Alihod\u017ei\u0107 iz Vanjskotrgovinske komore.<\/p>\n<p>Metalska i elektroindustrija ostvarile su najve\u0107i obim izvoza. Sektor ma\u0161ina, aparata i ure\u0111aja izvezao je robu u vrijednosti od 2,2 milijarde KM, od \u010dega \u010dak 1,5 milijardi dolazi iz elektroindustrije. Automobilska industrija bilje\u017ei izvoz od 380 miliona KM, dok je namjenska industrija imala rast izvoza od 31%, dosegnuv\u0161i 311 miliona KM u prvom polugodi\u0161tu.<\/p>\n<p>\u201eSuficit je ostvaren jedino u drvnoj industriji, gdje zajedno s namje\u0161tajem i grafi\u010dkom industrijom iznosi 590 miliona KM. Tu su, uz tekstilnu i IT industriju, na\u0161e najve\u0107e \u0161anse za stvaranje proizvoda sa vi\u0161om dodanom vrijedno\u0161\u0107u\u201c, istakla je Alihod\u017ei\u0107.<\/p>\n<p>Za naredne mjesece o\u010dekuje se zadr\u017eavanje dosada\u0161njeg tempa trgovinske razmjene. Uz rast plata i priliva doznaka iz inostranstva, moglo bi do\u0107i do dodatnog porasta doma\u0107e potro\u0161nje i posljedi\u010dno uvoza.<\/p>\n<p>\u201eZa ozbiljniji pomak u izvozu, potrebno je sistemski ja\u010dati konkurentnost na\u0161ih proizvoda, posebno u prehrambenom sektoru i industrijama koje mogu ponuditi vi\u0161i nivo finalne obrade. Izazov ostaje i diverzifikacija tr\u017ei\u0161ta, gdje BiH mora pove\u0107ati prisustvo na tzv. tre\u0107im tr\u017ei\u0161tima\u201c, zaklju\u010dio je \u0106erani\u0107.<\/p>\n","protected":false},"excerpt":{"rendered":"<p>U periodu januar \u2013 juni 2025. godine ukupna vanjskotrgovinska razmjena Bosne i Hercegovine iznosila je&hellip;<\/p>\n","protected":false},"author":8,"featured_media":275645,"comment_status":"closed","ping_status":"closed","sticky":false,"template":"","format":"standard","meta":{"_acf_changed":false,"footnotes":""},"categories":[291],"tags":[1818,3932],"acf":[],"yoast_head":"<!-- This site is optimized with the Yoast SEO plugin v23.5 - https:\/\/yoast.com\/wordpress\/plugins\/seo\/ -->\n<title>\u0160ta se najvi\u0161e uvozi, a \u0161ta izvozi iz BiH? - TuzlaInfo.ba<\/title>\n<meta name=\"robots\" content=\"index, follow, max-snippet:-1, max-image-preview:large, max-video-preview:-1\" \/>\n<link rel=\"canonical\" href=\"https:\/\/tuzlainfo.ba\/index.php\/bosna-i-hercegovina\/item\/275644-sta-se-najvise-uvozi-a-sta-izvozi-iz-bih\/\" \/>\n<meta property=\"og:locale\" content=\"bs_BA\" \/>\n<meta property=\"og:type\" content=\"article\" \/>\n<meta property=\"og:title\" content=\"\u0160ta se najvi\u0161e uvozi, a \u0161ta izvozi iz BiH? - TuzlaInfo.ba\" \/>\n<meta property=\"og:description\" content=\"U periodu januar \u2013 juni 2025. godine ukupna vanjskotrgovinska razmjena Bosne i Hercegovine iznosila je&hellip;\" \/>\n<meta property=\"og:url\" content=\"https:\/\/tuzlainfo.ba\/index.php\/bosna-i-hercegovina\/item\/275644-sta-se-najvise-uvozi-a-sta-izvozi-iz-bih\/\" \/>\n<meta property=\"og:site_name\" content=\"TuzlaInfo.ba\" \/>\n<meta property=\"article:publisher\" content=\"https:\/\/www.facebook.com\/tuzlainfo.ba\/\" \/>\n<meta property=\"article:published_time\" content=\"2025-08-03T12:06:41+00:00\" \/>\n<meta property=\"article:modified_time\" content=\"2025-08-03T09:15:19+00:00\" \/>\n<meta property=\"og:image\" content=\"https:\/\/tuzlainfo.ba\/wp-content\/uploads\/2025\/07\/3007_vtk-podaci.webp\" \/>\n\t<meta property=\"og:image:width\" content=\"616\" \/>\n\t<meta property=\"og:image:height\" content=\"411\" \/>\n\t<meta property=\"og:image:type\" content=\"image\/webp\" \/>\n<meta name=\"author\" content=\"Admin Tri\" \/>\n<meta name=\"twitter:card\" content=\"summary_large_image\" \/>\n<meta name=\"twitter:label1\" content=\"Written by\" \/>\n\t<meta name=\"twitter:data1\" content=\"Admin Tri\" \/>\n\t<meta name=\"twitter:label2\" content=\"Est. reading time\" \/>\n\t<meta name=\"twitter:data2\" content=\"3 minute\" \/>\n<script type=\"application\/ld+json\" class=\"yoast-schema-graph\">{\"@context\":\"https:\/\/schema.org\",\"@graph\":[{\"@type\":\"Article\",\"@id\":\"https:\/\/tuzlainfo.ba\/index.php\/bosna-i-hercegovina\/item\/275644-sta-se-najvise-uvozi-a-sta-izvozi-iz-bih\/#article\",\"isPartOf\":{\"@id\":\"https:\/\/tuzlainfo.ba\/index.php\/bosna-i-hercegovina\/item\/275644-sta-se-najvise-uvozi-a-sta-izvozi-iz-bih\/\"},\"author\":{\"name\":\"Admin Tri\",\"@id\":\"https:\/\/tuzlainfo.ba\/#\/schema\/person\/593e78a2f6378c5ba3e7600ecfa4e63a\"},\"headline\":\"\u0160ta se najvi\u0161e uvozi, a \u0161ta izvozi iz BiH?\",\"datePublished\":\"2025-08-03T12:06:41+00:00\",\"dateModified\":\"2025-08-03T09:15:19+00:00\",\"mainEntityOfPage\":{\"@id\":\"https:\/\/tuzlainfo.ba\/index.php\/bosna-i-hercegovina\/item\/275644-sta-se-najvise-uvozi-a-sta-izvozi-iz-bih\/\"},\"wordCount\":437,\"publisher\":{\"@id\":\"https:\/\/tuzlainfo.ba\/#organization\"},\"image\":{\"@id\":\"https:\/\/tuzlainfo.ba\/index.php\/bosna-i-hercegovina\/item\/275644-sta-se-najvise-uvozi-a-sta-izvozi-iz-bih\/#primaryimage\"},\"thumbnailUrl\":\"https:\/\/tuzlainfo.ba\/wp-content\/uploads\/2025\/07\/3007_vtk-podaci.webp\",\"keywords\":[\"izvoz\",\"uvoz\"],\"articleSection\":[\"Bosna i Hercegovina\"],\"inLanguage\":\"bs-BA\"},{\"@type\":\"WebPage\",\"@id\":\"https:\/\/tuzlainfo.ba\/index.php\/bosna-i-hercegovina\/item\/275644-sta-se-najvise-uvozi-a-sta-izvozi-iz-bih\/\",\"url\":\"https:\/\/tuzlainfo.ba\/index.php\/bosna-i-hercegovina\/item\/275644-sta-se-najvise-uvozi-a-sta-izvozi-iz-bih\/\",\"name\":\"\u0160ta se najvi\u0161e uvozi, a \u0161ta izvozi iz BiH? - TuzlaInfo.ba\",\"isPartOf\":{\"@id\":\"https:\/\/tuzlainfo.ba\/#website\"},\"primaryImageOfPage\":{\"@id\":\"https:\/\/tuzlainfo.ba\/index.php\/bosna-i-hercegovina\/item\/275644-sta-se-najvise-uvozi-a-sta-izvozi-iz-bih\/#primaryimage\"},\"image\":{\"@id\":\"https:\/\/tuzlainfo.ba\/index.php\/bosna-i-hercegovina\/item\/275644-sta-se-najvise-uvozi-a-sta-izvozi-iz-bih\/#primaryimage\"},\"thumbnailUrl\":\"https:\/\/tuzlainfo.ba\/wp-content\/uploads\/2025\/07\/3007_vtk-podaci.webp\",\"datePublished\":\"2025-08-03T12:06:41+00:00\",\"dateModified\":\"2025-08-03T09:15:19+00:00\",\"breadcrumb\":{\"@id\":\"https:\/\/tuzlainfo.ba\/index.php\/bosna-i-hercegovina\/item\/275644-sta-se-najvise-uvozi-a-sta-izvozi-iz-bih\/#breadcrumb\"},\"inLanguage\":\"bs-BA\",\"potentialAction\":[{\"@type\":\"ReadAction\",\"target\":[\"https:\/\/tuzlainfo.ba\/index.php\/bosna-i-hercegovina\/item\/275644-sta-se-najvise-uvozi-a-sta-izvozi-iz-bih\/\"]}]},{\"@type\":\"ImageObject\",\"inLanguage\":\"bs-BA\",\"@id\":\"https:\/\/tuzlainfo.ba\/index.php\/bosna-i-hercegovina\/item\/275644-sta-se-najvise-uvozi-a-sta-izvozi-iz-bih\/#primaryimage\",\"url\":\"https:\/\/tuzlainfo.ba\/wp-content\/uploads\/2025\/07\/3007_vtk-podaci.webp\",\"contentUrl\":\"https:\/\/tuzlainfo.ba\/wp-content\/uploads\/2025\/07\/3007_vtk-podaci.webp\",\"width\":616,\"height\":411},{\"@type\":\"BreadcrumbList\",\"@id\":\"https:\/\/tuzlainfo.ba\/index.php\/bosna-i-hercegovina\/item\/275644-sta-se-najvise-uvozi-a-sta-izvozi-iz-bih\/#breadcrumb\",\"itemListElement\":[{\"@type\":\"ListItem\",\"position\":1,\"name\":\"Home\",\"item\":\"https:\/\/tuzlainfo.ba\/\"},{\"@type\":\"ListItem\",\"position\":2,\"name\":\"\u0160ta se najvi\u0161e uvozi, a \u0161ta izvozi iz BiH?\"}]},{\"@type\":\"WebSite\",\"@id\":\"https:\/\/tuzlainfo.ba\/#website\",\"url\":\"https:\/\/tuzlainfo.ba\/\",\"name\":\"TuzlaInfo.ba\",\"description\":\"Tuzla info, gradski informator - Tuzla na dlanu\",\"publisher\":{\"@id\":\"https:\/\/tuzlainfo.ba\/#organization\"},\"potentialAction\":[{\"@type\":\"SearchAction\",\"target\":{\"@type\":\"EntryPoint\",\"urlTemplate\":\"https:\/\/tuzlainfo.ba\/?s={search_term_string}\"},\"query-input\":{\"@type\":\"PropertyValueSpecification\",\"valueRequired\":true,\"valueName\":\"search_term_string\"}}],\"inLanguage\":\"bs-BA\"},{\"@type\":\"Organization\",\"@id\":\"https:\/\/tuzlainfo.ba\/#organization\",\"name\":\"TuzlaInfo.ba\",\"url\":\"https:\/\/tuzlainfo.ba\/\",\"logo\":{\"@type\":\"ImageObject\",\"inLanguage\":\"bs-BA\",\"@id\":\"https:\/\/tuzlainfo.ba\/#\/schema\/logo\/image\/\",\"url\":\"https:\/\/tuzlainfo.ba\/wp-content\/uploads\/2021\/03\/logo-ver-3-1.png\",\"contentUrl\":\"https:\/\/tuzlainfo.ba\/wp-content\/uploads\/2021\/03\/logo-ver-3-1.png\",\"width\":350,\"height\":95,\"caption\":\"TuzlaInfo.ba\"},\"image\":{\"@id\":\"https:\/\/tuzlainfo.ba\/#\/schema\/logo\/image\/\"},\"sameAs\":[\"https:\/\/www.facebook.com\/tuzlainfo.ba\/\"]},{\"@type\":\"Person\",\"@id\":\"https:\/\/tuzlainfo.ba\/#\/schema\/person\/593e78a2f6378c5ba3e7600ecfa4e63a\",\"name\":\"Admin Tri\",\"image\":{\"@type\":\"ImageObject\",\"inLanguage\":\"bs-BA\",\"@id\":\"https:\/\/tuzlainfo.ba\/#\/schema\/person\/image\/\",\"url\":\"https:\/\/tuzlainfo.ba\/wp-content\/litespeed\/avatar\/b7920db4cc34a71ad12497283ad2fe3f.jpg?ver=1777100914\",\"contentUrl\":\"https:\/\/tuzlainfo.ba\/wp-content\/litespeed\/avatar\/b7920db4cc34a71ad12497283ad2fe3f.jpg?ver=1777100914\",\"caption\":\"Admin Tri\"},\"sameAs\":[\"https:\/\/tuzlainfo.ba\"]}]}<\/script>\n<!-- \/ Yoast SEO plugin. -->","yoast_head_json":{"title":"\u0160ta se najvi\u0161e uvozi, a \u0161ta izvozi iz BiH? - TuzlaInfo.ba","robots":{"index":"index","follow":"follow","max-snippet":"max-snippet:-1","max-image-preview":"max-image-preview:large","max-video-preview":"max-video-preview:-1"},"canonical":"https:\/\/tuzlainfo.ba\/index.php\/bosna-i-hercegovina\/item\/275644-sta-se-najvise-uvozi-a-sta-izvozi-iz-bih\/","og_locale":"bs_BA","og_type":"article","og_title":"\u0160ta se najvi\u0161e uvozi, a \u0161ta izvozi iz BiH? - TuzlaInfo.ba","og_description":"U periodu januar \u2013 juni 2025. godine ukupna vanjskotrgovinska razmjena Bosne i Hercegovine iznosila je&hellip;","og_url":"https:\/\/tuzlainfo.ba\/index.php\/bosna-i-hercegovina\/item\/275644-sta-se-najvise-uvozi-a-sta-izvozi-iz-bih\/","og_site_name":"TuzlaInfo.ba","article_publisher":"https:\/\/www.facebook.com\/tuzlainfo.ba\/","article_published_time":"2025-08-03T12:06:41+00:00","article_modified_time":"2025-08-03T09:15:19+00:00","og_image":[{"width":616,"height":411,"url":"https:\/\/tuzlainfo.ba\/wp-content\/uploads\/2025\/07\/3007_vtk-podaci.webp","type":"image\/webp"}],"author":"Admin Tri","twitter_card":"summary_large_image","twitter_misc":{"Written by":"Admin Tri","Est. reading time":"3 minute"},"schema":{"@context":"https:\/\/schema.org","@graph":[{"@type":"Article","@id":"https:\/\/tuzlainfo.ba\/index.php\/bosna-i-hercegovina\/item\/275644-sta-se-najvise-uvozi-a-sta-izvozi-iz-bih\/#article","isPartOf":{"@id":"https:\/\/tuzlainfo.ba\/index.php\/bosna-i-hercegovina\/item\/275644-sta-se-najvise-uvozi-a-sta-izvozi-iz-bih\/"},"author":{"name":"Admin Tri","@id":"https:\/\/tuzlainfo.ba\/#\/schema\/person\/593e78a2f6378c5ba3e7600ecfa4e63a"},"headline":"\u0160ta se najvi\u0161e uvozi, a \u0161ta izvozi iz BiH?","datePublished":"2025-08-03T12:06:41+00:00","dateModified":"2025-08-03T09:15:19+00:00","mainEntityOfPage":{"@id":"https:\/\/tuzlainfo.ba\/index.php\/bosna-i-hercegovina\/item\/275644-sta-se-najvise-uvozi-a-sta-izvozi-iz-bih\/"},"wordCount":437,"publisher":{"@id":"https:\/\/tuzlainfo.ba\/#organization"},"image":{"@id":"https:\/\/tuzlainfo.ba\/index.php\/bosna-i-hercegovina\/item\/275644-sta-se-najvise-uvozi-a-sta-izvozi-iz-bih\/#primaryimage"},"thumbnailUrl":"https:\/\/tuzlainfo.ba\/wp-content\/uploads\/2025\/07\/3007_vtk-podaci.webp","keywords":["izvoz","uvoz"],"articleSection":["Bosna i Hercegovina"],"inLanguage":"bs-BA"},{"@type":"WebPage","@id":"https:\/\/tuzlainfo.ba\/index.php\/bosna-i-hercegovina\/item\/275644-sta-se-najvise-uvozi-a-sta-izvozi-iz-bih\/","url":"https:\/\/tuzlainfo.ba\/index.php\/bosna-i-hercegovina\/item\/275644-sta-se-najvise-uvozi-a-sta-izvozi-iz-bih\/","name":"\u0160ta se najvi\u0161e uvozi, a \u0161ta izvozi iz BiH? - TuzlaInfo.ba","isPartOf":{"@id":"https:\/\/tuzlainfo.ba\/#website"},"primaryImageOfPage":{"@id":"https:\/\/tuzlainfo.ba\/index.php\/bosna-i-hercegovina\/item\/275644-sta-se-najvise-uvozi-a-sta-izvozi-iz-bih\/#primaryimage"},"image":{"@id":"https:\/\/tuzlainfo.ba\/index.php\/bosna-i-hercegovina\/item\/275644-sta-se-najvise-uvozi-a-sta-izvozi-iz-bih\/#primaryimage"},"thumbnailUrl":"https:\/\/tuzlainfo.ba\/wp-content\/uploads\/2025\/07\/3007_vtk-podaci.webp","datePublished":"2025-08-03T12:06:41+00:00","dateModified":"2025-08-03T09:15:19+00:00","breadcrumb":{"@id":"https:\/\/tuzlainfo.ba\/index.php\/bosna-i-hercegovina\/item\/275644-sta-se-najvise-uvozi-a-sta-izvozi-iz-bih\/#breadcrumb"},"inLanguage":"bs-BA","potentialAction":[{"@type":"ReadAction","target":["https:\/\/tuzlainfo.ba\/index.php\/bosna-i-hercegovina\/item\/275644-sta-se-najvise-uvozi-a-sta-izvozi-iz-bih\/"]}]},{"@type":"ImageObject","inLanguage":"bs-BA","@id":"https:\/\/tuzlainfo.ba\/index.php\/bosna-i-hercegovina\/item\/275644-sta-se-najvise-uvozi-a-sta-izvozi-iz-bih\/#primaryimage","url":"https:\/\/tuzlainfo.ba\/wp-content\/uploads\/2025\/07\/3007_vtk-podaci.webp","contentUrl":"https:\/\/tuzlainfo.ba\/wp-content\/uploads\/2025\/07\/3007_vtk-podaci.webp","width":616,"height":411},{"@type":"BreadcrumbList","@id":"https:\/\/tuzlainfo.ba\/index.php\/bosna-i-hercegovina\/item\/275644-sta-se-najvise-uvozi-a-sta-izvozi-iz-bih\/#breadcrumb","itemListElement":[{"@type":"ListItem","position":1,"name":"Home","item":"https:\/\/tuzlainfo.ba\/"},{"@type":"ListItem","position":2,"name":"\u0160ta se najvi\u0161e uvozi, a \u0161ta izvozi iz BiH?"}]},{"@type":"WebSite","@id":"https:\/\/tuzlainfo.ba\/#website","url":"https:\/\/tuzlainfo.ba\/","name":"TuzlaInfo.ba","description":"Tuzla info, gradski informator - Tuzla na dlanu","publisher":{"@id":"https:\/\/tuzlainfo.ba\/#organization"},"potentialAction":[{"@type":"SearchAction","target":{"@type":"EntryPoint","urlTemplate":"https:\/\/tuzlainfo.ba\/?s={search_term_string}"},"query-input":{"@type":"PropertyValueSpecification","valueRequired":true,"valueName":"search_term_string"}}],"inLanguage":"bs-BA"},{"@type":"Organization","@id":"https:\/\/tuzlainfo.ba\/#organization","name":"TuzlaInfo.ba","url":"https:\/\/tuzlainfo.ba\/","logo":{"@type":"ImageObject","inLanguage":"bs-BA","@id":"https:\/\/tuzlainfo.ba\/#\/schema\/logo\/image\/","url":"https:\/\/tuzlainfo.ba\/wp-content\/uploads\/2021\/03\/logo-ver-3-1.png","contentUrl":"https:\/\/tuzlainfo.ba\/wp-content\/uploads\/2021\/03\/logo-ver-3-1.png","width":350,"height":95,"caption":"TuzlaInfo.ba"},"image":{"@id":"https:\/\/tuzlainfo.ba\/#\/schema\/logo\/image\/"},"sameAs":["https:\/\/www.facebook.com\/tuzlainfo.ba\/"]},{"@type":"Person","@id":"https:\/\/tuzlainfo.ba\/#\/schema\/person\/593e78a2f6378c5ba3e7600ecfa4e63a","name":"Admin Tri","image":{"@type":"ImageObject","inLanguage":"bs-BA","@id":"https:\/\/tuzlainfo.ba\/#\/schema\/person\/image\/","url":"https:\/\/tuzlainfo.ba\/wp-content\/litespeed\/avatar\/b7920db4cc34a71ad12497283ad2fe3f.jpg?ver=1777100914","contentUrl":"https:\/\/tuzlainfo.ba\/wp-content\/litespeed\/avatar\/b7920db4cc34a71ad12497283ad2fe3f.jpg?ver=1777100914","caption":"Admin Tri"},"sameAs":["https:\/\/tuzlainfo.ba"]}]}},"_links":{"self":[{"href":"https:\/\/tuzlainfo.ba\/index.php\/wp-json\/wp\/v2\/posts\/275644"}],"collection":[{"href":"https:\/\/tuzlainfo.ba\/index.php\/wp-json\/wp\/v2\/posts"}],"about":[{"href":"https:\/\/tuzlainfo.ba\/index.php\/wp-json\/wp\/v2\/types\/post"}],"author":[{"embeddable":true,"href":"https:\/\/tuzlainfo.ba\/index.php\/wp-json\/wp\/v2\/users\/8"}],"replies":[{"embeddable":true,"href":"https:\/\/tuzlainfo.ba\/index.php\/wp-json\/wp\/v2\/comments?post=275644"}],"version-history":[{"count":1,"href":"https:\/\/tuzlainfo.ba\/index.php\/wp-json\/wp\/v2\/posts\/275644\/revisions"}],"predecessor-version":[{"id":275646,"href":"https:\/\/tuzlainfo.ba\/index.php\/wp-json\/wp\/v2\/posts\/275644\/revisions\/275646"}],"wp:featuredmedia":[{"embeddable":true,"href":"https:\/\/tuzlainfo.ba\/index.php\/wp-json\/wp\/v2\/media\/275645"}],"wp:attachment":[{"href":"https:\/\/tuzlainfo.ba\/index.php\/wp-json\/wp\/v2\/media?parent=275644"}],"wp:term":[{"taxonomy":"category","embeddable":true,"href":"https:\/\/tuzlainfo.ba\/index.php\/wp-json\/wp\/v2\/categories?post=275644"},{"taxonomy":"post_tag","embeddable":true,"href":"https:\/\/tuzlainfo.ba\/index.php\/wp-json\/wp\/v2\/tags?post=275644"}],"curies":[{"name":"wp","href":"https:\/\/api.w.org\/{rel}","templated":true}]}}