{"id":275603,"date":"2025-07-30T15:41:00","date_gmt":"2025-07-30T13:41:00","guid":{"rendered":"https:\/\/tuzlainfo.ba\/?p=275603"},"modified":"2025-07-30T10:47:11","modified_gmt":"2025-07-30T08:47:11","slug":"vucic-brani-upad-na-univerzitet-napao-rasima-ljajica-predsjednik-partizana-je-drzavna-funkcija","status":"publish","type":"post","link":"https:\/\/tuzlainfo.ba\/index.php\/clanci\/sa-svih-strana\/item\/275603-vucic-brani-upad-na-univerzitet-napao-rasima-ljajica-predsjednik-partizana-je-drzavna-funkcija\/","title":{"rendered":"Vu\u010di\u0107 brani upad na univerzitet, napao Rasima Ljaji\u0107a: &#8220;Predsjednik Partizana je dr\u017eavna funkcija&#8221;"},"content":{"rendered":"<p>Nakon \u0161to su u no\u0107i s ponedjeljka na utorak maskirani ljudi, koje svjedoci opisuju kao Vu\u010di\u0107eve batina\u0161e, nasilno izbacili studente iz zgrade Univerziteta u Novom Pazaru, situacija u ovom gradu je eskalirala. Studenti su se u toku utorka vratili u prostorije nakon \u0161to se policija, koja ih ranije nije \u0161titila, povukla sa lica mjesta.<\/p>\n<p>U me\u0111uvremenu su po\u010dela i prva hap\u0161enja. Predsjednik Srbije Aleksandar Vu\u010di\u0107 oglasio se telefonskim putem na re\u017eimskoj televiziji Informer, gdje je izjavio da su uhap\u0161ene \u010detiri osobe.<\/p>\n<p>\u201eUhap\u0161eni su oni koji su primjenjivali nasilje nad policijom i nad svojim sugra\u0111anima. Hap\u0161enja \u0107e se nastaviti\u201c, poru\u010dio je Vu\u010di\u0107 u svom karakteristi\u010dnom tonu.<\/p>\n<p>Pored standardne politi\u010dke retorike i poku\u0161aja da fokus sa sukoba preusmjeri na druge teme, Vu\u010di\u0107 je iskoristio priliku da neizravno napadne Rasima Ljaji\u0107a, predsjednika FK Partizan i lidera stranke koja ima ve\u0107inu u Novom Pazaru. Na pitanje novinara za\u0161to Ljaji\u0107 ne poziva na smirenje situacije u svom gradu, Vu\u010di\u0107 je odgovorio:<\/p>\n<p>\u201eBiti predsjednik Partizana je jedna od deset najva\u017enijih funkcija u zemlji. Nema tu velike filozofije. Ti ljudi sjede u Vladi, imaju jedno od najva\u017enijih ministarstava, va\u017ene agencije, pustite vi te pri\u010de\u201c, rekao je Vu\u010di\u0107 dok je u pozadini emitovan snimak protesta.<\/p>\n<p>Iako Rasim Ljaji\u0107 ve\u0107 godinama nema zvani\u010dnu funkciju u srbijanskoj Vladi, Vu\u010di\u0107 ga je simboli\u010dno smjestio me\u0111u klju\u010dne ljude sistema, dodatno podgrijavaju\u0107i politi\u010dke tenzije u ionako zapaljivoj atmosferi.<\/p>\n","protected":false},"excerpt":{"rendered":"<p>Nakon \u0161to su u no\u0107i s ponedjeljka na utorak maskirani ljudi, koje svjedoci opisuju kao&hellip;<\/p>\n","protected":false},"author":8,"featured_media":207376,"comment_status":"closed","ping_status":"closed","sticky":false,"template":"","format":"standard","meta":{"_acf_changed":false,"footnotes":""},"categories":[16],"tags":[638,1317,2130,12550],"acf":[],"yoast_head":"<!-- This site is optimized with the Yoast SEO plugin v23.5 - https:\/\/yoast.com\/wordpress\/plugins\/seo\/ -->\n<title>Vu\u010di\u0107 brani upad na univerzitet, napao Rasima Ljaji\u0107a: &quot;Predsjednik Partizana je dr\u017eavna funkcija&quot; - TuzlaInfo.ba<\/title>\n<meta name=\"robots\" content=\"index, follow, max-snippet:-1, max-image-preview:large, max-video-preview:-1\" \/>\n<link rel=\"canonical\" href=\"https:\/\/tuzlainfo.ba\/index.php\/clanci\/sa-svih-strana\/item\/275603-vucic-brani-upad-na-univerzitet-napao-rasima-ljajica-predsjednik-partizana-je-drzavna-funkcija\/\" \/>\n<meta property=\"og:locale\" content=\"bs_BA\" \/>\n<meta property=\"og:type\" content=\"article\" \/>\n<meta property=\"og:title\" content=\"Vu\u010di\u0107 brani upad na univerzitet, napao Rasima Ljaji\u0107a: &quot;Predsjednik Partizana je dr\u017eavna funkcija&quot; - TuzlaInfo.ba\" \/>\n<meta property=\"og:description\" content=\"Nakon \u0161to su u no\u0107i s ponedjeljka na utorak maskirani ljudi, koje svjedoci opisuju kao&hellip;\" \/>\n<meta property=\"og:url\" content=\"https:\/\/tuzlainfo.ba\/index.php\/clanci\/sa-svih-strana\/item\/275603-vucic-brani-upad-na-univerzitet-napao-rasima-ljajica-predsjednik-partizana-je-drzavna-funkcija\/\" \/>\n<meta property=\"og:site_name\" content=\"TuzlaInfo.ba\" \/>\n<meta property=\"article:publisher\" content=\"https:\/\/www.facebook.com\/tuzlainfo.ba\/\" \/>\n<meta property=\"article:published_time\" content=\"2025-07-30T13:41:00+00:00\" \/>\n<meta property=\"article:modified_time\" content=\"2025-07-30T08:47:11+00:00\" \/>\n<meta property=\"og:image\" content=\"https:\/\/tuzlainfo.ba\/wp-content\/uploads\/2023\/06\/1306_vucic.jpg\" \/>\n\t<meta property=\"og:image:width\" content=\"902\" \/>\n\t<meta property=\"og:image:height\" content=\"647\" \/>\n\t<meta property=\"og:image:type\" content=\"image\/jpeg\" \/>\n<meta name=\"author\" content=\"Admin Tri\" \/>\n<meta name=\"twitter:card\" content=\"summary_large_image\" \/>\n<meta name=\"twitter:label1\" content=\"Written by\" \/>\n\t<meta name=\"twitter:data1\" content=\"Admin Tri\" \/>\n\t<meta name=\"twitter:label2\" content=\"Est. reading time\" \/>\n\t<meta name=\"twitter:data2\" content=\"2 minute\" \/>\n<script type=\"application\/ld+json\" class=\"yoast-schema-graph\">{\"@context\":\"https:\/\/schema.org\",\"@graph\":[{\"@type\":\"Article\",\"@id\":\"https:\/\/tuzlainfo.ba\/index.php\/clanci\/sa-svih-strana\/item\/275603-vucic-brani-upad-na-univerzitet-napao-rasima-ljajica-predsjednik-partizana-je-drzavna-funkcija\/#article\",\"isPartOf\":{\"@id\":\"https:\/\/tuzlainfo.ba\/index.php\/clanci\/sa-svih-strana\/item\/275603-vucic-brani-upad-na-univerzitet-napao-rasima-ljajica-predsjednik-partizana-je-drzavna-funkcija\/\"},\"author\":{\"name\":\"Admin Tri\",\"@id\":\"https:\/\/tuzlainfo.ba\/#\/schema\/person\/593e78a2f6378c5ba3e7600ecfa4e63a\"},\"headline\":\"Vu\u010di\u0107 brani upad na univerzitet, napao Rasima Ljaji\u0107a: &#8220;Predsjednik Partizana je dr\u017eavna funkcija&#8221;\",\"datePublished\":\"2025-07-30T13:41:00+00:00\",\"dateModified\":\"2025-07-30T08:47:11+00:00\",\"mainEntityOfPage\":{\"@id\":\"https:\/\/tuzlainfo.ba\/index.php\/clanci\/sa-svih-strana\/item\/275603-vucic-brani-upad-na-univerzitet-napao-rasima-ljajica-predsjednik-partizana-je-drzavna-funkcija\/\"},\"wordCount\":276,\"publisher\":{\"@id\":\"https:\/\/tuzlainfo.ba\/#organization\"},\"image\":{\"@id\":\"https:\/\/tuzlainfo.ba\/index.php\/clanci\/sa-svih-strana\/item\/275603-vucic-brani-upad-na-univerzitet-napao-rasima-ljajica-predsjednik-partizana-je-drzavna-funkcija\/#primaryimage\"},\"thumbnailUrl\":\"https:\/\/tuzlainfo.ba\/wp-content\/uploads\/2023\/06\/1306_vucic.jpg\",\"keywords\":[\"aleksandar vu\u010di\u0107\",\"novi pazar\",\"partizan\",\"rasim ljaji\u0107\"],\"articleSection\":[\"Sa svih strana\"],\"inLanguage\":\"bs-BA\"},{\"@type\":\"WebPage\",\"@id\":\"https:\/\/tuzlainfo.ba\/index.php\/clanci\/sa-svih-strana\/item\/275603-vucic-brani-upad-na-univerzitet-napao-rasima-ljajica-predsjednik-partizana-je-drzavna-funkcija\/\",\"url\":\"https:\/\/tuzlainfo.ba\/index.php\/clanci\/sa-svih-strana\/item\/275603-vucic-brani-upad-na-univerzitet-napao-rasima-ljajica-predsjednik-partizana-je-drzavna-funkcija\/\",\"name\":\"Vu\u010di\u0107 brani upad na univerzitet, napao Rasima Ljaji\u0107a: \\\"Predsjednik Partizana je dr\u017eavna funkcija\\\" - TuzlaInfo.ba\",\"isPartOf\":{\"@id\":\"https:\/\/tuzlainfo.ba\/#website\"},\"primaryImageOfPage\":{\"@id\":\"https:\/\/tuzlainfo.ba\/index.php\/clanci\/sa-svih-strana\/item\/275603-vucic-brani-upad-na-univerzitet-napao-rasima-ljajica-predsjednik-partizana-je-drzavna-funkcija\/#primaryimage\"},\"image\":{\"@id\":\"https:\/\/tuzlainfo.ba\/index.php\/clanci\/sa-svih-strana\/item\/275603-vucic-brani-upad-na-univerzitet-napao-rasima-ljajica-predsjednik-partizana-je-drzavna-funkcija\/#primaryimage\"},\"thumbnailUrl\":\"https:\/\/tuzlainfo.ba\/wp-content\/uploads\/2023\/06\/1306_vucic.jpg\",\"datePublished\":\"2025-07-30T13:41:00+00:00\",\"dateModified\":\"2025-07-30T08:47:11+00:00\",\"breadcrumb\":{\"@id\":\"https:\/\/tuzlainfo.ba\/index.php\/clanci\/sa-svih-strana\/item\/275603-vucic-brani-upad-na-univerzitet-napao-rasima-ljajica-predsjednik-partizana-je-drzavna-funkcija\/#breadcrumb\"},\"inLanguage\":\"bs-BA\",\"potentialAction\":[{\"@type\":\"ReadAction\",\"target\":[\"https:\/\/tuzlainfo.ba\/index.php\/clanci\/sa-svih-strana\/item\/275603-vucic-brani-upad-na-univerzitet-napao-rasima-ljajica-predsjednik-partizana-je-drzavna-funkcija\/\"]}]},{\"@type\":\"ImageObject\",\"inLanguage\":\"bs-BA\",\"@id\":\"https:\/\/tuzlainfo.ba\/index.php\/clanci\/sa-svih-strana\/item\/275603-vucic-brani-upad-na-univerzitet-napao-rasima-ljajica-predsjednik-partizana-je-drzavna-funkcija\/#primaryimage\",\"url\":\"https:\/\/tuzlainfo.ba\/wp-content\/uploads\/2023\/06\/1306_vucic.jpg\",\"contentUrl\":\"https:\/\/tuzlainfo.ba\/wp-content\/uploads\/2023\/06\/1306_vucic.jpg\",\"width\":902,\"height\":647},{\"@type\":\"BreadcrumbList\",\"@id\":\"https:\/\/tuzlainfo.ba\/index.php\/clanci\/sa-svih-strana\/item\/275603-vucic-brani-upad-na-univerzitet-napao-rasima-ljajica-predsjednik-partizana-je-drzavna-funkcija\/#breadcrumb\",\"itemListElement\":[{\"@type\":\"ListItem\",\"position\":1,\"name\":\"Home\",\"item\":\"https:\/\/tuzlainfo.ba\/\"},{\"@type\":\"ListItem\",\"position\":2,\"name\":\"Vu\u010di\u0107 brani upad na univerzitet, napao Rasima Ljaji\u0107a: &#8220;Predsjednik Partizana je dr\u017eavna funkcija&#8221;\"}]},{\"@type\":\"WebSite\",\"@id\":\"https:\/\/tuzlainfo.ba\/#website\",\"url\":\"https:\/\/tuzlainfo.ba\/\",\"name\":\"TuzlaInfo.ba\",\"description\":\"Tuzla info, gradski informator - Tuzla na dlanu\",\"publisher\":{\"@id\":\"https:\/\/tuzlainfo.ba\/#organization\"},\"potentialAction\":[{\"@type\":\"SearchAction\",\"target\":{\"@type\":\"EntryPoint\",\"urlTemplate\":\"https:\/\/tuzlainfo.ba\/?s={search_term_string}\"},\"query-input\":{\"@type\":\"PropertyValueSpecification\",\"valueRequired\":true,\"valueName\":\"search_term_string\"}}],\"inLanguage\":\"bs-BA\"},{\"@type\":\"Organization\",\"@id\":\"https:\/\/tuzlainfo.ba\/#organization\",\"name\":\"TuzlaInfo.ba\",\"url\":\"https:\/\/tuzlainfo.ba\/\",\"logo\":{\"@type\":\"ImageObject\",\"inLanguage\":\"bs-BA\",\"@id\":\"https:\/\/tuzlainfo.ba\/#\/schema\/logo\/image\/\",\"url\":\"https:\/\/tuzlainfo.ba\/wp-content\/uploads\/2021\/03\/logo-ver-3-1.png\",\"contentUrl\":\"https:\/\/tuzlainfo.ba\/wp-content\/uploads\/2021\/03\/logo-ver-3-1.png\",\"width\":350,\"height\":95,\"caption\":\"TuzlaInfo.ba\"},\"image\":{\"@id\":\"https:\/\/tuzlainfo.ba\/#\/schema\/logo\/image\/\"},\"sameAs\":[\"https:\/\/www.facebook.com\/tuzlainfo.ba\/\"]},{\"@type\":\"Person\",\"@id\":\"https:\/\/tuzlainfo.ba\/#\/schema\/person\/593e78a2f6378c5ba3e7600ecfa4e63a\",\"name\":\"Admin Tri\",\"image\":{\"@type\":\"ImageObject\",\"inLanguage\":\"bs-BA\",\"@id\":\"https:\/\/tuzlainfo.ba\/#\/schema\/person\/image\/\",\"url\":\"https:\/\/tuzlainfo.ba\/wp-content\/litespeed\/avatar\/b7920db4cc34a71ad12497283ad2fe3f.jpg?ver=1777100914\",\"contentUrl\":\"https:\/\/tuzlainfo.ba\/wp-content\/litespeed\/avatar\/b7920db4cc34a71ad12497283ad2fe3f.jpg?ver=1777100914\",\"caption\":\"Admin Tri\"},\"sameAs\":[\"https:\/\/tuzlainfo.ba\"]}]}<\/script>\n<!-- \/ Yoast SEO plugin. -->","yoast_head_json":{"title":"Vu\u010di\u0107 brani upad na univerzitet, napao Rasima Ljaji\u0107a: \"Predsjednik Partizana je dr\u017eavna funkcija\" - TuzlaInfo.ba","robots":{"index":"index","follow":"follow","max-snippet":"max-snippet:-1","max-image-preview":"max-image-preview:large","max-video-preview":"max-video-preview:-1"},"canonical":"https:\/\/tuzlainfo.ba\/index.php\/clanci\/sa-svih-strana\/item\/275603-vucic-brani-upad-na-univerzitet-napao-rasima-ljajica-predsjednik-partizana-je-drzavna-funkcija\/","og_locale":"bs_BA","og_type":"article","og_title":"Vu\u010di\u0107 brani upad na univerzitet, napao Rasima Ljaji\u0107a: \"Predsjednik Partizana je dr\u017eavna funkcija\" - TuzlaInfo.ba","og_description":"Nakon \u0161to su u no\u0107i s ponedjeljka na utorak maskirani ljudi, koje svjedoci opisuju kao&hellip;","og_url":"https:\/\/tuzlainfo.ba\/index.php\/clanci\/sa-svih-strana\/item\/275603-vucic-brani-upad-na-univerzitet-napao-rasima-ljajica-predsjednik-partizana-je-drzavna-funkcija\/","og_site_name":"TuzlaInfo.ba","article_publisher":"https:\/\/www.facebook.com\/tuzlainfo.ba\/","article_published_time":"2025-07-30T13:41:00+00:00","article_modified_time":"2025-07-30T08:47:11+00:00","og_image":[{"width":902,"height":647,"url":"https:\/\/tuzlainfo.ba\/wp-content\/uploads\/2023\/06\/1306_vucic.jpg","type":"image\/jpeg"}],"author":"Admin Tri","twitter_card":"summary_large_image","twitter_misc":{"Written by":"Admin Tri","Est. reading time":"2 minute"},"schema":{"@context":"https:\/\/schema.org","@graph":[{"@type":"Article","@id":"https:\/\/tuzlainfo.ba\/index.php\/clanci\/sa-svih-strana\/item\/275603-vucic-brani-upad-na-univerzitet-napao-rasima-ljajica-predsjednik-partizana-je-drzavna-funkcija\/#article","isPartOf":{"@id":"https:\/\/tuzlainfo.ba\/index.php\/clanci\/sa-svih-strana\/item\/275603-vucic-brani-upad-na-univerzitet-napao-rasima-ljajica-predsjednik-partizana-je-drzavna-funkcija\/"},"author":{"name":"Admin Tri","@id":"https:\/\/tuzlainfo.ba\/#\/schema\/person\/593e78a2f6378c5ba3e7600ecfa4e63a"},"headline":"Vu\u010di\u0107 brani upad na univerzitet, napao Rasima Ljaji\u0107a: &#8220;Predsjednik Partizana je dr\u017eavna funkcija&#8221;","datePublished":"2025-07-30T13:41:00+00:00","dateModified":"2025-07-30T08:47:11+00:00","mainEntityOfPage":{"@id":"https:\/\/tuzlainfo.ba\/index.php\/clanci\/sa-svih-strana\/item\/275603-vucic-brani-upad-na-univerzitet-napao-rasima-ljajica-predsjednik-partizana-je-drzavna-funkcija\/"},"wordCount":276,"publisher":{"@id":"https:\/\/tuzlainfo.ba\/#organization"},"image":{"@id":"https:\/\/tuzlainfo.ba\/index.php\/clanci\/sa-svih-strana\/item\/275603-vucic-brani-upad-na-univerzitet-napao-rasima-ljajica-predsjednik-partizana-je-drzavna-funkcija\/#primaryimage"},"thumbnailUrl":"https:\/\/tuzlainfo.ba\/wp-content\/uploads\/2023\/06\/1306_vucic.jpg","keywords":["aleksandar vu\u010di\u0107","novi pazar","partizan","rasim ljaji\u0107"],"articleSection":["Sa svih strana"],"inLanguage":"bs-BA"},{"@type":"WebPage","@id":"https:\/\/tuzlainfo.ba\/index.php\/clanci\/sa-svih-strana\/item\/275603-vucic-brani-upad-na-univerzitet-napao-rasima-ljajica-predsjednik-partizana-je-drzavna-funkcija\/","url":"https:\/\/tuzlainfo.ba\/index.php\/clanci\/sa-svih-strana\/item\/275603-vucic-brani-upad-na-univerzitet-napao-rasima-ljajica-predsjednik-partizana-je-drzavna-funkcija\/","name":"Vu\u010di\u0107 brani upad na univerzitet, napao Rasima Ljaji\u0107a: \"Predsjednik Partizana je dr\u017eavna funkcija\" - TuzlaInfo.ba","isPartOf":{"@id":"https:\/\/tuzlainfo.ba\/#website"},"primaryImageOfPage":{"@id":"https:\/\/tuzlainfo.ba\/index.php\/clanci\/sa-svih-strana\/item\/275603-vucic-brani-upad-na-univerzitet-napao-rasima-ljajica-predsjednik-partizana-je-drzavna-funkcija\/#primaryimage"},"image":{"@id":"https:\/\/tuzlainfo.ba\/index.php\/clanci\/sa-svih-strana\/item\/275603-vucic-brani-upad-na-univerzitet-napao-rasima-ljajica-predsjednik-partizana-je-drzavna-funkcija\/#primaryimage"},"thumbnailUrl":"https:\/\/tuzlainfo.ba\/wp-content\/uploads\/2023\/06\/1306_vucic.jpg","datePublished":"2025-07-30T13:41:00+00:00","dateModified":"2025-07-30T08:47:11+00:00","breadcrumb":{"@id":"https:\/\/tuzlainfo.ba\/index.php\/clanci\/sa-svih-strana\/item\/275603-vucic-brani-upad-na-univerzitet-napao-rasima-ljajica-predsjednik-partizana-je-drzavna-funkcija\/#breadcrumb"},"inLanguage":"bs-BA","potentialAction":[{"@type":"ReadAction","target":["https:\/\/tuzlainfo.ba\/index.php\/clanci\/sa-svih-strana\/item\/275603-vucic-brani-upad-na-univerzitet-napao-rasima-ljajica-predsjednik-partizana-je-drzavna-funkcija\/"]}]},{"@type":"ImageObject","inLanguage":"bs-BA","@id":"https:\/\/tuzlainfo.ba\/index.php\/clanci\/sa-svih-strana\/item\/275603-vucic-brani-upad-na-univerzitet-napao-rasima-ljajica-predsjednik-partizana-je-drzavna-funkcija\/#primaryimage","url":"https:\/\/tuzlainfo.ba\/wp-content\/uploads\/2023\/06\/1306_vucic.jpg","contentUrl":"https:\/\/tuzlainfo.ba\/wp-content\/uploads\/2023\/06\/1306_vucic.jpg","width":902,"height":647},{"@type":"BreadcrumbList","@id":"https:\/\/tuzlainfo.ba\/index.php\/clanci\/sa-svih-strana\/item\/275603-vucic-brani-upad-na-univerzitet-napao-rasima-ljajica-predsjednik-partizana-je-drzavna-funkcija\/#breadcrumb","itemListElement":[{"@type":"ListItem","position":1,"name":"Home","item":"https:\/\/tuzlainfo.ba\/"},{"@type":"ListItem","position":2,"name":"Vu\u010di\u0107 brani upad na univerzitet, napao Rasima Ljaji\u0107a: &#8220;Predsjednik Partizana je dr\u017eavna funkcija&#8221;"}]},{"@type":"WebSite","@id":"https:\/\/tuzlainfo.ba\/#website","url":"https:\/\/tuzlainfo.ba\/","name":"TuzlaInfo.ba","description":"Tuzla info, gradski informator - Tuzla na dlanu","publisher":{"@id":"https:\/\/tuzlainfo.ba\/#organization"},"potentialAction":[{"@type":"SearchAction","target":{"@type":"EntryPoint","urlTemplate":"https:\/\/tuzlainfo.ba\/?s={search_term_string}"},"query-input":{"@type":"PropertyValueSpecification","valueRequired":true,"valueName":"search_term_string"}}],"inLanguage":"bs-BA"},{"@type":"Organization","@id":"https:\/\/tuzlainfo.ba\/#organization","name":"TuzlaInfo.ba","url":"https:\/\/tuzlainfo.ba\/","logo":{"@type":"ImageObject","inLanguage":"bs-BA","@id":"https:\/\/tuzlainfo.ba\/#\/schema\/logo\/image\/","url":"https:\/\/tuzlainfo.ba\/wp-content\/uploads\/2021\/03\/logo-ver-3-1.png","contentUrl":"https:\/\/tuzlainfo.ba\/wp-content\/uploads\/2021\/03\/logo-ver-3-1.png","width":350,"height":95,"caption":"TuzlaInfo.ba"},"image":{"@id":"https:\/\/tuzlainfo.ba\/#\/schema\/logo\/image\/"},"sameAs":["https:\/\/www.facebook.com\/tuzlainfo.ba\/"]},{"@type":"Person","@id":"https:\/\/tuzlainfo.ba\/#\/schema\/person\/593e78a2f6378c5ba3e7600ecfa4e63a","name":"Admin Tri","image":{"@type":"ImageObject","inLanguage":"bs-BA","@id":"https:\/\/tuzlainfo.ba\/#\/schema\/person\/image\/","url":"https:\/\/tuzlainfo.ba\/wp-content\/litespeed\/avatar\/b7920db4cc34a71ad12497283ad2fe3f.jpg?ver=1777100914","contentUrl":"https:\/\/tuzlainfo.ba\/wp-content\/litespeed\/avatar\/b7920db4cc34a71ad12497283ad2fe3f.jpg?ver=1777100914","caption":"Admin Tri"},"sameAs":["https:\/\/tuzlainfo.ba"]}]}},"_links":{"self":[{"href":"https:\/\/tuzlainfo.ba\/index.php\/wp-json\/wp\/v2\/posts\/275603"}],"collection":[{"href":"https:\/\/tuzlainfo.ba\/index.php\/wp-json\/wp\/v2\/posts"}],"about":[{"href":"https:\/\/tuzlainfo.ba\/index.php\/wp-json\/wp\/v2\/types\/post"}],"author":[{"embeddable":true,"href":"https:\/\/tuzlainfo.ba\/index.php\/wp-json\/wp\/v2\/users\/8"}],"replies":[{"embeddable":true,"href":"https:\/\/tuzlainfo.ba\/index.php\/wp-json\/wp\/v2\/comments?post=275603"}],"version-history":[{"count":1,"href":"https:\/\/tuzlainfo.ba\/index.php\/wp-json\/wp\/v2\/posts\/275603\/revisions"}],"predecessor-version":[{"id":275604,"href":"https:\/\/tuzlainfo.ba\/index.php\/wp-json\/wp\/v2\/posts\/275603\/revisions\/275604"}],"wp:featuredmedia":[{"embeddable":true,"href":"https:\/\/tuzlainfo.ba\/index.php\/wp-json\/wp\/v2\/media\/207376"}],"wp:attachment":[{"href":"https:\/\/tuzlainfo.ba\/index.php\/wp-json\/wp\/v2\/media?parent=275603"}],"wp:term":[{"taxonomy":"category","embeddable":true,"href":"https:\/\/tuzlainfo.ba\/index.php\/wp-json\/wp\/v2\/categories?post=275603"},{"taxonomy":"post_tag","embeddable":true,"href":"https:\/\/tuzlainfo.ba\/index.php\/wp-json\/wp\/v2\/tags?post=275603"}],"curies":[{"name":"wp","href":"https:\/\/api.w.org\/{rel}","templated":true}]}}