{"id":275590,"date":"2025-07-29T21:16:51","date_gmt":"2025-07-29T19:16:51","guid":{"rendered":"https:\/\/tuzlainfo.ba\/?p=275590"},"modified":"2025-07-29T21:16:51","modified_gmt":"2025-07-29T19:16:51","slug":"ljekarski-nalazi-demantovali-tvrdnje-ratni-zlocinac-ratko-mladic-ostaje-u-zatvoru","status":"publish","type":"post","link":"https:\/\/tuzlainfo.ba\/index.php\/bosna-i-hercegovina\/item\/275590-ljekarski-nalazi-demantovali-tvrdnje-ratni-zlocinac-ratko-mladic-ostaje-u-zatvoru\/","title":{"rendered":"Ljekarski nalazi demantovali tvrdnje: Ratni zlo\u010dinac Ratko Mladi\u0107 ostaje u zatvoru"},"content":{"rendered":"<p class=\"mb-4                              lg:mb-5                              text-textPrimary                              font-exo2                              text-xl                              leading-8                              font-semibold\" data-testid=\"article-lead-text\">Ha\u0161ki mehanizam za me\u0111unarodne krivi\u010dne tribunale odbio je zahtjev Ratka Mladi\u0107a za prijevremeno ili privremeno pu\u0161tanje na slobodu iz humanitarnih razloga. Odluku je donijela predsjednica Mehanizma, sutkinja Graciela Gati Santana, nakon konsultacija s petoricom sudija koji su prethodno odlu\u010divali o Mladi\u0107evoj \u017ealbi na pravosna\u017enu presudu.<\/p>\n<p data-block-key=\"gfarr\">Mladi\u0107eva odbrana tvrdila je da on boluje od terminalne bolesti i da mu je \u017eivotni vijek drasti\u010dno skra\u0107en, uz napomenu da uslovi pritvora ote\u017eavaju odgovaraju\u0107u palijativnu njegu. Me\u0111utim, sud je utvrdio da, iako je njegovo zdravstveno stanje ozbiljno i zahtijeva svakodnevnu njegu, ne postoji akutna terminalna bolest koja bi opravdala pu\u0161tanje na slobodu.<\/p>\n<p data-block-key=\"bfaeh\">Prema ljekarskim izvje\u0161tajima, Mladi\u0107 se nalazi u stabilnom stanju uz povremena pobolj\u0161anja, a u zatvorskoj bolnici u Hagu ima pristup visoko specijaliziranoj njezi, uklju\u010duju\u0107i multidisciplinarni tim i mogu\u0107nost redovnog kontakta s porodicom. Sud je ocijenio da njegovo dalje zadr\u017eavanje nije nehumano ni degradiraju\u0107e, ve\u0107 da zadovoljava visoke standarde humanog tretmana osu\u0111enih lica.<\/p>\n<p data-block-key=\"cveo0\">Kako se navodi, sud \u0107e nastaviti pratiti njegovo zdravstveno stanje i osigurati odgovaraju\u0107u njegu i uslove za odr\u017eavanje kontakta s porodicom.<\/p>\n<p>Podsjetimo, Ratko Mladi\u0107 osu\u0111en je pred Ha\u0161kim tribunalom 2021. godine na do\u017eivotnu zatvorsku kaznu za genocid u Srebrenici, progon, zlo\u010dine protiv \u010dovje\u010dnosti, istrebljivanje i druge ratne zlo\u010dine u Bosni i Hercegovini od 1992. do 1995. godine.<\/p>\n<p data-block-key=\"mivl\">Sudsko vije\u0107e je potvrdilo prvostepenu presudu kojom je Ratko Mladi\u0107 oslobo\u0111en krivice za genocid u \u0161est bh. op\u0161tina i to u Fo\u010di, Vlasenici, Klju\u010du, Sanskom Mostu, Kotor Varo\u0161i i Prijedoru.<\/p>\n<p data-block-key=\"cajro\">Kao biv\u0161i ratni komandant Vojske Republike Srpske osu\u0111en je u prvostepenoj presudi 2017. godine na kaznu do\u017eivotnog zatvora prvostepenom presudom ICTY.<\/p>\n<p data-block-key=\"fgsla\">Utvr\u0111eno je da je kriv za genocid po\u010dinjen nad oko 8.000 Bo\u0161njaka u Srebrenici, za\u0161ti\u0107enoj zoni Ujedinjenih nacija (UN), u ljeto 1995. godine, progon i prisilno premje\u0161tanje Bo\u0161njaka i Hrvata \u0161irom BiH, terorisanje civila tokom opsade Sarajeva, te dr\u017eanje pripadnika mirovnih snaga UN taocima tokom NATO bombardovanja 1995. godine.<\/p>\n","protected":false},"excerpt":{"rendered":"<p>Ha\u0161ki mehanizam za me\u0111unarodne krivi\u010dne tribunale odbio je zahtjev Ratka Mladi\u0107a za prijevremeno ili privremeno&hellip;<\/p>\n","protected":false},"author":2,"featured_media":183679,"comment_status":"closed","ping_status":"closed","sticky":false,"template":"","format":"standard","meta":{"_acf_changed":false,"footnotes":""},"categories":[291],"tags":[939],"acf":[],"yoast_head":"<!-- This site is optimized with the Yoast SEO plugin v23.5 - https:\/\/yoast.com\/wordpress\/plugins\/seo\/ -->\n<title>Ljekarski nalazi demantovali tvrdnje: Ratni zlo\u010dinac Ratko Mladi\u0107 ostaje u zatvoru - TuzlaInfo.ba<\/title>\n<meta name=\"robots\" content=\"index, follow, max-snippet:-1, max-image-preview:large, max-video-preview:-1\" \/>\n<link rel=\"canonical\" href=\"https:\/\/tuzlainfo.ba\/index.php\/bosna-i-hercegovina\/item\/275590-ljekarski-nalazi-demantovali-tvrdnje-ratni-zlocinac-ratko-mladic-ostaje-u-zatvoru\/\" \/>\n<meta property=\"og:locale\" content=\"bs_BA\" \/>\n<meta property=\"og:type\" content=\"article\" \/>\n<meta property=\"og:title\" content=\"Ljekarski nalazi demantovali tvrdnje: Ratni zlo\u010dinac Ratko Mladi\u0107 ostaje u zatvoru - TuzlaInfo.ba\" \/>\n<meta property=\"og:description\" content=\"Ha\u0161ki mehanizam za me\u0111unarodne krivi\u010dne tribunale odbio je zahtjev Ratka Mladi\u0107a za prijevremeno ili privremeno&hellip;\" \/>\n<meta property=\"og:url\" content=\"https:\/\/tuzlainfo.ba\/index.php\/bosna-i-hercegovina\/item\/275590-ljekarski-nalazi-demantovali-tvrdnje-ratni-zlocinac-ratko-mladic-ostaje-u-zatvoru\/\" \/>\n<meta property=\"og:site_name\" content=\"TuzlaInfo.ba\" \/>\n<meta property=\"article:publisher\" content=\"https:\/\/www.facebook.com\/tuzlainfo.ba\/\" \/>\n<meta property=\"article:published_time\" content=\"2025-07-29T19:16:51+00:00\" \/>\n<meta property=\"og:image\" content=\"https:\/\/tuzlainfo.ba\/wp-content\/uploads\/2022\/09\/1109_ratko_mladic.jpg\" \/>\n\t<meta property=\"og:image:width\" content=\"800\" \/>\n\t<meta property=\"og:image:height\" content=\"507\" \/>\n\t<meta property=\"og:image:type\" content=\"image\/jpeg\" \/>\n<meta name=\"author\" content=\"nedim\" \/>\n<meta name=\"twitter:card\" content=\"summary_large_image\" \/>\n<meta name=\"twitter:label1\" content=\"Written by\" \/>\n\t<meta name=\"twitter:data1\" content=\"nedim\" \/>\n\t<meta name=\"twitter:label2\" content=\"Est. reading time\" \/>\n\t<meta name=\"twitter:data2\" content=\"2 minute\" \/>\n<script type=\"application\/ld+json\" class=\"yoast-schema-graph\">{\"@context\":\"https:\/\/schema.org\",\"@graph\":[{\"@type\":\"Article\",\"@id\":\"https:\/\/tuzlainfo.ba\/index.php\/bosna-i-hercegovina\/item\/275590-ljekarski-nalazi-demantovali-tvrdnje-ratni-zlocinac-ratko-mladic-ostaje-u-zatvoru\/#article\",\"isPartOf\":{\"@id\":\"https:\/\/tuzlainfo.ba\/index.php\/bosna-i-hercegovina\/item\/275590-ljekarski-nalazi-demantovali-tvrdnje-ratni-zlocinac-ratko-mladic-ostaje-u-zatvoru\/\"},\"author\":{\"name\":\"nedim\",\"@id\":\"https:\/\/tuzlainfo.ba\/#\/schema\/person\/f434e20dc27ea133923aab08451b7f7f\"},\"headline\":\"Ljekarski nalazi demantovali tvrdnje: Ratni zlo\u010dinac Ratko Mladi\u0107 ostaje u zatvoru\",\"datePublished\":\"2025-07-29T19:16:51+00:00\",\"dateModified\":\"2025-07-29T19:16:51+00:00\",\"mainEntityOfPage\":{\"@id\":\"https:\/\/tuzlainfo.ba\/index.php\/bosna-i-hercegovina\/item\/275590-ljekarski-nalazi-demantovali-tvrdnje-ratni-zlocinac-ratko-mladic-ostaje-u-zatvoru\/\"},\"wordCount\":360,\"publisher\":{\"@id\":\"https:\/\/tuzlainfo.ba\/#organization\"},\"image\":{\"@id\":\"https:\/\/tuzlainfo.ba\/index.php\/bosna-i-hercegovina\/item\/275590-ljekarski-nalazi-demantovali-tvrdnje-ratni-zlocinac-ratko-mladic-ostaje-u-zatvoru\/#primaryimage\"},\"thumbnailUrl\":\"https:\/\/tuzlainfo.ba\/wp-content\/uploads\/2022\/09\/1109_ratko_mladic.jpg\",\"keywords\":[\"ratko mladi\u0107\"],\"articleSection\":[\"Bosna i Hercegovina\"],\"inLanguage\":\"bs-BA\"},{\"@type\":\"WebPage\",\"@id\":\"https:\/\/tuzlainfo.ba\/index.php\/bosna-i-hercegovina\/item\/275590-ljekarski-nalazi-demantovali-tvrdnje-ratni-zlocinac-ratko-mladic-ostaje-u-zatvoru\/\",\"url\":\"https:\/\/tuzlainfo.ba\/index.php\/bosna-i-hercegovina\/item\/275590-ljekarski-nalazi-demantovali-tvrdnje-ratni-zlocinac-ratko-mladic-ostaje-u-zatvoru\/\",\"name\":\"Ljekarski nalazi demantovali tvrdnje: Ratni zlo\u010dinac Ratko Mladi\u0107 ostaje u zatvoru - TuzlaInfo.ba\",\"isPartOf\":{\"@id\":\"https:\/\/tuzlainfo.ba\/#website\"},\"primaryImageOfPage\":{\"@id\":\"https:\/\/tuzlainfo.ba\/index.php\/bosna-i-hercegovina\/item\/275590-ljekarski-nalazi-demantovali-tvrdnje-ratni-zlocinac-ratko-mladic-ostaje-u-zatvoru\/#primaryimage\"},\"image\":{\"@id\":\"https:\/\/tuzlainfo.ba\/index.php\/bosna-i-hercegovina\/item\/275590-ljekarski-nalazi-demantovali-tvrdnje-ratni-zlocinac-ratko-mladic-ostaje-u-zatvoru\/#primaryimage\"},\"thumbnailUrl\":\"https:\/\/tuzlainfo.ba\/wp-content\/uploads\/2022\/09\/1109_ratko_mladic.jpg\",\"datePublished\":\"2025-07-29T19:16:51+00:00\",\"dateModified\":\"2025-07-29T19:16:51+00:00\",\"breadcrumb\":{\"@id\":\"https:\/\/tuzlainfo.ba\/index.php\/bosna-i-hercegovina\/item\/275590-ljekarski-nalazi-demantovali-tvrdnje-ratni-zlocinac-ratko-mladic-ostaje-u-zatvoru\/#breadcrumb\"},\"inLanguage\":\"bs-BA\",\"potentialAction\":[{\"@type\":\"ReadAction\",\"target\":[\"https:\/\/tuzlainfo.ba\/index.php\/bosna-i-hercegovina\/item\/275590-ljekarski-nalazi-demantovali-tvrdnje-ratni-zlocinac-ratko-mladic-ostaje-u-zatvoru\/\"]}]},{\"@type\":\"ImageObject\",\"inLanguage\":\"bs-BA\",\"@id\":\"https:\/\/tuzlainfo.ba\/index.php\/bosna-i-hercegovina\/item\/275590-ljekarski-nalazi-demantovali-tvrdnje-ratni-zlocinac-ratko-mladic-ostaje-u-zatvoru\/#primaryimage\",\"url\":\"https:\/\/tuzlainfo.ba\/wp-content\/uploads\/2022\/09\/1109_ratko_mladic.jpg\",\"contentUrl\":\"https:\/\/tuzlainfo.ba\/wp-content\/uploads\/2022\/09\/1109_ratko_mladic.jpg\",\"width\":800,\"height\":507,\"caption\":\"Ratko Mladi\u0107 \/ Screenshot \/ IRMCT\"},{\"@type\":\"BreadcrumbList\",\"@id\":\"https:\/\/tuzlainfo.ba\/index.php\/bosna-i-hercegovina\/item\/275590-ljekarski-nalazi-demantovali-tvrdnje-ratni-zlocinac-ratko-mladic-ostaje-u-zatvoru\/#breadcrumb\",\"itemListElement\":[{\"@type\":\"ListItem\",\"position\":1,\"name\":\"Home\",\"item\":\"https:\/\/tuzlainfo.ba\/\"},{\"@type\":\"ListItem\",\"position\":2,\"name\":\"Ljekarski nalazi demantovali tvrdnje: Ratni zlo\u010dinac Ratko Mladi\u0107 ostaje u zatvoru\"}]},{\"@type\":\"WebSite\",\"@id\":\"https:\/\/tuzlainfo.ba\/#website\",\"url\":\"https:\/\/tuzlainfo.ba\/\",\"name\":\"TuzlaInfo.ba\",\"description\":\"Tuzla info, gradski informator - Tuzla na dlanu\",\"publisher\":{\"@id\":\"https:\/\/tuzlainfo.ba\/#organization\"},\"potentialAction\":[{\"@type\":\"SearchAction\",\"target\":{\"@type\":\"EntryPoint\",\"urlTemplate\":\"https:\/\/tuzlainfo.ba\/?s={search_term_string}\"},\"query-input\":{\"@type\":\"PropertyValueSpecification\",\"valueRequired\":true,\"valueName\":\"search_term_string\"}}],\"inLanguage\":\"bs-BA\"},{\"@type\":\"Organization\",\"@id\":\"https:\/\/tuzlainfo.ba\/#organization\",\"name\":\"TuzlaInfo.ba\",\"url\":\"https:\/\/tuzlainfo.ba\/\",\"logo\":{\"@type\":\"ImageObject\",\"inLanguage\":\"bs-BA\",\"@id\":\"https:\/\/tuzlainfo.ba\/#\/schema\/logo\/image\/\",\"url\":\"https:\/\/tuzlainfo.ba\/wp-content\/uploads\/2021\/03\/logo-ver-3-1.png\",\"contentUrl\":\"https:\/\/tuzlainfo.ba\/wp-content\/uploads\/2021\/03\/logo-ver-3-1.png\",\"width\":350,\"height\":95,\"caption\":\"TuzlaInfo.ba\"},\"image\":{\"@id\":\"https:\/\/tuzlainfo.ba\/#\/schema\/logo\/image\/\"},\"sameAs\":[\"https:\/\/www.facebook.com\/tuzlainfo.ba\/\"]},{\"@type\":\"Person\",\"@id\":\"https:\/\/tuzlainfo.ba\/#\/schema\/person\/f434e20dc27ea133923aab08451b7f7f\",\"name\":\"nedim\",\"image\":{\"@type\":\"ImageObject\",\"inLanguage\":\"bs-BA\",\"@id\":\"https:\/\/tuzlainfo.ba\/#\/schema\/person\/image\/\",\"url\":\"https:\/\/tuzlainfo.ba\/wp-content\/litespeed\/avatar\/aabad687af24844af817603ac1cbdc4f.jpg?ver=1777306975\",\"contentUrl\":\"https:\/\/tuzlainfo.ba\/wp-content\/litespeed\/avatar\/aabad687af24844af817603ac1cbdc4f.jpg?ver=1777306975\",\"caption\":\"nedim\"},\"description\":\"Tuzlainfo.ba pratite na dru\u0161tvenim mre\u017eama: Facebook, Instagram i Youtube. Svoje pri\u010de, upite i fotografije \u0161aljite na na\u0161u e-mail adresu.\"}]}<\/script>\n<!-- \/ Yoast SEO plugin. -->","yoast_head_json":{"title":"Ljekarski nalazi demantovali tvrdnje: Ratni zlo\u010dinac Ratko Mladi\u0107 ostaje u zatvoru - TuzlaInfo.ba","robots":{"index":"index","follow":"follow","max-snippet":"max-snippet:-1","max-image-preview":"max-image-preview:large","max-video-preview":"max-video-preview:-1"},"canonical":"https:\/\/tuzlainfo.ba\/index.php\/bosna-i-hercegovina\/item\/275590-ljekarski-nalazi-demantovali-tvrdnje-ratni-zlocinac-ratko-mladic-ostaje-u-zatvoru\/","og_locale":"bs_BA","og_type":"article","og_title":"Ljekarski nalazi demantovali tvrdnje: Ratni zlo\u010dinac Ratko Mladi\u0107 ostaje u zatvoru - TuzlaInfo.ba","og_description":"Ha\u0161ki mehanizam za me\u0111unarodne krivi\u010dne tribunale odbio je zahtjev Ratka Mladi\u0107a za prijevremeno ili privremeno&hellip;","og_url":"https:\/\/tuzlainfo.ba\/index.php\/bosna-i-hercegovina\/item\/275590-ljekarski-nalazi-demantovali-tvrdnje-ratni-zlocinac-ratko-mladic-ostaje-u-zatvoru\/","og_site_name":"TuzlaInfo.ba","article_publisher":"https:\/\/www.facebook.com\/tuzlainfo.ba\/","article_published_time":"2025-07-29T19:16:51+00:00","og_image":[{"width":800,"height":507,"url":"https:\/\/tuzlainfo.ba\/wp-content\/uploads\/2022\/09\/1109_ratko_mladic.jpg","type":"image\/jpeg"}],"author":"nedim","twitter_card":"summary_large_image","twitter_misc":{"Written by":"nedim","Est. reading time":"2 minute"},"schema":{"@context":"https:\/\/schema.org","@graph":[{"@type":"Article","@id":"https:\/\/tuzlainfo.ba\/index.php\/bosna-i-hercegovina\/item\/275590-ljekarski-nalazi-demantovali-tvrdnje-ratni-zlocinac-ratko-mladic-ostaje-u-zatvoru\/#article","isPartOf":{"@id":"https:\/\/tuzlainfo.ba\/index.php\/bosna-i-hercegovina\/item\/275590-ljekarski-nalazi-demantovali-tvrdnje-ratni-zlocinac-ratko-mladic-ostaje-u-zatvoru\/"},"author":{"name":"nedim","@id":"https:\/\/tuzlainfo.ba\/#\/schema\/person\/f434e20dc27ea133923aab08451b7f7f"},"headline":"Ljekarski nalazi demantovali tvrdnje: Ratni zlo\u010dinac Ratko Mladi\u0107 ostaje u zatvoru","datePublished":"2025-07-29T19:16:51+00:00","dateModified":"2025-07-29T19:16:51+00:00","mainEntityOfPage":{"@id":"https:\/\/tuzlainfo.ba\/index.php\/bosna-i-hercegovina\/item\/275590-ljekarski-nalazi-demantovali-tvrdnje-ratni-zlocinac-ratko-mladic-ostaje-u-zatvoru\/"},"wordCount":360,"publisher":{"@id":"https:\/\/tuzlainfo.ba\/#organization"},"image":{"@id":"https:\/\/tuzlainfo.ba\/index.php\/bosna-i-hercegovina\/item\/275590-ljekarski-nalazi-demantovali-tvrdnje-ratni-zlocinac-ratko-mladic-ostaje-u-zatvoru\/#primaryimage"},"thumbnailUrl":"https:\/\/tuzlainfo.ba\/wp-content\/uploads\/2022\/09\/1109_ratko_mladic.jpg","keywords":["ratko mladi\u0107"],"articleSection":["Bosna i Hercegovina"],"inLanguage":"bs-BA"},{"@type":"WebPage","@id":"https:\/\/tuzlainfo.ba\/index.php\/bosna-i-hercegovina\/item\/275590-ljekarski-nalazi-demantovali-tvrdnje-ratni-zlocinac-ratko-mladic-ostaje-u-zatvoru\/","url":"https:\/\/tuzlainfo.ba\/index.php\/bosna-i-hercegovina\/item\/275590-ljekarski-nalazi-demantovali-tvrdnje-ratni-zlocinac-ratko-mladic-ostaje-u-zatvoru\/","name":"Ljekarski nalazi demantovali tvrdnje: Ratni zlo\u010dinac Ratko Mladi\u0107 ostaje u zatvoru - TuzlaInfo.ba","isPartOf":{"@id":"https:\/\/tuzlainfo.ba\/#website"},"primaryImageOfPage":{"@id":"https:\/\/tuzlainfo.ba\/index.php\/bosna-i-hercegovina\/item\/275590-ljekarski-nalazi-demantovali-tvrdnje-ratni-zlocinac-ratko-mladic-ostaje-u-zatvoru\/#primaryimage"},"image":{"@id":"https:\/\/tuzlainfo.ba\/index.php\/bosna-i-hercegovina\/item\/275590-ljekarski-nalazi-demantovali-tvrdnje-ratni-zlocinac-ratko-mladic-ostaje-u-zatvoru\/#primaryimage"},"thumbnailUrl":"https:\/\/tuzlainfo.ba\/wp-content\/uploads\/2022\/09\/1109_ratko_mladic.jpg","datePublished":"2025-07-29T19:16:51+00:00","dateModified":"2025-07-29T19:16:51+00:00","breadcrumb":{"@id":"https:\/\/tuzlainfo.ba\/index.php\/bosna-i-hercegovina\/item\/275590-ljekarski-nalazi-demantovali-tvrdnje-ratni-zlocinac-ratko-mladic-ostaje-u-zatvoru\/#breadcrumb"},"inLanguage":"bs-BA","potentialAction":[{"@type":"ReadAction","target":["https:\/\/tuzlainfo.ba\/index.php\/bosna-i-hercegovina\/item\/275590-ljekarski-nalazi-demantovali-tvrdnje-ratni-zlocinac-ratko-mladic-ostaje-u-zatvoru\/"]}]},{"@type":"ImageObject","inLanguage":"bs-BA","@id":"https:\/\/tuzlainfo.ba\/index.php\/bosna-i-hercegovina\/item\/275590-ljekarski-nalazi-demantovali-tvrdnje-ratni-zlocinac-ratko-mladic-ostaje-u-zatvoru\/#primaryimage","url":"https:\/\/tuzlainfo.ba\/wp-content\/uploads\/2022\/09\/1109_ratko_mladic.jpg","contentUrl":"https:\/\/tuzlainfo.ba\/wp-content\/uploads\/2022\/09\/1109_ratko_mladic.jpg","width":800,"height":507,"caption":"Ratko Mladi\u0107 \/ Screenshot \/ IRMCT"},{"@type":"BreadcrumbList","@id":"https:\/\/tuzlainfo.ba\/index.php\/bosna-i-hercegovina\/item\/275590-ljekarski-nalazi-demantovali-tvrdnje-ratni-zlocinac-ratko-mladic-ostaje-u-zatvoru\/#breadcrumb","itemListElement":[{"@type":"ListItem","position":1,"name":"Home","item":"https:\/\/tuzlainfo.ba\/"},{"@type":"ListItem","position":2,"name":"Ljekarski nalazi demantovali tvrdnje: Ratni zlo\u010dinac Ratko Mladi\u0107 ostaje u zatvoru"}]},{"@type":"WebSite","@id":"https:\/\/tuzlainfo.ba\/#website","url":"https:\/\/tuzlainfo.ba\/","name":"TuzlaInfo.ba","description":"Tuzla info, gradski informator - Tuzla na dlanu","publisher":{"@id":"https:\/\/tuzlainfo.ba\/#organization"},"potentialAction":[{"@type":"SearchAction","target":{"@type":"EntryPoint","urlTemplate":"https:\/\/tuzlainfo.ba\/?s={search_term_string}"},"query-input":{"@type":"PropertyValueSpecification","valueRequired":true,"valueName":"search_term_string"}}],"inLanguage":"bs-BA"},{"@type":"Organization","@id":"https:\/\/tuzlainfo.ba\/#organization","name":"TuzlaInfo.ba","url":"https:\/\/tuzlainfo.ba\/","logo":{"@type":"ImageObject","inLanguage":"bs-BA","@id":"https:\/\/tuzlainfo.ba\/#\/schema\/logo\/image\/","url":"https:\/\/tuzlainfo.ba\/wp-content\/uploads\/2021\/03\/logo-ver-3-1.png","contentUrl":"https:\/\/tuzlainfo.ba\/wp-content\/uploads\/2021\/03\/logo-ver-3-1.png","width":350,"height":95,"caption":"TuzlaInfo.ba"},"image":{"@id":"https:\/\/tuzlainfo.ba\/#\/schema\/logo\/image\/"},"sameAs":["https:\/\/www.facebook.com\/tuzlainfo.ba\/"]},{"@type":"Person","@id":"https:\/\/tuzlainfo.ba\/#\/schema\/person\/f434e20dc27ea133923aab08451b7f7f","name":"nedim","image":{"@type":"ImageObject","inLanguage":"bs-BA","@id":"https:\/\/tuzlainfo.ba\/#\/schema\/person\/image\/","url":"https:\/\/tuzlainfo.ba\/wp-content\/litespeed\/avatar\/aabad687af24844af817603ac1cbdc4f.jpg?ver=1777306975","contentUrl":"https:\/\/tuzlainfo.ba\/wp-content\/litespeed\/avatar\/aabad687af24844af817603ac1cbdc4f.jpg?ver=1777306975","caption":"nedim"},"description":"Tuzlainfo.ba pratite na dru\u0161tvenim mre\u017eama: Facebook, Instagram i Youtube. Svoje pri\u010de, upite i fotografije \u0161aljite na na\u0161u e-mail adresu."}]}},"_links":{"self":[{"href":"https:\/\/tuzlainfo.ba\/index.php\/wp-json\/wp\/v2\/posts\/275590"}],"collection":[{"href":"https:\/\/tuzlainfo.ba\/index.php\/wp-json\/wp\/v2\/posts"}],"about":[{"href":"https:\/\/tuzlainfo.ba\/index.php\/wp-json\/wp\/v2\/types\/post"}],"author":[{"embeddable":true,"href":"https:\/\/tuzlainfo.ba\/index.php\/wp-json\/wp\/v2\/users\/2"}],"replies":[{"embeddable":true,"href":"https:\/\/tuzlainfo.ba\/index.php\/wp-json\/wp\/v2\/comments?post=275590"}],"version-history":[{"count":1,"href":"https:\/\/tuzlainfo.ba\/index.php\/wp-json\/wp\/v2\/posts\/275590\/revisions"}],"predecessor-version":[{"id":275591,"href":"https:\/\/tuzlainfo.ba\/index.php\/wp-json\/wp\/v2\/posts\/275590\/revisions\/275591"}],"wp:featuredmedia":[{"embeddable":true,"href":"https:\/\/tuzlainfo.ba\/index.php\/wp-json\/wp\/v2\/media\/183679"}],"wp:attachment":[{"href":"https:\/\/tuzlainfo.ba\/index.php\/wp-json\/wp\/v2\/media?parent=275590"}],"wp:term":[{"taxonomy":"category","embeddable":true,"href":"https:\/\/tuzlainfo.ba\/index.php\/wp-json\/wp\/v2\/categories?post=275590"},{"taxonomy":"post_tag","embeddable":true,"href":"https:\/\/tuzlainfo.ba\/index.php\/wp-json\/wp\/v2\/tags?post=275590"}],"curies":[{"name":"wp","href":"https:\/\/api.w.org\/{rel}","templated":true}]}}