{"id":275182,"date":"2025-07-23T20:29:20","date_gmt":"2025-07-23T18:29:20","guid":{"rendered":"https:\/\/tuzlainfo.ba\/?p=275182"},"modified":"2025-07-23T20:29:20","modified_gmt":"2025-07-23T18:29:20","slug":"pocelo-opremanje-novog-objekta-dvije-muzicke-skole-dobijaju-savremeni-prostor","status":"publish","type":"post","link":"https:\/\/tuzlainfo.ba\/index.php\/novosti\/item\/275182-pocelo-opremanje-novog-objekta-dvije-muzicke-skole-dobijaju-savremeni-prostor\/","title":{"rendered":"Po\u010delo opremanje novog objekta: Dvije muzi\u010dke \u0161kole dobijaju savremeni prostor"},"content":{"rendered":"<p data-start=\"90\" data-end=\"310\">U novoizgra\u0111enom objektu gdje su smje\u0161tene dvije tuzlasnke muzi\u010dke \u0161kole, osnovna i srednja, danas je zvani\u010dno po\u010delo opremanje prostora ua u\u010denike Osnovne muzi\u010dke \u0161kole Tuzla novim namje\u0161tajem i u\u010dilima, \u010dime se stvaraju moderni i funkcionalni uslovi za rad i u\u010denje blizu 400 u\u010denika ove ustanove.<\/p>\n<p data-start=\"312\" data-end=\"500\">Rije\u010d je o prostoru u ulici Ludviga Kube broj 1, na staroj adresi \u0161kole, koji \u0107e nakon opremanja pru\u017eati znatno unaprije\u0111ene uslove za izvo\u0111enje nastave i razvoj muzi\u010dkih talenata u\u010denika.<\/p>\n<p data-start=\"502\" data-end=\"811\">&#8211; Investicija se realizuje zahvaljuju\u0107i inicijativi poslanika u Skup\u0161tini Tuzlanskog kantona i odluci Vlade TK, uz punu podr\u0161ku Ministarstva obrazovanja i nauke na \u010delu s ministrom Ahmedom Omerovi\u0107em. U okviru kapitalnih projekata obezbije\u0111ena su sredstva za nabavku kompletnog namje\u0161taja i nastavnih sredstava &#8211; naveli su iz Osnovne muzi\u010dke \u0161kole Tuzla.<\/p>\n<p data-start=\"813\" data-end=\"959\">Zahvalnost je upu\u0107ena i uposlenicima i menad\u017ementu \u0161kole koji su mjesecima radili na pripremi svih detalja, od planiranja do terenske realizacije.<\/p>\n<p data-start=\"961\" data-end=\"1085\" data-is-last-node=\"\" data-is-only-node=\"\">Iz \u0161kole poru\u010duju da \u0107e u\u010denici novu \u0161kolsku godinu do\u010dekati u modernom ambijentu, spremni za nova znanja i muzi\u010dke uspjehe.<\/p>\n","protected":false},"excerpt":{"rendered":"<p>U novoizgra\u0111enom objektu gdje su smje\u0161tene dvije tuzlasnke muzi\u010dke \u0161kole, osnovna i srednja, danas je&hellip;<\/p>\n","protected":false},"author":2,"featured_media":275183,"comment_status":"closed","ping_status":"closed","sticky":false,"template":"","format":"standard","meta":{"_acf_changed":false,"footnotes":""},"categories":[304,12],"tags":[11955],"acf":[],"yoast_head":"<!-- This site is optimized with the Yoast SEO plugin v23.5 - https:\/\/yoast.com\/wordpress\/plugins\/seo\/ -->\n<title>Po\u010delo opremanje novog objekta: Dvije muzi\u010dke \u0161kole dobijaju savremeni prostor - TuzlaInfo.ba<\/title>\n<meta name=\"robots\" content=\"index, follow, max-snippet:-1, max-image-preview:large, max-video-preview:-1\" \/>\n<link rel=\"canonical\" href=\"https:\/\/tuzlainfo.ba\/index.php\/novosti\/item\/275182-pocelo-opremanje-novog-objekta-dvije-muzicke-skole-dobijaju-savremeni-prostor\/\" \/>\n<meta property=\"og:locale\" content=\"bs_BA\" \/>\n<meta property=\"og:type\" content=\"article\" \/>\n<meta property=\"og:title\" content=\"Po\u010delo opremanje novog objekta: Dvije muzi\u010dke \u0161kole dobijaju savremeni prostor - TuzlaInfo.ba\" \/>\n<meta property=\"og:description\" content=\"U novoizgra\u0111enom objektu gdje su smje\u0161tene dvije tuzlasnke muzi\u010dke \u0161kole, osnovna i srednja, danas je&hellip;\" \/>\n<meta property=\"og:url\" content=\"https:\/\/tuzlainfo.ba\/index.php\/novosti\/item\/275182-pocelo-opremanje-novog-objekta-dvije-muzicke-skole-dobijaju-savremeni-prostor\/\" \/>\n<meta property=\"og:site_name\" content=\"TuzlaInfo.ba\" \/>\n<meta property=\"article:publisher\" content=\"https:\/\/www.facebook.com\/tuzlainfo.ba\/\" \/>\n<meta property=\"article:published_time\" content=\"2025-07-23T18:29:20+00:00\" \/>\n<meta property=\"og:image\" content=\"https:\/\/tuzlainfo.ba\/wp-content\/uploads\/2025\/07\/2307_skola.jpg\" \/>\n\t<meta property=\"og:image:width\" content=\"1000\" \/>\n\t<meta property=\"og:image:height\" content=\"560\" \/>\n\t<meta property=\"og:image:type\" content=\"image\/jpeg\" \/>\n<meta name=\"author\" content=\"nedim\" \/>\n<meta name=\"twitter:card\" content=\"summary_large_image\" \/>\n<meta name=\"twitter:label1\" content=\"Written by\" \/>\n\t<meta name=\"twitter:data1\" content=\"nedim\" \/>\n\t<meta name=\"twitter:label2\" content=\"Est. reading time\" \/>\n\t<meta name=\"twitter:data2\" content=\"2 minute\" \/>\n<script type=\"application\/ld+json\" class=\"yoast-schema-graph\">{\"@context\":\"https:\/\/schema.org\",\"@graph\":[{\"@type\":\"Article\",\"@id\":\"https:\/\/tuzlainfo.ba\/index.php\/novosti\/item\/275182-pocelo-opremanje-novog-objekta-dvije-muzicke-skole-dobijaju-savremeni-prostor\/#article\",\"isPartOf\":{\"@id\":\"https:\/\/tuzlainfo.ba\/index.php\/novosti\/item\/275182-pocelo-opremanje-novog-objekta-dvije-muzicke-skole-dobijaju-savremeni-prostor\/\"},\"author\":{\"name\":\"nedim\",\"@id\":\"https:\/\/tuzlainfo.ba\/#\/schema\/person\/f434e20dc27ea133923aab08451b7f7f\"},\"headline\":\"Po\u010delo opremanje novog objekta: Dvije muzi\u010dke \u0161kole dobijaju savremeni prostor\",\"datePublished\":\"2025-07-23T18:29:20+00:00\",\"dateModified\":\"2025-07-23T18:29:20+00:00\",\"mainEntityOfPage\":{\"@id\":\"https:\/\/tuzlainfo.ba\/index.php\/novosti\/item\/275182-pocelo-opremanje-novog-objekta-dvije-muzicke-skole-dobijaju-savremeni-prostor\/\"},\"wordCount\":205,\"publisher\":{\"@id\":\"https:\/\/tuzlainfo.ba\/#organization\"},\"image\":{\"@id\":\"https:\/\/tuzlainfo.ba\/index.php\/novosti\/item\/275182-pocelo-opremanje-novog-objekta-dvije-muzicke-skole-dobijaju-savremeni-prostor\/#primaryimage\"},\"thumbnailUrl\":\"https:\/\/tuzlainfo.ba\/wp-content\/uploads\/2025\/07\/2307_skola.jpg\",\"keywords\":[\"Osnovna muzi\u010dka \u0161kola tuzla\"],\"articleSection\":[\"Istaknuto\",\"Novosti\"],\"inLanguage\":\"bs-BA\"},{\"@type\":\"WebPage\",\"@id\":\"https:\/\/tuzlainfo.ba\/index.php\/novosti\/item\/275182-pocelo-opremanje-novog-objekta-dvije-muzicke-skole-dobijaju-savremeni-prostor\/\",\"url\":\"https:\/\/tuzlainfo.ba\/index.php\/novosti\/item\/275182-pocelo-opremanje-novog-objekta-dvije-muzicke-skole-dobijaju-savremeni-prostor\/\",\"name\":\"Po\u010delo opremanje novog objekta: Dvije muzi\u010dke \u0161kole dobijaju savremeni prostor - TuzlaInfo.ba\",\"isPartOf\":{\"@id\":\"https:\/\/tuzlainfo.ba\/#website\"},\"primaryImageOfPage\":{\"@id\":\"https:\/\/tuzlainfo.ba\/index.php\/novosti\/item\/275182-pocelo-opremanje-novog-objekta-dvije-muzicke-skole-dobijaju-savremeni-prostor\/#primaryimage\"},\"image\":{\"@id\":\"https:\/\/tuzlainfo.ba\/index.php\/novosti\/item\/275182-pocelo-opremanje-novog-objekta-dvije-muzicke-skole-dobijaju-savremeni-prostor\/#primaryimage\"},\"thumbnailUrl\":\"https:\/\/tuzlainfo.ba\/wp-content\/uploads\/2025\/07\/2307_skola.jpg\",\"datePublished\":\"2025-07-23T18:29:20+00:00\",\"dateModified\":\"2025-07-23T18:29:20+00:00\",\"breadcrumb\":{\"@id\":\"https:\/\/tuzlainfo.ba\/index.php\/novosti\/item\/275182-pocelo-opremanje-novog-objekta-dvije-muzicke-skole-dobijaju-savremeni-prostor\/#breadcrumb\"},\"inLanguage\":\"bs-BA\",\"potentialAction\":[{\"@type\":\"ReadAction\",\"target\":[\"https:\/\/tuzlainfo.ba\/index.php\/novosti\/item\/275182-pocelo-opremanje-novog-objekta-dvije-muzicke-skole-dobijaju-savremeni-prostor\/\"]}]},{\"@type\":\"ImageObject\",\"inLanguage\":\"bs-BA\",\"@id\":\"https:\/\/tuzlainfo.ba\/index.php\/novosti\/item\/275182-pocelo-opremanje-novog-objekta-dvije-muzicke-skole-dobijaju-savremeni-prostor\/#primaryimage\",\"url\":\"https:\/\/tuzlainfo.ba\/wp-content\/uploads\/2025\/07\/2307_skola.jpg\",\"contentUrl\":\"https:\/\/tuzlainfo.ba\/wp-content\/uploads\/2025\/07\/2307_skola.jpg\",\"width\":1000,\"height\":560},{\"@type\":\"BreadcrumbList\",\"@id\":\"https:\/\/tuzlainfo.ba\/index.php\/novosti\/item\/275182-pocelo-opremanje-novog-objekta-dvije-muzicke-skole-dobijaju-savremeni-prostor\/#breadcrumb\",\"itemListElement\":[{\"@type\":\"ListItem\",\"position\":1,\"name\":\"Home\",\"item\":\"https:\/\/tuzlainfo.ba\/\"},{\"@type\":\"ListItem\",\"position\":2,\"name\":\"Po\u010delo opremanje novog objekta: Dvije muzi\u010dke \u0161kole dobijaju savremeni prostor\"}]},{\"@type\":\"WebSite\",\"@id\":\"https:\/\/tuzlainfo.ba\/#website\",\"url\":\"https:\/\/tuzlainfo.ba\/\",\"name\":\"TuzlaInfo.ba\",\"description\":\"Tuzla info, gradski informator - Tuzla na dlanu\",\"publisher\":{\"@id\":\"https:\/\/tuzlainfo.ba\/#organization\"},\"potentialAction\":[{\"@type\":\"SearchAction\",\"target\":{\"@type\":\"EntryPoint\",\"urlTemplate\":\"https:\/\/tuzlainfo.ba\/?s={search_term_string}\"},\"query-input\":{\"@type\":\"PropertyValueSpecification\",\"valueRequired\":true,\"valueName\":\"search_term_string\"}}],\"inLanguage\":\"bs-BA\"},{\"@type\":\"Organization\",\"@id\":\"https:\/\/tuzlainfo.ba\/#organization\",\"name\":\"TuzlaInfo.ba\",\"url\":\"https:\/\/tuzlainfo.ba\/\",\"logo\":{\"@type\":\"ImageObject\",\"inLanguage\":\"bs-BA\",\"@id\":\"https:\/\/tuzlainfo.ba\/#\/schema\/logo\/image\/\",\"url\":\"https:\/\/tuzlainfo.ba\/wp-content\/uploads\/2021\/03\/logo-ver-3-1.png\",\"contentUrl\":\"https:\/\/tuzlainfo.ba\/wp-content\/uploads\/2021\/03\/logo-ver-3-1.png\",\"width\":350,\"height\":95,\"caption\":\"TuzlaInfo.ba\"},\"image\":{\"@id\":\"https:\/\/tuzlainfo.ba\/#\/schema\/logo\/image\/\"},\"sameAs\":[\"https:\/\/www.facebook.com\/tuzlainfo.ba\/\"]},{\"@type\":\"Person\",\"@id\":\"https:\/\/tuzlainfo.ba\/#\/schema\/person\/f434e20dc27ea133923aab08451b7f7f\",\"name\":\"nedim\",\"image\":{\"@type\":\"ImageObject\",\"inLanguage\":\"bs-BA\",\"@id\":\"https:\/\/tuzlainfo.ba\/#\/schema\/person\/image\/\",\"url\":\"https:\/\/tuzlainfo.ba\/wp-content\/litespeed\/avatar\/aabad687af24844af817603ac1cbdc4f.jpg?ver=1777306975\",\"contentUrl\":\"https:\/\/tuzlainfo.ba\/wp-content\/litespeed\/avatar\/aabad687af24844af817603ac1cbdc4f.jpg?ver=1777306975\",\"caption\":\"nedim\"},\"description\":\"Tuzlainfo.ba pratite na dru\u0161tvenim mre\u017eama: Facebook, Instagram i Youtube. Svoje pri\u010de, upite i fotografije \u0161aljite na na\u0161u e-mail adresu.\"}]}<\/script>\n<!-- \/ Yoast SEO plugin. -->","yoast_head_json":{"title":"Po\u010delo opremanje novog objekta: Dvije muzi\u010dke \u0161kole dobijaju savremeni prostor - TuzlaInfo.ba","robots":{"index":"index","follow":"follow","max-snippet":"max-snippet:-1","max-image-preview":"max-image-preview:large","max-video-preview":"max-video-preview:-1"},"canonical":"https:\/\/tuzlainfo.ba\/index.php\/novosti\/item\/275182-pocelo-opremanje-novog-objekta-dvije-muzicke-skole-dobijaju-savremeni-prostor\/","og_locale":"bs_BA","og_type":"article","og_title":"Po\u010delo opremanje novog objekta: Dvije muzi\u010dke \u0161kole dobijaju savremeni prostor - TuzlaInfo.ba","og_description":"U novoizgra\u0111enom objektu gdje su smje\u0161tene dvije tuzlasnke muzi\u010dke \u0161kole, osnovna i srednja, danas je&hellip;","og_url":"https:\/\/tuzlainfo.ba\/index.php\/novosti\/item\/275182-pocelo-opremanje-novog-objekta-dvije-muzicke-skole-dobijaju-savremeni-prostor\/","og_site_name":"TuzlaInfo.ba","article_publisher":"https:\/\/www.facebook.com\/tuzlainfo.ba\/","article_published_time":"2025-07-23T18:29:20+00:00","og_image":[{"width":1000,"height":560,"url":"https:\/\/tuzlainfo.ba\/wp-content\/uploads\/2025\/07\/2307_skola.jpg","type":"image\/jpeg"}],"author":"nedim","twitter_card":"summary_large_image","twitter_misc":{"Written by":"nedim","Est. reading time":"2 minute"},"schema":{"@context":"https:\/\/schema.org","@graph":[{"@type":"Article","@id":"https:\/\/tuzlainfo.ba\/index.php\/novosti\/item\/275182-pocelo-opremanje-novog-objekta-dvije-muzicke-skole-dobijaju-savremeni-prostor\/#article","isPartOf":{"@id":"https:\/\/tuzlainfo.ba\/index.php\/novosti\/item\/275182-pocelo-opremanje-novog-objekta-dvije-muzicke-skole-dobijaju-savremeni-prostor\/"},"author":{"name":"nedim","@id":"https:\/\/tuzlainfo.ba\/#\/schema\/person\/f434e20dc27ea133923aab08451b7f7f"},"headline":"Po\u010delo opremanje novog objekta: Dvije muzi\u010dke \u0161kole dobijaju savremeni prostor","datePublished":"2025-07-23T18:29:20+00:00","dateModified":"2025-07-23T18:29:20+00:00","mainEntityOfPage":{"@id":"https:\/\/tuzlainfo.ba\/index.php\/novosti\/item\/275182-pocelo-opremanje-novog-objekta-dvije-muzicke-skole-dobijaju-savremeni-prostor\/"},"wordCount":205,"publisher":{"@id":"https:\/\/tuzlainfo.ba\/#organization"},"image":{"@id":"https:\/\/tuzlainfo.ba\/index.php\/novosti\/item\/275182-pocelo-opremanje-novog-objekta-dvije-muzicke-skole-dobijaju-savremeni-prostor\/#primaryimage"},"thumbnailUrl":"https:\/\/tuzlainfo.ba\/wp-content\/uploads\/2025\/07\/2307_skola.jpg","keywords":["Osnovna muzi\u010dka \u0161kola tuzla"],"articleSection":["Istaknuto","Novosti"],"inLanguage":"bs-BA"},{"@type":"WebPage","@id":"https:\/\/tuzlainfo.ba\/index.php\/novosti\/item\/275182-pocelo-opremanje-novog-objekta-dvije-muzicke-skole-dobijaju-savremeni-prostor\/","url":"https:\/\/tuzlainfo.ba\/index.php\/novosti\/item\/275182-pocelo-opremanje-novog-objekta-dvije-muzicke-skole-dobijaju-savremeni-prostor\/","name":"Po\u010delo opremanje novog objekta: Dvije muzi\u010dke \u0161kole dobijaju savremeni prostor - TuzlaInfo.ba","isPartOf":{"@id":"https:\/\/tuzlainfo.ba\/#website"},"primaryImageOfPage":{"@id":"https:\/\/tuzlainfo.ba\/index.php\/novosti\/item\/275182-pocelo-opremanje-novog-objekta-dvije-muzicke-skole-dobijaju-savremeni-prostor\/#primaryimage"},"image":{"@id":"https:\/\/tuzlainfo.ba\/index.php\/novosti\/item\/275182-pocelo-opremanje-novog-objekta-dvije-muzicke-skole-dobijaju-savremeni-prostor\/#primaryimage"},"thumbnailUrl":"https:\/\/tuzlainfo.ba\/wp-content\/uploads\/2025\/07\/2307_skola.jpg","datePublished":"2025-07-23T18:29:20+00:00","dateModified":"2025-07-23T18:29:20+00:00","breadcrumb":{"@id":"https:\/\/tuzlainfo.ba\/index.php\/novosti\/item\/275182-pocelo-opremanje-novog-objekta-dvije-muzicke-skole-dobijaju-savremeni-prostor\/#breadcrumb"},"inLanguage":"bs-BA","potentialAction":[{"@type":"ReadAction","target":["https:\/\/tuzlainfo.ba\/index.php\/novosti\/item\/275182-pocelo-opremanje-novog-objekta-dvije-muzicke-skole-dobijaju-savremeni-prostor\/"]}]},{"@type":"ImageObject","inLanguage":"bs-BA","@id":"https:\/\/tuzlainfo.ba\/index.php\/novosti\/item\/275182-pocelo-opremanje-novog-objekta-dvije-muzicke-skole-dobijaju-savremeni-prostor\/#primaryimage","url":"https:\/\/tuzlainfo.ba\/wp-content\/uploads\/2025\/07\/2307_skola.jpg","contentUrl":"https:\/\/tuzlainfo.ba\/wp-content\/uploads\/2025\/07\/2307_skola.jpg","width":1000,"height":560},{"@type":"BreadcrumbList","@id":"https:\/\/tuzlainfo.ba\/index.php\/novosti\/item\/275182-pocelo-opremanje-novog-objekta-dvije-muzicke-skole-dobijaju-savremeni-prostor\/#breadcrumb","itemListElement":[{"@type":"ListItem","position":1,"name":"Home","item":"https:\/\/tuzlainfo.ba\/"},{"@type":"ListItem","position":2,"name":"Po\u010delo opremanje novog objekta: Dvije muzi\u010dke \u0161kole dobijaju savremeni prostor"}]},{"@type":"WebSite","@id":"https:\/\/tuzlainfo.ba\/#website","url":"https:\/\/tuzlainfo.ba\/","name":"TuzlaInfo.ba","description":"Tuzla info, gradski informator - Tuzla na dlanu","publisher":{"@id":"https:\/\/tuzlainfo.ba\/#organization"},"potentialAction":[{"@type":"SearchAction","target":{"@type":"EntryPoint","urlTemplate":"https:\/\/tuzlainfo.ba\/?s={search_term_string}"},"query-input":{"@type":"PropertyValueSpecification","valueRequired":true,"valueName":"search_term_string"}}],"inLanguage":"bs-BA"},{"@type":"Organization","@id":"https:\/\/tuzlainfo.ba\/#organization","name":"TuzlaInfo.ba","url":"https:\/\/tuzlainfo.ba\/","logo":{"@type":"ImageObject","inLanguage":"bs-BA","@id":"https:\/\/tuzlainfo.ba\/#\/schema\/logo\/image\/","url":"https:\/\/tuzlainfo.ba\/wp-content\/uploads\/2021\/03\/logo-ver-3-1.png","contentUrl":"https:\/\/tuzlainfo.ba\/wp-content\/uploads\/2021\/03\/logo-ver-3-1.png","width":350,"height":95,"caption":"TuzlaInfo.ba"},"image":{"@id":"https:\/\/tuzlainfo.ba\/#\/schema\/logo\/image\/"},"sameAs":["https:\/\/www.facebook.com\/tuzlainfo.ba\/"]},{"@type":"Person","@id":"https:\/\/tuzlainfo.ba\/#\/schema\/person\/f434e20dc27ea133923aab08451b7f7f","name":"nedim","image":{"@type":"ImageObject","inLanguage":"bs-BA","@id":"https:\/\/tuzlainfo.ba\/#\/schema\/person\/image\/","url":"https:\/\/tuzlainfo.ba\/wp-content\/litespeed\/avatar\/aabad687af24844af817603ac1cbdc4f.jpg?ver=1777306975","contentUrl":"https:\/\/tuzlainfo.ba\/wp-content\/litespeed\/avatar\/aabad687af24844af817603ac1cbdc4f.jpg?ver=1777306975","caption":"nedim"},"description":"Tuzlainfo.ba pratite na dru\u0161tvenim mre\u017eama: Facebook, Instagram i Youtube. Svoje pri\u010de, upite i fotografije \u0161aljite na na\u0161u e-mail adresu."}]}},"_links":{"self":[{"href":"https:\/\/tuzlainfo.ba\/index.php\/wp-json\/wp\/v2\/posts\/275182"}],"collection":[{"href":"https:\/\/tuzlainfo.ba\/index.php\/wp-json\/wp\/v2\/posts"}],"about":[{"href":"https:\/\/tuzlainfo.ba\/index.php\/wp-json\/wp\/v2\/types\/post"}],"author":[{"embeddable":true,"href":"https:\/\/tuzlainfo.ba\/index.php\/wp-json\/wp\/v2\/users\/2"}],"replies":[{"embeddable":true,"href":"https:\/\/tuzlainfo.ba\/index.php\/wp-json\/wp\/v2\/comments?post=275182"}],"version-history":[{"count":1,"href":"https:\/\/tuzlainfo.ba\/index.php\/wp-json\/wp\/v2\/posts\/275182\/revisions"}],"predecessor-version":[{"id":275184,"href":"https:\/\/tuzlainfo.ba\/index.php\/wp-json\/wp\/v2\/posts\/275182\/revisions\/275184"}],"wp:featuredmedia":[{"embeddable":true,"href":"https:\/\/tuzlainfo.ba\/index.php\/wp-json\/wp\/v2\/media\/275183"}],"wp:attachment":[{"href":"https:\/\/tuzlainfo.ba\/index.php\/wp-json\/wp\/v2\/media?parent=275182"}],"wp:term":[{"taxonomy":"category","embeddable":true,"href":"https:\/\/tuzlainfo.ba\/index.php\/wp-json\/wp\/v2\/categories?post=275182"},{"taxonomy":"post_tag","embeddable":true,"href":"https:\/\/tuzlainfo.ba\/index.php\/wp-json\/wp\/v2\/tags?post=275182"}],"curies":[{"name":"wp","href":"https:\/\/api.w.org\/{rel}","templated":true}]}}