{"id":275099,"date":"2025-07-23T09:53:39","date_gmt":"2025-07-23T07:53:39","guid":{"rendered":"https:\/\/tuzlainfo.ba\/?p=275099"},"modified":"2025-07-23T08:57:10","modified_gmt":"2025-07-23T06:57:10","slug":"zaposleni-u-bosni-i-hercegovini-na-dnu-regije-po-odmoru-i-regresu","status":"publish","type":"post","link":"https:\/\/tuzlainfo.ba\/index.php\/bosna-i-hercegovina\/item\/275099-zaposleni-u-bosni-i-hercegovini-na-dnu-regije-po-odmoru-i-regresu\/","title":{"rendered":"Zaposleni u Bosni i Hercegovini na dnu regije po odmoru i regresu"},"content":{"rendered":"<p>Zaposleni u Bosni i Hercegovini u prosjeku godi\u0161nje koriste 21 dan odmora, manje nego njihove kolege u Hrvatskoj i Makedoniji. Istovremeno, manje od polovine zaposlenih vjeruje da \u0107e ove godine dobiti regres, \u010dime se BiH svrstava na za\u010delje regije kada je rije\u010d o ovom obliku radne naknade.<\/p>\n<p>Rezultati su to regionalnog istra\u017eivanja o godi\u0161njim odmorima koje je provela grupacija Alma Career u okviru koje djeluje i portal MojPosao.ba, a u kojem je sudjelovalo vi\u0161e od 2.500 ispitanika iz Bosne i Hercegovine, Hrvatske i Sjeverne Makedonije.<\/p>\n<p>Iako zakon u entitetima BiH propisuje pravo na najmanje 20 radnih dana godi\u0161njeg odmora, radnici u praksi koriste tek ne\u0161to vi\u0161e od toga &#8211; 21 dan. U pore\u0111enju s Hrvatskom, gdje je prosjek 25 dana, i Sjevernom Makedonijom s 20 dana, BiH se nalazi me\u0111u zemljama s najmanje odmora u regiji.<\/p>\n<p>Zaposleni u BiH bi, prema istra\u017eivanju, \u017eeljeli \u010dak 28 dana godi\u0161njeg odmora, \u0161to je sedam dana vi\u0161e od onoga \u0161to trenutno imaju na raspolaganju. Gotovo identi\u010dan jaz postoji i u ostalim zemljama regije.<\/p>\n<p>Kao i u ostatku regije, veli\u010dina i vlasni\u010dka struktura kompanije imaju sna\u017ean utjecaj na broj dana godi\u0161njeg odmora.<\/p>\n<p>U BiH, zaposlenici u dr\u017eavnim institucijama imaju u prosjeku \u010dak 27,6 dana odmora, dok radnici u doma\u0107im privatnim firmama imaju znatno manje \u2013 samo 18,9 dana.<\/p>\n<p>Nadalje, velike kompanije, bez obzira na vlasni\u0161tvo \u010de\u0161\u0107e omogu\u0107avaju ve\u0107i broj slobodnih dana u odnosu na male poslodavce. Ovaj obrazac ponavlja se i u Hrvatskoj i Sjevernoj Makedoniji.<\/p>\n<p>Kada je rije\u010d o regresu, najmanje optimizma bilje\u017ei se upravo\u00a0u Bosni i Hercegovini,\u00a0gdje\u00a0tek 44% zaposlenih o\u010dekuje da \u0107e dobiti ovu isplatu. U pore\u0111enju s Hrvatskom (55%) i Sjevernom Makedonijom (87%), BiH se po ovom pitanju nalazi na samom dnu.<\/p>\n<p>Naj\u010de\u0161\u0107e o\u010dekivani iznosi regresa u BiH su do 1.000KM\u00a0(cca. 500 eura), \u0161to je ujedno i dominantan iznos i u Hrvatskoj, dok se u Sjevernoj Makedoniji regres \u010de\u0161\u0107e kre\u0107e do 250 eura.<\/p>\n<p>Dr\u017eavne firme su i dalje najpouzdaniji poslodavci kada je rije\u010d o isplati regresa u sve tri zemlje.\u00a0U Bosni i Hercegovini i Hrvatskoj regres redovno ispla\u0107uje izme\u0111u 70 i 90 posto velikih kompanija i javnih institucija, dok je taj udio zna\u010dajno manji kod malih doma\u0107ih privatnih firmi, gdje regres dobiva tek 20 do 40 posto zaposlenih.<\/p>\n<p>Privatne firme u stranom vlasni\u0161tvu generalno su \u010de\u0161\u0107e u praksi isplate regresa u odnosu na doma\u0107e. S druge strane,\u00a0naj\u0161ira pokrivenost regresom zabilje\u017eena je u Sjevernoj Makedoniji, gdje ovu naknadu ispla\u0107uje gotovo svaka kompanija, bez obzira na veli\u010dinu ili strukturu vlasni\u0161tva.<\/p>\n<p>Uz navedeno, u sve tri zemlje jasno je uo\u010dljiv jaz u benefitima izme\u0111u dr\u017eavnih kompanija, stranih privatnih kompanija i doma\u0107ih privatnih kompanija. Dr\u017eavne kompanije i institucije naj\u010de\u0161\u0107e omogu\u0107avaju ve\u0107i broj dana odmora i sigurniju isplatu regresa, dok su zaposleni u doma\u0107im privatnim kompanijama, naro\u010dito manjim, u nepovoljnijem polo\u017eaju.<\/p>\n","protected":false},"excerpt":{"rendered":"<p>Zaposleni u Bosni i Hercegovini u prosjeku godi\u0161nje koriste 21 dan odmora, manje nego njihove&hellip;<\/p>\n","protected":false},"author":8,"featured_media":160169,"comment_status":"closed","ping_status":"closed","sticky":false,"template":"","format":"standard","meta":{"_acf_changed":false,"footnotes":""},"categories":[291],"tags":[7553,1792,9766],"acf":[],"yoast_head":"<!-- This site is optimized with the Yoast SEO plugin v23.5 - https:\/\/yoast.com\/wordpress\/plugins\/seo\/ -->\n<title>Zaposleni u Bosni i Hercegovini na dnu regije po odmoru i regresu - TuzlaInfo.ba<\/title>\n<meta name=\"robots\" content=\"index, follow, max-snippet:-1, max-image-preview:large, max-video-preview:-1\" \/>\n<link rel=\"canonical\" href=\"https:\/\/tuzlainfo.ba\/index.php\/bosna-i-hercegovina\/item\/275099-zaposleni-u-bosni-i-hercegovini-na-dnu-regije-po-odmoru-i-regresu\/\" \/>\n<meta property=\"og:locale\" content=\"bs_BA\" \/>\n<meta property=\"og:type\" content=\"article\" \/>\n<meta property=\"og:title\" content=\"Zaposleni u Bosni i Hercegovini na dnu regije po odmoru i regresu - TuzlaInfo.ba\" \/>\n<meta property=\"og:description\" content=\"Zaposleni u Bosni i Hercegovini u prosjeku godi\u0161nje koriste 21 dan odmora, manje nego njihove&hellip;\" \/>\n<meta property=\"og:url\" content=\"https:\/\/tuzlainfo.ba\/index.php\/bosna-i-hercegovina\/item\/275099-zaposleni-u-bosni-i-hercegovini-na-dnu-regije-po-odmoru-i-regresu\/\" \/>\n<meta property=\"og:site_name\" content=\"TuzlaInfo.ba\" \/>\n<meta property=\"article:publisher\" content=\"https:\/\/www.facebook.com\/tuzlainfo.ba\/\" \/>\n<meta property=\"article:published_time\" content=\"2025-07-23T07:53:39+00:00\" \/>\n<meta property=\"article:modified_time\" content=\"2025-07-23T06:57:10+00:00\" \/>\n<meta property=\"og:image\" content=\"https:\/\/tuzlainfo.ba\/wp-content\/uploads\/2022\/01\/0301_novac_KM.jpg\" \/>\n\t<meta property=\"og:image:width\" content=\"1200\" \/>\n\t<meta property=\"og:image:height\" content=\"900\" \/>\n\t<meta property=\"og:image:type\" content=\"image\/jpeg\" \/>\n<meta name=\"author\" content=\"Admin Tri\" \/>\n<meta name=\"twitter:card\" content=\"summary_large_image\" \/>\n<meta name=\"twitter:label1\" content=\"Written by\" \/>\n\t<meta name=\"twitter:data1\" content=\"Admin Tri\" \/>\n\t<meta name=\"twitter:label2\" content=\"Est. reading time\" \/>\n\t<meta name=\"twitter:data2\" content=\"3 minute\" \/>\n<script type=\"application\/ld+json\" class=\"yoast-schema-graph\">{\"@context\":\"https:\/\/schema.org\",\"@graph\":[{\"@type\":\"Article\",\"@id\":\"https:\/\/tuzlainfo.ba\/index.php\/bosna-i-hercegovina\/item\/275099-zaposleni-u-bosni-i-hercegovini-na-dnu-regije-po-odmoru-i-regresu\/#article\",\"isPartOf\":{\"@id\":\"https:\/\/tuzlainfo.ba\/index.php\/bosna-i-hercegovina\/item\/275099-zaposleni-u-bosni-i-hercegovini-na-dnu-regije-po-odmoru-i-regresu\/\"},\"author\":{\"name\":\"Admin Tri\",\"@id\":\"https:\/\/tuzlainfo.ba\/#\/schema\/person\/593e78a2f6378c5ba3e7600ecfa4e63a\"},\"headline\":\"Zaposleni u Bosni i Hercegovini na dnu regije po odmoru i regresu\",\"datePublished\":\"2025-07-23T07:53:39+00:00\",\"dateModified\":\"2025-07-23T06:57:10+00:00\",\"mainEntityOfPage\":{\"@id\":\"https:\/\/tuzlainfo.ba\/index.php\/bosna-i-hercegovina\/item\/275099-zaposleni-u-bosni-i-hercegovini-na-dnu-regije-po-odmoru-i-regresu\/\"},\"wordCount\":511,\"publisher\":{\"@id\":\"https:\/\/tuzlainfo.ba\/#organization\"},\"image\":{\"@id\":\"https:\/\/tuzlainfo.ba\/index.php\/bosna-i-hercegovina\/item\/275099-zaposleni-u-bosni-i-hercegovini-na-dnu-regije-po-odmoru-i-regresu\/#primaryimage\"},\"thumbnailUrl\":\"https:\/\/tuzlainfo.ba\/wp-content\/uploads\/2022\/01\/0301_novac_KM.jpg\",\"keywords\":[\"odmor\",\"regres\",\"zaposleni\"],\"articleSection\":[\"Bosna i Hercegovina\"],\"inLanguage\":\"bs-BA\"},{\"@type\":\"WebPage\",\"@id\":\"https:\/\/tuzlainfo.ba\/index.php\/bosna-i-hercegovina\/item\/275099-zaposleni-u-bosni-i-hercegovini-na-dnu-regije-po-odmoru-i-regresu\/\",\"url\":\"https:\/\/tuzlainfo.ba\/index.php\/bosna-i-hercegovina\/item\/275099-zaposleni-u-bosni-i-hercegovini-na-dnu-regije-po-odmoru-i-regresu\/\",\"name\":\"Zaposleni u Bosni i Hercegovini na dnu regije po odmoru i regresu - TuzlaInfo.ba\",\"isPartOf\":{\"@id\":\"https:\/\/tuzlainfo.ba\/#website\"},\"primaryImageOfPage\":{\"@id\":\"https:\/\/tuzlainfo.ba\/index.php\/bosna-i-hercegovina\/item\/275099-zaposleni-u-bosni-i-hercegovini-na-dnu-regije-po-odmoru-i-regresu\/#primaryimage\"},\"image\":{\"@id\":\"https:\/\/tuzlainfo.ba\/index.php\/bosna-i-hercegovina\/item\/275099-zaposleni-u-bosni-i-hercegovini-na-dnu-regije-po-odmoru-i-regresu\/#primaryimage\"},\"thumbnailUrl\":\"https:\/\/tuzlainfo.ba\/wp-content\/uploads\/2022\/01\/0301_novac_KM.jpg\",\"datePublished\":\"2025-07-23T07:53:39+00:00\",\"dateModified\":\"2025-07-23T06:57:10+00:00\",\"breadcrumb\":{\"@id\":\"https:\/\/tuzlainfo.ba\/index.php\/bosna-i-hercegovina\/item\/275099-zaposleni-u-bosni-i-hercegovini-na-dnu-regije-po-odmoru-i-regresu\/#breadcrumb\"},\"inLanguage\":\"bs-BA\",\"potentialAction\":[{\"@type\":\"ReadAction\",\"target\":[\"https:\/\/tuzlainfo.ba\/index.php\/bosna-i-hercegovina\/item\/275099-zaposleni-u-bosni-i-hercegovini-na-dnu-regije-po-odmoru-i-regresu\/\"]}]},{\"@type\":\"ImageObject\",\"inLanguage\":\"bs-BA\",\"@id\":\"https:\/\/tuzlainfo.ba\/index.php\/bosna-i-hercegovina\/item\/275099-zaposleni-u-bosni-i-hercegovini-na-dnu-regije-po-odmoru-i-regresu\/#primaryimage\",\"url\":\"https:\/\/tuzlainfo.ba\/wp-content\/uploads\/2022\/01\/0301_novac_KM.jpg\",\"contentUrl\":\"https:\/\/tuzlainfo.ba\/wp-content\/uploads\/2022\/01\/0301_novac_KM.jpg\",\"width\":1200,\"height\":900},{\"@type\":\"BreadcrumbList\",\"@id\":\"https:\/\/tuzlainfo.ba\/index.php\/bosna-i-hercegovina\/item\/275099-zaposleni-u-bosni-i-hercegovini-na-dnu-regije-po-odmoru-i-regresu\/#breadcrumb\",\"itemListElement\":[{\"@type\":\"ListItem\",\"position\":1,\"name\":\"Home\",\"item\":\"https:\/\/tuzlainfo.ba\/\"},{\"@type\":\"ListItem\",\"position\":2,\"name\":\"Zaposleni u Bosni i Hercegovini na dnu regije po odmoru i regresu\"}]},{\"@type\":\"WebSite\",\"@id\":\"https:\/\/tuzlainfo.ba\/#website\",\"url\":\"https:\/\/tuzlainfo.ba\/\",\"name\":\"TuzlaInfo.ba\",\"description\":\"Tuzla info, gradski informator - Tuzla na dlanu\",\"publisher\":{\"@id\":\"https:\/\/tuzlainfo.ba\/#organization\"},\"potentialAction\":[{\"@type\":\"SearchAction\",\"target\":{\"@type\":\"EntryPoint\",\"urlTemplate\":\"https:\/\/tuzlainfo.ba\/?s={search_term_string}\"},\"query-input\":{\"@type\":\"PropertyValueSpecification\",\"valueRequired\":true,\"valueName\":\"search_term_string\"}}],\"inLanguage\":\"bs-BA\"},{\"@type\":\"Organization\",\"@id\":\"https:\/\/tuzlainfo.ba\/#organization\",\"name\":\"TuzlaInfo.ba\",\"url\":\"https:\/\/tuzlainfo.ba\/\",\"logo\":{\"@type\":\"ImageObject\",\"inLanguage\":\"bs-BA\",\"@id\":\"https:\/\/tuzlainfo.ba\/#\/schema\/logo\/image\/\",\"url\":\"https:\/\/tuzlainfo.ba\/wp-content\/uploads\/2021\/03\/logo-ver-3-1.png\",\"contentUrl\":\"https:\/\/tuzlainfo.ba\/wp-content\/uploads\/2021\/03\/logo-ver-3-1.png\",\"width\":350,\"height\":95,\"caption\":\"TuzlaInfo.ba\"},\"image\":{\"@id\":\"https:\/\/tuzlainfo.ba\/#\/schema\/logo\/image\/\"},\"sameAs\":[\"https:\/\/www.facebook.com\/tuzlainfo.ba\/\"]},{\"@type\":\"Person\",\"@id\":\"https:\/\/tuzlainfo.ba\/#\/schema\/person\/593e78a2f6378c5ba3e7600ecfa4e63a\",\"name\":\"Admin Tri\",\"image\":{\"@type\":\"ImageObject\",\"inLanguage\":\"bs-BA\",\"@id\":\"https:\/\/tuzlainfo.ba\/#\/schema\/person\/image\/\",\"url\":\"https:\/\/tuzlainfo.ba\/wp-content\/litespeed\/avatar\/b7920db4cc34a71ad12497283ad2fe3f.jpg?ver=1777100914\",\"contentUrl\":\"https:\/\/tuzlainfo.ba\/wp-content\/litespeed\/avatar\/b7920db4cc34a71ad12497283ad2fe3f.jpg?ver=1777100914\",\"caption\":\"Admin Tri\"},\"sameAs\":[\"https:\/\/tuzlainfo.ba\"]}]}<\/script>\n<!-- \/ Yoast SEO plugin. -->","yoast_head_json":{"title":"Zaposleni u Bosni i Hercegovini na dnu regije po odmoru i regresu - TuzlaInfo.ba","robots":{"index":"index","follow":"follow","max-snippet":"max-snippet:-1","max-image-preview":"max-image-preview:large","max-video-preview":"max-video-preview:-1"},"canonical":"https:\/\/tuzlainfo.ba\/index.php\/bosna-i-hercegovina\/item\/275099-zaposleni-u-bosni-i-hercegovini-na-dnu-regije-po-odmoru-i-regresu\/","og_locale":"bs_BA","og_type":"article","og_title":"Zaposleni u Bosni i Hercegovini na dnu regije po odmoru i regresu - TuzlaInfo.ba","og_description":"Zaposleni u Bosni i Hercegovini u prosjeku godi\u0161nje koriste 21 dan odmora, manje nego njihove&hellip;","og_url":"https:\/\/tuzlainfo.ba\/index.php\/bosna-i-hercegovina\/item\/275099-zaposleni-u-bosni-i-hercegovini-na-dnu-regije-po-odmoru-i-regresu\/","og_site_name":"TuzlaInfo.ba","article_publisher":"https:\/\/www.facebook.com\/tuzlainfo.ba\/","article_published_time":"2025-07-23T07:53:39+00:00","article_modified_time":"2025-07-23T06:57:10+00:00","og_image":[{"width":1200,"height":900,"url":"https:\/\/tuzlainfo.ba\/wp-content\/uploads\/2022\/01\/0301_novac_KM.jpg","type":"image\/jpeg"}],"author":"Admin Tri","twitter_card":"summary_large_image","twitter_misc":{"Written by":"Admin Tri","Est. reading time":"3 minute"},"schema":{"@context":"https:\/\/schema.org","@graph":[{"@type":"Article","@id":"https:\/\/tuzlainfo.ba\/index.php\/bosna-i-hercegovina\/item\/275099-zaposleni-u-bosni-i-hercegovini-na-dnu-regije-po-odmoru-i-regresu\/#article","isPartOf":{"@id":"https:\/\/tuzlainfo.ba\/index.php\/bosna-i-hercegovina\/item\/275099-zaposleni-u-bosni-i-hercegovini-na-dnu-regije-po-odmoru-i-regresu\/"},"author":{"name":"Admin Tri","@id":"https:\/\/tuzlainfo.ba\/#\/schema\/person\/593e78a2f6378c5ba3e7600ecfa4e63a"},"headline":"Zaposleni u Bosni i Hercegovini na dnu regije po odmoru i regresu","datePublished":"2025-07-23T07:53:39+00:00","dateModified":"2025-07-23T06:57:10+00:00","mainEntityOfPage":{"@id":"https:\/\/tuzlainfo.ba\/index.php\/bosna-i-hercegovina\/item\/275099-zaposleni-u-bosni-i-hercegovini-na-dnu-regije-po-odmoru-i-regresu\/"},"wordCount":511,"publisher":{"@id":"https:\/\/tuzlainfo.ba\/#organization"},"image":{"@id":"https:\/\/tuzlainfo.ba\/index.php\/bosna-i-hercegovina\/item\/275099-zaposleni-u-bosni-i-hercegovini-na-dnu-regije-po-odmoru-i-regresu\/#primaryimage"},"thumbnailUrl":"https:\/\/tuzlainfo.ba\/wp-content\/uploads\/2022\/01\/0301_novac_KM.jpg","keywords":["odmor","regres","zaposleni"],"articleSection":["Bosna i Hercegovina"],"inLanguage":"bs-BA"},{"@type":"WebPage","@id":"https:\/\/tuzlainfo.ba\/index.php\/bosna-i-hercegovina\/item\/275099-zaposleni-u-bosni-i-hercegovini-na-dnu-regije-po-odmoru-i-regresu\/","url":"https:\/\/tuzlainfo.ba\/index.php\/bosna-i-hercegovina\/item\/275099-zaposleni-u-bosni-i-hercegovini-na-dnu-regije-po-odmoru-i-regresu\/","name":"Zaposleni u Bosni i Hercegovini na dnu regije po odmoru i regresu - TuzlaInfo.ba","isPartOf":{"@id":"https:\/\/tuzlainfo.ba\/#website"},"primaryImageOfPage":{"@id":"https:\/\/tuzlainfo.ba\/index.php\/bosna-i-hercegovina\/item\/275099-zaposleni-u-bosni-i-hercegovini-na-dnu-regije-po-odmoru-i-regresu\/#primaryimage"},"image":{"@id":"https:\/\/tuzlainfo.ba\/index.php\/bosna-i-hercegovina\/item\/275099-zaposleni-u-bosni-i-hercegovini-na-dnu-regije-po-odmoru-i-regresu\/#primaryimage"},"thumbnailUrl":"https:\/\/tuzlainfo.ba\/wp-content\/uploads\/2022\/01\/0301_novac_KM.jpg","datePublished":"2025-07-23T07:53:39+00:00","dateModified":"2025-07-23T06:57:10+00:00","breadcrumb":{"@id":"https:\/\/tuzlainfo.ba\/index.php\/bosna-i-hercegovina\/item\/275099-zaposleni-u-bosni-i-hercegovini-na-dnu-regije-po-odmoru-i-regresu\/#breadcrumb"},"inLanguage":"bs-BA","potentialAction":[{"@type":"ReadAction","target":["https:\/\/tuzlainfo.ba\/index.php\/bosna-i-hercegovina\/item\/275099-zaposleni-u-bosni-i-hercegovini-na-dnu-regije-po-odmoru-i-regresu\/"]}]},{"@type":"ImageObject","inLanguage":"bs-BA","@id":"https:\/\/tuzlainfo.ba\/index.php\/bosna-i-hercegovina\/item\/275099-zaposleni-u-bosni-i-hercegovini-na-dnu-regije-po-odmoru-i-regresu\/#primaryimage","url":"https:\/\/tuzlainfo.ba\/wp-content\/uploads\/2022\/01\/0301_novac_KM.jpg","contentUrl":"https:\/\/tuzlainfo.ba\/wp-content\/uploads\/2022\/01\/0301_novac_KM.jpg","width":1200,"height":900},{"@type":"BreadcrumbList","@id":"https:\/\/tuzlainfo.ba\/index.php\/bosna-i-hercegovina\/item\/275099-zaposleni-u-bosni-i-hercegovini-na-dnu-regije-po-odmoru-i-regresu\/#breadcrumb","itemListElement":[{"@type":"ListItem","position":1,"name":"Home","item":"https:\/\/tuzlainfo.ba\/"},{"@type":"ListItem","position":2,"name":"Zaposleni u Bosni i Hercegovini na dnu regije po odmoru i regresu"}]},{"@type":"WebSite","@id":"https:\/\/tuzlainfo.ba\/#website","url":"https:\/\/tuzlainfo.ba\/","name":"TuzlaInfo.ba","description":"Tuzla info, gradski informator - Tuzla na dlanu","publisher":{"@id":"https:\/\/tuzlainfo.ba\/#organization"},"potentialAction":[{"@type":"SearchAction","target":{"@type":"EntryPoint","urlTemplate":"https:\/\/tuzlainfo.ba\/?s={search_term_string}"},"query-input":{"@type":"PropertyValueSpecification","valueRequired":true,"valueName":"search_term_string"}}],"inLanguage":"bs-BA"},{"@type":"Organization","@id":"https:\/\/tuzlainfo.ba\/#organization","name":"TuzlaInfo.ba","url":"https:\/\/tuzlainfo.ba\/","logo":{"@type":"ImageObject","inLanguage":"bs-BA","@id":"https:\/\/tuzlainfo.ba\/#\/schema\/logo\/image\/","url":"https:\/\/tuzlainfo.ba\/wp-content\/uploads\/2021\/03\/logo-ver-3-1.png","contentUrl":"https:\/\/tuzlainfo.ba\/wp-content\/uploads\/2021\/03\/logo-ver-3-1.png","width":350,"height":95,"caption":"TuzlaInfo.ba"},"image":{"@id":"https:\/\/tuzlainfo.ba\/#\/schema\/logo\/image\/"},"sameAs":["https:\/\/www.facebook.com\/tuzlainfo.ba\/"]},{"@type":"Person","@id":"https:\/\/tuzlainfo.ba\/#\/schema\/person\/593e78a2f6378c5ba3e7600ecfa4e63a","name":"Admin Tri","image":{"@type":"ImageObject","inLanguage":"bs-BA","@id":"https:\/\/tuzlainfo.ba\/#\/schema\/person\/image\/","url":"https:\/\/tuzlainfo.ba\/wp-content\/litespeed\/avatar\/b7920db4cc34a71ad12497283ad2fe3f.jpg?ver=1777100914","contentUrl":"https:\/\/tuzlainfo.ba\/wp-content\/litespeed\/avatar\/b7920db4cc34a71ad12497283ad2fe3f.jpg?ver=1777100914","caption":"Admin Tri"},"sameAs":["https:\/\/tuzlainfo.ba"]}]}},"_links":{"self":[{"href":"https:\/\/tuzlainfo.ba\/index.php\/wp-json\/wp\/v2\/posts\/275099"}],"collection":[{"href":"https:\/\/tuzlainfo.ba\/index.php\/wp-json\/wp\/v2\/posts"}],"about":[{"href":"https:\/\/tuzlainfo.ba\/index.php\/wp-json\/wp\/v2\/types\/post"}],"author":[{"embeddable":true,"href":"https:\/\/tuzlainfo.ba\/index.php\/wp-json\/wp\/v2\/users\/8"}],"replies":[{"embeddable":true,"href":"https:\/\/tuzlainfo.ba\/index.php\/wp-json\/wp\/v2\/comments?post=275099"}],"version-history":[{"count":1,"href":"https:\/\/tuzlainfo.ba\/index.php\/wp-json\/wp\/v2\/posts\/275099\/revisions"}],"predecessor-version":[{"id":275103,"href":"https:\/\/tuzlainfo.ba\/index.php\/wp-json\/wp\/v2\/posts\/275099\/revisions\/275103"}],"wp:featuredmedia":[{"embeddable":true,"href":"https:\/\/tuzlainfo.ba\/index.php\/wp-json\/wp\/v2\/media\/160169"}],"wp:attachment":[{"href":"https:\/\/tuzlainfo.ba\/index.php\/wp-json\/wp\/v2\/media?parent=275099"}],"wp:term":[{"taxonomy":"category","embeddable":true,"href":"https:\/\/tuzlainfo.ba\/index.php\/wp-json\/wp\/v2\/categories?post=275099"},{"taxonomy":"post_tag","embeddable":true,"href":"https:\/\/tuzlainfo.ba\/index.php\/wp-json\/wp\/v2\/tags?post=275099"}],"curies":[{"name":"wp","href":"https:\/\/api.w.org\/{rel}","templated":true}]}}