{"id":274622,"date":"2025-07-17T15:04:27","date_gmt":"2025-07-17T13:04:27","guid":{"rendered":"https:\/\/tuzlainfo.ba\/?p=274622"},"modified":"2025-07-17T15:04:27","modified_gmt":"2025-07-17T13:04:27","slug":"nesreca-na-putu-tuzla-doboj-jedna-osoba-poginula","status":"publish","type":"post","link":"https:\/\/tuzlainfo.ba\/index.php\/istaknuto\/item\/274622-nesreca-na-putu-tuzla-doboj-jedna-osoba-poginula\/","title":{"rendered":"Nesre\u0107a na putu Tuzla &#8211; Doboj, jedna osoba poginula"},"content":{"rendered":"<p data-start=\"84\" data-end=\"325\">Danas oko 12:40 sati, na dijelu magistralnog puta M-4, u neposrednoj blizini objekta &#8220;Azotara&#8221; na podru\u010dju grada Lukavac, dogodila se te\u0161ka saobra\u0107ajna nezgoda u kojoj su u\u010destvovali putni\u010dko i teretno motorno vozilo.<\/p>\n<p data-start=\"327\" data-end=\"649\">Na\u017ealost, u ovoj nesre\u0107i na mjestu doga\u0111aja smrtno je stradao voza\u010d putni\u010dkog vozila, ro\u0111en 1950. godine. Smrt je konstatovao de\u017eurni ljekar Slu\u017ebe hitne medicinske pomo\u0107i Doma zdravlja Lukavac. Saputnica iz istog vozila zadobila je povrede i prevezena je u Univerzitetski klini\u010dki centar Tuzla radi daljnjeg zbrinjavanja.<\/p>\n<p data-start=\"651\" data-end=\"833\">Uvi\u0111aj na licu mjesta vr\u0161e istra\u017eitelji Odjeljenja kriminalisti\u010dke policije PU Lukavac, pod nadzorom de\u017eurnog tu\u017eioca Kantonalnog tu\u017eila\u0161tva TK, uz asistenciju slu\u017ebenika PS Lukavac.<\/p>\n<p data-start=\"835\" data-end=\"962\" data-is-last-node=\"\" data-is-only-node=\"\">Saobra\u0107aj na ovoj dionici puta trenutno je obustavljen i preusmjeren na alternativne pravce, sve do okon\u010danja uvi\u0111ajnih radnji.<\/p>\n","protected":false},"excerpt":{"rendered":"<p>Danas oko 12:40 sati, na dijelu magistralnog puta M-4, u neposrednoj blizini objekta &#8220;Azotara&#8221; na&hellip;<\/p>\n","protected":false},"author":4,"featured_media":253479,"comment_status":"closed","ping_status":"closed","sticky":false,"template":"","format":"standard","meta":{"_acf_changed":false,"footnotes":""},"categories":[304,12],"tags":[338,4157],"acf":[],"yoast_head":"<!-- This site is optimized with the Yoast SEO plugin v23.5 - https:\/\/yoast.com\/wordpress\/plugins\/seo\/ -->\n<title>Nesre\u0107a na putu Tuzla - Doboj, jedna osoba poginula - TuzlaInfo.ba<\/title>\n<meta name=\"robots\" content=\"index, follow, max-snippet:-1, max-image-preview:large, max-video-preview:-1\" \/>\n<link rel=\"canonical\" href=\"https:\/\/tuzlainfo.ba\/index.php\/istaknuto\/item\/274622-nesreca-na-putu-tuzla-doboj-jedna-osoba-poginula\/\" \/>\n<meta property=\"og:locale\" content=\"bs_BA\" \/>\n<meta property=\"og:type\" content=\"article\" \/>\n<meta property=\"og:title\" content=\"Nesre\u0107a na putu Tuzla - Doboj, jedna osoba poginula - TuzlaInfo.ba\" \/>\n<meta property=\"og:description\" content=\"Danas oko 12:40 sati, na dijelu magistralnog puta M-4, u neposrednoj blizini objekta &#8220;Azotara&#8221; na&hellip;\" \/>\n<meta property=\"og:url\" content=\"https:\/\/tuzlainfo.ba\/index.php\/istaknuto\/item\/274622-nesreca-na-putu-tuzla-doboj-jedna-osoba-poginula\/\" \/>\n<meta property=\"og:site_name\" content=\"TuzlaInfo.ba\" \/>\n<meta property=\"article:publisher\" content=\"https:\/\/www.facebook.com\/tuzlainfo.ba\/\" \/>\n<meta property=\"article:published_time\" content=\"2025-07-17T13:04:27+00:00\" \/>\n<meta property=\"og:image\" content=\"https:\/\/tuzlainfo.ba\/wp-content\/uploads\/2024\/10\/2410_policija.jpg\" \/>\n\t<meta property=\"og:image:width\" content=\"1024\" \/>\n\t<meta property=\"og:image:height\" content=\"683\" \/>\n\t<meta property=\"og:image:type\" content=\"image\/jpeg\" \/>\n<meta name=\"author\" content=\"Tuzla Info\" \/>\n<meta name=\"twitter:card\" content=\"summary_large_image\" \/>\n<meta name=\"twitter:label1\" content=\"Written by\" \/>\n\t<meta name=\"twitter:data1\" content=\"Tuzla Info\" \/>\n\t<meta name=\"twitter:label2\" content=\"Est. reading time\" \/>\n\t<meta name=\"twitter:data2\" content=\"1 minuta\" \/>\n<script type=\"application\/ld+json\" class=\"yoast-schema-graph\">{\"@context\":\"https:\/\/schema.org\",\"@graph\":[{\"@type\":\"Article\",\"@id\":\"https:\/\/tuzlainfo.ba\/index.php\/istaknuto\/item\/274622-nesreca-na-putu-tuzla-doboj-jedna-osoba-poginula\/#article\",\"isPartOf\":{\"@id\":\"https:\/\/tuzlainfo.ba\/index.php\/istaknuto\/item\/274622-nesreca-na-putu-tuzla-doboj-jedna-osoba-poginula\/\"},\"author\":{\"name\":\"Tuzla Info\",\"@id\":\"https:\/\/tuzlainfo.ba\/#\/schema\/person\/46cad4c57790cbc50781edd14870825a\"},\"headline\":\"Nesre\u0107a na putu Tuzla &#8211; Doboj, jedna osoba poginula\",\"datePublished\":\"2025-07-17T13:04:27+00:00\",\"dateModified\":\"2025-07-17T13:04:27+00:00\",\"mainEntityOfPage\":{\"@id\":\"https:\/\/tuzlainfo.ba\/index.php\/istaknuto\/item\/274622-nesreca-na-putu-tuzla-doboj-jedna-osoba-poginula\/\"},\"wordCount\":153,\"publisher\":{\"@id\":\"https:\/\/tuzlainfo.ba\/#organization\"},\"image\":{\"@id\":\"https:\/\/tuzlainfo.ba\/index.php\/istaknuto\/item\/274622-nesreca-na-putu-tuzla-doboj-jedna-osoba-poginula\/#primaryimage\"},\"thumbnailUrl\":\"https:\/\/tuzlainfo.ba\/wp-content\/uploads\/2024\/10\/2410_policija.jpg\",\"keywords\":[\"saobracajna nesreca\",\"Uprava policije MUP TK\"],\"articleSection\":[\"Istaknuto\",\"Novosti\"],\"inLanguage\":\"bs-BA\"},{\"@type\":\"WebPage\",\"@id\":\"https:\/\/tuzlainfo.ba\/index.php\/istaknuto\/item\/274622-nesreca-na-putu-tuzla-doboj-jedna-osoba-poginula\/\",\"url\":\"https:\/\/tuzlainfo.ba\/index.php\/istaknuto\/item\/274622-nesreca-na-putu-tuzla-doboj-jedna-osoba-poginula\/\",\"name\":\"Nesre\u0107a na putu Tuzla - Doboj, jedna osoba poginula - TuzlaInfo.ba\",\"isPartOf\":{\"@id\":\"https:\/\/tuzlainfo.ba\/#website\"},\"primaryImageOfPage\":{\"@id\":\"https:\/\/tuzlainfo.ba\/index.php\/istaknuto\/item\/274622-nesreca-na-putu-tuzla-doboj-jedna-osoba-poginula\/#primaryimage\"},\"image\":{\"@id\":\"https:\/\/tuzlainfo.ba\/index.php\/istaknuto\/item\/274622-nesreca-na-putu-tuzla-doboj-jedna-osoba-poginula\/#primaryimage\"},\"thumbnailUrl\":\"https:\/\/tuzlainfo.ba\/wp-content\/uploads\/2024\/10\/2410_policija.jpg\",\"datePublished\":\"2025-07-17T13:04:27+00:00\",\"dateModified\":\"2025-07-17T13:04:27+00:00\",\"breadcrumb\":{\"@id\":\"https:\/\/tuzlainfo.ba\/index.php\/istaknuto\/item\/274622-nesreca-na-putu-tuzla-doboj-jedna-osoba-poginula\/#breadcrumb\"},\"inLanguage\":\"bs-BA\",\"potentialAction\":[{\"@type\":\"ReadAction\",\"target\":[\"https:\/\/tuzlainfo.ba\/index.php\/istaknuto\/item\/274622-nesreca-na-putu-tuzla-doboj-jedna-osoba-poginula\/\"]}]},{\"@type\":\"ImageObject\",\"inLanguage\":\"bs-BA\",\"@id\":\"https:\/\/tuzlainfo.ba\/index.php\/istaknuto\/item\/274622-nesreca-na-putu-tuzla-doboj-jedna-osoba-poginula\/#primaryimage\",\"url\":\"https:\/\/tuzlainfo.ba\/wp-content\/uploads\/2024\/10\/2410_policija.jpg\",\"contentUrl\":\"https:\/\/tuzlainfo.ba\/wp-content\/uploads\/2024\/10\/2410_policija.jpg\",\"width\":1024,\"height\":683},{\"@type\":\"BreadcrumbList\",\"@id\":\"https:\/\/tuzlainfo.ba\/index.php\/istaknuto\/item\/274622-nesreca-na-putu-tuzla-doboj-jedna-osoba-poginula\/#breadcrumb\",\"itemListElement\":[{\"@type\":\"ListItem\",\"position\":1,\"name\":\"Home\",\"item\":\"https:\/\/tuzlainfo.ba\/\"},{\"@type\":\"ListItem\",\"position\":2,\"name\":\"Nesre\u0107a na putu Tuzla &#8211; Doboj, jedna osoba poginula\"}]},{\"@type\":\"WebSite\",\"@id\":\"https:\/\/tuzlainfo.ba\/#website\",\"url\":\"https:\/\/tuzlainfo.ba\/\",\"name\":\"TuzlaInfo.ba\",\"description\":\"Tuzla info, gradski informator - Tuzla na dlanu\",\"publisher\":{\"@id\":\"https:\/\/tuzlainfo.ba\/#organization\"},\"potentialAction\":[{\"@type\":\"SearchAction\",\"target\":{\"@type\":\"EntryPoint\",\"urlTemplate\":\"https:\/\/tuzlainfo.ba\/?s={search_term_string}\"},\"query-input\":{\"@type\":\"PropertyValueSpecification\",\"valueRequired\":true,\"valueName\":\"search_term_string\"}}],\"inLanguage\":\"bs-BA\"},{\"@type\":\"Organization\",\"@id\":\"https:\/\/tuzlainfo.ba\/#organization\",\"name\":\"TuzlaInfo.ba\",\"url\":\"https:\/\/tuzlainfo.ba\/\",\"logo\":{\"@type\":\"ImageObject\",\"inLanguage\":\"bs-BA\",\"@id\":\"https:\/\/tuzlainfo.ba\/#\/schema\/logo\/image\/\",\"url\":\"https:\/\/tuzlainfo.ba\/wp-content\/uploads\/2021\/03\/logo-ver-3-1.png\",\"contentUrl\":\"https:\/\/tuzlainfo.ba\/wp-content\/uploads\/2021\/03\/logo-ver-3-1.png\",\"width\":350,\"height\":95,\"caption\":\"TuzlaInfo.ba\"},\"image\":{\"@id\":\"https:\/\/tuzlainfo.ba\/#\/schema\/logo\/image\/\"},\"sameAs\":[\"https:\/\/www.facebook.com\/tuzlainfo.ba\/\"]},{\"@type\":\"Person\",\"@id\":\"https:\/\/tuzlainfo.ba\/#\/schema\/person\/46cad4c57790cbc50781edd14870825a\",\"name\":\"Tuzla Info\",\"image\":{\"@type\":\"ImageObject\",\"inLanguage\":\"bs-BA\",\"@id\":\"https:\/\/tuzlainfo.ba\/#\/schema\/person\/image\/\",\"url\":\"https:\/\/tuzlainfo.ba\/wp-content\/litespeed\/avatar\/b6c453a6c38e3654f2e4416c643fc25c.jpg?ver=1777051911\",\"contentUrl\":\"https:\/\/tuzlainfo.ba\/wp-content\/litespeed\/avatar\/b6c453a6c38e3654f2e4416c643fc25c.jpg?ver=1777051911\",\"caption\":\"Tuzla Info\"}}]}<\/script>\n<!-- \/ Yoast SEO plugin. -->","yoast_head_json":{"title":"Nesre\u0107a na putu Tuzla - Doboj, jedna osoba poginula - TuzlaInfo.ba","robots":{"index":"index","follow":"follow","max-snippet":"max-snippet:-1","max-image-preview":"max-image-preview:large","max-video-preview":"max-video-preview:-1"},"canonical":"https:\/\/tuzlainfo.ba\/index.php\/istaknuto\/item\/274622-nesreca-na-putu-tuzla-doboj-jedna-osoba-poginula\/","og_locale":"bs_BA","og_type":"article","og_title":"Nesre\u0107a na putu Tuzla - Doboj, jedna osoba poginula - TuzlaInfo.ba","og_description":"Danas oko 12:40 sati, na dijelu magistralnog puta M-4, u neposrednoj blizini objekta &#8220;Azotara&#8221; na&hellip;","og_url":"https:\/\/tuzlainfo.ba\/index.php\/istaknuto\/item\/274622-nesreca-na-putu-tuzla-doboj-jedna-osoba-poginula\/","og_site_name":"TuzlaInfo.ba","article_publisher":"https:\/\/www.facebook.com\/tuzlainfo.ba\/","article_published_time":"2025-07-17T13:04:27+00:00","og_image":[{"width":1024,"height":683,"url":"https:\/\/tuzlainfo.ba\/wp-content\/uploads\/2024\/10\/2410_policija.jpg","type":"image\/jpeg"}],"author":"Tuzla Info","twitter_card":"summary_large_image","twitter_misc":{"Written by":"Tuzla Info","Est. reading time":"1 minuta"},"schema":{"@context":"https:\/\/schema.org","@graph":[{"@type":"Article","@id":"https:\/\/tuzlainfo.ba\/index.php\/istaknuto\/item\/274622-nesreca-na-putu-tuzla-doboj-jedna-osoba-poginula\/#article","isPartOf":{"@id":"https:\/\/tuzlainfo.ba\/index.php\/istaknuto\/item\/274622-nesreca-na-putu-tuzla-doboj-jedna-osoba-poginula\/"},"author":{"name":"Tuzla Info","@id":"https:\/\/tuzlainfo.ba\/#\/schema\/person\/46cad4c57790cbc50781edd14870825a"},"headline":"Nesre\u0107a na putu Tuzla &#8211; Doboj, jedna osoba poginula","datePublished":"2025-07-17T13:04:27+00:00","dateModified":"2025-07-17T13:04:27+00:00","mainEntityOfPage":{"@id":"https:\/\/tuzlainfo.ba\/index.php\/istaknuto\/item\/274622-nesreca-na-putu-tuzla-doboj-jedna-osoba-poginula\/"},"wordCount":153,"publisher":{"@id":"https:\/\/tuzlainfo.ba\/#organization"},"image":{"@id":"https:\/\/tuzlainfo.ba\/index.php\/istaknuto\/item\/274622-nesreca-na-putu-tuzla-doboj-jedna-osoba-poginula\/#primaryimage"},"thumbnailUrl":"https:\/\/tuzlainfo.ba\/wp-content\/uploads\/2024\/10\/2410_policija.jpg","keywords":["saobracajna nesreca","Uprava policije MUP TK"],"articleSection":["Istaknuto","Novosti"],"inLanguage":"bs-BA"},{"@type":"WebPage","@id":"https:\/\/tuzlainfo.ba\/index.php\/istaknuto\/item\/274622-nesreca-na-putu-tuzla-doboj-jedna-osoba-poginula\/","url":"https:\/\/tuzlainfo.ba\/index.php\/istaknuto\/item\/274622-nesreca-na-putu-tuzla-doboj-jedna-osoba-poginula\/","name":"Nesre\u0107a na putu Tuzla - Doboj, jedna osoba poginula - TuzlaInfo.ba","isPartOf":{"@id":"https:\/\/tuzlainfo.ba\/#website"},"primaryImageOfPage":{"@id":"https:\/\/tuzlainfo.ba\/index.php\/istaknuto\/item\/274622-nesreca-na-putu-tuzla-doboj-jedna-osoba-poginula\/#primaryimage"},"image":{"@id":"https:\/\/tuzlainfo.ba\/index.php\/istaknuto\/item\/274622-nesreca-na-putu-tuzla-doboj-jedna-osoba-poginula\/#primaryimage"},"thumbnailUrl":"https:\/\/tuzlainfo.ba\/wp-content\/uploads\/2024\/10\/2410_policija.jpg","datePublished":"2025-07-17T13:04:27+00:00","dateModified":"2025-07-17T13:04:27+00:00","breadcrumb":{"@id":"https:\/\/tuzlainfo.ba\/index.php\/istaknuto\/item\/274622-nesreca-na-putu-tuzla-doboj-jedna-osoba-poginula\/#breadcrumb"},"inLanguage":"bs-BA","potentialAction":[{"@type":"ReadAction","target":["https:\/\/tuzlainfo.ba\/index.php\/istaknuto\/item\/274622-nesreca-na-putu-tuzla-doboj-jedna-osoba-poginula\/"]}]},{"@type":"ImageObject","inLanguage":"bs-BA","@id":"https:\/\/tuzlainfo.ba\/index.php\/istaknuto\/item\/274622-nesreca-na-putu-tuzla-doboj-jedna-osoba-poginula\/#primaryimage","url":"https:\/\/tuzlainfo.ba\/wp-content\/uploads\/2024\/10\/2410_policija.jpg","contentUrl":"https:\/\/tuzlainfo.ba\/wp-content\/uploads\/2024\/10\/2410_policija.jpg","width":1024,"height":683},{"@type":"BreadcrumbList","@id":"https:\/\/tuzlainfo.ba\/index.php\/istaknuto\/item\/274622-nesreca-na-putu-tuzla-doboj-jedna-osoba-poginula\/#breadcrumb","itemListElement":[{"@type":"ListItem","position":1,"name":"Home","item":"https:\/\/tuzlainfo.ba\/"},{"@type":"ListItem","position":2,"name":"Nesre\u0107a na putu Tuzla &#8211; Doboj, jedna osoba poginula"}]},{"@type":"WebSite","@id":"https:\/\/tuzlainfo.ba\/#website","url":"https:\/\/tuzlainfo.ba\/","name":"TuzlaInfo.ba","description":"Tuzla info, gradski informator - Tuzla na dlanu","publisher":{"@id":"https:\/\/tuzlainfo.ba\/#organization"},"potentialAction":[{"@type":"SearchAction","target":{"@type":"EntryPoint","urlTemplate":"https:\/\/tuzlainfo.ba\/?s={search_term_string}"},"query-input":{"@type":"PropertyValueSpecification","valueRequired":true,"valueName":"search_term_string"}}],"inLanguage":"bs-BA"},{"@type":"Organization","@id":"https:\/\/tuzlainfo.ba\/#organization","name":"TuzlaInfo.ba","url":"https:\/\/tuzlainfo.ba\/","logo":{"@type":"ImageObject","inLanguage":"bs-BA","@id":"https:\/\/tuzlainfo.ba\/#\/schema\/logo\/image\/","url":"https:\/\/tuzlainfo.ba\/wp-content\/uploads\/2021\/03\/logo-ver-3-1.png","contentUrl":"https:\/\/tuzlainfo.ba\/wp-content\/uploads\/2021\/03\/logo-ver-3-1.png","width":350,"height":95,"caption":"TuzlaInfo.ba"},"image":{"@id":"https:\/\/tuzlainfo.ba\/#\/schema\/logo\/image\/"},"sameAs":["https:\/\/www.facebook.com\/tuzlainfo.ba\/"]},{"@type":"Person","@id":"https:\/\/tuzlainfo.ba\/#\/schema\/person\/46cad4c57790cbc50781edd14870825a","name":"Tuzla Info","image":{"@type":"ImageObject","inLanguage":"bs-BA","@id":"https:\/\/tuzlainfo.ba\/#\/schema\/person\/image\/","url":"https:\/\/tuzlainfo.ba\/wp-content\/litespeed\/avatar\/b6c453a6c38e3654f2e4416c643fc25c.jpg?ver=1777051911","contentUrl":"https:\/\/tuzlainfo.ba\/wp-content\/litespeed\/avatar\/b6c453a6c38e3654f2e4416c643fc25c.jpg?ver=1777051911","caption":"Tuzla Info"}}]}},"_links":{"self":[{"href":"https:\/\/tuzlainfo.ba\/index.php\/wp-json\/wp\/v2\/posts\/274622"}],"collection":[{"href":"https:\/\/tuzlainfo.ba\/index.php\/wp-json\/wp\/v2\/posts"}],"about":[{"href":"https:\/\/tuzlainfo.ba\/index.php\/wp-json\/wp\/v2\/types\/post"}],"author":[{"embeddable":true,"href":"https:\/\/tuzlainfo.ba\/index.php\/wp-json\/wp\/v2\/users\/4"}],"replies":[{"embeddable":true,"href":"https:\/\/tuzlainfo.ba\/index.php\/wp-json\/wp\/v2\/comments?post=274622"}],"version-history":[{"count":1,"href":"https:\/\/tuzlainfo.ba\/index.php\/wp-json\/wp\/v2\/posts\/274622\/revisions"}],"predecessor-version":[{"id":274623,"href":"https:\/\/tuzlainfo.ba\/index.php\/wp-json\/wp\/v2\/posts\/274622\/revisions\/274623"}],"wp:featuredmedia":[{"embeddable":true,"href":"https:\/\/tuzlainfo.ba\/index.php\/wp-json\/wp\/v2\/media\/253479"}],"wp:attachment":[{"href":"https:\/\/tuzlainfo.ba\/index.php\/wp-json\/wp\/v2\/media?parent=274622"}],"wp:term":[{"taxonomy":"category","embeddable":true,"href":"https:\/\/tuzlainfo.ba\/index.php\/wp-json\/wp\/v2\/categories?post=274622"},{"taxonomy":"post_tag","embeddable":true,"href":"https:\/\/tuzlainfo.ba\/index.php\/wp-json\/wp\/v2\/tags?post=274622"}],"curies":[{"name":"wp","href":"https:\/\/api.w.org\/{rel}","templated":true}]}}