{"id":274580,"date":"2025-07-17T16:02:46","date_gmt":"2025-07-17T14:02:46","guid":{"rendered":"https:\/\/tuzlainfo.ba\/?p=274580"},"modified":"2025-07-17T15:00:20","modified_gmt":"2025-07-17T13:00:20","slug":"kisa-osvjezila-veci-dio-bih-pred-novi-talas-vrucina-kada-nam-stizu-tropski-dani","status":"publish","type":"post","link":"https:\/\/tuzlainfo.ba\/index.php\/bosna-i-hercegovina\/item\/274580-kisa-osvjezila-veci-dio-bih-pred-novi-talas-vrucina-kada-nam-stizu-tropski-dani\/","title":{"rendered":"Ki\u0161a osvje\u017eila ve\u0107i dio BiH pred novi talas vru\u0107ina: Kada nam sti\u017eu tropski dani?"},"content":{"rendered":"<p data-start=\"69\" data-end=\"375\">Bosnu i Hercegovinu danas je zahvatilo osvje\u017eenje, uz padavine koje se \u0161ire iz sjevernih i zapadnih krajeva prema ostatku zemlje.<\/p>\n<p data-start=\"69\" data-end=\"375\">Ki\u0161a je ve\u0107 stigla u ve\u0107i dio Bosne, dok sunce jo\u0161 uvijek sija u centralnim i isto\u010dnim predjelima, gdje se u narednim satima o\u010dekuju lokalno ja\u010di pljuskovi pra\u0107eni grmljavinom.U ju\u017enim dijelovima Hercegovine padavine \u0107e uglavnom izostati.<\/p>\n<p data-start=\"69\" data-end=\"375\">Kako javlja BH Meteo do kraja dana i u ve\u010dernjim satima o\u010dekuje se prestanak padavina i razvedravanje u cijeloj zemlji. No\u0107 pred nama bit \u0107e osjetno svje\u017eija, ponegdje i hladna, \u0161to \u0107e dobro do\u0107i kao predah uo\u010di novog talasa vru\u0107ina krajem sedmice i po\u010detkom naredne.<\/p>\n<p data-start=\"688\" data-end=\"785\" data-is-last-node=\"\" data-is-only-node=\"\">Ipak, ve\u0107 u drugoj polovini idu\u0107e sedmice mogu\u0107e je novo osvje\u017eenje, uz pojavu lokalnih nepogoda.<\/p>\n","protected":false},"excerpt":{"rendered":"<p>Bosnu i Hercegovinu danas je zahvatilo osvje\u017eenje, uz padavine koje se \u0161ire iz sjevernih i&hellip;<\/p>\n","protected":false},"author":2,"featured_media":141097,"comment_status":"closed","ping_status":"closed","sticky":false,"template":"","format":"standard","meta":{"_acf_changed":false,"footnotes":""},"categories":[291,304],"tags":[1042,312],"acf":[],"yoast_head":"<!-- This site is optimized with the Yoast SEO plugin v23.5 - https:\/\/yoast.com\/wordpress\/plugins\/seo\/ -->\n<title>Ki\u0161a osvje\u017eila ve\u0107i dio BiH pred novi talas vru\u0107ina: Kada nam sti\u017eu tropski dani? - TuzlaInfo.ba<\/title>\n<meta name=\"robots\" content=\"index, follow, max-snippet:-1, max-image-preview:large, max-video-preview:-1\" \/>\n<link rel=\"canonical\" href=\"https:\/\/tuzlainfo.ba\/index.php\/bosna-i-hercegovina\/item\/274580-kisa-osvjezila-veci-dio-bih-pred-novi-talas-vrucina-kada-nam-stizu-tropski-dani\/\" \/>\n<meta property=\"og:locale\" content=\"bs_BA\" \/>\n<meta property=\"og:type\" content=\"article\" \/>\n<meta property=\"og:title\" content=\"Ki\u0161a osvje\u017eila ve\u0107i dio BiH pred novi talas vru\u0107ina: Kada nam sti\u017eu tropski dani? - TuzlaInfo.ba\" \/>\n<meta property=\"og:description\" content=\"Bosnu i Hercegovinu danas je zahvatilo osvje\u017eenje, uz padavine koje se \u0161ire iz sjevernih i&hellip;\" \/>\n<meta property=\"og:url\" content=\"https:\/\/tuzlainfo.ba\/index.php\/bosna-i-hercegovina\/item\/274580-kisa-osvjezila-veci-dio-bih-pred-novi-talas-vrucina-kada-nam-stizu-tropski-dani\/\" \/>\n<meta property=\"og:site_name\" content=\"TuzlaInfo.ba\" \/>\n<meta property=\"article:publisher\" content=\"https:\/\/www.facebook.com\/tuzlainfo.ba\/\" \/>\n<meta property=\"article:published_time\" content=\"2025-07-17T14:02:46+00:00\" \/>\n<meta property=\"article:modified_time\" content=\"2025-07-17T13:00:20+00:00\" \/>\n<meta property=\"og:image\" content=\"https:\/\/tuzlainfo.ba\/wp-content\/uploads\/2021\/07\/0607_vrucine_temperatura.jpg\" \/>\n\t<meta property=\"og:image:width\" content=\"810\" \/>\n\t<meta property=\"og:image:height\" content=\"540\" \/>\n\t<meta property=\"og:image:type\" content=\"image\/jpeg\" \/>\n<meta name=\"author\" content=\"nedim\" \/>\n<meta name=\"twitter:card\" content=\"summary_large_image\" \/>\n<meta name=\"twitter:label1\" content=\"Written by\" \/>\n\t<meta name=\"twitter:data1\" content=\"nedim\" \/>\n\t<meta name=\"twitter:label2\" content=\"Est. reading time\" \/>\n\t<meta name=\"twitter:data2\" content=\"1 minuta\" \/>\n<script type=\"application\/ld+json\" class=\"yoast-schema-graph\">{\"@context\":\"https:\/\/schema.org\",\"@graph\":[{\"@type\":\"Article\",\"@id\":\"https:\/\/tuzlainfo.ba\/index.php\/bosna-i-hercegovina\/item\/274580-kisa-osvjezila-veci-dio-bih-pred-novi-talas-vrucina-kada-nam-stizu-tropski-dani\/#article\",\"isPartOf\":{\"@id\":\"https:\/\/tuzlainfo.ba\/index.php\/bosna-i-hercegovina\/item\/274580-kisa-osvjezila-veci-dio-bih-pred-novi-talas-vrucina-kada-nam-stizu-tropski-dani\/\"},\"author\":{\"name\":\"nedim\",\"@id\":\"https:\/\/tuzlainfo.ba\/#\/schema\/person\/f434e20dc27ea133923aab08451b7f7f\"},\"headline\":\"Ki\u0161a osvje\u017eila ve\u0107i dio BiH pred novi talas vru\u0107ina: Kada nam sti\u017eu tropski dani?\",\"datePublished\":\"2025-07-17T14:02:46+00:00\",\"dateModified\":\"2025-07-17T13:00:20+00:00\",\"mainEntityOfPage\":{\"@id\":\"https:\/\/tuzlainfo.ba\/index.php\/bosna-i-hercegovina\/item\/274580-kisa-osvjezila-veci-dio-bih-pred-novi-talas-vrucina-kada-nam-stizu-tropski-dani\/\"},\"wordCount\":154,\"publisher\":{\"@id\":\"https:\/\/tuzlainfo.ba\/#organization\"},\"image\":{\"@id\":\"https:\/\/tuzlainfo.ba\/index.php\/bosna-i-hercegovina\/item\/274580-kisa-osvjezila-veci-dio-bih-pred-novi-talas-vrucina-kada-nam-stizu-tropski-dani\/#primaryimage\"},\"thumbnailUrl\":\"https:\/\/tuzlainfo.ba\/wp-content\/uploads\/2021\/07\/0607_vrucine_temperatura.jpg\",\"keywords\":[\"prognoza\",\"vrijeme\"],\"articleSection\":[\"Bosna i Hercegovina\",\"Istaknuto\"],\"inLanguage\":\"bs-BA\"},{\"@type\":\"WebPage\",\"@id\":\"https:\/\/tuzlainfo.ba\/index.php\/bosna-i-hercegovina\/item\/274580-kisa-osvjezila-veci-dio-bih-pred-novi-talas-vrucina-kada-nam-stizu-tropski-dani\/\",\"url\":\"https:\/\/tuzlainfo.ba\/index.php\/bosna-i-hercegovina\/item\/274580-kisa-osvjezila-veci-dio-bih-pred-novi-talas-vrucina-kada-nam-stizu-tropski-dani\/\",\"name\":\"Ki\u0161a osvje\u017eila ve\u0107i dio BiH pred novi talas vru\u0107ina: Kada nam sti\u017eu tropski dani? - TuzlaInfo.ba\",\"isPartOf\":{\"@id\":\"https:\/\/tuzlainfo.ba\/#website\"},\"primaryImageOfPage\":{\"@id\":\"https:\/\/tuzlainfo.ba\/index.php\/bosna-i-hercegovina\/item\/274580-kisa-osvjezila-veci-dio-bih-pred-novi-talas-vrucina-kada-nam-stizu-tropski-dani\/#primaryimage\"},\"image\":{\"@id\":\"https:\/\/tuzlainfo.ba\/index.php\/bosna-i-hercegovina\/item\/274580-kisa-osvjezila-veci-dio-bih-pred-novi-talas-vrucina-kada-nam-stizu-tropski-dani\/#primaryimage\"},\"thumbnailUrl\":\"https:\/\/tuzlainfo.ba\/wp-content\/uploads\/2021\/07\/0607_vrucine_temperatura.jpg\",\"datePublished\":\"2025-07-17T14:02:46+00:00\",\"dateModified\":\"2025-07-17T13:00:20+00:00\",\"breadcrumb\":{\"@id\":\"https:\/\/tuzlainfo.ba\/index.php\/bosna-i-hercegovina\/item\/274580-kisa-osvjezila-veci-dio-bih-pred-novi-talas-vrucina-kada-nam-stizu-tropski-dani\/#breadcrumb\"},\"inLanguage\":\"bs-BA\",\"potentialAction\":[{\"@type\":\"ReadAction\",\"target\":[\"https:\/\/tuzlainfo.ba\/index.php\/bosna-i-hercegovina\/item\/274580-kisa-osvjezila-veci-dio-bih-pred-novi-talas-vrucina-kada-nam-stizu-tropski-dani\/\"]}]},{\"@type\":\"ImageObject\",\"inLanguage\":\"bs-BA\",\"@id\":\"https:\/\/tuzlainfo.ba\/index.php\/bosna-i-hercegovina\/item\/274580-kisa-osvjezila-veci-dio-bih-pred-novi-talas-vrucina-kada-nam-stizu-tropski-dani\/#primaryimage\",\"url\":\"https:\/\/tuzlainfo.ba\/wp-content\/uploads\/2021\/07\/0607_vrucine_temperatura.jpg\",\"contentUrl\":\"https:\/\/tuzlainfo.ba\/wp-content\/uploads\/2021\/07\/0607_vrucine_temperatura.jpg\",\"width\":810,\"height\":540},{\"@type\":\"BreadcrumbList\",\"@id\":\"https:\/\/tuzlainfo.ba\/index.php\/bosna-i-hercegovina\/item\/274580-kisa-osvjezila-veci-dio-bih-pred-novi-talas-vrucina-kada-nam-stizu-tropski-dani\/#breadcrumb\",\"itemListElement\":[{\"@type\":\"ListItem\",\"position\":1,\"name\":\"Home\",\"item\":\"https:\/\/tuzlainfo.ba\/\"},{\"@type\":\"ListItem\",\"position\":2,\"name\":\"Ki\u0161a osvje\u017eila ve\u0107i dio BiH pred novi talas vru\u0107ina: Kada nam sti\u017eu tropski dani?\"}]},{\"@type\":\"WebSite\",\"@id\":\"https:\/\/tuzlainfo.ba\/#website\",\"url\":\"https:\/\/tuzlainfo.ba\/\",\"name\":\"TuzlaInfo.ba\",\"description\":\"Tuzla info, gradski informator - Tuzla na dlanu\",\"publisher\":{\"@id\":\"https:\/\/tuzlainfo.ba\/#organization\"},\"potentialAction\":[{\"@type\":\"SearchAction\",\"target\":{\"@type\":\"EntryPoint\",\"urlTemplate\":\"https:\/\/tuzlainfo.ba\/?s={search_term_string}\"},\"query-input\":{\"@type\":\"PropertyValueSpecification\",\"valueRequired\":true,\"valueName\":\"search_term_string\"}}],\"inLanguage\":\"bs-BA\"},{\"@type\":\"Organization\",\"@id\":\"https:\/\/tuzlainfo.ba\/#organization\",\"name\":\"TuzlaInfo.ba\",\"url\":\"https:\/\/tuzlainfo.ba\/\",\"logo\":{\"@type\":\"ImageObject\",\"inLanguage\":\"bs-BA\",\"@id\":\"https:\/\/tuzlainfo.ba\/#\/schema\/logo\/image\/\",\"url\":\"https:\/\/tuzlainfo.ba\/wp-content\/uploads\/2021\/03\/logo-ver-3-1.png\",\"contentUrl\":\"https:\/\/tuzlainfo.ba\/wp-content\/uploads\/2021\/03\/logo-ver-3-1.png\",\"width\":350,\"height\":95,\"caption\":\"TuzlaInfo.ba\"},\"image\":{\"@id\":\"https:\/\/tuzlainfo.ba\/#\/schema\/logo\/image\/\"},\"sameAs\":[\"https:\/\/www.facebook.com\/tuzlainfo.ba\/\"]},{\"@type\":\"Person\",\"@id\":\"https:\/\/tuzlainfo.ba\/#\/schema\/person\/f434e20dc27ea133923aab08451b7f7f\",\"name\":\"nedim\",\"image\":{\"@type\":\"ImageObject\",\"inLanguage\":\"bs-BA\",\"@id\":\"https:\/\/tuzlainfo.ba\/#\/schema\/person\/image\/\",\"url\":\"https:\/\/tuzlainfo.ba\/wp-content\/litespeed\/avatar\/aabad687af24844af817603ac1cbdc4f.jpg?ver=1776702173\",\"contentUrl\":\"https:\/\/tuzlainfo.ba\/wp-content\/litespeed\/avatar\/aabad687af24844af817603ac1cbdc4f.jpg?ver=1776702173\",\"caption\":\"nedim\"},\"description\":\"Tuzlainfo.ba pratite na dru\u0161tvenim mre\u017eama: Facebook, Instagram i Youtube. Svoje pri\u010de, upite i fotografije \u0161aljite na na\u0161u e-mail adresu.\"}]}<\/script>\n<!-- \/ Yoast SEO plugin. -->","yoast_head_json":{"title":"Ki\u0161a osvje\u017eila ve\u0107i dio BiH pred novi talas vru\u0107ina: Kada nam sti\u017eu tropski dani? - TuzlaInfo.ba","robots":{"index":"index","follow":"follow","max-snippet":"max-snippet:-1","max-image-preview":"max-image-preview:large","max-video-preview":"max-video-preview:-1"},"canonical":"https:\/\/tuzlainfo.ba\/index.php\/bosna-i-hercegovina\/item\/274580-kisa-osvjezila-veci-dio-bih-pred-novi-talas-vrucina-kada-nam-stizu-tropski-dani\/","og_locale":"bs_BA","og_type":"article","og_title":"Ki\u0161a osvje\u017eila ve\u0107i dio BiH pred novi talas vru\u0107ina: Kada nam sti\u017eu tropski dani? - TuzlaInfo.ba","og_description":"Bosnu i Hercegovinu danas je zahvatilo osvje\u017eenje, uz padavine koje se \u0161ire iz sjevernih i&hellip;","og_url":"https:\/\/tuzlainfo.ba\/index.php\/bosna-i-hercegovina\/item\/274580-kisa-osvjezila-veci-dio-bih-pred-novi-talas-vrucina-kada-nam-stizu-tropski-dani\/","og_site_name":"TuzlaInfo.ba","article_publisher":"https:\/\/www.facebook.com\/tuzlainfo.ba\/","article_published_time":"2025-07-17T14:02:46+00:00","article_modified_time":"2025-07-17T13:00:20+00:00","og_image":[{"width":810,"height":540,"url":"https:\/\/tuzlainfo.ba\/wp-content\/uploads\/2021\/07\/0607_vrucine_temperatura.jpg","type":"image\/jpeg"}],"author":"nedim","twitter_card":"summary_large_image","twitter_misc":{"Written by":"nedim","Est. reading time":"1 minuta"},"schema":{"@context":"https:\/\/schema.org","@graph":[{"@type":"Article","@id":"https:\/\/tuzlainfo.ba\/index.php\/bosna-i-hercegovina\/item\/274580-kisa-osvjezila-veci-dio-bih-pred-novi-talas-vrucina-kada-nam-stizu-tropski-dani\/#article","isPartOf":{"@id":"https:\/\/tuzlainfo.ba\/index.php\/bosna-i-hercegovina\/item\/274580-kisa-osvjezila-veci-dio-bih-pred-novi-talas-vrucina-kada-nam-stizu-tropski-dani\/"},"author":{"name":"nedim","@id":"https:\/\/tuzlainfo.ba\/#\/schema\/person\/f434e20dc27ea133923aab08451b7f7f"},"headline":"Ki\u0161a osvje\u017eila ve\u0107i dio BiH pred novi talas vru\u0107ina: Kada nam sti\u017eu tropski dani?","datePublished":"2025-07-17T14:02:46+00:00","dateModified":"2025-07-17T13:00:20+00:00","mainEntityOfPage":{"@id":"https:\/\/tuzlainfo.ba\/index.php\/bosna-i-hercegovina\/item\/274580-kisa-osvjezila-veci-dio-bih-pred-novi-talas-vrucina-kada-nam-stizu-tropski-dani\/"},"wordCount":154,"publisher":{"@id":"https:\/\/tuzlainfo.ba\/#organization"},"image":{"@id":"https:\/\/tuzlainfo.ba\/index.php\/bosna-i-hercegovina\/item\/274580-kisa-osvjezila-veci-dio-bih-pred-novi-talas-vrucina-kada-nam-stizu-tropski-dani\/#primaryimage"},"thumbnailUrl":"https:\/\/tuzlainfo.ba\/wp-content\/uploads\/2021\/07\/0607_vrucine_temperatura.jpg","keywords":["prognoza","vrijeme"],"articleSection":["Bosna i Hercegovina","Istaknuto"],"inLanguage":"bs-BA"},{"@type":"WebPage","@id":"https:\/\/tuzlainfo.ba\/index.php\/bosna-i-hercegovina\/item\/274580-kisa-osvjezila-veci-dio-bih-pred-novi-talas-vrucina-kada-nam-stizu-tropski-dani\/","url":"https:\/\/tuzlainfo.ba\/index.php\/bosna-i-hercegovina\/item\/274580-kisa-osvjezila-veci-dio-bih-pred-novi-talas-vrucina-kada-nam-stizu-tropski-dani\/","name":"Ki\u0161a osvje\u017eila ve\u0107i dio BiH pred novi talas vru\u0107ina: Kada nam sti\u017eu tropski dani? - TuzlaInfo.ba","isPartOf":{"@id":"https:\/\/tuzlainfo.ba\/#website"},"primaryImageOfPage":{"@id":"https:\/\/tuzlainfo.ba\/index.php\/bosna-i-hercegovina\/item\/274580-kisa-osvjezila-veci-dio-bih-pred-novi-talas-vrucina-kada-nam-stizu-tropski-dani\/#primaryimage"},"image":{"@id":"https:\/\/tuzlainfo.ba\/index.php\/bosna-i-hercegovina\/item\/274580-kisa-osvjezila-veci-dio-bih-pred-novi-talas-vrucina-kada-nam-stizu-tropski-dani\/#primaryimage"},"thumbnailUrl":"https:\/\/tuzlainfo.ba\/wp-content\/uploads\/2021\/07\/0607_vrucine_temperatura.jpg","datePublished":"2025-07-17T14:02:46+00:00","dateModified":"2025-07-17T13:00:20+00:00","breadcrumb":{"@id":"https:\/\/tuzlainfo.ba\/index.php\/bosna-i-hercegovina\/item\/274580-kisa-osvjezila-veci-dio-bih-pred-novi-talas-vrucina-kada-nam-stizu-tropski-dani\/#breadcrumb"},"inLanguage":"bs-BA","potentialAction":[{"@type":"ReadAction","target":["https:\/\/tuzlainfo.ba\/index.php\/bosna-i-hercegovina\/item\/274580-kisa-osvjezila-veci-dio-bih-pred-novi-talas-vrucina-kada-nam-stizu-tropski-dani\/"]}]},{"@type":"ImageObject","inLanguage":"bs-BA","@id":"https:\/\/tuzlainfo.ba\/index.php\/bosna-i-hercegovina\/item\/274580-kisa-osvjezila-veci-dio-bih-pred-novi-talas-vrucina-kada-nam-stizu-tropski-dani\/#primaryimage","url":"https:\/\/tuzlainfo.ba\/wp-content\/uploads\/2021\/07\/0607_vrucine_temperatura.jpg","contentUrl":"https:\/\/tuzlainfo.ba\/wp-content\/uploads\/2021\/07\/0607_vrucine_temperatura.jpg","width":810,"height":540},{"@type":"BreadcrumbList","@id":"https:\/\/tuzlainfo.ba\/index.php\/bosna-i-hercegovina\/item\/274580-kisa-osvjezila-veci-dio-bih-pred-novi-talas-vrucina-kada-nam-stizu-tropski-dani\/#breadcrumb","itemListElement":[{"@type":"ListItem","position":1,"name":"Home","item":"https:\/\/tuzlainfo.ba\/"},{"@type":"ListItem","position":2,"name":"Ki\u0161a osvje\u017eila ve\u0107i dio BiH pred novi talas vru\u0107ina: Kada nam sti\u017eu tropski dani?"}]},{"@type":"WebSite","@id":"https:\/\/tuzlainfo.ba\/#website","url":"https:\/\/tuzlainfo.ba\/","name":"TuzlaInfo.ba","description":"Tuzla info, gradski informator - Tuzla na dlanu","publisher":{"@id":"https:\/\/tuzlainfo.ba\/#organization"},"potentialAction":[{"@type":"SearchAction","target":{"@type":"EntryPoint","urlTemplate":"https:\/\/tuzlainfo.ba\/?s={search_term_string}"},"query-input":{"@type":"PropertyValueSpecification","valueRequired":true,"valueName":"search_term_string"}}],"inLanguage":"bs-BA"},{"@type":"Organization","@id":"https:\/\/tuzlainfo.ba\/#organization","name":"TuzlaInfo.ba","url":"https:\/\/tuzlainfo.ba\/","logo":{"@type":"ImageObject","inLanguage":"bs-BA","@id":"https:\/\/tuzlainfo.ba\/#\/schema\/logo\/image\/","url":"https:\/\/tuzlainfo.ba\/wp-content\/uploads\/2021\/03\/logo-ver-3-1.png","contentUrl":"https:\/\/tuzlainfo.ba\/wp-content\/uploads\/2021\/03\/logo-ver-3-1.png","width":350,"height":95,"caption":"TuzlaInfo.ba"},"image":{"@id":"https:\/\/tuzlainfo.ba\/#\/schema\/logo\/image\/"},"sameAs":["https:\/\/www.facebook.com\/tuzlainfo.ba\/"]},{"@type":"Person","@id":"https:\/\/tuzlainfo.ba\/#\/schema\/person\/f434e20dc27ea133923aab08451b7f7f","name":"nedim","image":{"@type":"ImageObject","inLanguage":"bs-BA","@id":"https:\/\/tuzlainfo.ba\/#\/schema\/person\/image\/","url":"https:\/\/tuzlainfo.ba\/wp-content\/litespeed\/avatar\/aabad687af24844af817603ac1cbdc4f.jpg?ver=1776702173","contentUrl":"https:\/\/tuzlainfo.ba\/wp-content\/litespeed\/avatar\/aabad687af24844af817603ac1cbdc4f.jpg?ver=1776702173","caption":"nedim"},"description":"Tuzlainfo.ba pratite na dru\u0161tvenim mre\u017eama: Facebook, Instagram i Youtube. Svoje pri\u010de, upite i fotografije \u0161aljite na na\u0161u e-mail adresu."}]}},"_links":{"self":[{"href":"https:\/\/tuzlainfo.ba\/index.php\/wp-json\/wp\/v2\/posts\/274580"}],"collection":[{"href":"https:\/\/tuzlainfo.ba\/index.php\/wp-json\/wp\/v2\/posts"}],"about":[{"href":"https:\/\/tuzlainfo.ba\/index.php\/wp-json\/wp\/v2\/types\/post"}],"author":[{"embeddable":true,"href":"https:\/\/tuzlainfo.ba\/index.php\/wp-json\/wp\/v2\/users\/2"}],"replies":[{"embeddable":true,"href":"https:\/\/tuzlainfo.ba\/index.php\/wp-json\/wp\/v2\/comments?post=274580"}],"version-history":[{"count":1,"href":"https:\/\/tuzlainfo.ba\/index.php\/wp-json\/wp\/v2\/posts\/274580\/revisions"}],"predecessor-version":[{"id":274581,"href":"https:\/\/tuzlainfo.ba\/index.php\/wp-json\/wp\/v2\/posts\/274580\/revisions\/274581"}],"wp:featuredmedia":[{"embeddable":true,"href":"https:\/\/tuzlainfo.ba\/index.php\/wp-json\/wp\/v2\/media\/141097"}],"wp:attachment":[{"href":"https:\/\/tuzlainfo.ba\/index.php\/wp-json\/wp\/v2\/media?parent=274580"}],"wp:term":[{"taxonomy":"category","embeddable":true,"href":"https:\/\/tuzlainfo.ba\/index.php\/wp-json\/wp\/v2\/categories?post=274580"},{"taxonomy":"post_tag","embeddable":true,"href":"https:\/\/tuzlainfo.ba\/index.php\/wp-json\/wp\/v2\/tags?post=274580"}],"curies":[{"name":"wp","href":"https:\/\/api.w.org\/{rel}","templated":true}]}}