{"id":274361,"date":"2025-07-15T12:35:26","date_gmt":"2025-07-15T10:35:26","guid":{"rendered":"https:\/\/tuzlainfo.ba\/?p=274361"},"modified":"2025-07-15T12:35:59","modified_gmt":"2025-07-15T10:35:59","slug":"optuznica-protiv-policajaca-iz-kalesije-zbog-propusta-u-slucaju-ubijene-inele-selimovic","status":"publish","type":"post","link":"https:\/\/tuzlainfo.ba\/index.php\/istaknuto\/item\/274361-optuznica-protiv-policajaca-iz-kalesije-zbog-propusta-u-slucaju-ubijene-inele-selimovic\/","title":{"rendered":"Optu\u017enica protiv policajaca iz Kalesije zbog propusta u slu\u010daju ubijene Inele Selimovi\u0107"},"content":{"rendered":"<p>Kantonalno tu\u017eila\u0161tvo Tuzlanskog kantona podiglo je optu\u017enicu protiv dva policijska slu\u017ebenika Policijske stanice Kalesija Samira. V (53) i Memsura. N (41) zbog postojanja osnovane sumnje da su po\u010dinili krivi\u010dno djelo nesasvjestan rad u slu\u017ebi. Optu\u017enica je upu\u0107ena Op\u0107inskom sudu u Kalesiji na\u00a0 potvr\u0111ivanje.<\/p>\n<p>Postoji osnovana sumnja da su ovi policijski slu\u017ebenici, u djelokrugu rada policijske stanice, postupali suprotno odredbama Zakona o za\u0161titi od nasilja u porodici FBiH i Pravilnika o na\u010dinu provo\u0111enja za\u0161titnih mjera za po\u010dinioce nasilja u porodici koji su u nadle\u017enosti policije. Po\u00a0 telefonskoj prijavi I.S iz Kalesije, koja je 30. januara 2025. godine\u00a0\u00a0prijavila svog supruga Emira Selimovi\u0107a za nasilje u porodici, nisu postupali u skladu sa odredbama navedenih propisa.<\/p>\n<p>Bez obzira na to \u0161to je prijaviteljica po izlasku policijskog slu\u017ebenika na mjesto doga\u0111aja tra\u017eila da se ni\u0161ta ne preduzima po prijavi, u skladu sa propisima takva prijava ne mo\u017ee da se povu\u010de, te su ovi policijski slu\u017ebenici bili du\u017eni da preduzmu radnje\u00a0\u00a0koje su obavezne u cilju provo\u0111enja za\u0161titnih mjera\u00a0\u00a0za podnositeljicu prijave za nasilje u porodici.<\/p>\n<p>Na taj na\u010din je te\u0161ko povrije\u0111eno pravo o\u0161te\u0107ene na najdjelotvorniju za\u0161titu kao \u017ertve nasilja u porodici, nije joj osigurana za\u0161tita zdravlja i sigurnosti i nije sprije\u010deno nasilje u porodici, jer su I.S i njen maloljetni sin 12. februara 2025. godine\u00a0\u00a0ubijeni, a za ubistva je osumnji\u010den suprug i otac Emir Selimovi\u0107, protiv kojeg se vodi istraga u ovom Tu\u017eila\u0161tvu i nalazi se u pritvoru.<\/p>\n","protected":false},"excerpt":{"rendered":"<p>Kantonalno tu\u017eila\u0161tvo Tuzlanskog kantona podiglo je optu\u017enicu protiv dva policijska slu\u017ebenika Policijske stanice Kalesija Samira.&hellip;<\/p>\n","protected":false},"author":4,"featured_media":263128,"comment_status":"closed","ping_status":"closed","sticky":false,"template":"","format":"standard","meta":{"_acf_changed":false,"footnotes":""},"categories":[304,12],"tags":[11883,11887,1290,424],"acf":[],"yoast_head":"<!-- This site is optimized with the Yoast SEO plugin v23.5 - https:\/\/yoast.com\/wordpress\/plugins\/seo\/ -->\n<title>Optu\u017enica protiv policajaca iz Kalesije zbog propusta u slu\u010daju ubijene Inele Selimovi\u0107 - TuzlaInfo.ba<\/title>\n<meta name=\"robots\" content=\"index, follow, max-snippet:-1, max-image-preview:large, max-video-preview:-1\" \/>\n<link rel=\"canonical\" href=\"https:\/\/tuzlainfo.ba\/index.php\/istaknuto\/item\/274361-optuznica-protiv-policajaca-iz-kalesije-zbog-propusta-u-slucaju-ubijene-inele-selimovic\/\" \/>\n<meta property=\"og:locale\" content=\"bs_BA\" \/>\n<meta property=\"og:type\" content=\"article\" \/>\n<meta property=\"og:title\" content=\"Optu\u017enica protiv policajaca iz Kalesije zbog propusta u slu\u010daju ubijene Inele Selimovi\u0107 - TuzlaInfo.ba\" \/>\n<meta property=\"og:description\" content=\"Kantonalno tu\u017eila\u0161tvo Tuzlanskog kantona podiglo je optu\u017enicu protiv dva policijska slu\u017ebenika Policijske stanice Kalesija Samira.&hellip;\" \/>\n<meta property=\"og:url\" content=\"https:\/\/tuzlainfo.ba\/index.php\/istaknuto\/item\/274361-optuznica-protiv-policajaca-iz-kalesije-zbog-propusta-u-slucaju-ubijene-inele-selimovic\/\" \/>\n<meta property=\"og:site_name\" content=\"TuzlaInfo.ba\" \/>\n<meta property=\"article:publisher\" content=\"https:\/\/www.facebook.com\/tuzlainfo.ba\/\" \/>\n<meta property=\"article:published_time\" content=\"2025-07-15T10:35:26+00:00\" \/>\n<meta property=\"article:modified_time\" content=\"2025-07-15T10:35:59+00:00\" \/>\n<meta property=\"og:image\" content=\"https:\/\/tuzlainfo.ba\/wp-content\/uploads\/2025\/02\/inbound279724120545232176-scaled.jpg\" \/>\n\t<meta property=\"og:image:width\" content=\"2560\" \/>\n\t<meta property=\"og:image:height\" content=\"1436\" \/>\n\t<meta property=\"og:image:type\" content=\"image\/jpeg\" \/>\n<meta name=\"author\" content=\"Tuzla Info\" \/>\n<meta name=\"twitter:card\" content=\"summary_large_image\" \/>\n<meta name=\"twitter:label1\" content=\"Written by\" \/>\n\t<meta name=\"twitter:data1\" content=\"Tuzla Info\" \/>\n\t<meta name=\"twitter:label2\" content=\"Est. reading time\" \/>\n\t<meta name=\"twitter:data2\" content=\"2 minute\" \/>\n<script type=\"application\/ld+json\" class=\"yoast-schema-graph\">{\"@context\":\"https:\/\/schema.org\",\"@graph\":[{\"@type\":\"Article\",\"@id\":\"https:\/\/tuzlainfo.ba\/index.php\/istaknuto\/item\/274361-optuznica-protiv-policajaca-iz-kalesije-zbog-propusta-u-slucaju-ubijene-inele-selimovic\/#article\",\"isPartOf\":{\"@id\":\"https:\/\/tuzlainfo.ba\/index.php\/istaknuto\/item\/274361-optuznica-protiv-policajaca-iz-kalesije-zbog-propusta-u-slucaju-ubijene-inele-selimovic\/\"},\"author\":{\"name\":\"Tuzla Info\",\"@id\":\"https:\/\/tuzlainfo.ba\/#\/schema\/person\/46cad4c57790cbc50781edd14870825a\"},\"headline\":\"Optu\u017enica protiv policajaca iz Kalesije zbog propusta u slu\u010daju ubijene Inele Selimovi\u0107\",\"datePublished\":\"2025-07-15T10:35:26+00:00\",\"dateModified\":\"2025-07-15T10:35:59+00:00\",\"mainEntityOfPage\":{\"@id\":\"https:\/\/tuzlainfo.ba\/index.php\/istaknuto\/item\/274361-optuznica-protiv-policajaca-iz-kalesije-zbog-propusta-u-slucaju-ubijene-inele-selimovic\/\"},\"wordCount\":285,\"publisher\":{\"@id\":\"https:\/\/tuzlainfo.ba\/#organization\"},\"image\":{\"@id\":\"https:\/\/tuzlainfo.ba\/index.php\/istaknuto\/item\/274361-optuznica-protiv-policajaca-iz-kalesije-zbog-propusta-u-slucaju-ubijene-inele-selimovic\/#primaryimage\"},\"thumbnailUrl\":\"https:\/\/tuzlainfo.ba\/wp-content\/uploads\/2025\/02\/inbound279724120545232176-scaled.jpg\",\"keywords\":[\"emir selimovic\",\"inela selimovic\",\"kalesija\",\"policija\"],\"articleSection\":[\"Istaknuto\",\"Novosti\"],\"inLanguage\":\"bs-BA\"},{\"@type\":\"WebPage\",\"@id\":\"https:\/\/tuzlainfo.ba\/index.php\/istaknuto\/item\/274361-optuznica-protiv-policajaca-iz-kalesije-zbog-propusta-u-slucaju-ubijene-inele-selimovic\/\",\"url\":\"https:\/\/tuzlainfo.ba\/index.php\/istaknuto\/item\/274361-optuznica-protiv-policajaca-iz-kalesije-zbog-propusta-u-slucaju-ubijene-inele-selimovic\/\",\"name\":\"Optu\u017enica protiv policajaca iz Kalesije zbog propusta u slu\u010daju ubijene Inele Selimovi\u0107 - TuzlaInfo.ba\",\"isPartOf\":{\"@id\":\"https:\/\/tuzlainfo.ba\/#website\"},\"primaryImageOfPage\":{\"@id\":\"https:\/\/tuzlainfo.ba\/index.php\/istaknuto\/item\/274361-optuznica-protiv-policajaca-iz-kalesije-zbog-propusta-u-slucaju-ubijene-inele-selimovic\/#primaryimage\"},\"image\":{\"@id\":\"https:\/\/tuzlainfo.ba\/index.php\/istaknuto\/item\/274361-optuznica-protiv-policajaca-iz-kalesije-zbog-propusta-u-slucaju-ubijene-inele-selimovic\/#primaryimage\"},\"thumbnailUrl\":\"https:\/\/tuzlainfo.ba\/wp-content\/uploads\/2025\/02\/inbound279724120545232176-scaled.jpg\",\"datePublished\":\"2025-07-15T10:35:26+00:00\",\"dateModified\":\"2025-07-15T10:35:59+00:00\",\"breadcrumb\":{\"@id\":\"https:\/\/tuzlainfo.ba\/index.php\/istaknuto\/item\/274361-optuznica-protiv-policajaca-iz-kalesije-zbog-propusta-u-slucaju-ubijene-inele-selimovic\/#breadcrumb\"},\"inLanguage\":\"bs-BA\",\"potentialAction\":[{\"@type\":\"ReadAction\",\"target\":[\"https:\/\/tuzlainfo.ba\/index.php\/istaknuto\/item\/274361-optuznica-protiv-policajaca-iz-kalesije-zbog-propusta-u-slucaju-ubijene-inele-selimovic\/\"]}]},{\"@type\":\"ImageObject\",\"inLanguage\":\"bs-BA\",\"@id\":\"https:\/\/tuzlainfo.ba\/index.php\/istaknuto\/item\/274361-optuznica-protiv-policajaca-iz-kalesije-zbog-propusta-u-slucaju-ubijene-inele-selimovic\/#primaryimage\",\"url\":\"https:\/\/tuzlainfo.ba\/wp-content\/uploads\/2025\/02\/inbound279724120545232176-scaled.jpg\",\"contentUrl\":\"https:\/\/tuzlainfo.ba\/wp-content\/uploads\/2025\/02\/inbound279724120545232176-scaled.jpg\",\"width\":2560,\"height\":1436,\"caption\":\"Foto: Tuzlainfo.ba\"},{\"@type\":\"BreadcrumbList\",\"@id\":\"https:\/\/tuzlainfo.ba\/index.php\/istaknuto\/item\/274361-optuznica-protiv-policajaca-iz-kalesije-zbog-propusta-u-slucaju-ubijene-inele-selimovic\/#breadcrumb\",\"itemListElement\":[{\"@type\":\"ListItem\",\"position\":1,\"name\":\"Home\",\"item\":\"https:\/\/tuzlainfo.ba\/\"},{\"@type\":\"ListItem\",\"position\":2,\"name\":\"Optu\u017enica protiv policajaca iz Kalesije zbog propusta u slu\u010daju ubijene Inele Selimovi\u0107\"}]},{\"@type\":\"WebSite\",\"@id\":\"https:\/\/tuzlainfo.ba\/#website\",\"url\":\"https:\/\/tuzlainfo.ba\/\",\"name\":\"TuzlaInfo.ba\",\"description\":\"Tuzla info, gradski informator - Tuzla na dlanu\",\"publisher\":{\"@id\":\"https:\/\/tuzlainfo.ba\/#organization\"},\"potentialAction\":[{\"@type\":\"SearchAction\",\"target\":{\"@type\":\"EntryPoint\",\"urlTemplate\":\"https:\/\/tuzlainfo.ba\/?s={search_term_string}\"},\"query-input\":{\"@type\":\"PropertyValueSpecification\",\"valueRequired\":true,\"valueName\":\"search_term_string\"}}],\"inLanguage\":\"bs-BA\"},{\"@type\":\"Organization\",\"@id\":\"https:\/\/tuzlainfo.ba\/#organization\",\"name\":\"TuzlaInfo.ba\",\"url\":\"https:\/\/tuzlainfo.ba\/\",\"logo\":{\"@type\":\"ImageObject\",\"inLanguage\":\"bs-BA\",\"@id\":\"https:\/\/tuzlainfo.ba\/#\/schema\/logo\/image\/\",\"url\":\"https:\/\/tuzlainfo.ba\/wp-content\/uploads\/2021\/03\/logo-ver-3-1.png\",\"contentUrl\":\"https:\/\/tuzlainfo.ba\/wp-content\/uploads\/2021\/03\/logo-ver-3-1.png\",\"width\":350,\"height\":95,\"caption\":\"TuzlaInfo.ba\"},\"image\":{\"@id\":\"https:\/\/tuzlainfo.ba\/#\/schema\/logo\/image\/\"},\"sameAs\":[\"https:\/\/www.facebook.com\/tuzlainfo.ba\/\"]},{\"@type\":\"Person\",\"@id\":\"https:\/\/tuzlainfo.ba\/#\/schema\/person\/46cad4c57790cbc50781edd14870825a\",\"name\":\"Tuzla Info\",\"image\":{\"@type\":\"ImageObject\",\"inLanguage\":\"bs-BA\",\"@id\":\"https:\/\/tuzlainfo.ba\/#\/schema\/person\/image\/\",\"url\":\"https:\/\/tuzlainfo.ba\/wp-content\/litespeed\/avatar\/b6c453a6c38e3654f2e4416c643fc25c.jpg?ver=1777051911\",\"contentUrl\":\"https:\/\/tuzlainfo.ba\/wp-content\/litespeed\/avatar\/b6c453a6c38e3654f2e4416c643fc25c.jpg?ver=1777051911\",\"caption\":\"Tuzla Info\"}}]}<\/script>\n<!-- \/ Yoast SEO plugin. -->","yoast_head_json":{"title":"Optu\u017enica protiv policajaca iz Kalesije zbog propusta u slu\u010daju ubijene Inele Selimovi\u0107 - TuzlaInfo.ba","robots":{"index":"index","follow":"follow","max-snippet":"max-snippet:-1","max-image-preview":"max-image-preview:large","max-video-preview":"max-video-preview:-1"},"canonical":"https:\/\/tuzlainfo.ba\/index.php\/istaknuto\/item\/274361-optuznica-protiv-policajaca-iz-kalesije-zbog-propusta-u-slucaju-ubijene-inele-selimovic\/","og_locale":"bs_BA","og_type":"article","og_title":"Optu\u017enica protiv policajaca iz Kalesije zbog propusta u slu\u010daju ubijene Inele Selimovi\u0107 - TuzlaInfo.ba","og_description":"Kantonalno tu\u017eila\u0161tvo Tuzlanskog kantona podiglo je optu\u017enicu protiv dva policijska slu\u017ebenika Policijske stanice Kalesija Samira.&hellip;","og_url":"https:\/\/tuzlainfo.ba\/index.php\/istaknuto\/item\/274361-optuznica-protiv-policajaca-iz-kalesije-zbog-propusta-u-slucaju-ubijene-inele-selimovic\/","og_site_name":"TuzlaInfo.ba","article_publisher":"https:\/\/www.facebook.com\/tuzlainfo.ba\/","article_published_time":"2025-07-15T10:35:26+00:00","article_modified_time":"2025-07-15T10:35:59+00:00","og_image":[{"width":2560,"height":1436,"url":"https:\/\/tuzlainfo.ba\/wp-content\/uploads\/2025\/02\/inbound279724120545232176-scaled.jpg","type":"image\/jpeg"}],"author":"Tuzla Info","twitter_card":"summary_large_image","twitter_misc":{"Written by":"Tuzla Info","Est. reading time":"2 minute"},"schema":{"@context":"https:\/\/schema.org","@graph":[{"@type":"Article","@id":"https:\/\/tuzlainfo.ba\/index.php\/istaknuto\/item\/274361-optuznica-protiv-policajaca-iz-kalesije-zbog-propusta-u-slucaju-ubijene-inele-selimovic\/#article","isPartOf":{"@id":"https:\/\/tuzlainfo.ba\/index.php\/istaknuto\/item\/274361-optuznica-protiv-policajaca-iz-kalesije-zbog-propusta-u-slucaju-ubijene-inele-selimovic\/"},"author":{"name":"Tuzla Info","@id":"https:\/\/tuzlainfo.ba\/#\/schema\/person\/46cad4c57790cbc50781edd14870825a"},"headline":"Optu\u017enica protiv policajaca iz Kalesije zbog propusta u slu\u010daju ubijene Inele Selimovi\u0107","datePublished":"2025-07-15T10:35:26+00:00","dateModified":"2025-07-15T10:35:59+00:00","mainEntityOfPage":{"@id":"https:\/\/tuzlainfo.ba\/index.php\/istaknuto\/item\/274361-optuznica-protiv-policajaca-iz-kalesije-zbog-propusta-u-slucaju-ubijene-inele-selimovic\/"},"wordCount":285,"publisher":{"@id":"https:\/\/tuzlainfo.ba\/#organization"},"image":{"@id":"https:\/\/tuzlainfo.ba\/index.php\/istaknuto\/item\/274361-optuznica-protiv-policajaca-iz-kalesije-zbog-propusta-u-slucaju-ubijene-inele-selimovic\/#primaryimage"},"thumbnailUrl":"https:\/\/tuzlainfo.ba\/wp-content\/uploads\/2025\/02\/inbound279724120545232176-scaled.jpg","keywords":["emir selimovic","inela selimovic","kalesija","policija"],"articleSection":["Istaknuto","Novosti"],"inLanguage":"bs-BA"},{"@type":"WebPage","@id":"https:\/\/tuzlainfo.ba\/index.php\/istaknuto\/item\/274361-optuznica-protiv-policajaca-iz-kalesije-zbog-propusta-u-slucaju-ubijene-inele-selimovic\/","url":"https:\/\/tuzlainfo.ba\/index.php\/istaknuto\/item\/274361-optuznica-protiv-policajaca-iz-kalesije-zbog-propusta-u-slucaju-ubijene-inele-selimovic\/","name":"Optu\u017enica protiv policajaca iz Kalesije zbog propusta u slu\u010daju ubijene Inele Selimovi\u0107 - TuzlaInfo.ba","isPartOf":{"@id":"https:\/\/tuzlainfo.ba\/#website"},"primaryImageOfPage":{"@id":"https:\/\/tuzlainfo.ba\/index.php\/istaknuto\/item\/274361-optuznica-protiv-policajaca-iz-kalesije-zbog-propusta-u-slucaju-ubijene-inele-selimovic\/#primaryimage"},"image":{"@id":"https:\/\/tuzlainfo.ba\/index.php\/istaknuto\/item\/274361-optuznica-protiv-policajaca-iz-kalesije-zbog-propusta-u-slucaju-ubijene-inele-selimovic\/#primaryimage"},"thumbnailUrl":"https:\/\/tuzlainfo.ba\/wp-content\/uploads\/2025\/02\/inbound279724120545232176-scaled.jpg","datePublished":"2025-07-15T10:35:26+00:00","dateModified":"2025-07-15T10:35:59+00:00","breadcrumb":{"@id":"https:\/\/tuzlainfo.ba\/index.php\/istaknuto\/item\/274361-optuznica-protiv-policajaca-iz-kalesije-zbog-propusta-u-slucaju-ubijene-inele-selimovic\/#breadcrumb"},"inLanguage":"bs-BA","potentialAction":[{"@type":"ReadAction","target":["https:\/\/tuzlainfo.ba\/index.php\/istaknuto\/item\/274361-optuznica-protiv-policajaca-iz-kalesije-zbog-propusta-u-slucaju-ubijene-inele-selimovic\/"]}]},{"@type":"ImageObject","inLanguage":"bs-BA","@id":"https:\/\/tuzlainfo.ba\/index.php\/istaknuto\/item\/274361-optuznica-protiv-policajaca-iz-kalesije-zbog-propusta-u-slucaju-ubijene-inele-selimovic\/#primaryimage","url":"https:\/\/tuzlainfo.ba\/wp-content\/uploads\/2025\/02\/inbound279724120545232176-scaled.jpg","contentUrl":"https:\/\/tuzlainfo.ba\/wp-content\/uploads\/2025\/02\/inbound279724120545232176-scaled.jpg","width":2560,"height":1436,"caption":"Foto: Tuzlainfo.ba"},{"@type":"BreadcrumbList","@id":"https:\/\/tuzlainfo.ba\/index.php\/istaknuto\/item\/274361-optuznica-protiv-policajaca-iz-kalesije-zbog-propusta-u-slucaju-ubijene-inele-selimovic\/#breadcrumb","itemListElement":[{"@type":"ListItem","position":1,"name":"Home","item":"https:\/\/tuzlainfo.ba\/"},{"@type":"ListItem","position":2,"name":"Optu\u017enica protiv policajaca iz Kalesije zbog propusta u slu\u010daju ubijene Inele Selimovi\u0107"}]},{"@type":"WebSite","@id":"https:\/\/tuzlainfo.ba\/#website","url":"https:\/\/tuzlainfo.ba\/","name":"TuzlaInfo.ba","description":"Tuzla info, gradski informator - Tuzla na dlanu","publisher":{"@id":"https:\/\/tuzlainfo.ba\/#organization"},"potentialAction":[{"@type":"SearchAction","target":{"@type":"EntryPoint","urlTemplate":"https:\/\/tuzlainfo.ba\/?s={search_term_string}"},"query-input":{"@type":"PropertyValueSpecification","valueRequired":true,"valueName":"search_term_string"}}],"inLanguage":"bs-BA"},{"@type":"Organization","@id":"https:\/\/tuzlainfo.ba\/#organization","name":"TuzlaInfo.ba","url":"https:\/\/tuzlainfo.ba\/","logo":{"@type":"ImageObject","inLanguage":"bs-BA","@id":"https:\/\/tuzlainfo.ba\/#\/schema\/logo\/image\/","url":"https:\/\/tuzlainfo.ba\/wp-content\/uploads\/2021\/03\/logo-ver-3-1.png","contentUrl":"https:\/\/tuzlainfo.ba\/wp-content\/uploads\/2021\/03\/logo-ver-3-1.png","width":350,"height":95,"caption":"TuzlaInfo.ba"},"image":{"@id":"https:\/\/tuzlainfo.ba\/#\/schema\/logo\/image\/"},"sameAs":["https:\/\/www.facebook.com\/tuzlainfo.ba\/"]},{"@type":"Person","@id":"https:\/\/tuzlainfo.ba\/#\/schema\/person\/46cad4c57790cbc50781edd14870825a","name":"Tuzla Info","image":{"@type":"ImageObject","inLanguage":"bs-BA","@id":"https:\/\/tuzlainfo.ba\/#\/schema\/person\/image\/","url":"https:\/\/tuzlainfo.ba\/wp-content\/litespeed\/avatar\/b6c453a6c38e3654f2e4416c643fc25c.jpg?ver=1777051911","contentUrl":"https:\/\/tuzlainfo.ba\/wp-content\/litespeed\/avatar\/b6c453a6c38e3654f2e4416c643fc25c.jpg?ver=1777051911","caption":"Tuzla Info"}}]}},"_links":{"self":[{"href":"https:\/\/tuzlainfo.ba\/index.php\/wp-json\/wp\/v2\/posts\/274361"}],"collection":[{"href":"https:\/\/tuzlainfo.ba\/index.php\/wp-json\/wp\/v2\/posts"}],"about":[{"href":"https:\/\/tuzlainfo.ba\/index.php\/wp-json\/wp\/v2\/types\/post"}],"author":[{"embeddable":true,"href":"https:\/\/tuzlainfo.ba\/index.php\/wp-json\/wp\/v2\/users\/4"}],"replies":[{"embeddable":true,"href":"https:\/\/tuzlainfo.ba\/index.php\/wp-json\/wp\/v2\/comments?post=274361"}],"version-history":[{"count":2,"href":"https:\/\/tuzlainfo.ba\/index.php\/wp-json\/wp\/v2\/posts\/274361\/revisions"}],"predecessor-version":[{"id":274364,"href":"https:\/\/tuzlainfo.ba\/index.php\/wp-json\/wp\/v2\/posts\/274361\/revisions\/274364"}],"wp:featuredmedia":[{"embeddable":true,"href":"https:\/\/tuzlainfo.ba\/index.php\/wp-json\/wp\/v2\/media\/263128"}],"wp:attachment":[{"href":"https:\/\/tuzlainfo.ba\/index.php\/wp-json\/wp\/v2\/media?parent=274361"}],"wp:term":[{"taxonomy":"category","embeddable":true,"href":"https:\/\/tuzlainfo.ba\/index.php\/wp-json\/wp\/v2\/categories?post=274361"},{"taxonomy":"post_tag","embeddable":true,"href":"https:\/\/tuzlainfo.ba\/index.php\/wp-json\/wp\/v2\/tags?post=274361"}],"curies":[{"name":"wp","href":"https:\/\/api.w.org\/{rel}","templated":true}]}}