{"id":274250,"date":"2025-07-14T20:05:07","date_gmt":"2025-07-14T18:05:07","guid":{"rendered":"https:\/\/tuzlainfo.ba\/?p=274250"},"modified":"2025-07-14T14:50:39","modified_gmt":"2025-07-14T12:50:39","slug":"zasto-radovi-na-obilaznici-sicki-brod-djurdjevik-jos-nisu-poceli-na-vidiku-tek-prvih-870-metara","status":"publish","type":"post","link":"https:\/\/tuzlainfo.ba\/index.php\/novosti\/item\/274250-zasto-radovi-na-obilaznici-sicki-brod-djurdjevik-jos-nisu-poceli-na-vidiku-tek-prvih-870-metara\/","title":{"rendered":"Na vidiku prvih 870 metara: Za\u0161to radovi na obilaznici \u0160i\u0107ki Brod \u2013 \u0110ur\u0111evik jo\u0161 nisu po\u010deli?"},"content":{"rendered":"<p data-start=\"184\" data-end=\"524\">Iako je jo\u0161 u decembru 2024. godine potpisan ugovor za izvo\u0111enje radova na dionici \u0160i\u0107ki Brod \u2013 \u0110ur\u0111evik (Lot 2) na trasi ceste Tuzla \u2013 Sarajevo, izgradnja jo\u0161 nije zapo\u010dela na terenu, a prema informacijama do kojih je do\u0161ao portal <a href=\"https:\/\/tuzlainfo.ba\/index.php\/novosti\/item\/274250-zasto-radovi-na-obilaznici-sicki-brod-djurdjevik-jos-nisu-poceli-na-vidiku-tek-prvih-870-metara\/\"><strong>Tuzlainfo.ba<\/strong><\/a>, trenutno se \u010deka pravosna\u017enost gra\u0111evinske dozvole za prvu fazu radova u du\u017eini od 870 metara.<\/p>\n<p data-start=\"526\" data-end=\"932\">Rije\u010d je o dionici ukupne du\u017eine 5,85 kilometara, \u010dija je vrijednost ugovorena na 58,5 miliona KM sa PDV-om, a ugovoreni rok za zavr\u0161etak je 30 mjeseci. Izvo\u0111a\u010di radova su konzorcij koji \u010dine firme Jata Group Srebrenik, Euro-Asfalt Sarajevo, HIH \u017divinice, Roading Gra\u010danica, Rial-\u0160ped Doboj Istok i Cestotehnik Tuzla, dok \u0107e nadzor nad projektom obavljati konzorcij AIK-In\u017eenjering Banovi\u0107i i PPG Sarajevo.<\/p>\n<p data-start=\"934\" data-end=\"1101\">Na upit portala <a href=\"https:\/\/tuzlainfo.ba\/index.php\/novosti\/item\/274250-zasto-radovi-na-obilaznici-sicki-brod-djurdjevik-jos-nisu-poceli-na-vidiku-tek-prvih-870-metara\/\"><strong>Tuzlainfo.ba<\/strong><\/a>, iz JP Ceste FBiH su istakli da su razlozi ka\u0161njenja kompleksni i povezani s nizom pravnih, administrativnih i imovinsko-pravnih prepreka.<\/p>\n<h3 data-start=\"934\" data-end=\"1101\">Ko\u010dnice od eksproprijacije do odluka Ustavnog suda<\/h3>\n<p data-start=\"1103\" data-end=\"1383\">Kako navode, najve\u0107i problemi u implementaciji ovog i sli\u010dnih infrastrukturnih projekata u Federaciji BiH su spor proces eksproprijacije, neure\u0111eni vlasni\u010dki odnosi, nea\u017eurne zemlji\u0161ne knjige, kao i institucionalne blokade zbog nepostojanja jedinstvenog zakona o dr\u017eavnoj imovini.<\/p>\n<p data-start=\"1103\" data-end=\"1383\">Dodatni zastoj je prouzrokovan odlukom Ustavnog suda BiH iz maja 2024. godine.<\/p>\n<p style=\"font-weight: 400;\">&#8211; Ustavni sud BiH je maju 2024. godine donio privremenu mjeru kojom je privremeno stavio van pravne snage Odluku Vlade FBiH o promjeni namjene \u0161umskog zemlji\u0161ta i privremenom kori\u0161tenju \u0161umskog zemlji\u0161ta u druge namjene. Pomenuta odluka je i dalje na snazi budu\u0107i da Ustavni sud jo\u0161 uvijek nije izvr\u0161io ocjenu ustavnosti iste. Tim slijedom, investitori i izvo\u0111a\u010di ne mogu pristupiti zemlji\u0161tu koje je predmet zabrane, a kantoni i op\u0107ine se nalaze u pravnoj blokadi jer nisu ovla\u0161teni raspolagati nekretninama koje se vode kao dr\u017eavna imovina, \u0161to opet uzro\u010dno paralizira klju\u010dne projekte. Kao posljedica gornjih navoda, odnosno pravnih i administrativnih ograni\u010denja, imamo neujedna\u010deno i razli\u010dito tuma\u010denje zakona i odluka, te izbjegavanje odgovornosti, \u0161to rezultira rigidnim i neefikasnim postupanjem nadle\u017enih organa i u kona\u010dnici dolazi do odga\u0111anja po\u010detka izvo\u0111enja gra\u0111evinskih radova &#8211; istakli iz <strong>JP Ceste FBiH<\/strong> za na\u0161 portal.<\/p>\n<p><img fetchpriority=\"high\" decoding=\"async\" class=\"alignnone wp-image-274274 size-full\" src=\"https:\/\/tuzlainfo.ba\/wp-content\/uploads\/2025\/07\/1407_obilaznica1.jpg\" alt=\"\" width=\"852\" height=\"416\" srcset=\"https:\/\/tuzlainfo.ba\/wp-content\/uploads\/2025\/07\/1407_obilaznica1.jpg 852w, https:\/\/tuzlainfo.ba\/wp-content\/uploads\/2025\/07\/1407_obilaznica1-300x146.jpg 300w, https:\/\/tuzlainfo.ba\/wp-content\/uploads\/2025\/07\/1407_obilaznica1-768x375.jpg 768w, https:\/\/tuzlainfo.ba\/wp-content\/uploads\/2025\/07\/1407_obilaznica1-585x286.jpg 585w, https:\/\/tuzlainfo.ba\/wp-content\/uploads\/2025\/07\/1407_obilaznica1-150x73.jpg 150w, https:\/\/tuzlainfo.ba\/wp-content\/uploads\/2025\/07\/1407_obilaznica1-500x244.jpg 500w\" sizes=\"(max-width: 852px) 100vw, 852px\" \/><\/p>\n<p data-start=\"1675\" data-end=\"1997\">Uprkos svim preprekama, iz ovog javnog preduze\u0107a potvr\u0111eno je da je 1. jula 2025. godine nadle\u017eni organ izdao djelimi\u010dnu gra\u0111evinsku dozvolu za prvu fazu radova. Trenutno se, kako su naveli, vr\u0161i a\u017euriranje relevantne dokumentacije i priprema terena, a uvo\u0111enje izvo\u0111a\u010da u posao o\u010dekuje se \u010dim dozvola postane pravosna\u017ena.<\/p>\n<p data-start=\"1999\" data-end=\"2113\">Tako\u0111er, kako saznaje na\u0161 portal, radovi na prvoj dionici du\u017eine 870 metara trebali bi zapo\u010deti u narednim sedmicama.<\/p>\n<h3 data-start=\"1999\" data-end=\"2113\">Sasvim nova cesta za kra\u0107e putovanje do Sarajeva<\/h3>\n<p data-start=\"2115\" data-end=\"2371\" data-is-last-node=\"\" data-is-only-node=\"\">Ovaj infrastrukturni projekt se ve\u0107 godinama o\u010dekuje kao va\u017ena etapa ka realizaciji moderne saobra\u0107ajnice koja bi zna\u010dajno unaprijedila povezanost Tuzlanskog kantona s ostatkom Federacije BiH, ali zbog vi\u0161estrukih prepreka i dalje se nalazi u fazi \u010dekanja.<\/p>\n<p data-start=\"2115\" data-end=\"2371\" data-is-last-node=\"\" data-is-only-node=\"\">Dionica i\u0107i \u0107e savim novom trasom kao nova cesta, a od \u0110ur\u0111evika do Kladnja planirano je da se radi rekonstrukcija i modernizacija postoje\u0107e ceste sa dodatnom tre\u0107om trakom. Du\u017eina dionice \u0160i\u0107ki Brod \u2013 \u0110ur\u0111evik je oko 17 km i podijeljena je na tri lota.<\/p>\n<p>Ovim projektom postoje\u0107a cesta M18 zadr\u017eava se za lokalni saobra\u0107aj, dok je nova dvotra\u010dna cesta\u00a0 prijektovana za brzinu 80km\/h. Nova trasa je kra\u0107a za oko jedan kilometar od postoje\u0107e ceste, a izgradnja \u0107e biti mogu\u0107a ne ometaju\u0107i postoje\u0107i saobra\u0107aj.<\/p>\n<p data-start=\"2115\" data-end=\"2371\" data-is-last-node=\"\" data-is-only-node=\"\">Novac za realizaciju projekta u iznosu od 40 miliona konvertibilnih marka je obezbije\u0111en jo\u0161 2019. godine za vrijeme\u00a0 Vlade FBiH kojom je rukovodio premijer Fadil Novali\u0107, a od tada do danas su padali tenderi i pojavljivali se brojni problemi zbog kojih se na prve metre ove saobra\u0107ajnice jo\u0161 uvijek \u010deka.<strong>\/Tuzlainfo.ba\/<\/strong><\/p>\n","protected":false},"excerpt":{"rendered":"<p>Iako je jo\u0161 u decembru 2024. godine potpisan ugovor za izvo\u0111enje radova na dionici \u0160i\u0107ki&hellip;<\/p>\n","protected":false},"author":2,"featured_media":274247,"comment_status":"closed","ping_status":"closed","sticky":false,"template":"","format":"standard","meta":{"_acf_changed":false,"footnotes":""},"categories":[304,12,306],"tags":[8416,12487,3738],"acf":[],"yoast_head":"<!-- This site is optimized with the Yoast SEO plugin v23.5 - https:\/\/yoast.com\/wordpress\/plugins\/seo\/ -->\n<title>Na vidiku prvih 870 metara: Za\u0161to radovi na obilaznici \u0160i\u0107ki Brod \u2013 \u0110ur\u0111evik jo\u0161 nisu po\u010deli? - TuzlaInfo.ba<\/title>\n<meta name=\"description\" content=\"Radovi na dionici \u0160i\u0107ki Brod \u2013 \u0110ur\u0111evik jo\u0161 nisu po\u010deli, iako je ugovor potpisan krajem 2024. godine. \u010ceka se pravosna\u017enost gra\u0111evinske dozvole za prvu fazu radova.\" \/>\n<meta name=\"robots\" content=\"index, follow, max-snippet:-1, max-image-preview:large, max-video-preview:-1\" \/>\n<link rel=\"canonical\" href=\"https:\/\/tuzlainfo.ba\/index.php\/novosti\/item\/274250-zasto-radovi-na-obilaznici-sicki-brod-djurdjevik-jos-nisu-poceli-na-vidiku-tek-prvih-870-metara\/\" \/>\n<meta property=\"og:locale\" content=\"bs_BA\" \/>\n<meta property=\"og:type\" content=\"article\" \/>\n<meta property=\"og:title\" content=\"Na vidiku prvih 870 metara: Za\u0161to radovi na obilaznici \u0160i\u0107ki Brod \u2013 \u0110ur\u0111evik jo\u0161 nisu po\u010deli? - TuzlaInfo.ba\" \/>\n<meta property=\"og:description\" content=\"Radovi na dionici \u0160i\u0107ki Brod \u2013 \u0110ur\u0111evik jo\u0161 nisu po\u010deli, iako je ugovor potpisan krajem 2024. godine. \u010ceka se pravosna\u017enost gra\u0111evinske dozvole za prvu fazu radova.\" \/>\n<meta property=\"og:url\" content=\"https:\/\/tuzlainfo.ba\/index.php\/novosti\/item\/274250-zasto-radovi-na-obilaznici-sicki-brod-djurdjevik-jos-nisu-poceli-na-vidiku-tek-prvih-870-metara\/\" \/>\n<meta property=\"og:site_name\" content=\"TuzlaInfo.ba\" \/>\n<meta property=\"article:publisher\" content=\"https:\/\/www.facebook.com\/tuzlainfo.ba\/\" \/>\n<meta property=\"article:published_time\" content=\"2025-07-14T18:05:07+00:00\" \/>\n<meta property=\"article:modified_time\" content=\"2025-07-14T12:50:39+00:00\" \/>\n<meta property=\"og:image\" content=\"https:\/\/tuzlainfo.ba\/wp-content\/uploads\/2025\/07\/petlja_sicki.jpg\" \/>\n\t<meta property=\"og:image:width\" content=\"800\" \/>\n\t<meta property=\"og:image:height\" content=\"400\" \/>\n\t<meta property=\"og:image:type\" content=\"image\/jpeg\" \/>\n<meta name=\"author\" content=\"nedim\" \/>\n<meta name=\"twitter:card\" content=\"summary_large_image\" \/>\n<meta name=\"twitter:label1\" content=\"Written by\" \/>\n\t<meta name=\"twitter:data1\" content=\"nedim\" \/>\n\t<meta name=\"twitter:label2\" content=\"Est. reading time\" \/>\n\t<meta name=\"twitter:data2\" content=\"4 minute\" \/>\n<script type=\"application\/ld+json\" class=\"yoast-schema-graph\">{\"@context\":\"https:\/\/schema.org\",\"@graph\":[{\"@type\":\"Article\",\"@id\":\"https:\/\/tuzlainfo.ba\/index.php\/novosti\/item\/274250-zasto-radovi-na-obilaznici-sicki-brod-djurdjevik-jos-nisu-poceli-na-vidiku-tek-prvih-870-metara\/#article\",\"isPartOf\":{\"@id\":\"https:\/\/tuzlainfo.ba\/index.php\/novosti\/item\/274250-zasto-radovi-na-obilaznici-sicki-brod-djurdjevik-jos-nisu-poceli-na-vidiku-tek-prvih-870-metara\/\"},\"author\":{\"name\":\"nedim\",\"@id\":\"https:\/\/tuzlainfo.ba\/#\/schema\/person\/f434e20dc27ea133923aab08451b7f7f\"},\"headline\":\"Na vidiku prvih 870 metara: Za\u0161to radovi na obilaznici \u0160i\u0107ki Brod \u2013 \u0110ur\u0111evik jo\u0161 nisu po\u010deli?\",\"datePublished\":\"2025-07-14T18:05:07+00:00\",\"dateModified\":\"2025-07-14T12:50:39+00:00\",\"mainEntityOfPage\":{\"@id\":\"https:\/\/tuzlainfo.ba\/index.php\/novosti\/item\/274250-zasto-radovi-na-obilaznici-sicki-brod-djurdjevik-jos-nisu-poceli-na-vidiku-tek-prvih-870-metara\/\"},\"wordCount\":669,\"publisher\":{\"@id\":\"https:\/\/tuzlainfo.ba\/#organization\"},\"image\":{\"@id\":\"https:\/\/tuzlainfo.ba\/index.php\/novosti\/item\/274250-zasto-radovi-na-obilaznici-sicki-brod-djurdjevik-jos-nisu-poceli-na-vidiku-tek-prvih-870-metara\/#primaryimage\"},\"thumbnailUrl\":\"https:\/\/tuzlainfo.ba\/wp-content\/uploads\/2025\/07\/petlja_sicki.jpg\",\"keywords\":[\"JP Ceste FBiH\",\"obilaznica\",\"put \u0161i\u0107ki brod - \u0111ur\u0111evik\"],\"articleSection\":[\"Istaknuto\",\"Novosti\",\"Preporu\u010dujemo\"],\"inLanguage\":\"bs-BA\"},{\"@type\":\"WebPage\",\"@id\":\"https:\/\/tuzlainfo.ba\/index.php\/novosti\/item\/274250-zasto-radovi-na-obilaznici-sicki-brod-djurdjevik-jos-nisu-poceli-na-vidiku-tek-prvih-870-metara\/\",\"url\":\"https:\/\/tuzlainfo.ba\/index.php\/novosti\/item\/274250-zasto-radovi-na-obilaznici-sicki-brod-djurdjevik-jos-nisu-poceli-na-vidiku-tek-prvih-870-metara\/\",\"name\":\"Na vidiku prvih 870 metara: Za\u0161to radovi na obilaznici \u0160i\u0107ki Brod \u2013 \u0110ur\u0111evik jo\u0161 nisu po\u010deli? - TuzlaInfo.ba\",\"isPartOf\":{\"@id\":\"https:\/\/tuzlainfo.ba\/#website\"},\"primaryImageOfPage\":{\"@id\":\"https:\/\/tuzlainfo.ba\/index.php\/novosti\/item\/274250-zasto-radovi-na-obilaznici-sicki-brod-djurdjevik-jos-nisu-poceli-na-vidiku-tek-prvih-870-metara\/#primaryimage\"},\"image\":{\"@id\":\"https:\/\/tuzlainfo.ba\/index.php\/novosti\/item\/274250-zasto-radovi-na-obilaznici-sicki-brod-djurdjevik-jos-nisu-poceli-na-vidiku-tek-prvih-870-metara\/#primaryimage\"},\"thumbnailUrl\":\"https:\/\/tuzlainfo.ba\/wp-content\/uploads\/2025\/07\/petlja_sicki.jpg\",\"datePublished\":\"2025-07-14T18:05:07+00:00\",\"dateModified\":\"2025-07-14T12:50:39+00:00\",\"description\":\"Radovi na dionici \u0160i\u0107ki Brod \u2013 \u0110ur\u0111evik jo\u0161 nisu po\u010deli, iako je ugovor potpisan krajem 2024. godine. \u010ceka se pravosna\u017enost gra\u0111evinske dozvole za prvu fazu radova.\",\"breadcrumb\":{\"@id\":\"https:\/\/tuzlainfo.ba\/index.php\/novosti\/item\/274250-zasto-radovi-na-obilaznici-sicki-brod-djurdjevik-jos-nisu-poceli-na-vidiku-tek-prvih-870-metara\/#breadcrumb\"},\"inLanguage\":\"bs-BA\",\"potentialAction\":[{\"@type\":\"ReadAction\",\"target\":[\"https:\/\/tuzlainfo.ba\/index.php\/novosti\/item\/274250-zasto-radovi-na-obilaznici-sicki-brod-djurdjevik-jos-nisu-poceli-na-vidiku-tek-prvih-870-metara\/\"]}]},{\"@type\":\"ImageObject\",\"inLanguage\":\"bs-BA\",\"@id\":\"https:\/\/tuzlainfo.ba\/index.php\/novosti\/item\/274250-zasto-radovi-na-obilaznici-sicki-brod-djurdjevik-jos-nisu-poceli-na-vidiku-tek-prvih-870-metara\/#primaryimage\",\"url\":\"https:\/\/tuzlainfo.ba\/wp-content\/uploads\/2025\/07\/petlja_sicki.jpg\",\"contentUrl\":\"https:\/\/tuzlainfo.ba\/wp-content\/uploads\/2025\/07\/petlja_sicki.jpg\",\"width\":800,\"height\":400},{\"@type\":\"BreadcrumbList\",\"@id\":\"https:\/\/tuzlainfo.ba\/index.php\/novosti\/item\/274250-zasto-radovi-na-obilaznici-sicki-brod-djurdjevik-jos-nisu-poceli-na-vidiku-tek-prvih-870-metara\/#breadcrumb\",\"itemListElement\":[{\"@type\":\"ListItem\",\"position\":1,\"name\":\"Home\",\"item\":\"https:\/\/tuzlainfo.ba\/\"},{\"@type\":\"ListItem\",\"position\":2,\"name\":\"Na vidiku prvih 870 metara: Za\u0161to radovi na obilaznici \u0160i\u0107ki Brod \u2013 \u0110ur\u0111evik jo\u0161 nisu po\u010deli?\"}]},{\"@type\":\"WebSite\",\"@id\":\"https:\/\/tuzlainfo.ba\/#website\",\"url\":\"https:\/\/tuzlainfo.ba\/\",\"name\":\"TuzlaInfo.ba\",\"description\":\"Tuzla info, gradski informator - Tuzla na dlanu\",\"publisher\":{\"@id\":\"https:\/\/tuzlainfo.ba\/#organization\"},\"potentialAction\":[{\"@type\":\"SearchAction\",\"target\":{\"@type\":\"EntryPoint\",\"urlTemplate\":\"https:\/\/tuzlainfo.ba\/?s={search_term_string}\"},\"query-input\":{\"@type\":\"PropertyValueSpecification\",\"valueRequired\":true,\"valueName\":\"search_term_string\"}}],\"inLanguage\":\"bs-BA\"},{\"@type\":\"Organization\",\"@id\":\"https:\/\/tuzlainfo.ba\/#organization\",\"name\":\"TuzlaInfo.ba\",\"url\":\"https:\/\/tuzlainfo.ba\/\",\"logo\":{\"@type\":\"ImageObject\",\"inLanguage\":\"bs-BA\",\"@id\":\"https:\/\/tuzlainfo.ba\/#\/schema\/logo\/image\/\",\"url\":\"https:\/\/tuzlainfo.ba\/wp-content\/uploads\/2021\/03\/logo-ver-3-1.png\",\"contentUrl\":\"https:\/\/tuzlainfo.ba\/wp-content\/uploads\/2021\/03\/logo-ver-3-1.png\",\"width\":350,\"height\":95,\"caption\":\"TuzlaInfo.ba\"},\"image\":{\"@id\":\"https:\/\/tuzlainfo.ba\/#\/schema\/logo\/image\/\"},\"sameAs\":[\"https:\/\/www.facebook.com\/tuzlainfo.ba\/\"]},{\"@type\":\"Person\",\"@id\":\"https:\/\/tuzlainfo.ba\/#\/schema\/person\/f434e20dc27ea133923aab08451b7f7f\",\"name\":\"nedim\",\"image\":{\"@type\":\"ImageObject\",\"inLanguage\":\"bs-BA\",\"@id\":\"https:\/\/tuzlainfo.ba\/#\/schema\/person\/image\/\",\"url\":\"https:\/\/tuzlainfo.ba\/wp-content\/litespeed\/avatar\/aabad687af24844af817603ac1cbdc4f.jpg?ver=1776702173\",\"contentUrl\":\"https:\/\/tuzlainfo.ba\/wp-content\/litespeed\/avatar\/aabad687af24844af817603ac1cbdc4f.jpg?ver=1776702173\",\"caption\":\"nedim\"},\"description\":\"Tuzlainfo.ba pratite na dru\u0161tvenim mre\u017eama: Facebook, Instagram i Youtube. Svoje pri\u010de, upite i fotografije \u0161aljite na na\u0161u e-mail adresu.\"}]}<\/script>\n<!-- \/ Yoast SEO plugin. -->","yoast_head_json":{"title":"Na vidiku prvih 870 metara: Za\u0161to radovi na obilaznici \u0160i\u0107ki Brod \u2013 \u0110ur\u0111evik jo\u0161 nisu po\u010deli? - TuzlaInfo.ba","description":"Radovi na dionici \u0160i\u0107ki Brod \u2013 \u0110ur\u0111evik jo\u0161 nisu po\u010deli, iako je ugovor potpisan krajem 2024. godine. \u010ceka se pravosna\u017enost gra\u0111evinske dozvole za prvu fazu radova.","robots":{"index":"index","follow":"follow","max-snippet":"max-snippet:-1","max-image-preview":"max-image-preview:large","max-video-preview":"max-video-preview:-1"},"canonical":"https:\/\/tuzlainfo.ba\/index.php\/novosti\/item\/274250-zasto-radovi-na-obilaznici-sicki-brod-djurdjevik-jos-nisu-poceli-na-vidiku-tek-prvih-870-metara\/","og_locale":"bs_BA","og_type":"article","og_title":"Na vidiku prvih 870 metara: Za\u0161to radovi na obilaznici \u0160i\u0107ki Brod \u2013 \u0110ur\u0111evik jo\u0161 nisu po\u010deli? - TuzlaInfo.ba","og_description":"Radovi na dionici \u0160i\u0107ki Brod \u2013 \u0110ur\u0111evik jo\u0161 nisu po\u010deli, iako je ugovor potpisan krajem 2024. godine. \u010ceka se pravosna\u017enost gra\u0111evinske dozvole za prvu fazu radova.","og_url":"https:\/\/tuzlainfo.ba\/index.php\/novosti\/item\/274250-zasto-radovi-na-obilaznici-sicki-brod-djurdjevik-jos-nisu-poceli-na-vidiku-tek-prvih-870-metara\/","og_site_name":"TuzlaInfo.ba","article_publisher":"https:\/\/www.facebook.com\/tuzlainfo.ba\/","article_published_time":"2025-07-14T18:05:07+00:00","article_modified_time":"2025-07-14T12:50:39+00:00","og_image":[{"width":800,"height":400,"url":"https:\/\/tuzlainfo.ba\/wp-content\/uploads\/2025\/07\/petlja_sicki.jpg","type":"image\/jpeg"}],"author":"nedim","twitter_card":"summary_large_image","twitter_misc":{"Written by":"nedim","Est. reading time":"4 minute"},"schema":{"@context":"https:\/\/schema.org","@graph":[{"@type":"Article","@id":"https:\/\/tuzlainfo.ba\/index.php\/novosti\/item\/274250-zasto-radovi-na-obilaznici-sicki-brod-djurdjevik-jos-nisu-poceli-na-vidiku-tek-prvih-870-metara\/#article","isPartOf":{"@id":"https:\/\/tuzlainfo.ba\/index.php\/novosti\/item\/274250-zasto-radovi-na-obilaznici-sicki-brod-djurdjevik-jos-nisu-poceli-na-vidiku-tek-prvih-870-metara\/"},"author":{"name":"nedim","@id":"https:\/\/tuzlainfo.ba\/#\/schema\/person\/f434e20dc27ea133923aab08451b7f7f"},"headline":"Na vidiku prvih 870 metara: Za\u0161to radovi na obilaznici \u0160i\u0107ki Brod \u2013 \u0110ur\u0111evik jo\u0161 nisu po\u010deli?","datePublished":"2025-07-14T18:05:07+00:00","dateModified":"2025-07-14T12:50:39+00:00","mainEntityOfPage":{"@id":"https:\/\/tuzlainfo.ba\/index.php\/novosti\/item\/274250-zasto-radovi-na-obilaznici-sicki-brod-djurdjevik-jos-nisu-poceli-na-vidiku-tek-prvih-870-metara\/"},"wordCount":669,"publisher":{"@id":"https:\/\/tuzlainfo.ba\/#organization"},"image":{"@id":"https:\/\/tuzlainfo.ba\/index.php\/novosti\/item\/274250-zasto-radovi-na-obilaznici-sicki-brod-djurdjevik-jos-nisu-poceli-na-vidiku-tek-prvih-870-metara\/#primaryimage"},"thumbnailUrl":"https:\/\/tuzlainfo.ba\/wp-content\/uploads\/2025\/07\/petlja_sicki.jpg","keywords":["JP Ceste FBiH","obilaznica","put \u0161i\u0107ki brod - \u0111ur\u0111evik"],"articleSection":["Istaknuto","Novosti","Preporu\u010dujemo"],"inLanguage":"bs-BA"},{"@type":"WebPage","@id":"https:\/\/tuzlainfo.ba\/index.php\/novosti\/item\/274250-zasto-radovi-na-obilaznici-sicki-brod-djurdjevik-jos-nisu-poceli-na-vidiku-tek-prvih-870-metara\/","url":"https:\/\/tuzlainfo.ba\/index.php\/novosti\/item\/274250-zasto-radovi-na-obilaznici-sicki-brod-djurdjevik-jos-nisu-poceli-na-vidiku-tek-prvih-870-metara\/","name":"Na vidiku prvih 870 metara: Za\u0161to radovi na obilaznici \u0160i\u0107ki Brod \u2013 \u0110ur\u0111evik jo\u0161 nisu po\u010deli? - TuzlaInfo.ba","isPartOf":{"@id":"https:\/\/tuzlainfo.ba\/#website"},"primaryImageOfPage":{"@id":"https:\/\/tuzlainfo.ba\/index.php\/novosti\/item\/274250-zasto-radovi-na-obilaznici-sicki-brod-djurdjevik-jos-nisu-poceli-na-vidiku-tek-prvih-870-metara\/#primaryimage"},"image":{"@id":"https:\/\/tuzlainfo.ba\/index.php\/novosti\/item\/274250-zasto-radovi-na-obilaznici-sicki-brod-djurdjevik-jos-nisu-poceli-na-vidiku-tek-prvih-870-metara\/#primaryimage"},"thumbnailUrl":"https:\/\/tuzlainfo.ba\/wp-content\/uploads\/2025\/07\/petlja_sicki.jpg","datePublished":"2025-07-14T18:05:07+00:00","dateModified":"2025-07-14T12:50:39+00:00","description":"Radovi na dionici \u0160i\u0107ki Brod \u2013 \u0110ur\u0111evik jo\u0161 nisu po\u010deli, iako je ugovor potpisan krajem 2024. godine. \u010ceka se pravosna\u017enost gra\u0111evinske dozvole za prvu fazu radova.","breadcrumb":{"@id":"https:\/\/tuzlainfo.ba\/index.php\/novosti\/item\/274250-zasto-radovi-na-obilaznici-sicki-brod-djurdjevik-jos-nisu-poceli-na-vidiku-tek-prvih-870-metara\/#breadcrumb"},"inLanguage":"bs-BA","potentialAction":[{"@type":"ReadAction","target":["https:\/\/tuzlainfo.ba\/index.php\/novosti\/item\/274250-zasto-radovi-na-obilaznici-sicki-brod-djurdjevik-jos-nisu-poceli-na-vidiku-tek-prvih-870-metara\/"]}]},{"@type":"ImageObject","inLanguage":"bs-BA","@id":"https:\/\/tuzlainfo.ba\/index.php\/novosti\/item\/274250-zasto-radovi-na-obilaznici-sicki-brod-djurdjevik-jos-nisu-poceli-na-vidiku-tek-prvih-870-metara\/#primaryimage","url":"https:\/\/tuzlainfo.ba\/wp-content\/uploads\/2025\/07\/petlja_sicki.jpg","contentUrl":"https:\/\/tuzlainfo.ba\/wp-content\/uploads\/2025\/07\/petlja_sicki.jpg","width":800,"height":400},{"@type":"BreadcrumbList","@id":"https:\/\/tuzlainfo.ba\/index.php\/novosti\/item\/274250-zasto-radovi-na-obilaznici-sicki-brod-djurdjevik-jos-nisu-poceli-na-vidiku-tek-prvih-870-metara\/#breadcrumb","itemListElement":[{"@type":"ListItem","position":1,"name":"Home","item":"https:\/\/tuzlainfo.ba\/"},{"@type":"ListItem","position":2,"name":"Na vidiku prvih 870 metara: Za\u0161to radovi na obilaznici \u0160i\u0107ki Brod \u2013 \u0110ur\u0111evik jo\u0161 nisu po\u010deli?"}]},{"@type":"WebSite","@id":"https:\/\/tuzlainfo.ba\/#website","url":"https:\/\/tuzlainfo.ba\/","name":"TuzlaInfo.ba","description":"Tuzla info, gradski informator - Tuzla na dlanu","publisher":{"@id":"https:\/\/tuzlainfo.ba\/#organization"},"potentialAction":[{"@type":"SearchAction","target":{"@type":"EntryPoint","urlTemplate":"https:\/\/tuzlainfo.ba\/?s={search_term_string}"},"query-input":{"@type":"PropertyValueSpecification","valueRequired":true,"valueName":"search_term_string"}}],"inLanguage":"bs-BA"},{"@type":"Organization","@id":"https:\/\/tuzlainfo.ba\/#organization","name":"TuzlaInfo.ba","url":"https:\/\/tuzlainfo.ba\/","logo":{"@type":"ImageObject","inLanguage":"bs-BA","@id":"https:\/\/tuzlainfo.ba\/#\/schema\/logo\/image\/","url":"https:\/\/tuzlainfo.ba\/wp-content\/uploads\/2021\/03\/logo-ver-3-1.png","contentUrl":"https:\/\/tuzlainfo.ba\/wp-content\/uploads\/2021\/03\/logo-ver-3-1.png","width":350,"height":95,"caption":"TuzlaInfo.ba"},"image":{"@id":"https:\/\/tuzlainfo.ba\/#\/schema\/logo\/image\/"},"sameAs":["https:\/\/www.facebook.com\/tuzlainfo.ba\/"]},{"@type":"Person","@id":"https:\/\/tuzlainfo.ba\/#\/schema\/person\/f434e20dc27ea133923aab08451b7f7f","name":"nedim","image":{"@type":"ImageObject","inLanguage":"bs-BA","@id":"https:\/\/tuzlainfo.ba\/#\/schema\/person\/image\/","url":"https:\/\/tuzlainfo.ba\/wp-content\/litespeed\/avatar\/aabad687af24844af817603ac1cbdc4f.jpg?ver=1776702173","contentUrl":"https:\/\/tuzlainfo.ba\/wp-content\/litespeed\/avatar\/aabad687af24844af817603ac1cbdc4f.jpg?ver=1776702173","caption":"nedim"},"description":"Tuzlainfo.ba pratite na dru\u0161tvenim mre\u017eama: Facebook, Instagram i Youtube. Svoje pri\u010de, upite i fotografije \u0161aljite na na\u0161u e-mail adresu."}]}},"_links":{"self":[{"href":"https:\/\/tuzlainfo.ba\/index.php\/wp-json\/wp\/v2\/posts\/274250"}],"collection":[{"href":"https:\/\/tuzlainfo.ba\/index.php\/wp-json\/wp\/v2\/posts"}],"about":[{"href":"https:\/\/tuzlainfo.ba\/index.php\/wp-json\/wp\/v2\/types\/post"}],"author":[{"embeddable":true,"href":"https:\/\/tuzlainfo.ba\/index.php\/wp-json\/wp\/v2\/users\/2"}],"replies":[{"embeddable":true,"href":"https:\/\/tuzlainfo.ba\/index.php\/wp-json\/wp\/v2\/comments?post=274250"}],"version-history":[{"count":6,"href":"https:\/\/tuzlainfo.ba\/index.php\/wp-json\/wp\/v2\/posts\/274250\/revisions"}],"predecessor-version":[{"id":274287,"href":"https:\/\/tuzlainfo.ba\/index.php\/wp-json\/wp\/v2\/posts\/274250\/revisions\/274287"}],"wp:featuredmedia":[{"embeddable":true,"href":"https:\/\/tuzlainfo.ba\/index.php\/wp-json\/wp\/v2\/media\/274247"}],"wp:attachment":[{"href":"https:\/\/tuzlainfo.ba\/index.php\/wp-json\/wp\/v2\/media?parent=274250"}],"wp:term":[{"taxonomy":"category","embeddable":true,"href":"https:\/\/tuzlainfo.ba\/index.php\/wp-json\/wp\/v2\/categories?post=274250"},{"taxonomy":"post_tag","embeddable":true,"href":"https:\/\/tuzlainfo.ba\/index.php\/wp-json\/wp\/v2\/tags?post=274250"}],"curies":[{"name":"wp","href":"https:\/\/api.w.org\/{rel}","templated":true}]}}