{"id":274225,"date":"2025-07-13T21:59:05","date_gmt":"2025-07-13T19:59:05","guid":{"rendered":"https:\/\/tuzlainfo.ba\/?p=274225"},"modified":"2025-07-13T21:59:05","modified_gmt":"2025-07-13T19:59:05","slug":"tenzije-i-nesuglasice-milicevic-vise-nije-predsjednik-sds-a-poznato-ko-privremeno-preuzima-stranku","status":"publish","type":"post","link":"https:\/\/tuzlainfo.ba\/index.php\/bosna-i-hercegovina\/item\/274225-tenzije-i-nesuglasice-milicevic-vise-nije-predsjednik-sds-a-poznato-ko-privremeno-preuzima-stranku\/","title":{"rendered":"Tenzije i nesuglasice: Mili\u010devi\u0107 vi\u0161e nije predsjednik SDS-a, poznato ko privremeno preuzima stranku"},"content":{"rendered":"<p data-start=\"111\" data-end=\"459\">Predsjednik Srpske demokratske stranke Milan Mili\u010devi\u0107 podnio je danas neopozivu ostavku na tu funkciju, \u0161to je potvrdilo vi\u0161emjese\u010dne spekulacije o mogu\u0107em povla\u010denju s \u010dela stranke. Ostavka je uslijedila tokom Izvje\u0161tajne skup\u0161tine SDS-a koja je odr\u017eana u Bijeljini, a koju su obilje\u017eile tenzije, nesuglasice i vi\u0161esatne rasprave me\u0111u delegatima.<\/p>\n<p data-start=\"461\" data-end=\"851\">Skup\u0161tina, kojoj je prisustvovalo oko 400 delegata iz svih krajeva entiteta RS, po\u010dela je uz stroge mjere kontrole i obezbje\u0111enja, a delegati su legitimisani prilikom ulaska u salu Centra za kulturu. Tokom vi\u0161e od \u010detiri sata rasprava vodila se uglavnom iza zatvorenih vrata, a glavne prijepore izazvali su spiskovi delegata i njihova legitimitet, zbog \u010dega nije ni usvojen dnevni red.<\/p>\n<p data-start=\"853\" data-end=\"1061\">Iako se o\u010dekivalo da \u0107e Skup\u0161tina razmatrati izvje\u0161taj Milana Mili\u010devi\u0107a i glasati o povjerenju njegovom radu, sjednica je zavr\u0161ena njegovom neopozivom ostavkom. Mili\u010devi\u0107 se nakon toga nije obratio medijima.<\/p>\n<p data-start=\"1063\" data-end=\"1453\">Vo\u0111enje stranke do raspisivanja i odr\u017eavanja unutarstrana\u010dkih izbora preuzeo je Jovica Radulovi\u0107, na\u010delnik op\u0161tine Modri\u010da i predsjednik Glavnog odbora SDS-a. Kako je pojasnio \u010dlan Predsjedni\u0161tva stranke Boris Luketa, Statut predvi\u0111a da Radulovi\u0107 ovu funkciju obavlja naredna tri mjeseca, a ukoliko izbori ne budu odr\u017eani u tom roku, njegov mandat mo\u017ee biti produ\u017een za dodatna tri mjeseca.<\/p>\n<p data-start=\"1455\" data-end=\"1682\" data-is-last-node=\"\" data-is-only-node=\"\">Dana\u0161nja de\u0161avanja u Bijeljini pokazala su duboke podjele unutar SDS-a, a naredni mjeseci donijet \u0107e odgovore na pitanje da li \u0107e stranka uspjeti stabilizirati unutarstrana\u010dke odnose i prona\u0107i novog lidera.<\/p>\n","protected":false},"excerpt":{"rendered":"<p>Predsjednik Srpske demokratske stranke Milan Mili\u010devi\u0107 podnio je danas neopozivu ostavku na tu funkciju, \u0161to&hellip;<\/p>\n","protected":false},"author":2,"featured_media":250280,"comment_status":"closed","ping_status":"closed","sticky":false,"template":"","format":"standard","meta":{"_acf_changed":false,"footnotes":""},"categories":[291],"tags":[3007],"acf":[],"yoast_head":"<!-- This site is optimized with the Yoast SEO plugin v23.5 - https:\/\/yoast.com\/wordpress\/plugins\/seo\/ -->\n<title>Tenzije i nesuglasice: Mili\u010devi\u0107 vi\u0161e nije predsjednik SDS-a, poznato ko privremeno preuzima stranku - TuzlaInfo.ba<\/title>\n<meta name=\"robots\" content=\"index, follow, max-snippet:-1, max-image-preview:large, max-video-preview:-1\" \/>\n<link rel=\"canonical\" href=\"https:\/\/tuzlainfo.ba\/index.php\/bosna-i-hercegovina\/item\/274225-tenzije-i-nesuglasice-milicevic-vise-nije-predsjednik-sds-a-poznato-ko-privremeno-preuzima-stranku\/\" \/>\n<meta property=\"og:locale\" content=\"bs_BA\" \/>\n<meta property=\"og:type\" content=\"article\" \/>\n<meta property=\"og:title\" content=\"Tenzije i nesuglasice: Mili\u010devi\u0107 vi\u0161e nije predsjednik SDS-a, poznato ko privremeno preuzima stranku - TuzlaInfo.ba\" \/>\n<meta property=\"og:description\" content=\"Predsjednik Srpske demokratske stranke Milan Mili\u010devi\u0107 podnio je danas neopozivu ostavku na tu funkciju, \u0161to&hellip;\" \/>\n<meta property=\"og:url\" content=\"https:\/\/tuzlainfo.ba\/index.php\/bosna-i-hercegovina\/item\/274225-tenzije-i-nesuglasice-milicevic-vise-nije-predsjednik-sds-a-poznato-ko-privremeno-preuzima-stranku\/\" \/>\n<meta property=\"og:site_name\" content=\"TuzlaInfo.ba\" \/>\n<meta property=\"article:publisher\" content=\"https:\/\/www.facebook.com\/tuzlainfo.ba\/\" \/>\n<meta property=\"article:published_time\" content=\"2025-07-13T19:59:05+00:00\" \/>\n<meta property=\"og:image\" content=\"https:\/\/tuzlainfo.ba\/wp-content\/uploads\/2024\/09\/2009_sds.webp\" \/>\n\t<meta property=\"og:image:width\" content=\"871\" \/>\n\t<meta property=\"og:image:height\" content=\"540\" \/>\n\t<meta property=\"og:image:type\" content=\"image\/webp\" \/>\n<meta name=\"author\" content=\"nedim\" \/>\n<meta name=\"twitter:card\" content=\"summary_large_image\" \/>\n<meta name=\"twitter:label1\" content=\"Written by\" \/>\n\t<meta name=\"twitter:data1\" content=\"nedim\" \/>\n\t<meta name=\"twitter:label2\" content=\"Est. reading time\" \/>\n\t<meta name=\"twitter:data2\" content=\"2 minute\" \/>\n<script type=\"application\/ld+json\" class=\"yoast-schema-graph\">{\"@context\":\"https:\/\/schema.org\",\"@graph\":[{\"@type\":\"Article\",\"@id\":\"https:\/\/tuzlainfo.ba\/index.php\/bosna-i-hercegovina\/item\/274225-tenzije-i-nesuglasice-milicevic-vise-nije-predsjednik-sds-a-poznato-ko-privremeno-preuzima-stranku\/#article\",\"isPartOf\":{\"@id\":\"https:\/\/tuzlainfo.ba\/index.php\/bosna-i-hercegovina\/item\/274225-tenzije-i-nesuglasice-milicevic-vise-nije-predsjednik-sds-a-poznato-ko-privremeno-preuzima-stranku\/\"},\"author\":{\"name\":\"nedim\",\"@id\":\"https:\/\/tuzlainfo.ba\/#\/schema\/person\/f434e20dc27ea133923aab08451b7f7f\"},\"headline\":\"Tenzije i nesuglasice: Mili\u010devi\u0107 vi\u0161e nije predsjednik SDS-a, poznato ko privremeno preuzima stranku\",\"datePublished\":\"2025-07-13T19:59:05+00:00\",\"dateModified\":\"2025-07-13T19:59:05+00:00\",\"mainEntityOfPage\":{\"@id\":\"https:\/\/tuzlainfo.ba\/index.php\/bosna-i-hercegovina\/item\/274225-tenzije-i-nesuglasice-milicevic-vise-nije-predsjednik-sds-a-poznato-ko-privremeno-preuzima-stranku\/\"},\"wordCount\":274,\"publisher\":{\"@id\":\"https:\/\/tuzlainfo.ba\/#organization\"},\"image\":{\"@id\":\"https:\/\/tuzlainfo.ba\/index.php\/bosna-i-hercegovina\/item\/274225-tenzije-i-nesuglasice-milicevic-vise-nije-predsjednik-sds-a-poznato-ko-privremeno-preuzima-stranku\/#primaryimage\"},\"thumbnailUrl\":\"https:\/\/tuzlainfo.ba\/wp-content\/uploads\/2024\/09\/2009_sds.webp\",\"keywords\":[\"SDS\"],\"articleSection\":[\"Bosna i Hercegovina\"],\"inLanguage\":\"bs-BA\"},{\"@type\":\"WebPage\",\"@id\":\"https:\/\/tuzlainfo.ba\/index.php\/bosna-i-hercegovina\/item\/274225-tenzije-i-nesuglasice-milicevic-vise-nije-predsjednik-sds-a-poznato-ko-privremeno-preuzima-stranku\/\",\"url\":\"https:\/\/tuzlainfo.ba\/index.php\/bosna-i-hercegovina\/item\/274225-tenzije-i-nesuglasice-milicevic-vise-nije-predsjednik-sds-a-poznato-ko-privremeno-preuzima-stranku\/\",\"name\":\"Tenzije i nesuglasice: Mili\u010devi\u0107 vi\u0161e nije predsjednik SDS-a, poznato ko privremeno preuzima stranku - TuzlaInfo.ba\",\"isPartOf\":{\"@id\":\"https:\/\/tuzlainfo.ba\/#website\"},\"primaryImageOfPage\":{\"@id\":\"https:\/\/tuzlainfo.ba\/index.php\/bosna-i-hercegovina\/item\/274225-tenzije-i-nesuglasice-milicevic-vise-nije-predsjednik-sds-a-poznato-ko-privremeno-preuzima-stranku\/#primaryimage\"},\"image\":{\"@id\":\"https:\/\/tuzlainfo.ba\/index.php\/bosna-i-hercegovina\/item\/274225-tenzije-i-nesuglasice-milicevic-vise-nije-predsjednik-sds-a-poznato-ko-privremeno-preuzima-stranku\/#primaryimage\"},\"thumbnailUrl\":\"https:\/\/tuzlainfo.ba\/wp-content\/uploads\/2024\/09\/2009_sds.webp\",\"datePublished\":\"2025-07-13T19:59:05+00:00\",\"dateModified\":\"2025-07-13T19:59:05+00:00\",\"breadcrumb\":{\"@id\":\"https:\/\/tuzlainfo.ba\/index.php\/bosna-i-hercegovina\/item\/274225-tenzije-i-nesuglasice-milicevic-vise-nije-predsjednik-sds-a-poznato-ko-privremeno-preuzima-stranku\/#breadcrumb\"},\"inLanguage\":\"bs-BA\",\"potentialAction\":[{\"@type\":\"ReadAction\",\"target\":[\"https:\/\/tuzlainfo.ba\/index.php\/bosna-i-hercegovina\/item\/274225-tenzije-i-nesuglasice-milicevic-vise-nije-predsjednik-sds-a-poznato-ko-privremeno-preuzima-stranku\/\"]}]},{\"@type\":\"ImageObject\",\"inLanguage\":\"bs-BA\",\"@id\":\"https:\/\/tuzlainfo.ba\/index.php\/bosna-i-hercegovina\/item\/274225-tenzije-i-nesuglasice-milicevic-vise-nije-predsjednik-sds-a-poznato-ko-privremeno-preuzima-stranku\/#primaryimage\",\"url\":\"https:\/\/tuzlainfo.ba\/wp-content\/uploads\/2024\/09\/2009_sds.webp\",\"contentUrl\":\"https:\/\/tuzlainfo.ba\/wp-content\/uploads\/2024\/09\/2009_sds.webp\",\"width\":871,\"height\":540},{\"@type\":\"BreadcrumbList\",\"@id\":\"https:\/\/tuzlainfo.ba\/index.php\/bosna-i-hercegovina\/item\/274225-tenzije-i-nesuglasice-milicevic-vise-nije-predsjednik-sds-a-poznato-ko-privremeno-preuzima-stranku\/#breadcrumb\",\"itemListElement\":[{\"@type\":\"ListItem\",\"position\":1,\"name\":\"Home\",\"item\":\"https:\/\/tuzlainfo.ba\/\"},{\"@type\":\"ListItem\",\"position\":2,\"name\":\"Tenzije i nesuglasice: Mili\u010devi\u0107 vi\u0161e nije predsjednik SDS-a, poznato ko privremeno preuzima stranku\"}]},{\"@type\":\"WebSite\",\"@id\":\"https:\/\/tuzlainfo.ba\/#website\",\"url\":\"https:\/\/tuzlainfo.ba\/\",\"name\":\"TuzlaInfo.ba\",\"description\":\"Tuzla info, gradski informator - Tuzla na dlanu\",\"publisher\":{\"@id\":\"https:\/\/tuzlainfo.ba\/#organization\"},\"potentialAction\":[{\"@type\":\"SearchAction\",\"target\":{\"@type\":\"EntryPoint\",\"urlTemplate\":\"https:\/\/tuzlainfo.ba\/?s={search_term_string}\"},\"query-input\":{\"@type\":\"PropertyValueSpecification\",\"valueRequired\":true,\"valueName\":\"search_term_string\"}}],\"inLanguage\":\"bs-BA\"},{\"@type\":\"Organization\",\"@id\":\"https:\/\/tuzlainfo.ba\/#organization\",\"name\":\"TuzlaInfo.ba\",\"url\":\"https:\/\/tuzlainfo.ba\/\",\"logo\":{\"@type\":\"ImageObject\",\"inLanguage\":\"bs-BA\",\"@id\":\"https:\/\/tuzlainfo.ba\/#\/schema\/logo\/image\/\",\"url\":\"https:\/\/tuzlainfo.ba\/wp-content\/uploads\/2021\/03\/logo-ver-3-1.png\",\"contentUrl\":\"https:\/\/tuzlainfo.ba\/wp-content\/uploads\/2021\/03\/logo-ver-3-1.png\",\"width\":350,\"height\":95,\"caption\":\"TuzlaInfo.ba\"},\"image\":{\"@id\":\"https:\/\/tuzlainfo.ba\/#\/schema\/logo\/image\/\"},\"sameAs\":[\"https:\/\/www.facebook.com\/tuzlainfo.ba\/\"]},{\"@type\":\"Person\",\"@id\":\"https:\/\/tuzlainfo.ba\/#\/schema\/person\/f434e20dc27ea133923aab08451b7f7f\",\"name\":\"nedim\",\"image\":{\"@type\":\"ImageObject\",\"inLanguage\":\"bs-BA\",\"@id\":\"https:\/\/tuzlainfo.ba\/#\/schema\/person\/image\/\",\"url\":\"https:\/\/tuzlainfo.ba\/wp-content\/litespeed\/avatar\/aabad687af24844af817603ac1cbdc4f.jpg?ver=1777306975\",\"contentUrl\":\"https:\/\/tuzlainfo.ba\/wp-content\/litespeed\/avatar\/aabad687af24844af817603ac1cbdc4f.jpg?ver=1777306975\",\"caption\":\"nedim\"},\"description\":\"Tuzlainfo.ba pratite na dru\u0161tvenim mre\u017eama: Facebook, Instagram i Youtube. Svoje pri\u010de, upite i fotografije \u0161aljite na na\u0161u e-mail adresu.\"}]}<\/script>\n<!-- \/ Yoast SEO plugin. -->","yoast_head_json":{"title":"Tenzije i nesuglasice: Mili\u010devi\u0107 vi\u0161e nije predsjednik SDS-a, poznato ko privremeno preuzima stranku - TuzlaInfo.ba","robots":{"index":"index","follow":"follow","max-snippet":"max-snippet:-1","max-image-preview":"max-image-preview:large","max-video-preview":"max-video-preview:-1"},"canonical":"https:\/\/tuzlainfo.ba\/index.php\/bosna-i-hercegovina\/item\/274225-tenzije-i-nesuglasice-milicevic-vise-nije-predsjednik-sds-a-poznato-ko-privremeno-preuzima-stranku\/","og_locale":"bs_BA","og_type":"article","og_title":"Tenzije i nesuglasice: Mili\u010devi\u0107 vi\u0161e nije predsjednik SDS-a, poznato ko privremeno preuzima stranku - TuzlaInfo.ba","og_description":"Predsjednik Srpske demokratske stranke Milan Mili\u010devi\u0107 podnio je danas neopozivu ostavku na tu funkciju, \u0161to&hellip;","og_url":"https:\/\/tuzlainfo.ba\/index.php\/bosna-i-hercegovina\/item\/274225-tenzije-i-nesuglasice-milicevic-vise-nije-predsjednik-sds-a-poznato-ko-privremeno-preuzima-stranku\/","og_site_name":"TuzlaInfo.ba","article_publisher":"https:\/\/www.facebook.com\/tuzlainfo.ba\/","article_published_time":"2025-07-13T19:59:05+00:00","og_image":[{"width":871,"height":540,"url":"https:\/\/tuzlainfo.ba\/wp-content\/uploads\/2024\/09\/2009_sds.webp","type":"image\/webp"}],"author":"nedim","twitter_card":"summary_large_image","twitter_misc":{"Written by":"nedim","Est. reading time":"2 minute"},"schema":{"@context":"https:\/\/schema.org","@graph":[{"@type":"Article","@id":"https:\/\/tuzlainfo.ba\/index.php\/bosna-i-hercegovina\/item\/274225-tenzije-i-nesuglasice-milicevic-vise-nije-predsjednik-sds-a-poznato-ko-privremeno-preuzima-stranku\/#article","isPartOf":{"@id":"https:\/\/tuzlainfo.ba\/index.php\/bosna-i-hercegovina\/item\/274225-tenzije-i-nesuglasice-milicevic-vise-nije-predsjednik-sds-a-poznato-ko-privremeno-preuzima-stranku\/"},"author":{"name":"nedim","@id":"https:\/\/tuzlainfo.ba\/#\/schema\/person\/f434e20dc27ea133923aab08451b7f7f"},"headline":"Tenzije i nesuglasice: Mili\u010devi\u0107 vi\u0161e nije predsjednik SDS-a, poznato ko privremeno preuzima stranku","datePublished":"2025-07-13T19:59:05+00:00","dateModified":"2025-07-13T19:59:05+00:00","mainEntityOfPage":{"@id":"https:\/\/tuzlainfo.ba\/index.php\/bosna-i-hercegovina\/item\/274225-tenzije-i-nesuglasice-milicevic-vise-nije-predsjednik-sds-a-poznato-ko-privremeno-preuzima-stranku\/"},"wordCount":274,"publisher":{"@id":"https:\/\/tuzlainfo.ba\/#organization"},"image":{"@id":"https:\/\/tuzlainfo.ba\/index.php\/bosna-i-hercegovina\/item\/274225-tenzije-i-nesuglasice-milicevic-vise-nije-predsjednik-sds-a-poznato-ko-privremeno-preuzima-stranku\/#primaryimage"},"thumbnailUrl":"https:\/\/tuzlainfo.ba\/wp-content\/uploads\/2024\/09\/2009_sds.webp","keywords":["SDS"],"articleSection":["Bosna i Hercegovina"],"inLanguage":"bs-BA"},{"@type":"WebPage","@id":"https:\/\/tuzlainfo.ba\/index.php\/bosna-i-hercegovina\/item\/274225-tenzije-i-nesuglasice-milicevic-vise-nije-predsjednik-sds-a-poznato-ko-privremeno-preuzima-stranku\/","url":"https:\/\/tuzlainfo.ba\/index.php\/bosna-i-hercegovina\/item\/274225-tenzije-i-nesuglasice-milicevic-vise-nije-predsjednik-sds-a-poznato-ko-privremeno-preuzima-stranku\/","name":"Tenzije i nesuglasice: Mili\u010devi\u0107 vi\u0161e nije predsjednik SDS-a, poznato ko privremeno preuzima stranku - TuzlaInfo.ba","isPartOf":{"@id":"https:\/\/tuzlainfo.ba\/#website"},"primaryImageOfPage":{"@id":"https:\/\/tuzlainfo.ba\/index.php\/bosna-i-hercegovina\/item\/274225-tenzije-i-nesuglasice-milicevic-vise-nije-predsjednik-sds-a-poznato-ko-privremeno-preuzima-stranku\/#primaryimage"},"image":{"@id":"https:\/\/tuzlainfo.ba\/index.php\/bosna-i-hercegovina\/item\/274225-tenzije-i-nesuglasice-milicevic-vise-nije-predsjednik-sds-a-poznato-ko-privremeno-preuzima-stranku\/#primaryimage"},"thumbnailUrl":"https:\/\/tuzlainfo.ba\/wp-content\/uploads\/2024\/09\/2009_sds.webp","datePublished":"2025-07-13T19:59:05+00:00","dateModified":"2025-07-13T19:59:05+00:00","breadcrumb":{"@id":"https:\/\/tuzlainfo.ba\/index.php\/bosna-i-hercegovina\/item\/274225-tenzije-i-nesuglasice-milicevic-vise-nije-predsjednik-sds-a-poznato-ko-privremeno-preuzima-stranku\/#breadcrumb"},"inLanguage":"bs-BA","potentialAction":[{"@type":"ReadAction","target":["https:\/\/tuzlainfo.ba\/index.php\/bosna-i-hercegovina\/item\/274225-tenzije-i-nesuglasice-milicevic-vise-nije-predsjednik-sds-a-poznato-ko-privremeno-preuzima-stranku\/"]}]},{"@type":"ImageObject","inLanguage":"bs-BA","@id":"https:\/\/tuzlainfo.ba\/index.php\/bosna-i-hercegovina\/item\/274225-tenzije-i-nesuglasice-milicevic-vise-nije-predsjednik-sds-a-poznato-ko-privremeno-preuzima-stranku\/#primaryimage","url":"https:\/\/tuzlainfo.ba\/wp-content\/uploads\/2024\/09\/2009_sds.webp","contentUrl":"https:\/\/tuzlainfo.ba\/wp-content\/uploads\/2024\/09\/2009_sds.webp","width":871,"height":540},{"@type":"BreadcrumbList","@id":"https:\/\/tuzlainfo.ba\/index.php\/bosna-i-hercegovina\/item\/274225-tenzije-i-nesuglasice-milicevic-vise-nije-predsjednik-sds-a-poznato-ko-privremeno-preuzima-stranku\/#breadcrumb","itemListElement":[{"@type":"ListItem","position":1,"name":"Home","item":"https:\/\/tuzlainfo.ba\/"},{"@type":"ListItem","position":2,"name":"Tenzije i nesuglasice: Mili\u010devi\u0107 vi\u0161e nije predsjednik SDS-a, poznato ko privremeno preuzima stranku"}]},{"@type":"WebSite","@id":"https:\/\/tuzlainfo.ba\/#website","url":"https:\/\/tuzlainfo.ba\/","name":"TuzlaInfo.ba","description":"Tuzla info, gradski informator - Tuzla na dlanu","publisher":{"@id":"https:\/\/tuzlainfo.ba\/#organization"},"potentialAction":[{"@type":"SearchAction","target":{"@type":"EntryPoint","urlTemplate":"https:\/\/tuzlainfo.ba\/?s={search_term_string}"},"query-input":{"@type":"PropertyValueSpecification","valueRequired":true,"valueName":"search_term_string"}}],"inLanguage":"bs-BA"},{"@type":"Organization","@id":"https:\/\/tuzlainfo.ba\/#organization","name":"TuzlaInfo.ba","url":"https:\/\/tuzlainfo.ba\/","logo":{"@type":"ImageObject","inLanguage":"bs-BA","@id":"https:\/\/tuzlainfo.ba\/#\/schema\/logo\/image\/","url":"https:\/\/tuzlainfo.ba\/wp-content\/uploads\/2021\/03\/logo-ver-3-1.png","contentUrl":"https:\/\/tuzlainfo.ba\/wp-content\/uploads\/2021\/03\/logo-ver-3-1.png","width":350,"height":95,"caption":"TuzlaInfo.ba"},"image":{"@id":"https:\/\/tuzlainfo.ba\/#\/schema\/logo\/image\/"},"sameAs":["https:\/\/www.facebook.com\/tuzlainfo.ba\/"]},{"@type":"Person","@id":"https:\/\/tuzlainfo.ba\/#\/schema\/person\/f434e20dc27ea133923aab08451b7f7f","name":"nedim","image":{"@type":"ImageObject","inLanguage":"bs-BA","@id":"https:\/\/tuzlainfo.ba\/#\/schema\/person\/image\/","url":"https:\/\/tuzlainfo.ba\/wp-content\/litespeed\/avatar\/aabad687af24844af817603ac1cbdc4f.jpg?ver=1777306975","contentUrl":"https:\/\/tuzlainfo.ba\/wp-content\/litespeed\/avatar\/aabad687af24844af817603ac1cbdc4f.jpg?ver=1777306975","caption":"nedim"},"description":"Tuzlainfo.ba pratite na dru\u0161tvenim mre\u017eama: Facebook, Instagram i Youtube. Svoje pri\u010de, upite i fotografije \u0161aljite na na\u0161u e-mail adresu."}]}},"_links":{"self":[{"href":"https:\/\/tuzlainfo.ba\/index.php\/wp-json\/wp\/v2\/posts\/274225"}],"collection":[{"href":"https:\/\/tuzlainfo.ba\/index.php\/wp-json\/wp\/v2\/posts"}],"about":[{"href":"https:\/\/tuzlainfo.ba\/index.php\/wp-json\/wp\/v2\/types\/post"}],"author":[{"embeddable":true,"href":"https:\/\/tuzlainfo.ba\/index.php\/wp-json\/wp\/v2\/users\/2"}],"replies":[{"embeddable":true,"href":"https:\/\/tuzlainfo.ba\/index.php\/wp-json\/wp\/v2\/comments?post=274225"}],"version-history":[{"count":1,"href":"https:\/\/tuzlainfo.ba\/index.php\/wp-json\/wp\/v2\/posts\/274225\/revisions"}],"predecessor-version":[{"id":274226,"href":"https:\/\/tuzlainfo.ba\/index.php\/wp-json\/wp\/v2\/posts\/274225\/revisions\/274226"}],"wp:featuredmedia":[{"embeddable":true,"href":"https:\/\/tuzlainfo.ba\/index.php\/wp-json\/wp\/v2\/media\/250280"}],"wp:attachment":[{"href":"https:\/\/tuzlainfo.ba\/index.php\/wp-json\/wp\/v2\/media?parent=274225"}],"wp:term":[{"taxonomy":"category","embeddable":true,"href":"https:\/\/tuzlainfo.ba\/index.php\/wp-json\/wp\/v2\/categories?post=274225"},{"taxonomy":"post_tag","embeddable":true,"href":"https:\/\/tuzlainfo.ba\/index.php\/wp-json\/wp\/v2\/tags?post=274225"}],"curies":[{"name":"wp","href":"https:\/\/api.w.org\/{rel}","templated":true}]}}