{"id":274197,"date":"2025-07-20T15:05:40","date_gmt":"2025-07-20T13:05:40","guid":{"rendered":"https:\/\/tuzlainfo.ba\/?p=274197"},"modified":"2025-07-19T21:10:55","modified_gmt":"2025-07-19T19:10:55","slug":"do-kada-traje-ljetno-snizenje-2025","status":"publish","type":"post","link":"https:\/\/tuzlainfo.ba\/index.php\/magazin\/item\/274197-do-kada-traje-ljetno-snizenje-2025\/","title":{"rendered":"Do kada traje ljetno sni\u017eenje 2025?"},"content":{"rendered":"<p>Po\u010detak jula za mnoge ozna\u010dava ne samo dolazak pravog ljeta, ve\u0107 i po\u010detak dugoo\u010dekivanih sezonskih sni\u017eenja. Rije\u010d je o periodu u kojem trgovci \u0161irom Bosne i Hercegovine i regiona nude zna\u010dajne popuste na ljetne kolekcije, a potro\u0161a\u010di dobijaju priliku da po povoljnijim cijenama obnove garderobu, obu\u0107u, modne dodatke, pa \u010dak i ku\u0107ni asortiman.<\/p>\n<h3>Kada po\u010dinju i koliko traju?<\/h3>\n<p>Ljetna sezonska sni\u017eenja u Bosni i Hercegovini naj\u010de\u0161\u0107e po\u010dinju 1. jula i, prema va\u017ee\u0107em Pravilniku o za\u0161titi potro\u0161a\u010da, mogu trajati najdu\u017ee 60 dana, \u0161to zna\u010di da se mogu odvijati najkasnije do 29. augusta 2025. godine.<\/p>\n<p>Me\u0111utim, u praksi mnoga sni\u017eenja po\u010dinju ili zavr\u0161avaju i ranije, zavisno od trgovina i dostupnosti zaliha. Neki brendovi brzo rasprodaju zalihe i zavr\u0161avaju akcije ve\u0107 sredinom mjeseca, dok drugi nude dodatne popuste u vi\u0161e valova: prvi, drugi i finalni krug sni\u017eenja.<\/p>\n<p>Sezonska sni\u017eenja mogu biti pravi izazov \u2013 uz sve te etikete &#8220;50%&#8221;, &#8220;70%&#8221;, &#8220;final sale&#8221;, lako je potro\u0161iti vi\u0161e nego \u0161to je planirano. Evo nekoliko savjeta kako kupovati pametno:<\/p>\n<p>Napravi spisak prije odlaska u \u0161oping i fokusiraj se na ono \u0161to ti zaista treba.<br \/>\nPrati vi\u0161e valova sni\u017eenja \u2013 prvi donosi vi\u0161e izbora, ali manji popust, dok posljednji zna imati najni\u017ee cijene, ali ograni\u010denu ponudu.<br \/>\nPazi na kvalitet \u2013 popust ne zna\u010di nu\u017eno dobru kupovinu. Kupuj komade koji \u0107e ti trajati vi\u0161e sezona.<br \/>\nIskoristi online opcije \u2013 mnoge trgovine nude bolje ponude putem web shopova, uz mogu\u0107nost povrata.<\/p>\n<p>I tokom sezonskih sni\u017eenja, prava potro\u0161a\u010da ostaju ista. Roba kupljena na sni\u017eenju mora biti ispravna, a trgovci su du\u017eni jasno nazna\u010diti staru i novu cijenu. Reklamacija je mogu\u0107a i za artikle kupljene po sni\u017eenoj cijeni, osim ako je sni\u017eenje zbog poznate mane.<\/p>\n","protected":false},"excerpt":{"rendered":"<p>Po\u010detak jula za mnoge ozna\u010dava ne samo dolazak pravog ljeta, ve\u0107 i po\u010detak dugoo\u010dekivanih sezonskih&hellip;<\/p>\n","protected":false},"author":8,"featured_media":274198,"comment_status":"closed","ping_status":"closed","sticky":false,"template":"","format":"standard","meta":{"_acf_changed":false,"footnotes":""},"categories":[292],"tags":[10161,2100,12484],"acf":[],"yoast_head":"<!-- This site is optimized with the Yoast SEO plugin v23.5 - https:\/\/yoast.com\/wordpress\/plugins\/seo\/ -->\n<title>Do kada traje ljetno sni\u017eenje 2025? - TuzlaInfo.ba<\/title>\n<meta name=\"robots\" content=\"index, follow, max-snippet:-1, max-image-preview:large, max-video-preview:-1\" \/>\n<link rel=\"canonical\" href=\"https:\/\/tuzlainfo.ba\/index.php\/magazin\/item\/274197-do-kada-traje-ljetno-snizenje-2025\/\" \/>\n<meta property=\"og:locale\" content=\"bs_BA\" \/>\n<meta property=\"og:type\" content=\"article\" \/>\n<meta property=\"og:title\" content=\"Do kada traje ljetno sni\u017eenje 2025? - TuzlaInfo.ba\" \/>\n<meta property=\"og:description\" content=\"Po\u010detak jula za mnoge ozna\u010dava ne samo dolazak pravog ljeta, ve\u0107 i po\u010detak dugoo\u010dekivanih sezonskih&hellip;\" \/>\n<meta property=\"og:url\" content=\"https:\/\/tuzlainfo.ba\/index.php\/magazin\/item\/274197-do-kada-traje-ljetno-snizenje-2025\/\" \/>\n<meta property=\"og:site_name\" content=\"TuzlaInfo.ba\" \/>\n<meta property=\"article:publisher\" content=\"https:\/\/www.facebook.com\/tuzlainfo.ba\/\" \/>\n<meta property=\"article:published_time\" content=\"2025-07-20T13:05:40+00:00\" \/>\n<meta property=\"article:modified_time\" content=\"2025-07-19T19:10:55+00:00\" \/>\n<meta property=\"og:image\" content=\"https:\/\/tuzlainfo.ba\/wp-content\/uploads\/2025\/07\/pretty-girl-white-top-making-purchases-clothes-store-with-sale-clothes-rack-background-young-lady-happily-looking-aside-while-taking-credit-card-shopping-bags-from-shop-assistant-scaled.jpg\" \/>\n\t<meta property=\"og:image:width\" content=\"2560\" \/>\n\t<meta property=\"og:image:height\" content=\"1707\" \/>\n\t<meta property=\"og:image:type\" content=\"image\/jpeg\" \/>\n<meta name=\"author\" content=\"Admin Tri\" \/>\n<meta name=\"twitter:card\" content=\"summary_large_image\" \/>\n<meta name=\"twitter:label1\" content=\"Written by\" \/>\n\t<meta name=\"twitter:data1\" content=\"Admin Tri\" \/>\n\t<meta name=\"twitter:label2\" content=\"Est. reading time\" \/>\n\t<meta name=\"twitter:data2\" content=\"2 minute\" \/>\n<script type=\"application\/ld+json\" class=\"yoast-schema-graph\">{\"@context\":\"https:\/\/schema.org\",\"@graph\":[{\"@type\":\"Article\",\"@id\":\"https:\/\/tuzlainfo.ba\/index.php\/magazin\/item\/274197-do-kada-traje-ljetno-snizenje-2025\/#article\",\"isPartOf\":{\"@id\":\"https:\/\/tuzlainfo.ba\/index.php\/magazin\/item\/274197-do-kada-traje-ljetno-snizenje-2025\/\"},\"author\":{\"name\":\"Admin Tri\",\"@id\":\"https:\/\/tuzlainfo.ba\/#\/schema\/person\/593e78a2f6378c5ba3e7600ecfa4e63a\"},\"headline\":\"Do kada traje ljetno sni\u017eenje 2025?\",\"datePublished\":\"2025-07-20T13:05:40+00:00\",\"dateModified\":\"2025-07-19T19:10:55+00:00\",\"mainEntityOfPage\":{\"@id\":\"https:\/\/tuzlainfo.ba\/index.php\/magazin\/item\/274197-do-kada-traje-ljetno-snizenje-2025\/\"},\"wordCount\":320,\"publisher\":{\"@id\":\"https:\/\/tuzlainfo.ba\/#organization\"},\"image\":{\"@id\":\"https:\/\/tuzlainfo.ba\/index.php\/magazin\/item\/274197-do-kada-traje-ljetno-snizenje-2025\/#primaryimage\"},\"thumbnailUrl\":\"https:\/\/tuzlainfo.ba\/wp-content\/uploads\/2025\/07\/pretty-girl-white-top-making-purchases-clothes-store-with-sale-clothes-rack-background-young-lady-happily-looking-aside-while-taking-credit-card-shopping-bags-from-shop-assistant-scaled.jpg\",\"keywords\":[\"rasprodaja\",\"sni\u017eenje\",\"\u0161oping\"],\"articleSection\":[\"Magazin\"],\"inLanguage\":\"bs-BA\"},{\"@type\":\"WebPage\",\"@id\":\"https:\/\/tuzlainfo.ba\/index.php\/magazin\/item\/274197-do-kada-traje-ljetno-snizenje-2025\/\",\"url\":\"https:\/\/tuzlainfo.ba\/index.php\/magazin\/item\/274197-do-kada-traje-ljetno-snizenje-2025\/\",\"name\":\"Do kada traje ljetno sni\u017eenje 2025? - TuzlaInfo.ba\",\"isPartOf\":{\"@id\":\"https:\/\/tuzlainfo.ba\/#website\"},\"primaryImageOfPage\":{\"@id\":\"https:\/\/tuzlainfo.ba\/index.php\/magazin\/item\/274197-do-kada-traje-ljetno-snizenje-2025\/#primaryimage\"},\"image\":{\"@id\":\"https:\/\/tuzlainfo.ba\/index.php\/magazin\/item\/274197-do-kada-traje-ljetno-snizenje-2025\/#primaryimage\"},\"thumbnailUrl\":\"https:\/\/tuzlainfo.ba\/wp-content\/uploads\/2025\/07\/pretty-girl-white-top-making-purchases-clothes-store-with-sale-clothes-rack-background-young-lady-happily-looking-aside-while-taking-credit-card-shopping-bags-from-shop-assistant-scaled.jpg\",\"datePublished\":\"2025-07-20T13:05:40+00:00\",\"dateModified\":\"2025-07-19T19:10:55+00:00\",\"breadcrumb\":{\"@id\":\"https:\/\/tuzlainfo.ba\/index.php\/magazin\/item\/274197-do-kada-traje-ljetno-snizenje-2025\/#breadcrumb\"},\"inLanguage\":\"bs-BA\",\"potentialAction\":[{\"@type\":\"ReadAction\",\"target\":[\"https:\/\/tuzlainfo.ba\/index.php\/magazin\/item\/274197-do-kada-traje-ljetno-snizenje-2025\/\"]}]},{\"@type\":\"ImageObject\",\"inLanguage\":\"bs-BA\",\"@id\":\"https:\/\/tuzlainfo.ba\/index.php\/magazin\/item\/274197-do-kada-traje-ljetno-snizenje-2025\/#primaryimage\",\"url\":\"https:\/\/tuzlainfo.ba\/wp-content\/uploads\/2025\/07\/pretty-girl-white-top-making-purchases-clothes-store-with-sale-clothes-rack-background-young-lady-happily-looking-aside-while-taking-credit-card-shopping-bags-from-shop-assistant-scaled.jpg\",\"contentUrl\":\"https:\/\/tuzlainfo.ba\/wp-content\/uploads\/2025\/07\/pretty-girl-white-top-making-purchases-clothes-store-with-sale-clothes-rack-background-young-lady-happily-looking-aside-while-taking-credit-card-shopping-bags-from-shop-assistant-scaled.jpg\",\"width\":2560,\"height\":1707,\"caption\":\"Foto: Ilustracija\"},{\"@type\":\"BreadcrumbList\",\"@id\":\"https:\/\/tuzlainfo.ba\/index.php\/magazin\/item\/274197-do-kada-traje-ljetno-snizenje-2025\/#breadcrumb\",\"itemListElement\":[{\"@type\":\"ListItem\",\"position\":1,\"name\":\"Home\",\"item\":\"https:\/\/tuzlainfo.ba\/\"},{\"@type\":\"ListItem\",\"position\":2,\"name\":\"Do kada traje ljetno sni\u017eenje 2025?\"}]},{\"@type\":\"WebSite\",\"@id\":\"https:\/\/tuzlainfo.ba\/#website\",\"url\":\"https:\/\/tuzlainfo.ba\/\",\"name\":\"TuzlaInfo.ba\",\"description\":\"Tuzla info, gradski informator - Tuzla na dlanu\",\"publisher\":{\"@id\":\"https:\/\/tuzlainfo.ba\/#organization\"},\"potentialAction\":[{\"@type\":\"SearchAction\",\"target\":{\"@type\":\"EntryPoint\",\"urlTemplate\":\"https:\/\/tuzlainfo.ba\/?s={search_term_string}\"},\"query-input\":{\"@type\":\"PropertyValueSpecification\",\"valueRequired\":true,\"valueName\":\"search_term_string\"}}],\"inLanguage\":\"bs-BA\"},{\"@type\":\"Organization\",\"@id\":\"https:\/\/tuzlainfo.ba\/#organization\",\"name\":\"TuzlaInfo.ba\",\"url\":\"https:\/\/tuzlainfo.ba\/\",\"logo\":{\"@type\":\"ImageObject\",\"inLanguage\":\"bs-BA\",\"@id\":\"https:\/\/tuzlainfo.ba\/#\/schema\/logo\/image\/\",\"url\":\"https:\/\/tuzlainfo.ba\/wp-content\/uploads\/2021\/03\/logo-ver-3-1.png\",\"contentUrl\":\"https:\/\/tuzlainfo.ba\/wp-content\/uploads\/2021\/03\/logo-ver-3-1.png\",\"width\":350,\"height\":95,\"caption\":\"TuzlaInfo.ba\"},\"image\":{\"@id\":\"https:\/\/tuzlainfo.ba\/#\/schema\/logo\/image\/\"},\"sameAs\":[\"https:\/\/www.facebook.com\/tuzlainfo.ba\/\"]},{\"@type\":\"Person\",\"@id\":\"https:\/\/tuzlainfo.ba\/#\/schema\/person\/593e78a2f6378c5ba3e7600ecfa4e63a\",\"name\":\"Admin Tri\",\"image\":{\"@type\":\"ImageObject\",\"inLanguage\":\"bs-BA\",\"@id\":\"https:\/\/tuzlainfo.ba\/#\/schema\/person\/image\/\",\"url\":\"https:\/\/tuzlainfo.ba\/wp-content\/litespeed\/avatar\/b7920db4cc34a71ad12497283ad2fe3f.jpg?ver=1777705770\",\"contentUrl\":\"https:\/\/tuzlainfo.ba\/wp-content\/litespeed\/avatar\/b7920db4cc34a71ad12497283ad2fe3f.jpg?ver=1777705770\",\"caption\":\"Admin Tri\"},\"sameAs\":[\"https:\/\/tuzlainfo.ba\"]}]}<\/script>\n<!-- \/ Yoast SEO plugin. -->","yoast_head_json":{"title":"Do kada traje ljetno sni\u017eenje 2025? - TuzlaInfo.ba","robots":{"index":"index","follow":"follow","max-snippet":"max-snippet:-1","max-image-preview":"max-image-preview:large","max-video-preview":"max-video-preview:-1"},"canonical":"https:\/\/tuzlainfo.ba\/index.php\/magazin\/item\/274197-do-kada-traje-ljetno-snizenje-2025\/","og_locale":"bs_BA","og_type":"article","og_title":"Do kada traje ljetno sni\u017eenje 2025? - TuzlaInfo.ba","og_description":"Po\u010detak jula za mnoge ozna\u010dava ne samo dolazak pravog ljeta, ve\u0107 i po\u010detak dugoo\u010dekivanih sezonskih&hellip;","og_url":"https:\/\/tuzlainfo.ba\/index.php\/magazin\/item\/274197-do-kada-traje-ljetno-snizenje-2025\/","og_site_name":"TuzlaInfo.ba","article_publisher":"https:\/\/www.facebook.com\/tuzlainfo.ba\/","article_published_time":"2025-07-20T13:05:40+00:00","article_modified_time":"2025-07-19T19:10:55+00:00","og_image":[{"width":2560,"height":1707,"url":"https:\/\/tuzlainfo.ba\/wp-content\/uploads\/2025\/07\/pretty-girl-white-top-making-purchases-clothes-store-with-sale-clothes-rack-background-young-lady-happily-looking-aside-while-taking-credit-card-shopping-bags-from-shop-assistant-scaled.jpg","type":"image\/jpeg"}],"author":"Admin Tri","twitter_card":"summary_large_image","twitter_misc":{"Written by":"Admin Tri","Est. reading time":"2 minute"},"schema":{"@context":"https:\/\/schema.org","@graph":[{"@type":"Article","@id":"https:\/\/tuzlainfo.ba\/index.php\/magazin\/item\/274197-do-kada-traje-ljetno-snizenje-2025\/#article","isPartOf":{"@id":"https:\/\/tuzlainfo.ba\/index.php\/magazin\/item\/274197-do-kada-traje-ljetno-snizenje-2025\/"},"author":{"name":"Admin Tri","@id":"https:\/\/tuzlainfo.ba\/#\/schema\/person\/593e78a2f6378c5ba3e7600ecfa4e63a"},"headline":"Do kada traje ljetno sni\u017eenje 2025?","datePublished":"2025-07-20T13:05:40+00:00","dateModified":"2025-07-19T19:10:55+00:00","mainEntityOfPage":{"@id":"https:\/\/tuzlainfo.ba\/index.php\/magazin\/item\/274197-do-kada-traje-ljetno-snizenje-2025\/"},"wordCount":320,"publisher":{"@id":"https:\/\/tuzlainfo.ba\/#organization"},"image":{"@id":"https:\/\/tuzlainfo.ba\/index.php\/magazin\/item\/274197-do-kada-traje-ljetno-snizenje-2025\/#primaryimage"},"thumbnailUrl":"https:\/\/tuzlainfo.ba\/wp-content\/uploads\/2025\/07\/pretty-girl-white-top-making-purchases-clothes-store-with-sale-clothes-rack-background-young-lady-happily-looking-aside-while-taking-credit-card-shopping-bags-from-shop-assistant-scaled.jpg","keywords":["rasprodaja","sni\u017eenje","\u0161oping"],"articleSection":["Magazin"],"inLanguage":"bs-BA"},{"@type":"WebPage","@id":"https:\/\/tuzlainfo.ba\/index.php\/magazin\/item\/274197-do-kada-traje-ljetno-snizenje-2025\/","url":"https:\/\/tuzlainfo.ba\/index.php\/magazin\/item\/274197-do-kada-traje-ljetno-snizenje-2025\/","name":"Do kada traje ljetno sni\u017eenje 2025? - TuzlaInfo.ba","isPartOf":{"@id":"https:\/\/tuzlainfo.ba\/#website"},"primaryImageOfPage":{"@id":"https:\/\/tuzlainfo.ba\/index.php\/magazin\/item\/274197-do-kada-traje-ljetno-snizenje-2025\/#primaryimage"},"image":{"@id":"https:\/\/tuzlainfo.ba\/index.php\/magazin\/item\/274197-do-kada-traje-ljetno-snizenje-2025\/#primaryimage"},"thumbnailUrl":"https:\/\/tuzlainfo.ba\/wp-content\/uploads\/2025\/07\/pretty-girl-white-top-making-purchases-clothes-store-with-sale-clothes-rack-background-young-lady-happily-looking-aside-while-taking-credit-card-shopping-bags-from-shop-assistant-scaled.jpg","datePublished":"2025-07-20T13:05:40+00:00","dateModified":"2025-07-19T19:10:55+00:00","breadcrumb":{"@id":"https:\/\/tuzlainfo.ba\/index.php\/magazin\/item\/274197-do-kada-traje-ljetno-snizenje-2025\/#breadcrumb"},"inLanguage":"bs-BA","potentialAction":[{"@type":"ReadAction","target":["https:\/\/tuzlainfo.ba\/index.php\/magazin\/item\/274197-do-kada-traje-ljetno-snizenje-2025\/"]}]},{"@type":"ImageObject","inLanguage":"bs-BA","@id":"https:\/\/tuzlainfo.ba\/index.php\/magazin\/item\/274197-do-kada-traje-ljetno-snizenje-2025\/#primaryimage","url":"https:\/\/tuzlainfo.ba\/wp-content\/uploads\/2025\/07\/pretty-girl-white-top-making-purchases-clothes-store-with-sale-clothes-rack-background-young-lady-happily-looking-aside-while-taking-credit-card-shopping-bags-from-shop-assistant-scaled.jpg","contentUrl":"https:\/\/tuzlainfo.ba\/wp-content\/uploads\/2025\/07\/pretty-girl-white-top-making-purchases-clothes-store-with-sale-clothes-rack-background-young-lady-happily-looking-aside-while-taking-credit-card-shopping-bags-from-shop-assistant-scaled.jpg","width":2560,"height":1707,"caption":"Foto: Ilustracija"},{"@type":"BreadcrumbList","@id":"https:\/\/tuzlainfo.ba\/index.php\/magazin\/item\/274197-do-kada-traje-ljetno-snizenje-2025\/#breadcrumb","itemListElement":[{"@type":"ListItem","position":1,"name":"Home","item":"https:\/\/tuzlainfo.ba\/"},{"@type":"ListItem","position":2,"name":"Do kada traje ljetno sni\u017eenje 2025?"}]},{"@type":"WebSite","@id":"https:\/\/tuzlainfo.ba\/#website","url":"https:\/\/tuzlainfo.ba\/","name":"TuzlaInfo.ba","description":"Tuzla info, gradski informator - Tuzla na dlanu","publisher":{"@id":"https:\/\/tuzlainfo.ba\/#organization"},"potentialAction":[{"@type":"SearchAction","target":{"@type":"EntryPoint","urlTemplate":"https:\/\/tuzlainfo.ba\/?s={search_term_string}"},"query-input":{"@type":"PropertyValueSpecification","valueRequired":true,"valueName":"search_term_string"}}],"inLanguage":"bs-BA"},{"@type":"Organization","@id":"https:\/\/tuzlainfo.ba\/#organization","name":"TuzlaInfo.ba","url":"https:\/\/tuzlainfo.ba\/","logo":{"@type":"ImageObject","inLanguage":"bs-BA","@id":"https:\/\/tuzlainfo.ba\/#\/schema\/logo\/image\/","url":"https:\/\/tuzlainfo.ba\/wp-content\/uploads\/2021\/03\/logo-ver-3-1.png","contentUrl":"https:\/\/tuzlainfo.ba\/wp-content\/uploads\/2021\/03\/logo-ver-3-1.png","width":350,"height":95,"caption":"TuzlaInfo.ba"},"image":{"@id":"https:\/\/tuzlainfo.ba\/#\/schema\/logo\/image\/"},"sameAs":["https:\/\/www.facebook.com\/tuzlainfo.ba\/"]},{"@type":"Person","@id":"https:\/\/tuzlainfo.ba\/#\/schema\/person\/593e78a2f6378c5ba3e7600ecfa4e63a","name":"Admin Tri","image":{"@type":"ImageObject","inLanguage":"bs-BA","@id":"https:\/\/tuzlainfo.ba\/#\/schema\/person\/image\/","url":"https:\/\/tuzlainfo.ba\/wp-content\/litespeed\/avatar\/b7920db4cc34a71ad12497283ad2fe3f.jpg?ver=1777705770","contentUrl":"https:\/\/tuzlainfo.ba\/wp-content\/litespeed\/avatar\/b7920db4cc34a71ad12497283ad2fe3f.jpg?ver=1777705770","caption":"Admin Tri"},"sameAs":["https:\/\/tuzlainfo.ba"]}]}},"_links":{"self":[{"href":"https:\/\/tuzlainfo.ba\/index.php\/wp-json\/wp\/v2\/posts\/274197"}],"collection":[{"href":"https:\/\/tuzlainfo.ba\/index.php\/wp-json\/wp\/v2\/posts"}],"about":[{"href":"https:\/\/tuzlainfo.ba\/index.php\/wp-json\/wp\/v2\/types\/post"}],"author":[{"embeddable":true,"href":"https:\/\/tuzlainfo.ba\/index.php\/wp-json\/wp\/v2\/users\/8"}],"replies":[{"embeddable":true,"href":"https:\/\/tuzlainfo.ba\/index.php\/wp-json\/wp\/v2\/comments?post=274197"}],"version-history":[{"count":1,"href":"https:\/\/tuzlainfo.ba\/index.php\/wp-json\/wp\/v2\/posts\/274197\/revisions"}],"predecessor-version":[{"id":274199,"href":"https:\/\/tuzlainfo.ba\/index.php\/wp-json\/wp\/v2\/posts\/274197\/revisions\/274199"}],"wp:featuredmedia":[{"embeddable":true,"href":"https:\/\/tuzlainfo.ba\/index.php\/wp-json\/wp\/v2\/media\/274198"}],"wp:attachment":[{"href":"https:\/\/tuzlainfo.ba\/index.php\/wp-json\/wp\/v2\/media?parent=274197"}],"wp:term":[{"taxonomy":"category","embeddable":true,"href":"https:\/\/tuzlainfo.ba\/index.php\/wp-json\/wp\/v2\/categories?post=274197"},{"taxonomy":"post_tag","embeddable":true,"href":"https:\/\/tuzlainfo.ba\/index.php\/wp-json\/wp\/v2\/tags?post=274197"}],"curies":[{"name":"wp","href":"https:\/\/api.w.org\/{rel}","templated":true}]}}