{"id":273775,"date":"2025-07-08T15:16:28","date_gmt":"2025-07-08T13:16:28","guid":{"rendered":"https:\/\/tuzlainfo.ba\/?p=273775"},"modified":"2025-07-08T14:24:39","modified_gmt":"2025-07-08T12:24:39","slug":"istocno-sarajevo-uoci-11-jula-podigli-bistu-covjeku-koji-je-blokirao-rezoluciju-o-genocidu-u-srebrenici","status":"publish","type":"post","link":"https:\/\/tuzlainfo.ba\/index.php\/bosna-i-hercegovina\/item\/273775-istocno-sarajevo-uoci-11-jula-podigli-bistu-covjeku-koji-je-blokirao-rezoluciju-o-genocidu-u-srebrenici\/","title":{"rendered":"Isto\u010dno Sarajevo: Uo\u010di 11. jula podigli bistu \u010dovjeku koji je blokirao Rezoluciju o genocidu u Srebrenici"},"content":{"rendered":"<p>U Isto\u010dnom Sarajevu podignuta je bista biv\u0161em ruskom ambasadoru pri Ujedinjenim nacijama Vitaliju \u010curkinu, diplomati koji je 2015. godine ulo\u017eio veto na britansku Rezoluciju o genocidu u Srebrenici u Vije\u0107u sigurnosti UN-a. Spomenik je otkriven svega nekoliko dana uo\u010di obilje\u017eavanja 30. godi\u0161njice genocida nad Bo\u0161njacima, \u0161to je u dijelu javnosti do\u017eivljeno kao namjerna provokacija i nastavak politike negiranja zlo\u010dina.<\/p>\n<p>Na ceremoniji su prisustvovali na\u010delnik Isto\u010dnog Sarajeva Ljubi\u0161a \u0106osi\u0107, ruski ambasador Igor Kalabuhov, \u010curkinova supruga Irina, te politi\u010dari iz reda vlasti Republike Srpske. Iako nije bio prisutan, predsjednik RS-a Milorad Dodik javno je podr\u017eao postavljanje biste, kazav\u0161i da je rije\u010d o &#8220;\u010dinu zahvalnosti naroda koji pamti istinu, \u010dojstvo i prijatelje&#8221;. Dodik je izjavio da je \u010curkin \u201cznao da je pravda na strani Srba\u201d i da je njegovo \u201cNe\u0107e pro\u0107i!\u201d iz 2015. ja\u010de od svake rezolucije.<\/p>\n<p>Podsjetimo, \u010curkin je 8. jula 2015. godine iskoristio veto kako bi sprije\u010dio usvajanje rezolucije kojom bi se slu\u017ebeno potvrdilo da je u Srebrenici po\u010dinjen genocid. Tada\u0161nja ameri\u010dka ambasadorica Samantha Power ocijenila je taj \u010din kao \u201cnovu mrlju na reputaciji Vije\u0107a sigurnosti\u201d.<\/p>\n<p>Postavljanje biste nije prvi poku\u0161aj glorifikacije \u010curkina u tom kontekstu. Ve\u0107 2017. udru\u017eenje &#8220;Isto\u010dna alternativa RS&#8221; poku\u0161alo je podi\u0107i njegov spomenik u Srebrenici, ali je to sprije\u010deno zbog protivljenja porodica \u017ertava. Predsjednik tog udru\u017eenja, Vojin Pavlovi\u0107, koji je i sada podr\u017eao novu bistu, pravosna\u017eno je osu\u0111en ove godine na dvije i po godine zatvora zbog negiranja genocida i veli\u010danja ratnog zlo\u010dinca Ratka Mladi\u0107a.<\/p>\n<p>Genocid u Srebrenici, u kojem je ubijeno najmanje 8.372 Bo\u0161njaka, potvr\u0111en je presudama Me\u0111unarodnog suda pravde i Ha\u0161kog tribunala. Za taj zlo\u010din osu\u0111eno je vi\u0161e od 50 osoba, uklju\u010duju\u0107i Radovana Karad\u017ei\u0107a i Ratka Mladi\u0107a, koji su dobili do\u017eivotne kazne.<\/p>\n<p>Vitalij \u010curkin preminuo je iznenada u New Yorku 2017. godine, dan prije svog 65. ro\u0111endana.<\/p>\n","protected":false},"excerpt":{"rendered":"<p>U Isto\u010dnom Sarajevu podignuta je bista biv\u0161em ruskom ambasadoru pri Ujedinjenim nacijama Vitaliju \u010curkinu, diplomati&hellip;<\/p>\n","protected":false},"author":8,"featured_media":273776,"comment_status":"closed","ping_status":"closed","sticky":false,"template":"","format":"standard","meta":{"_acf_changed":false,"footnotes":""},"categories":[291],"tags":[1823,369,352],"acf":[],"yoast_head":"<!-- This site is optimized with the Yoast SEO plugin v23.5 - https:\/\/yoast.com\/wordpress\/plugins\/seo\/ -->\n<title>Isto\u010dno Sarajevo: Uo\u010di 11. jula podigli bistu \u010dovjeku koji je blokirao Rezoluciju o genocidu u Srebrenici - TuzlaInfo.ba<\/title>\n<meta name=\"robots\" content=\"index, follow, max-snippet:-1, max-image-preview:large, max-video-preview:-1\" \/>\n<link rel=\"canonical\" href=\"https:\/\/tuzlainfo.ba\/index.php\/bosna-i-hercegovina\/item\/273775-istocno-sarajevo-uoci-11-jula-podigli-bistu-covjeku-koji-je-blokirao-rezoluciju-o-genocidu-u-srebrenici\/\" \/>\n<meta property=\"og:locale\" content=\"bs_BA\" \/>\n<meta property=\"og:type\" content=\"article\" \/>\n<meta property=\"og:title\" content=\"Isto\u010dno Sarajevo: Uo\u010di 11. jula podigli bistu \u010dovjeku koji je blokirao Rezoluciju o genocidu u Srebrenici - TuzlaInfo.ba\" \/>\n<meta property=\"og:description\" content=\"U Isto\u010dnom Sarajevu podignuta je bista biv\u0161em ruskom ambasadoru pri Ujedinjenim nacijama Vitaliju \u010curkinu, diplomati&hellip;\" \/>\n<meta property=\"og:url\" content=\"https:\/\/tuzlainfo.ba\/index.php\/bosna-i-hercegovina\/item\/273775-istocno-sarajevo-uoci-11-jula-podigli-bistu-covjeku-koji-je-blokirao-rezoluciju-o-genocidu-u-srebrenici\/\" \/>\n<meta property=\"og:site_name\" content=\"TuzlaInfo.ba\" \/>\n<meta property=\"article:publisher\" content=\"https:\/\/www.facebook.com\/tuzlainfo.ba\/\" \/>\n<meta property=\"article:published_time\" content=\"2025-07-08T13:16:28+00:00\" \/>\n<meta property=\"article:modified_time\" content=\"2025-07-08T12:24:39+00:00\" \/>\n<meta property=\"og:image\" content=\"https:\/\/tuzlainfo.ba\/wp-content\/uploads\/2025\/07\/0807_-bista-istocno-sarajevo.jpg\" \/>\n\t<meta property=\"og:image:width\" content=\"658\" \/>\n\t<meta property=\"og:image:height\" content=\"493\" \/>\n\t<meta property=\"og:image:type\" content=\"image\/jpeg\" \/>\n<meta name=\"author\" content=\"Admin Tri\" \/>\n<meta name=\"twitter:card\" content=\"summary_large_image\" \/>\n<meta name=\"twitter:label1\" content=\"Written by\" \/>\n\t<meta name=\"twitter:data1\" content=\"Admin Tri\" \/>\n\t<meta name=\"twitter:label2\" content=\"Est. reading time\" \/>\n\t<meta name=\"twitter:data2\" content=\"2 minute\" \/>\n<script type=\"application\/ld+json\" class=\"yoast-schema-graph\">{\"@context\":\"https:\/\/schema.org\",\"@graph\":[{\"@type\":\"Article\",\"@id\":\"https:\/\/tuzlainfo.ba\/index.php\/bosna-i-hercegovina\/item\/273775-istocno-sarajevo-uoci-11-jula-podigli-bistu-covjeku-koji-je-blokirao-rezoluciju-o-genocidu-u-srebrenici\/#article\",\"isPartOf\":{\"@id\":\"https:\/\/tuzlainfo.ba\/index.php\/bosna-i-hercegovina\/item\/273775-istocno-sarajevo-uoci-11-jula-podigli-bistu-covjeku-koji-je-blokirao-rezoluciju-o-genocidu-u-srebrenici\/\"},\"author\":{\"name\":\"Admin Tri\",\"@id\":\"https:\/\/tuzlainfo.ba\/#\/schema\/person\/593e78a2f6378c5ba3e7600ecfa4e63a\"},\"headline\":\"Isto\u010dno Sarajevo: Uo\u010di 11. jula podigli bistu \u010dovjeku koji je blokirao Rezoluciju o genocidu u Srebrenici\",\"datePublished\":\"2025-07-08T13:16:28+00:00\",\"dateModified\":\"2025-07-08T12:24:39+00:00\",\"mainEntityOfPage\":{\"@id\":\"https:\/\/tuzlainfo.ba\/index.php\/bosna-i-hercegovina\/item\/273775-istocno-sarajevo-uoci-11-jula-podigli-bistu-covjeku-koji-je-blokirao-rezoluciju-o-genocidu-u-srebrenici\/\"},\"wordCount\":351,\"publisher\":{\"@id\":\"https:\/\/tuzlainfo.ba\/#organization\"},\"image\":{\"@id\":\"https:\/\/tuzlainfo.ba\/index.php\/bosna-i-hercegovina\/item\/273775-istocno-sarajevo-uoci-11-jula-podigli-bistu-covjeku-koji-je-blokirao-rezoluciju-o-genocidu-u-srebrenici\/#primaryimage\"},\"thumbnailUrl\":\"https:\/\/tuzlainfo.ba\/wp-content\/uploads\/2025\/07\/0807_-bista-istocno-sarajevo.jpg\",\"keywords\":[\"11. juli\",\"genocid\",\"srebrenica\"],\"articleSection\":[\"Bosna i Hercegovina\"],\"inLanguage\":\"bs-BA\"},{\"@type\":\"WebPage\",\"@id\":\"https:\/\/tuzlainfo.ba\/index.php\/bosna-i-hercegovina\/item\/273775-istocno-sarajevo-uoci-11-jula-podigli-bistu-covjeku-koji-je-blokirao-rezoluciju-o-genocidu-u-srebrenici\/\",\"url\":\"https:\/\/tuzlainfo.ba\/index.php\/bosna-i-hercegovina\/item\/273775-istocno-sarajevo-uoci-11-jula-podigli-bistu-covjeku-koji-je-blokirao-rezoluciju-o-genocidu-u-srebrenici\/\",\"name\":\"Isto\u010dno Sarajevo: Uo\u010di 11. jula podigli bistu \u010dovjeku koji je blokirao Rezoluciju o genocidu u Srebrenici - TuzlaInfo.ba\",\"isPartOf\":{\"@id\":\"https:\/\/tuzlainfo.ba\/#website\"},\"primaryImageOfPage\":{\"@id\":\"https:\/\/tuzlainfo.ba\/index.php\/bosna-i-hercegovina\/item\/273775-istocno-sarajevo-uoci-11-jula-podigli-bistu-covjeku-koji-je-blokirao-rezoluciju-o-genocidu-u-srebrenici\/#primaryimage\"},\"image\":{\"@id\":\"https:\/\/tuzlainfo.ba\/index.php\/bosna-i-hercegovina\/item\/273775-istocno-sarajevo-uoci-11-jula-podigli-bistu-covjeku-koji-je-blokirao-rezoluciju-o-genocidu-u-srebrenici\/#primaryimage\"},\"thumbnailUrl\":\"https:\/\/tuzlainfo.ba\/wp-content\/uploads\/2025\/07\/0807_-bista-istocno-sarajevo.jpg\",\"datePublished\":\"2025-07-08T13:16:28+00:00\",\"dateModified\":\"2025-07-08T12:24:39+00:00\",\"breadcrumb\":{\"@id\":\"https:\/\/tuzlainfo.ba\/index.php\/bosna-i-hercegovina\/item\/273775-istocno-sarajevo-uoci-11-jula-podigli-bistu-covjeku-koji-je-blokirao-rezoluciju-o-genocidu-u-srebrenici\/#breadcrumb\"},\"inLanguage\":\"bs-BA\",\"potentialAction\":[{\"@type\":\"ReadAction\",\"target\":[\"https:\/\/tuzlainfo.ba\/index.php\/bosna-i-hercegovina\/item\/273775-istocno-sarajevo-uoci-11-jula-podigli-bistu-covjeku-koji-je-blokirao-rezoluciju-o-genocidu-u-srebrenici\/\"]}]},{\"@type\":\"ImageObject\",\"inLanguage\":\"bs-BA\",\"@id\":\"https:\/\/tuzlainfo.ba\/index.php\/bosna-i-hercegovina\/item\/273775-istocno-sarajevo-uoci-11-jula-podigli-bistu-covjeku-koji-je-blokirao-rezoluciju-o-genocidu-u-srebrenici\/#primaryimage\",\"url\":\"https:\/\/tuzlainfo.ba\/wp-content\/uploads\/2025\/07\/0807_-bista-istocno-sarajevo.jpg\",\"contentUrl\":\"https:\/\/tuzlainfo.ba\/wp-content\/uploads\/2025\/07\/0807_-bista-istocno-sarajevo.jpg\",\"width\":658,\"height\":493,\"caption\":\"Foto: Princip news\"},{\"@type\":\"BreadcrumbList\",\"@id\":\"https:\/\/tuzlainfo.ba\/index.php\/bosna-i-hercegovina\/item\/273775-istocno-sarajevo-uoci-11-jula-podigli-bistu-covjeku-koji-je-blokirao-rezoluciju-o-genocidu-u-srebrenici\/#breadcrumb\",\"itemListElement\":[{\"@type\":\"ListItem\",\"position\":1,\"name\":\"Home\",\"item\":\"https:\/\/tuzlainfo.ba\/\"},{\"@type\":\"ListItem\",\"position\":2,\"name\":\"Isto\u010dno Sarajevo: Uo\u010di 11. jula podigli bistu \u010dovjeku koji je blokirao Rezoluciju o genocidu u Srebrenici\"}]},{\"@type\":\"WebSite\",\"@id\":\"https:\/\/tuzlainfo.ba\/#website\",\"url\":\"https:\/\/tuzlainfo.ba\/\",\"name\":\"TuzlaInfo.ba\",\"description\":\"Tuzla info, gradski informator - Tuzla na dlanu\",\"publisher\":{\"@id\":\"https:\/\/tuzlainfo.ba\/#organization\"},\"potentialAction\":[{\"@type\":\"SearchAction\",\"target\":{\"@type\":\"EntryPoint\",\"urlTemplate\":\"https:\/\/tuzlainfo.ba\/?s={search_term_string}\"},\"query-input\":{\"@type\":\"PropertyValueSpecification\",\"valueRequired\":true,\"valueName\":\"search_term_string\"}}],\"inLanguage\":\"bs-BA\"},{\"@type\":\"Organization\",\"@id\":\"https:\/\/tuzlainfo.ba\/#organization\",\"name\":\"TuzlaInfo.ba\",\"url\":\"https:\/\/tuzlainfo.ba\/\",\"logo\":{\"@type\":\"ImageObject\",\"inLanguage\":\"bs-BA\",\"@id\":\"https:\/\/tuzlainfo.ba\/#\/schema\/logo\/image\/\",\"url\":\"https:\/\/tuzlainfo.ba\/wp-content\/uploads\/2021\/03\/logo-ver-3-1.png\",\"contentUrl\":\"https:\/\/tuzlainfo.ba\/wp-content\/uploads\/2021\/03\/logo-ver-3-1.png\",\"width\":350,\"height\":95,\"caption\":\"TuzlaInfo.ba\"},\"image\":{\"@id\":\"https:\/\/tuzlainfo.ba\/#\/schema\/logo\/image\/\"},\"sameAs\":[\"https:\/\/www.facebook.com\/tuzlainfo.ba\/\"]},{\"@type\":\"Person\",\"@id\":\"https:\/\/tuzlainfo.ba\/#\/schema\/person\/593e78a2f6378c5ba3e7600ecfa4e63a\",\"name\":\"Admin Tri\",\"image\":{\"@type\":\"ImageObject\",\"inLanguage\":\"bs-BA\",\"@id\":\"https:\/\/tuzlainfo.ba\/#\/schema\/person\/image\/\",\"url\":\"https:\/\/tuzlainfo.ba\/wp-content\/litespeed\/avatar\/b7920db4cc34a71ad12497283ad2fe3f.jpg?ver=1777100914\",\"contentUrl\":\"https:\/\/tuzlainfo.ba\/wp-content\/litespeed\/avatar\/b7920db4cc34a71ad12497283ad2fe3f.jpg?ver=1777100914\",\"caption\":\"Admin Tri\"},\"sameAs\":[\"https:\/\/tuzlainfo.ba\"]}]}<\/script>\n<!-- \/ Yoast SEO plugin. -->","yoast_head_json":{"title":"Isto\u010dno Sarajevo: Uo\u010di 11. jula podigli bistu \u010dovjeku koji je blokirao Rezoluciju o genocidu u Srebrenici - TuzlaInfo.ba","robots":{"index":"index","follow":"follow","max-snippet":"max-snippet:-1","max-image-preview":"max-image-preview:large","max-video-preview":"max-video-preview:-1"},"canonical":"https:\/\/tuzlainfo.ba\/index.php\/bosna-i-hercegovina\/item\/273775-istocno-sarajevo-uoci-11-jula-podigli-bistu-covjeku-koji-je-blokirao-rezoluciju-o-genocidu-u-srebrenici\/","og_locale":"bs_BA","og_type":"article","og_title":"Isto\u010dno Sarajevo: Uo\u010di 11. jula podigli bistu \u010dovjeku koji je blokirao Rezoluciju o genocidu u Srebrenici - TuzlaInfo.ba","og_description":"U Isto\u010dnom Sarajevu podignuta je bista biv\u0161em ruskom ambasadoru pri Ujedinjenim nacijama Vitaliju \u010curkinu, diplomati&hellip;","og_url":"https:\/\/tuzlainfo.ba\/index.php\/bosna-i-hercegovina\/item\/273775-istocno-sarajevo-uoci-11-jula-podigli-bistu-covjeku-koji-je-blokirao-rezoluciju-o-genocidu-u-srebrenici\/","og_site_name":"TuzlaInfo.ba","article_publisher":"https:\/\/www.facebook.com\/tuzlainfo.ba\/","article_published_time":"2025-07-08T13:16:28+00:00","article_modified_time":"2025-07-08T12:24:39+00:00","og_image":[{"width":658,"height":493,"url":"https:\/\/tuzlainfo.ba\/wp-content\/uploads\/2025\/07\/0807_-bista-istocno-sarajevo.jpg","type":"image\/jpeg"}],"author":"Admin Tri","twitter_card":"summary_large_image","twitter_misc":{"Written by":"Admin Tri","Est. reading time":"2 minute"},"schema":{"@context":"https:\/\/schema.org","@graph":[{"@type":"Article","@id":"https:\/\/tuzlainfo.ba\/index.php\/bosna-i-hercegovina\/item\/273775-istocno-sarajevo-uoci-11-jula-podigli-bistu-covjeku-koji-je-blokirao-rezoluciju-o-genocidu-u-srebrenici\/#article","isPartOf":{"@id":"https:\/\/tuzlainfo.ba\/index.php\/bosna-i-hercegovina\/item\/273775-istocno-sarajevo-uoci-11-jula-podigli-bistu-covjeku-koji-je-blokirao-rezoluciju-o-genocidu-u-srebrenici\/"},"author":{"name":"Admin Tri","@id":"https:\/\/tuzlainfo.ba\/#\/schema\/person\/593e78a2f6378c5ba3e7600ecfa4e63a"},"headline":"Isto\u010dno Sarajevo: Uo\u010di 11. jula podigli bistu \u010dovjeku koji je blokirao Rezoluciju o genocidu u Srebrenici","datePublished":"2025-07-08T13:16:28+00:00","dateModified":"2025-07-08T12:24:39+00:00","mainEntityOfPage":{"@id":"https:\/\/tuzlainfo.ba\/index.php\/bosna-i-hercegovina\/item\/273775-istocno-sarajevo-uoci-11-jula-podigli-bistu-covjeku-koji-je-blokirao-rezoluciju-o-genocidu-u-srebrenici\/"},"wordCount":351,"publisher":{"@id":"https:\/\/tuzlainfo.ba\/#organization"},"image":{"@id":"https:\/\/tuzlainfo.ba\/index.php\/bosna-i-hercegovina\/item\/273775-istocno-sarajevo-uoci-11-jula-podigli-bistu-covjeku-koji-je-blokirao-rezoluciju-o-genocidu-u-srebrenici\/#primaryimage"},"thumbnailUrl":"https:\/\/tuzlainfo.ba\/wp-content\/uploads\/2025\/07\/0807_-bista-istocno-sarajevo.jpg","keywords":["11. juli","genocid","srebrenica"],"articleSection":["Bosna i Hercegovina"],"inLanguage":"bs-BA"},{"@type":"WebPage","@id":"https:\/\/tuzlainfo.ba\/index.php\/bosna-i-hercegovina\/item\/273775-istocno-sarajevo-uoci-11-jula-podigli-bistu-covjeku-koji-je-blokirao-rezoluciju-o-genocidu-u-srebrenici\/","url":"https:\/\/tuzlainfo.ba\/index.php\/bosna-i-hercegovina\/item\/273775-istocno-sarajevo-uoci-11-jula-podigli-bistu-covjeku-koji-je-blokirao-rezoluciju-o-genocidu-u-srebrenici\/","name":"Isto\u010dno Sarajevo: Uo\u010di 11. jula podigli bistu \u010dovjeku koji je blokirao Rezoluciju o genocidu u Srebrenici - TuzlaInfo.ba","isPartOf":{"@id":"https:\/\/tuzlainfo.ba\/#website"},"primaryImageOfPage":{"@id":"https:\/\/tuzlainfo.ba\/index.php\/bosna-i-hercegovina\/item\/273775-istocno-sarajevo-uoci-11-jula-podigli-bistu-covjeku-koji-je-blokirao-rezoluciju-o-genocidu-u-srebrenici\/#primaryimage"},"image":{"@id":"https:\/\/tuzlainfo.ba\/index.php\/bosna-i-hercegovina\/item\/273775-istocno-sarajevo-uoci-11-jula-podigli-bistu-covjeku-koji-je-blokirao-rezoluciju-o-genocidu-u-srebrenici\/#primaryimage"},"thumbnailUrl":"https:\/\/tuzlainfo.ba\/wp-content\/uploads\/2025\/07\/0807_-bista-istocno-sarajevo.jpg","datePublished":"2025-07-08T13:16:28+00:00","dateModified":"2025-07-08T12:24:39+00:00","breadcrumb":{"@id":"https:\/\/tuzlainfo.ba\/index.php\/bosna-i-hercegovina\/item\/273775-istocno-sarajevo-uoci-11-jula-podigli-bistu-covjeku-koji-je-blokirao-rezoluciju-o-genocidu-u-srebrenici\/#breadcrumb"},"inLanguage":"bs-BA","potentialAction":[{"@type":"ReadAction","target":["https:\/\/tuzlainfo.ba\/index.php\/bosna-i-hercegovina\/item\/273775-istocno-sarajevo-uoci-11-jula-podigli-bistu-covjeku-koji-je-blokirao-rezoluciju-o-genocidu-u-srebrenici\/"]}]},{"@type":"ImageObject","inLanguage":"bs-BA","@id":"https:\/\/tuzlainfo.ba\/index.php\/bosna-i-hercegovina\/item\/273775-istocno-sarajevo-uoci-11-jula-podigli-bistu-covjeku-koji-je-blokirao-rezoluciju-o-genocidu-u-srebrenici\/#primaryimage","url":"https:\/\/tuzlainfo.ba\/wp-content\/uploads\/2025\/07\/0807_-bista-istocno-sarajevo.jpg","contentUrl":"https:\/\/tuzlainfo.ba\/wp-content\/uploads\/2025\/07\/0807_-bista-istocno-sarajevo.jpg","width":658,"height":493,"caption":"Foto: Princip news"},{"@type":"BreadcrumbList","@id":"https:\/\/tuzlainfo.ba\/index.php\/bosna-i-hercegovina\/item\/273775-istocno-sarajevo-uoci-11-jula-podigli-bistu-covjeku-koji-je-blokirao-rezoluciju-o-genocidu-u-srebrenici\/#breadcrumb","itemListElement":[{"@type":"ListItem","position":1,"name":"Home","item":"https:\/\/tuzlainfo.ba\/"},{"@type":"ListItem","position":2,"name":"Isto\u010dno Sarajevo: Uo\u010di 11. jula podigli bistu \u010dovjeku koji je blokirao Rezoluciju o genocidu u Srebrenici"}]},{"@type":"WebSite","@id":"https:\/\/tuzlainfo.ba\/#website","url":"https:\/\/tuzlainfo.ba\/","name":"TuzlaInfo.ba","description":"Tuzla info, gradski informator - Tuzla na dlanu","publisher":{"@id":"https:\/\/tuzlainfo.ba\/#organization"},"potentialAction":[{"@type":"SearchAction","target":{"@type":"EntryPoint","urlTemplate":"https:\/\/tuzlainfo.ba\/?s={search_term_string}"},"query-input":{"@type":"PropertyValueSpecification","valueRequired":true,"valueName":"search_term_string"}}],"inLanguage":"bs-BA"},{"@type":"Organization","@id":"https:\/\/tuzlainfo.ba\/#organization","name":"TuzlaInfo.ba","url":"https:\/\/tuzlainfo.ba\/","logo":{"@type":"ImageObject","inLanguage":"bs-BA","@id":"https:\/\/tuzlainfo.ba\/#\/schema\/logo\/image\/","url":"https:\/\/tuzlainfo.ba\/wp-content\/uploads\/2021\/03\/logo-ver-3-1.png","contentUrl":"https:\/\/tuzlainfo.ba\/wp-content\/uploads\/2021\/03\/logo-ver-3-1.png","width":350,"height":95,"caption":"TuzlaInfo.ba"},"image":{"@id":"https:\/\/tuzlainfo.ba\/#\/schema\/logo\/image\/"},"sameAs":["https:\/\/www.facebook.com\/tuzlainfo.ba\/"]},{"@type":"Person","@id":"https:\/\/tuzlainfo.ba\/#\/schema\/person\/593e78a2f6378c5ba3e7600ecfa4e63a","name":"Admin Tri","image":{"@type":"ImageObject","inLanguage":"bs-BA","@id":"https:\/\/tuzlainfo.ba\/#\/schema\/person\/image\/","url":"https:\/\/tuzlainfo.ba\/wp-content\/litespeed\/avatar\/b7920db4cc34a71ad12497283ad2fe3f.jpg?ver=1777100914","contentUrl":"https:\/\/tuzlainfo.ba\/wp-content\/litespeed\/avatar\/b7920db4cc34a71ad12497283ad2fe3f.jpg?ver=1777100914","caption":"Admin Tri"},"sameAs":["https:\/\/tuzlainfo.ba"]}]}},"_links":{"self":[{"href":"https:\/\/tuzlainfo.ba\/index.php\/wp-json\/wp\/v2\/posts\/273775"}],"collection":[{"href":"https:\/\/tuzlainfo.ba\/index.php\/wp-json\/wp\/v2\/posts"}],"about":[{"href":"https:\/\/tuzlainfo.ba\/index.php\/wp-json\/wp\/v2\/types\/post"}],"author":[{"embeddable":true,"href":"https:\/\/tuzlainfo.ba\/index.php\/wp-json\/wp\/v2\/users\/8"}],"replies":[{"embeddable":true,"href":"https:\/\/tuzlainfo.ba\/index.php\/wp-json\/wp\/v2\/comments?post=273775"}],"version-history":[{"count":1,"href":"https:\/\/tuzlainfo.ba\/index.php\/wp-json\/wp\/v2\/posts\/273775\/revisions"}],"predecessor-version":[{"id":273777,"href":"https:\/\/tuzlainfo.ba\/index.php\/wp-json\/wp\/v2\/posts\/273775\/revisions\/273777"}],"wp:featuredmedia":[{"embeddable":true,"href":"https:\/\/tuzlainfo.ba\/index.php\/wp-json\/wp\/v2\/media\/273776"}],"wp:attachment":[{"href":"https:\/\/tuzlainfo.ba\/index.php\/wp-json\/wp\/v2\/media?parent=273775"}],"wp:term":[{"taxonomy":"category","embeddable":true,"href":"https:\/\/tuzlainfo.ba\/index.php\/wp-json\/wp\/v2\/categories?post=273775"},{"taxonomy":"post_tag","embeddable":true,"href":"https:\/\/tuzlainfo.ba\/index.php\/wp-json\/wp\/v2\/tags?post=273775"}],"curies":[{"name":"wp","href":"https:\/\/api.w.org\/{rel}","templated":true}]}}