{"id":273735,"date":"2025-07-08T11:14:32","date_gmt":"2025-07-08T09:14:32","guid":{"rendered":"https:\/\/tuzlainfo.ba\/?p=273735"},"modified":"2025-07-08T11:14:32","modified_gmt":"2025-07-08T09:14:32","slug":"seselj-prijeti-cetnicima-vucic-uzvraca-srbija-na-ivici-sukoba","status":"publish","type":"post","link":"https:\/\/tuzlainfo.ba\/index.php\/clanci\/sa-svih-strana\/item\/273735-seselj-prijeti-cetnicima-vucic-uzvraca-srbija-na-ivici-sukoba\/","title":{"rendered":"\u0160e\u0161elj prijeti \u010detnicima, Vu\u010di\u0107 uzvra\u0107a: Srbija na ivici sukoba"},"content":{"rendered":"<p>Vojislav \u0160e\u0161elj, ha\u0161ki osu\u0111enik i biv\u0161i lider Srpske radikalne stranke, zaprijetio je da \u0107e pozvati \u201esvoje \u010detnike da ra\u0161\u010diste usta\u0161e iz centra Zemuna\u201c ukoliko vlasti Srbije u roku od 72 sata ne uklone blokade u tom dijelu Beograda. Ova izjava izazvala je burne reakcije, a predsjednik Srbije Aleksandar Vu\u010di\u0107 poru\u010dio je da \u0107e blokade biti uklonjene i prije isteka \u0160e\u0161eljevog ultimatuma.<\/p>\n<p>\u201eVidim da je dao neki rok. Ne\u0107e ga do\u010dekati, tako da mu se ljudi ne spremaju uzalud\u201c, rekao je Vu\u010di\u0107, odgovaraju\u0107i na pitanja novinara.<\/p>\n<p>U me\u0111uvremenu, protesti gra\u0111ana \u0161irom Srbije ulaze u osmi dan. Odr\u017eani su u Beogradu, ali i u brojnim drugim gradovima, uz jako prisustvo policije i specijalnih jedinica. U U\u017eicu je zabilje\u017eeno jedno od najmasovnijih okupljanja do sada, gdje su demonstranti blokirali magistralni put ka Zlatiboru, a u jednom trenutku i probili policijski kordon, nakon \u010dega je priveden ve\u0107i broj osoba.<\/p>\n<p>\u201eAko vlast ne mo\u017ee popiti kafu bez policijske za\u0161tite i boji se sopstvenog naroda, to je znak da je toj vlasti do\u0161ao kraj\u201c, rekao je jedan od demonstranata u U\u017eicu.<\/p>\n<p>Protesti su zapo\u010deli 28. juna, nakon \u0161to su studentski skupovi u Beogradu nasilno prekinuti intervencijom policije. Od tada, okupljanja ne prestaju, a gra\u0111ani poru\u010duju da ne\u0107e odustati od zahtjeva za slobodne i po\u0161tene izbore, pravdu i odgovornost onih koji su naredili represiju nad demonstrantima.<\/p>\n","protected":false},"excerpt":{"rendered":"<p>Vojislav \u0160e\u0161elj, ha\u0161ki osu\u0111enik i biv\u0161i lider Srpske radikalne stranke, zaprijetio je da \u0107e pozvati \u201esvoje \u010detnike da ra\u0161\u010diste usta\u0161e iz centra Zemuna\u201c ukoliko vlasti Srbije u roku od 72 sata ne uklone blokade u tom dijelu Beograda. Ova izjava izazvala je burne reakcije, a predsjednik Srbije Aleksandar Vu\u010di\u0107 poru\u010dio je da \u0107e blokade biti [&hellip;]<\/p>\n","protected":false},"author":8,"featured_media":138753,"comment_status":"closed","ping_status":"closed","sticky":false,"template":"","format":"standard","meta":{"footnotes":""},"categories":[16],"tags":[638,320,309,655],"class_list":["post-273735","post","type-post","status-publish","format-standard","has-post-thumbnail","hentry","category-sa-svih-strana","tag-aleksandar-vucic","tag-protesti","tag-srbija","tag-vojislav-seselj"],"yoast_head":"<!-- This site is optimized with the Yoast SEO plugin v28.4 - https:\/\/yoast.com\/product\/yoast-seo-wordpress\/ -->\n<title>\u0160e\u0161elj prijeti \u010detnicima, Vu\u010di\u0107 uzvra\u0107a: Srbija na ivici sukoba<\/title>\n<meta name=\"robots\" content=\"index, follow, max-snippet:-1, max-image-preview:large, max-video-preview:-1\" \/>\n<link rel=\"canonical\" href=\"https:\/\/tuzlainfo.ba\/index.php\/clanci\/sa-svih-strana\/item\/273735-seselj-prijeti-cetnicima-vucic-uzvraca-srbija-na-ivici-sukoba\/\" \/>\n<meta property=\"og:locale\" content=\"bs_BA\" \/>\n<meta property=\"og:type\" content=\"article\" \/>\n<meta property=\"og:title\" content=\"\u0160e\u0161elj prijeti \u010detnicima, Vu\u010di\u0107 uzvra\u0107a: Srbija na ivici sukoba\" \/>\n<meta property=\"og:description\" content=\"Vojislav \u0160e\u0161elj, ha\u0161ki osu\u0111enik i biv\u0161i lider Srpske radikalne stranke, zaprijetio je da \u0107e pozvati \u201esvoje \u010detnike da ra\u0161\u010diste usta\u0161e iz centra Zemuna\u201c ukoliko vlasti Srbije u roku od 72 sata ne uklone blokade u tom dijelu Beograda. Ova izjava izazvala je burne reakcije, a predsjednik Srbije Aleksandar Vu\u010di\u0107 poru\u010dio je da \u0107e blokade biti [&hellip;]\" \/>\n<meta property=\"og:url\" content=\"https:\/\/tuzlainfo.ba\/index.php\/clanci\/sa-svih-strana\/item\/273735-seselj-prijeti-cetnicima-vucic-uzvraca-srbija-na-ivici-sukoba\/\" \/>\n<meta property=\"og:site_name\" content=\"TuzlaInfo.ba\" \/>\n<meta property=\"article:publisher\" content=\"https:\/\/www.facebook.com\/tuzlainfo.ba\/\" \/>\n<meta property=\"article:published_time\" content=\"2025-07-08T09:14:32+00:00\" \/>\n<meta property=\"og:image\" content=\"https:\/\/tuzlainfo.ba\/wp-content\/uploads\/2021\/06\/0106_vojislav_seselj.jpg\" \/>\n\t<meta property=\"og:image:width\" content=\"1200\" \/>\n\t<meta property=\"og:image:height\" content=\"723\" \/>\n\t<meta property=\"og:image:type\" content=\"image\/jpeg\" \/>\n<meta name=\"author\" content=\"Admin Tri\" \/>\n<meta name=\"twitter:card\" content=\"summary_large_image\" \/>\n<meta name=\"twitter:label1\" content=\"Written by\" \/>\n\t<meta name=\"twitter:data1\" content=\"Admin Tri\" \/>\n\t<meta name=\"twitter:label2\" content=\"Est. reading time\" \/>\n\t<meta name=\"twitter:data2\" content=\"2 minute\" \/>\n<script type=\"application\/ld+json\" class=\"yoast-schema-graph\">{\"@context\":\"https:\\\/\\\/schema.org\",\"@graph\":[{\"@type\":\"Article\",\"@id\":\"https:\\\/\\\/tuzlainfo.ba\\\/index.php\\\/clanci\\\/sa-svih-strana\\\/item\\\/273735-seselj-prijeti-cetnicima-vucic-uzvraca-srbija-na-ivici-sukoba\\\/#article\",\"isPartOf\":{\"@id\":\"https:\\\/\\\/tuzlainfo.ba\\\/index.php\\\/clanci\\\/sa-svih-strana\\\/item\\\/273735-seselj-prijeti-cetnicima-vucic-uzvraca-srbija-na-ivici-sukoba\\\/\"},\"author\":{\"name\":\"Admin Tri\",\"@id\":\"https:\\\/\\\/tuzlainfo.ba\\\/#\\\/schema\\\/person\\\/593e78a2f6378c5ba3e7600ecfa4e63a\"},\"headline\":\"\u0160e\u0161elj prijeti \u010detnicima, Vu\u010di\u0107 uzvra\u0107a: Srbija na ivici sukoba\",\"datePublished\":\"2025-07-08T09:14:32+00:00\",\"mainEntityOfPage\":{\"@id\":\"https:\\\/\\\/tuzlainfo.ba\\\/index.php\\\/clanci\\\/sa-svih-strana\\\/item\\\/273735-seselj-prijeti-cetnicima-vucic-uzvraca-srbija-na-ivici-sukoba\\\/\"},\"wordCount\":257,\"publisher\":{\"@id\":\"https:\\\/\\\/tuzlainfo.ba\\\/#organization\"},\"image\":{\"@id\":\"https:\\\/\\\/tuzlainfo.ba\\\/index.php\\\/clanci\\\/sa-svih-strana\\\/item\\\/273735-seselj-prijeti-cetnicima-vucic-uzvraca-srbija-na-ivici-sukoba\\\/#primaryimage\"},\"thumbnailUrl\":\"https:\\\/\\\/tuzlainfo.ba\\\/wp-content\\\/uploads\\\/2021\\\/06\\\/0106_vojislav_seselj.jpg\",\"keywords\":[\"aleksandar vu\u010di\u0107\",\"protesti\",\"srbija\",\"Vojislav \u0160e\u0161elj\"],\"articleSection\":[\"Sa svih strana\"],\"inLanguage\":\"bs-BA\",\"copyrightYear\":\"2025\",\"copyrightHolder\":{\"@id\":\"https:\\\/\\\/tuzlainfo.ba\\\/#organization\"}},{\"@type\":\"WebPage\",\"@id\":\"https:\\\/\\\/tuzlainfo.ba\\\/index.php\\\/clanci\\\/sa-svih-strana\\\/item\\\/273735-seselj-prijeti-cetnicima-vucic-uzvraca-srbija-na-ivici-sukoba\\\/\",\"url\":\"https:\\\/\\\/tuzlainfo.ba\\\/index.php\\\/clanci\\\/sa-svih-strana\\\/item\\\/273735-seselj-prijeti-cetnicima-vucic-uzvraca-srbija-na-ivici-sukoba\\\/\",\"name\":\"\u0160e\u0161elj prijeti \u010detnicima, Vu\u010di\u0107 uzvra\u0107a: Srbija na ivici sukoba\",\"isPartOf\":{\"@id\":\"https:\\\/\\\/tuzlainfo.ba\\\/#website\"},\"primaryImageOfPage\":{\"@id\":\"https:\\\/\\\/tuzlainfo.ba\\\/index.php\\\/clanci\\\/sa-svih-strana\\\/item\\\/273735-seselj-prijeti-cetnicima-vucic-uzvraca-srbija-na-ivici-sukoba\\\/#primaryimage\"},\"image\":{\"@id\":\"https:\\\/\\\/tuzlainfo.ba\\\/index.php\\\/clanci\\\/sa-svih-strana\\\/item\\\/273735-seselj-prijeti-cetnicima-vucic-uzvraca-srbija-na-ivici-sukoba\\\/#primaryimage\"},\"thumbnailUrl\":\"https:\\\/\\\/tuzlainfo.ba\\\/wp-content\\\/uploads\\\/2021\\\/06\\\/0106_vojislav_seselj.jpg\",\"datePublished\":\"2025-07-08T09:14:32+00:00\",\"breadcrumb\":{\"@id\":\"https:\\\/\\\/tuzlainfo.ba\\\/index.php\\\/clanci\\\/sa-svih-strana\\\/item\\\/273735-seselj-prijeti-cetnicima-vucic-uzvraca-srbija-na-ivici-sukoba\\\/#breadcrumb\"},\"inLanguage\":\"bs-BA\",\"potentialAction\":[{\"@type\":\"ReadAction\",\"target\":[\"https:\\\/\\\/tuzlainfo.ba\\\/index.php\\\/clanci\\\/sa-svih-strana\\\/item\\\/273735-seselj-prijeti-cetnicima-vucic-uzvraca-srbija-na-ivici-sukoba\\\/\"]}]},{\"@type\":\"ImageObject\",\"inLanguage\":\"bs-BA\",\"@id\":\"https:\\\/\\\/tuzlainfo.ba\\\/index.php\\\/clanci\\\/sa-svih-strana\\\/item\\\/273735-seselj-prijeti-cetnicima-vucic-uzvraca-srbija-na-ivici-sukoba\\\/#primaryimage\",\"url\":\"https:\\\/\\\/tuzlainfo.ba\\\/wp-content\\\/uploads\\\/2021\\\/06\\\/0106_vojislav_seselj.jpg\",\"contentUrl\":\"https:\\\/\\\/tuzlainfo.ba\\\/wp-content\\\/uploads\\\/2021\\\/06\\\/0106_vojislav_seselj.jpg\",\"width\":1200,\"height\":723},{\"@type\":\"BreadcrumbList\",\"@id\":\"https:\\\/\\\/tuzlainfo.ba\\\/index.php\\\/clanci\\\/sa-svih-strana\\\/item\\\/273735-seselj-prijeti-cetnicima-vucic-uzvraca-srbija-na-ivici-sukoba\\\/#breadcrumb\",\"itemListElement\":[{\"@type\":\"ListItem\",\"position\":1,\"name\":\"Home\",\"item\":\"https:\\\/\\\/tuzlainfo.ba\\\/\"},{\"@type\":\"ListItem\",\"position\":2,\"name\":\"\u0160e\u0161elj prijeti \u010detnicima, Vu\u010di\u0107 uzvra\u0107a: Srbija na ivici sukoba\"}]},{\"@type\":\"WebSite\",\"@id\":\"https:\\\/\\\/tuzlainfo.ba\\\/#website\",\"url\":\"https:\\\/\\\/tuzlainfo.ba\\\/\",\"name\":\"TuzlaInfo.ba\",\"description\":\"Tuzla info, gradski informator - Tuzla na dlanu\",\"publisher\":{\"@id\":\"https:\\\/\\\/tuzlainfo.ba\\\/#organization\"},\"potentialAction\":[{\"@type\":\"SearchAction\",\"target\":{\"@type\":\"EntryPoint\",\"urlTemplate\":\"https:\\\/\\\/tuzlainfo.ba\\\/?s={search_term_string}\"},\"query-input\":{\"@type\":\"PropertyValueSpecification\",\"valueRequired\":true,\"valueName\":\"search_term_string\"}}],\"inLanguage\":\"bs-BA\"},{\"@type\":\"Organization\",\"@id\":\"https:\\\/\\\/tuzlainfo.ba\\\/#organization\",\"name\":\"TuzlaInfo.ba\",\"url\":\"https:\\\/\\\/tuzlainfo.ba\\\/\",\"logo\":{\"@type\":\"ImageObject\",\"inLanguage\":\"bs-BA\",\"@id\":\"https:\\\/\\\/tuzlainfo.ba\\\/#\\\/schema\\\/logo\\\/image\\\/\",\"url\":\"https:\\\/\\\/tuzlainfo.ba\\\/wp-content\\\/uploads\\\/2021\\\/03\\\/logo-ver-3-1.png\",\"contentUrl\":\"https:\\\/\\\/tuzlainfo.ba\\\/wp-content\\\/uploads\\\/2021\\\/03\\\/logo-ver-3-1.png\",\"width\":350,\"height\":95,\"caption\":\"TuzlaInfo.ba\"},\"image\":{\"@id\":\"https:\\\/\\\/tuzlainfo.ba\\\/#\\\/schema\\\/logo\\\/image\\\/\"},\"sameAs\":[\"https:\\\/\\\/www.facebook.com\\\/tuzlainfo.ba\\\/\"]},{\"@type\":\"Person\",\"@id\":\"https:\\\/\\\/tuzlainfo.ba\\\/#\\\/schema\\\/person\\\/593e78a2f6378c5ba3e7600ecfa4e63a\",\"name\":\"Admin Tri\",\"image\":{\"@type\":\"ImageObject\",\"inLanguage\":\"bs-BA\",\"@id\":\"https:\\\/\\\/secure.gravatar.com\\\/avatar\\\/b53a7f47acc7a09467757d8b2234cc38fa334b13599376e53104c0036b528ca1?s=96&d=mm&r=g\",\"url\":\"https:\\\/\\\/secure.gravatar.com\\\/avatar\\\/b53a7f47acc7a09467757d8b2234cc38fa334b13599376e53104c0036b528ca1?s=96&d=mm&r=g\",\"contentUrl\":\"https:\\\/\\\/secure.gravatar.com\\\/avatar\\\/b53a7f47acc7a09467757d8b2234cc38fa334b13599376e53104c0036b528ca1?s=96&d=mm&r=g\",\"caption\":\"Admin Tri\"},\"sameAs\":[\"https:\\\/\\\/tuzlainfo.ba\"]}]}<\/script>\n<!-- \/ Yoast SEO plugin. -->","yoast_head_json":{"title":"\u0160e\u0161elj prijeti \u010detnicima, Vu\u010di\u0107 uzvra\u0107a: Srbija na ivici sukoba","robots":{"index":"index","follow":"follow","max-snippet":"max-snippet:-1","max-image-preview":"max-image-preview:large","max-video-preview":"max-video-preview:-1"},"canonical":"https:\/\/tuzlainfo.ba\/index.php\/clanci\/sa-svih-strana\/item\/273735-seselj-prijeti-cetnicima-vucic-uzvraca-srbija-na-ivici-sukoba\/","og_locale":"bs_BA","og_type":"article","og_title":"\u0160e\u0161elj prijeti \u010detnicima, Vu\u010di\u0107 uzvra\u0107a: Srbija na ivici sukoba","og_description":"Vojislav \u0160e\u0161elj, ha\u0161ki osu\u0111enik i biv\u0161i lider Srpske radikalne stranke, zaprijetio je da \u0107e pozvati \u201esvoje \u010detnike da ra\u0161\u010diste usta\u0161e iz centra Zemuna\u201c ukoliko vlasti Srbije u roku od 72 sata ne uklone blokade u tom dijelu Beograda. Ova izjava izazvala je burne reakcije, a predsjednik Srbije Aleksandar Vu\u010di\u0107 poru\u010dio je da \u0107e blokade biti [&hellip;]","og_url":"https:\/\/tuzlainfo.ba\/index.php\/clanci\/sa-svih-strana\/item\/273735-seselj-prijeti-cetnicima-vucic-uzvraca-srbija-na-ivici-sukoba\/","og_site_name":"TuzlaInfo.ba","article_publisher":"https:\/\/www.facebook.com\/tuzlainfo.ba\/","article_published_time":"2025-07-08T09:14:32+00:00","og_image":[{"width":1200,"height":723,"url":"https:\/\/tuzlainfo.ba\/wp-content\/uploads\/2021\/06\/0106_vojislav_seselj.jpg","type":"image\/jpeg"}],"author":"Admin Tri","twitter_card":"summary_large_image","twitter_misc":{"Written by":"Admin Tri","Est. reading time":"2 minute"},"schema":{"@context":"https:\/\/schema.org","@graph":[{"@type":"Article","@id":"https:\/\/tuzlainfo.ba\/index.php\/clanci\/sa-svih-strana\/item\/273735-seselj-prijeti-cetnicima-vucic-uzvraca-srbija-na-ivici-sukoba\/#article","isPartOf":{"@id":"https:\/\/tuzlainfo.ba\/index.php\/clanci\/sa-svih-strana\/item\/273735-seselj-prijeti-cetnicima-vucic-uzvraca-srbija-na-ivici-sukoba\/"},"author":{"name":"Admin Tri","@id":"https:\/\/tuzlainfo.ba\/#\/schema\/person\/593e78a2f6378c5ba3e7600ecfa4e63a"},"headline":"\u0160e\u0161elj prijeti \u010detnicima, Vu\u010di\u0107 uzvra\u0107a: Srbija na ivici sukoba","datePublished":"2025-07-08T09:14:32+00:00","mainEntityOfPage":{"@id":"https:\/\/tuzlainfo.ba\/index.php\/clanci\/sa-svih-strana\/item\/273735-seselj-prijeti-cetnicima-vucic-uzvraca-srbija-na-ivici-sukoba\/"},"wordCount":257,"publisher":{"@id":"https:\/\/tuzlainfo.ba\/#organization"},"image":{"@id":"https:\/\/tuzlainfo.ba\/index.php\/clanci\/sa-svih-strana\/item\/273735-seselj-prijeti-cetnicima-vucic-uzvraca-srbija-na-ivici-sukoba\/#primaryimage"},"thumbnailUrl":"https:\/\/tuzlainfo.ba\/wp-content\/uploads\/2021\/06\/0106_vojislav_seselj.jpg","keywords":["aleksandar vu\u010di\u0107","protesti","srbija","Vojislav \u0160e\u0161elj"],"articleSection":["Sa svih strana"],"inLanguage":"bs-BA","copyrightYear":"2025","copyrightHolder":{"@id":"https:\/\/tuzlainfo.ba\/#organization"}},{"@type":"WebPage","@id":"https:\/\/tuzlainfo.ba\/index.php\/clanci\/sa-svih-strana\/item\/273735-seselj-prijeti-cetnicima-vucic-uzvraca-srbija-na-ivici-sukoba\/","url":"https:\/\/tuzlainfo.ba\/index.php\/clanci\/sa-svih-strana\/item\/273735-seselj-prijeti-cetnicima-vucic-uzvraca-srbija-na-ivici-sukoba\/","name":"\u0160e\u0161elj prijeti \u010detnicima, Vu\u010di\u0107 uzvra\u0107a: Srbija na ivici sukoba","isPartOf":{"@id":"https:\/\/tuzlainfo.ba\/#website"},"primaryImageOfPage":{"@id":"https:\/\/tuzlainfo.ba\/index.php\/clanci\/sa-svih-strana\/item\/273735-seselj-prijeti-cetnicima-vucic-uzvraca-srbija-na-ivici-sukoba\/#primaryimage"},"image":{"@id":"https:\/\/tuzlainfo.ba\/index.php\/clanci\/sa-svih-strana\/item\/273735-seselj-prijeti-cetnicima-vucic-uzvraca-srbija-na-ivici-sukoba\/#primaryimage"},"thumbnailUrl":"https:\/\/tuzlainfo.ba\/wp-content\/uploads\/2021\/06\/0106_vojislav_seselj.jpg","datePublished":"2025-07-08T09:14:32+00:00","breadcrumb":{"@id":"https:\/\/tuzlainfo.ba\/index.php\/clanci\/sa-svih-strana\/item\/273735-seselj-prijeti-cetnicima-vucic-uzvraca-srbija-na-ivici-sukoba\/#breadcrumb"},"inLanguage":"bs-BA","potentialAction":[{"@type":"ReadAction","target":["https:\/\/tuzlainfo.ba\/index.php\/clanci\/sa-svih-strana\/item\/273735-seselj-prijeti-cetnicima-vucic-uzvraca-srbija-na-ivici-sukoba\/"]}]},{"@type":"ImageObject","inLanguage":"bs-BA","@id":"https:\/\/tuzlainfo.ba\/index.php\/clanci\/sa-svih-strana\/item\/273735-seselj-prijeti-cetnicima-vucic-uzvraca-srbija-na-ivici-sukoba\/#primaryimage","url":"https:\/\/tuzlainfo.ba\/wp-content\/uploads\/2021\/06\/0106_vojislav_seselj.jpg","contentUrl":"https:\/\/tuzlainfo.ba\/wp-content\/uploads\/2021\/06\/0106_vojislav_seselj.jpg","width":1200,"height":723},{"@type":"BreadcrumbList","@id":"https:\/\/tuzlainfo.ba\/index.php\/clanci\/sa-svih-strana\/item\/273735-seselj-prijeti-cetnicima-vucic-uzvraca-srbija-na-ivici-sukoba\/#breadcrumb","itemListElement":[{"@type":"ListItem","position":1,"name":"Home","item":"https:\/\/tuzlainfo.ba\/"},{"@type":"ListItem","position":2,"name":"\u0160e\u0161elj prijeti \u010detnicima, Vu\u010di\u0107 uzvra\u0107a: Srbija na ivici sukoba"}]},{"@type":"WebSite","@id":"https:\/\/tuzlainfo.ba\/#website","url":"https:\/\/tuzlainfo.ba\/","name":"TuzlaInfo.ba","description":"Tuzla info, gradski informator - Tuzla na dlanu","publisher":{"@id":"https:\/\/tuzlainfo.ba\/#organization"},"potentialAction":[{"@type":"SearchAction","target":{"@type":"EntryPoint","urlTemplate":"https:\/\/tuzlainfo.ba\/?s={search_term_string}"},"query-input":{"@type":"PropertyValueSpecification","valueRequired":true,"valueName":"search_term_string"}}],"inLanguage":"bs-BA"},{"@type":"Organization","@id":"https:\/\/tuzlainfo.ba\/#organization","name":"TuzlaInfo.ba","url":"https:\/\/tuzlainfo.ba\/","logo":{"@type":"ImageObject","inLanguage":"bs-BA","@id":"https:\/\/tuzlainfo.ba\/#\/schema\/logo\/image\/","url":"https:\/\/tuzlainfo.ba\/wp-content\/uploads\/2021\/03\/logo-ver-3-1.png","contentUrl":"https:\/\/tuzlainfo.ba\/wp-content\/uploads\/2021\/03\/logo-ver-3-1.png","width":350,"height":95,"caption":"TuzlaInfo.ba"},"image":{"@id":"https:\/\/tuzlainfo.ba\/#\/schema\/logo\/image\/"},"sameAs":["https:\/\/www.facebook.com\/tuzlainfo.ba\/"]},{"@type":"Person","@id":"https:\/\/tuzlainfo.ba\/#\/schema\/person\/593e78a2f6378c5ba3e7600ecfa4e63a","name":"Admin Tri","image":{"@type":"ImageObject","inLanguage":"bs-BA","@id":"https:\/\/secure.gravatar.com\/avatar\/b53a7f47acc7a09467757d8b2234cc38fa334b13599376e53104c0036b528ca1?s=96&d=mm&r=g","url":"https:\/\/secure.gravatar.com\/avatar\/b53a7f47acc7a09467757d8b2234cc38fa334b13599376e53104c0036b528ca1?s=96&d=mm&r=g","contentUrl":"https:\/\/secure.gravatar.com\/avatar\/b53a7f47acc7a09467757d8b2234cc38fa334b13599376e53104c0036b528ca1?s=96&d=mm&r=g","caption":"Admin Tri"},"sameAs":["https:\/\/tuzlainfo.ba"]}]}},"_links":{"self":[{"href":"https:\/\/tuzlainfo.ba\/index.php\/wp-json\/wp\/v2\/posts\/273735","targetHints":{"allow":["GET"]}}],"collection":[{"href":"https:\/\/tuzlainfo.ba\/index.php\/wp-json\/wp\/v2\/posts"}],"about":[{"href":"https:\/\/tuzlainfo.ba\/index.php\/wp-json\/wp\/v2\/types\/post"}],"author":[{"embeddable":true,"href":"https:\/\/tuzlainfo.ba\/index.php\/wp-json\/wp\/v2\/users\/8"}],"replies":[{"embeddable":true,"href":"https:\/\/tuzlainfo.ba\/index.php\/wp-json\/wp\/v2\/comments?post=273735"}],"version-history":[{"count":1,"href":"https:\/\/tuzlainfo.ba\/index.php\/wp-json\/wp\/v2\/posts\/273735\/revisions"}],"predecessor-version":[{"id":273736,"href":"https:\/\/tuzlainfo.ba\/index.php\/wp-json\/wp\/v2\/posts\/273735\/revisions\/273736"}],"wp:featuredmedia":[{"embeddable":true,"href":"https:\/\/tuzlainfo.ba\/index.php\/wp-json\/wp\/v2\/media\/138753"}],"wp:attachment":[{"href":"https:\/\/tuzlainfo.ba\/index.php\/wp-json\/wp\/v2\/media?parent=273735"}],"wp:term":[{"taxonomy":"category","embeddable":true,"href":"https:\/\/tuzlainfo.ba\/index.php\/wp-json\/wp\/v2\/categories?post=273735"},{"taxonomy":"post_tag","embeddable":true,"href":"https:\/\/tuzlainfo.ba\/index.php\/wp-json\/wp\/v2\/tags?post=273735"}],"curies":[{"name":"wp","href":"https:\/\/api.w.org\/{rel}","templated":true}]}}