{"id":273724,"date":"2025-07-13T11:32:41","date_gmt":"2025-07-13T09:32:41","guid":{"rendered":"https:\/\/tuzlainfo.ba\/?p=273724"},"modified":"2025-07-14T07:48:07","modified_gmt":"2025-07-14T05:48:07","slug":"koliku-penziju-mozete-ocekivati-prema-godinama-staza-u-fbih","status":"publish","type":"post","link":"https:\/\/tuzlainfo.ba\/index.php\/istaknuto\/item\/273724-koliku-penziju-mozete-ocekivati-prema-godinama-staza-u-fbih\/","title":{"rendered":"Koliku penziju mo\u017eete o\u010dekivati prema godinama sta\u017ea u FBiH?"},"content":{"rendered":"<p>Pitanje visine penzije u odnosu na godine sta\u017ea jedno je od naj\u010de\u0161\u0107ih koje postavljaju radnici u Bosni i Hercegovini, posebno oni koji su pred kraj radnog vijeka. Iako se visina penzije odre\u0111uje prema jasnim pravilima, mnogima je i dalje nejasno \u0161ta konkretno mogu o\u010dekivati kada steknu uslove za odlazak u penziju.<\/p>\n<h3>Bodovni model<\/h3>\n<p>Penzijski sistem u Federaciji BiH koristi tzv. bodovni model, gdje se svakom osiguraniku za svaku godinu u kojoj su doprinosi upla\u0107eni na prosje\u010dnu platu u FBiH priznaje jedan li\u010dni bod. Kona\u010dna visina penzije odre\u0111uje se mno\u017eenjem ukupnog broja bodova sa vrijedno\u0161\u0107u op\u0107eg boda, koja trenutno iznosi 16,35 KM.<\/p>\n<h5>15 godina radnog sta\u017ea \u2013 najni\u017ea starosna penzija<\/h5>\n<p>Radnik koji ima minimum od 15 godina upla\u0107enog sta\u017ea i ispunio je dobnu granicu (65 godina) ima pravo na najni\u017eu penziju, bez obzira na visinu plata tokom karijere.<br \/>\nVisina penzije: cca 573 KM (jul 2024.)<\/p>\n<h5>20 godina radnog sta\u017ea i prosje\u010dna plata<\/h5>\n<p>Ako je radnik radio 20 godina i imao prosje\u010dnu platu u Federaciji (oko 1.200 KM mjese\u010dno), ostvario bi 20 bodova.<br \/>\n20 x 16,35 KM = 327 KM<br \/>\nAli s obzirom na to da je to ispod najni\u017ee penzije, iznos bi se izjedna\u010dio sa najni\u017eom penzijom: cca 573 KM<\/p>\n<h5>30 godina radnog sta\u017ea i plata iznad prosjeka<\/h5>\n<p>Radnik koji je imao platu vi\u0161u od prosje\u010dne \u2013 npr. 1.800 KM \u2013 ostvaruje godi\u0161nje 1,5 boda.<br \/>\n30 godina x 1,5 boda = 45 bodova<br \/>\n45 x 16,35 KM = 735,75 KM<br \/>\nU ovom slu\u010daju, radnik bi ostvario penziju vi\u0161u od minimalne.<\/p>\n<h5>40 godina radnog sta\u017ea i visoka primanja<\/h5>\n<p>Za radnika s 40 godina sta\u017ea i platom koja je bila 2 puta ve\u0107a od prosjeka (npr. 2.400 KM), broj bodova godi\u0161nje bi bio 2.<br \/>\n40 x 2 = 80 bodova<br \/>\n80 x 16,35 KM = 1.308 KM<br \/>\nTakav radnik bi imao iznadprosje\u010dnu penziju, ali ovakav slu\u010daj se rijetko bilje\u017ei u praksi.<\/p>\n<p>Starosna granica za odlazak u penziju u Federaciji BiH trenutno je 65 godina \u017eivota i najmanje 15 godina sta\u017ea, dok postoji i mogu\u0107nost prijevremene penzije, uz penalizaciju koja se primjenjuje na iznos- za svakih \u0161est mjeseci ranijeg odlaska, penzija se umanjuje za 2,8 posto.<\/p>\n<p>U Republici Srpskoj, model je sli\u010dan, s tim da se visina penzije tako\u0111er ra\u010duna na osnovu godina sta\u017ea i prosje\u010dne plate. Minimalna penzija za radnike sa 15 godina sta\u017ea iznosi ne\u0161to vi\u0161e od 500 KM, dok radnici s punim sta\u017eem mogu ra\u010dunati na iznose sli\u010dne onima u Federaciji.<\/p>\n<p>Razlika u penzijama najvi\u0161e se ogleda u vrsti ugovora na osnovu kojih su radnici bili prijavljeni, kao i u dosljednosti uplata doprinosa. Mnogi koji su radili u sivoj zoni ili imali prekide u sta\u017eu sada se suo\u010davaju s problemima kada poku\u0161aju ostvariti pravo na punu penziju.<\/p>\n<h3>\u0160ta ako imate vi\u0161e sta\u017ea, a ni\u017eu platu?<\/h3>\n<p>Radnici koji imaju preko 35 ili 40 godina sta\u017ea, ali su tokom \u017eivota primali ispodprosje\u010dne plate, mogu dobiti penziju vrlo blizu najni\u017ee. Ponekad razlika izme\u0111u penzionera sa 15 godina sta\u017ea i onih sa 35 godina, ali niskim primanjima, nije velika. Zbog toga mnogi penzioneri izra\u017eavaju nezadovoljstvo jer sistem ne pravi dovoljnu razliku izme\u0111u du\u017eine sta\u017ea i iznosa penzije.<\/p>\n","protected":false},"excerpt":{"rendered":"<p>Pitanje visine penzije u odnosu na godine sta\u017ea jedno je od naj\u010de\u0161\u0107ih koje postavljaju radnici&hellip;<\/p>\n","protected":false},"author":8,"featured_media":245711,"comment_status":"closed","ping_status":"closed","sticky":false,"template":"","format":"standard","meta":{"_acf_changed":false,"footnotes":""},"categories":[291,304,306],"tags":[3163,10068],"acf":[],"yoast_head":"<!-- This site is optimized with the Yoast SEO plugin v23.5 - https:\/\/yoast.com\/wordpress\/plugins\/seo\/ -->\n<title>Koliku penziju mo\u017eete o\u010dekivati prema godinama sta\u017ea u FBiH? - TuzlaInfo.ba<\/title>\n<meta name=\"robots\" content=\"index, follow, max-snippet:-1, max-image-preview:large, max-video-preview:-1\" \/>\n<link rel=\"canonical\" href=\"https:\/\/tuzlainfo.ba\/index.php\/bosna-i-hercegovina\/item\/273724-koliku-penziju-mozete-ocekivati-prema-godinama-staza-u-fbih\/\" \/>\n<meta property=\"og:locale\" content=\"bs_BA\" \/>\n<meta property=\"og:type\" content=\"article\" \/>\n<meta property=\"og:title\" content=\"Koliku penziju mo\u017eete o\u010dekivati prema godinama sta\u017ea u FBiH? - TuzlaInfo.ba\" \/>\n<meta property=\"og:description\" content=\"Pitanje visine penzije u odnosu na godine sta\u017ea jedno je od naj\u010de\u0161\u0107ih koje postavljaju radnici&hellip;\" \/>\n<meta property=\"og:url\" content=\"https:\/\/tuzlainfo.ba\/index.php\/bosna-i-hercegovina\/item\/273724-koliku-penziju-mozete-ocekivati-prema-godinama-staza-u-fbih\/\" \/>\n<meta property=\"og:site_name\" content=\"TuzlaInfo.ba\" \/>\n<meta property=\"article:publisher\" content=\"https:\/\/www.facebook.com\/tuzlainfo.ba\/\" \/>\n<meta property=\"article:published_time\" content=\"2025-07-13T09:32:41+00:00\" \/>\n<meta property=\"article:modified_time\" content=\"2025-07-14T05:48:07+00:00\" \/>\n<meta property=\"og:image\" content=\"https:\/\/tuzlainfo.ba\/wp-content\/uploads\/2024\/08\/novac_novcanice_marke1.jpg\" \/>\n\t<meta property=\"og:image:width\" content=\"1600\" \/>\n\t<meta property=\"og:image:height\" content=\"1200\" \/>\n\t<meta property=\"og:image:type\" content=\"image\/jpeg\" \/>\n<meta name=\"author\" content=\"Admin Tri\" \/>\n<meta name=\"twitter:card\" content=\"summary_large_image\" \/>\n<meta name=\"twitter:label1\" content=\"Written by\" \/>\n\t<meta name=\"twitter:data1\" content=\"Admin Tri\" \/>\n\t<meta name=\"twitter:label2\" content=\"Est. reading time\" \/>\n\t<meta name=\"twitter:data2\" content=\"3 minute\" \/>\n<script type=\"application\/ld+json\" class=\"yoast-schema-graph\">{\"@context\":\"https:\/\/schema.org\",\"@graph\":[{\"@type\":\"Article\",\"@id\":\"https:\/\/tuzlainfo.ba\/index.php\/bosna-i-hercegovina\/item\/273724-koliku-penziju-mozete-ocekivati-prema-godinama-staza-u-fbih\/#article\",\"isPartOf\":{\"@id\":\"https:\/\/tuzlainfo.ba\/index.php\/bosna-i-hercegovina\/item\/273724-koliku-penziju-mozete-ocekivati-prema-godinama-staza-u-fbih\/\"},\"author\":{\"name\":\"Admin Tri\",\"@id\":\"https:\/\/tuzlainfo.ba\/#\/schema\/person\/593e78a2f6378c5ba3e7600ecfa4e63a\"},\"headline\":\"Koliku penziju mo\u017eete o\u010dekivati prema godinama sta\u017ea u FBiH?\",\"datePublished\":\"2025-07-13T09:32:41+00:00\",\"dateModified\":\"2025-07-14T05:48:07+00:00\",\"mainEntityOfPage\":{\"@id\":\"https:\/\/tuzlainfo.ba\/index.php\/bosna-i-hercegovina\/item\/273724-koliku-penziju-mozete-ocekivati-prema-godinama-staza-u-fbih\/\"},\"wordCount\":540,\"publisher\":{\"@id\":\"https:\/\/tuzlainfo.ba\/#organization\"},\"image\":{\"@id\":\"https:\/\/tuzlainfo.ba\/index.php\/bosna-i-hercegovina\/item\/273724-koliku-penziju-mozete-ocekivati-prema-godinama-staza-u-fbih\/#primaryimage\"},\"thumbnailUrl\":\"https:\/\/tuzlainfo.ba\/wp-content\/uploads\/2024\/08\/novac_novcanice_marke1.jpg\",\"keywords\":[\"penzija\",\"radni sta\u017e\"],\"articleSection\":[\"Bosna i Hercegovina\",\"Istaknuto\",\"Preporu\u010dujemo\"],\"inLanguage\":\"bs-BA\"},{\"@type\":\"WebPage\",\"@id\":\"https:\/\/tuzlainfo.ba\/index.php\/bosna-i-hercegovina\/item\/273724-koliku-penziju-mozete-ocekivati-prema-godinama-staza-u-fbih\/\",\"url\":\"https:\/\/tuzlainfo.ba\/index.php\/bosna-i-hercegovina\/item\/273724-koliku-penziju-mozete-ocekivati-prema-godinama-staza-u-fbih\/\",\"name\":\"Koliku penziju mo\u017eete o\u010dekivati prema godinama sta\u017ea u FBiH? - TuzlaInfo.ba\",\"isPartOf\":{\"@id\":\"https:\/\/tuzlainfo.ba\/#website\"},\"primaryImageOfPage\":{\"@id\":\"https:\/\/tuzlainfo.ba\/index.php\/bosna-i-hercegovina\/item\/273724-koliku-penziju-mozete-ocekivati-prema-godinama-staza-u-fbih\/#primaryimage\"},\"image\":{\"@id\":\"https:\/\/tuzlainfo.ba\/index.php\/bosna-i-hercegovina\/item\/273724-koliku-penziju-mozete-ocekivati-prema-godinama-staza-u-fbih\/#primaryimage\"},\"thumbnailUrl\":\"https:\/\/tuzlainfo.ba\/wp-content\/uploads\/2024\/08\/novac_novcanice_marke1.jpg\",\"datePublished\":\"2025-07-13T09:32:41+00:00\",\"dateModified\":\"2025-07-14T05:48:07+00:00\",\"breadcrumb\":{\"@id\":\"https:\/\/tuzlainfo.ba\/index.php\/bosna-i-hercegovina\/item\/273724-koliku-penziju-mozete-ocekivati-prema-godinama-staza-u-fbih\/#breadcrumb\"},\"inLanguage\":\"bs-BA\",\"potentialAction\":[{\"@type\":\"ReadAction\",\"target\":[\"https:\/\/tuzlainfo.ba\/index.php\/bosna-i-hercegovina\/item\/273724-koliku-penziju-mozete-ocekivati-prema-godinama-staza-u-fbih\/\"]}]},{\"@type\":\"ImageObject\",\"inLanguage\":\"bs-BA\",\"@id\":\"https:\/\/tuzlainfo.ba\/index.php\/bosna-i-hercegovina\/item\/273724-koliku-penziju-mozete-ocekivati-prema-godinama-staza-u-fbih\/#primaryimage\",\"url\":\"https:\/\/tuzlainfo.ba\/wp-content\/uploads\/2024\/08\/novac_novcanice_marke1.jpg\",\"contentUrl\":\"https:\/\/tuzlainfo.ba\/wp-content\/uploads\/2024\/08\/novac_novcanice_marke1.jpg\",\"width\":1600,\"height\":1200},{\"@type\":\"BreadcrumbList\",\"@id\":\"https:\/\/tuzlainfo.ba\/index.php\/bosna-i-hercegovina\/item\/273724-koliku-penziju-mozete-ocekivati-prema-godinama-staza-u-fbih\/#breadcrumb\",\"itemListElement\":[{\"@type\":\"ListItem\",\"position\":1,\"name\":\"Home\",\"item\":\"https:\/\/tuzlainfo.ba\/\"},{\"@type\":\"ListItem\",\"position\":2,\"name\":\"Koliku penziju mo\u017eete o\u010dekivati prema godinama sta\u017ea u FBiH?\"}]},{\"@type\":\"WebSite\",\"@id\":\"https:\/\/tuzlainfo.ba\/#website\",\"url\":\"https:\/\/tuzlainfo.ba\/\",\"name\":\"TuzlaInfo.ba\",\"description\":\"Tuzla info, gradski informator - Tuzla na dlanu\",\"publisher\":{\"@id\":\"https:\/\/tuzlainfo.ba\/#organization\"},\"potentialAction\":[{\"@type\":\"SearchAction\",\"target\":{\"@type\":\"EntryPoint\",\"urlTemplate\":\"https:\/\/tuzlainfo.ba\/?s={search_term_string}\"},\"query-input\":{\"@type\":\"PropertyValueSpecification\",\"valueRequired\":true,\"valueName\":\"search_term_string\"}}],\"inLanguage\":\"bs-BA\"},{\"@type\":\"Organization\",\"@id\":\"https:\/\/tuzlainfo.ba\/#organization\",\"name\":\"TuzlaInfo.ba\",\"url\":\"https:\/\/tuzlainfo.ba\/\",\"logo\":{\"@type\":\"ImageObject\",\"inLanguage\":\"bs-BA\",\"@id\":\"https:\/\/tuzlainfo.ba\/#\/schema\/logo\/image\/\",\"url\":\"https:\/\/tuzlainfo.ba\/wp-content\/uploads\/2021\/03\/logo-ver-3-1.png\",\"contentUrl\":\"https:\/\/tuzlainfo.ba\/wp-content\/uploads\/2021\/03\/logo-ver-3-1.png\",\"width\":350,\"height\":95,\"caption\":\"TuzlaInfo.ba\"},\"image\":{\"@id\":\"https:\/\/tuzlainfo.ba\/#\/schema\/logo\/image\/\"},\"sameAs\":[\"https:\/\/www.facebook.com\/tuzlainfo.ba\/\"]},{\"@type\":\"Person\",\"@id\":\"https:\/\/tuzlainfo.ba\/#\/schema\/person\/593e78a2f6378c5ba3e7600ecfa4e63a\",\"name\":\"Admin Tri\",\"image\":{\"@type\":\"ImageObject\",\"inLanguage\":\"bs-BA\",\"@id\":\"https:\/\/tuzlainfo.ba\/#\/schema\/person\/image\/\",\"url\":\"https:\/\/tuzlainfo.ba\/wp-content\/litespeed\/avatar\/b7920db4cc34a71ad12497283ad2fe3f.jpg?ver=1777705770\",\"contentUrl\":\"https:\/\/tuzlainfo.ba\/wp-content\/litespeed\/avatar\/b7920db4cc34a71ad12497283ad2fe3f.jpg?ver=1777705770\",\"caption\":\"Admin Tri\"},\"sameAs\":[\"https:\/\/tuzlainfo.ba\"]}]}<\/script>\n<!-- \/ Yoast SEO plugin. -->","yoast_head_json":{"title":"Koliku penziju mo\u017eete o\u010dekivati prema godinama sta\u017ea u FBiH? - TuzlaInfo.ba","robots":{"index":"index","follow":"follow","max-snippet":"max-snippet:-1","max-image-preview":"max-image-preview:large","max-video-preview":"max-video-preview:-1"},"canonical":"https:\/\/tuzlainfo.ba\/index.php\/bosna-i-hercegovina\/item\/273724-koliku-penziju-mozete-ocekivati-prema-godinama-staza-u-fbih\/","og_locale":"bs_BA","og_type":"article","og_title":"Koliku penziju mo\u017eete o\u010dekivati prema godinama sta\u017ea u FBiH? - TuzlaInfo.ba","og_description":"Pitanje visine penzije u odnosu na godine sta\u017ea jedno je od naj\u010de\u0161\u0107ih koje postavljaju radnici&hellip;","og_url":"https:\/\/tuzlainfo.ba\/index.php\/bosna-i-hercegovina\/item\/273724-koliku-penziju-mozete-ocekivati-prema-godinama-staza-u-fbih\/","og_site_name":"TuzlaInfo.ba","article_publisher":"https:\/\/www.facebook.com\/tuzlainfo.ba\/","article_published_time":"2025-07-13T09:32:41+00:00","article_modified_time":"2025-07-14T05:48:07+00:00","og_image":[{"width":1600,"height":1200,"url":"https:\/\/tuzlainfo.ba\/wp-content\/uploads\/2024\/08\/novac_novcanice_marke1.jpg","type":"image\/jpeg"}],"author":"Admin Tri","twitter_card":"summary_large_image","twitter_misc":{"Written by":"Admin Tri","Est. reading time":"3 minute"},"schema":{"@context":"https:\/\/schema.org","@graph":[{"@type":"Article","@id":"https:\/\/tuzlainfo.ba\/index.php\/bosna-i-hercegovina\/item\/273724-koliku-penziju-mozete-ocekivati-prema-godinama-staza-u-fbih\/#article","isPartOf":{"@id":"https:\/\/tuzlainfo.ba\/index.php\/bosna-i-hercegovina\/item\/273724-koliku-penziju-mozete-ocekivati-prema-godinama-staza-u-fbih\/"},"author":{"name":"Admin Tri","@id":"https:\/\/tuzlainfo.ba\/#\/schema\/person\/593e78a2f6378c5ba3e7600ecfa4e63a"},"headline":"Koliku penziju mo\u017eete o\u010dekivati prema godinama sta\u017ea u FBiH?","datePublished":"2025-07-13T09:32:41+00:00","dateModified":"2025-07-14T05:48:07+00:00","mainEntityOfPage":{"@id":"https:\/\/tuzlainfo.ba\/index.php\/bosna-i-hercegovina\/item\/273724-koliku-penziju-mozete-ocekivati-prema-godinama-staza-u-fbih\/"},"wordCount":540,"publisher":{"@id":"https:\/\/tuzlainfo.ba\/#organization"},"image":{"@id":"https:\/\/tuzlainfo.ba\/index.php\/bosna-i-hercegovina\/item\/273724-koliku-penziju-mozete-ocekivati-prema-godinama-staza-u-fbih\/#primaryimage"},"thumbnailUrl":"https:\/\/tuzlainfo.ba\/wp-content\/uploads\/2024\/08\/novac_novcanice_marke1.jpg","keywords":["penzija","radni sta\u017e"],"articleSection":["Bosna i Hercegovina","Istaknuto","Preporu\u010dujemo"],"inLanguage":"bs-BA"},{"@type":"WebPage","@id":"https:\/\/tuzlainfo.ba\/index.php\/bosna-i-hercegovina\/item\/273724-koliku-penziju-mozete-ocekivati-prema-godinama-staza-u-fbih\/","url":"https:\/\/tuzlainfo.ba\/index.php\/bosna-i-hercegovina\/item\/273724-koliku-penziju-mozete-ocekivati-prema-godinama-staza-u-fbih\/","name":"Koliku penziju mo\u017eete o\u010dekivati prema godinama sta\u017ea u FBiH? - TuzlaInfo.ba","isPartOf":{"@id":"https:\/\/tuzlainfo.ba\/#website"},"primaryImageOfPage":{"@id":"https:\/\/tuzlainfo.ba\/index.php\/bosna-i-hercegovina\/item\/273724-koliku-penziju-mozete-ocekivati-prema-godinama-staza-u-fbih\/#primaryimage"},"image":{"@id":"https:\/\/tuzlainfo.ba\/index.php\/bosna-i-hercegovina\/item\/273724-koliku-penziju-mozete-ocekivati-prema-godinama-staza-u-fbih\/#primaryimage"},"thumbnailUrl":"https:\/\/tuzlainfo.ba\/wp-content\/uploads\/2024\/08\/novac_novcanice_marke1.jpg","datePublished":"2025-07-13T09:32:41+00:00","dateModified":"2025-07-14T05:48:07+00:00","breadcrumb":{"@id":"https:\/\/tuzlainfo.ba\/index.php\/bosna-i-hercegovina\/item\/273724-koliku-penziju-mozete-ocekivati-prema-godinama-staza-u-fbih\/#breadcrumb"},"inLanguage":"bs-BA","potentialAction":[{"@type":"ReadAction","target":["https:\/\/tuzlainfo.ba\/index.php\/bosna-i-hercegovina\/item\/273724-koliku-penziju-mozete-ocekivati-prema-godinama-staza-u-fbih\/"]}]},{"@type":"ImageObject","inLanguage":"bs-BA","@id":"https:\/\/tuzlainfo.ba\/index.php\/bosna-i-hercegovina\/item\/273724-koliku-penziju-mozete-ocekivati-prema-godinama-staza-u-fbih\/#primaryimage","url":"https:\/\/tuzlainfo.ba\/wp-content\/uploads\/2024\/08\/novac_novcanice_marke1.jpg","contentUrl":"https:\/\/tuzlainfo.ba\/wp-content\/uploads\/2024\/08\/novac_novcanice_marke1.jpg","width":1600,"height":1200},{"@type":"BreadcrumbList","@id":"https:\/\/tuzlainfo.ba\/index.php\/bosna-i-hercegovina\/item\/273724-koliku-penziju-mozete-ocekivati-prema-godinama-staza-u-fbih\/#breadcrumb","itemListElement":[{"@type":"ListItem","position":1,"name":"Home","item":"https:\/\/tuzlainfo.ba\/"},{"@type":"ListItem","position":2,"name":"Koliku penziju mo\u017eete o\u010dekivati prema godinama sta\u017ea u FBiH?"}]},{"@type":"WebSite","@id":"https:\/\/tuzlainfo.ba\/#website","url":"https:\/\/tuzlainfo.ba\/","name":"TuzlaInfo.ba","description":"Tuzla info, gradski informator - Tuzla na dlanu","publisher":{"@id":"https:\/\/tuzlainfo.ba\/#organization"},"potentialAction":[{"@type":"SearchAction","target":{"@type":"EntryPoint","urlTemplate":"https:\/\/tuzlainfo.ba\/?s={search_term_string}"},"query-input":{"@type":"PropertyValueSpecification","valueRequired":true,"valueName":"search_term_string"}}],"inLanguage":"bs-BA"},{"@type":"Organization","@id":"https:\/\/tuzlainfo.ba\/#organization","name":"TuzlaInfo.ba","url":"https:\/\/tuzlainfo.ba\/","logo":{"@type":"ImageObject","inLanguage":"bs-BA","@id":"https:\/\/tuzlainfo.ba\/#\/schema\/logo\/image\/","url":"https:\/\/tuzlainfo.ba\/wp-content\/uploads\/2021\/03\/logo-ver-3-1.png","contentUrl":"https:\/\/tuzlainfo.ba\/wp-content\/uploads\/2021\/03\/logo-ver-3-1.png","width":350,"height":95,"caption":"TuzlaInfo.ba"},"image":{"@id":"https:\/\/tuzlainfo.ba\/#\/schema\/logo\/image\/"},"sameAs":["https:\/\/www.facebook.com\/tuzlainfo.ba\/"]},{"@type":"Person","@id":"https:\/\/tuzlainfo.ba\/#\/schema\/person\/593e78a2f6378c5ba3e7600ecfa4e63a","name":"Admin Tri","image":{"@type":"ImageObject","inLanguage":"bs-BA","@id":"https:\/\/tuzlainfo.ba\/#\/schema\/person\/image\/","url":"https:\/\/tuzlainfo.ba\/wp-content\/litespeed\/avatar\/b7920db4cc34a71ad12497283ad2fe3f.jpg?ver=1777705770","contentUrl":"https:\/\/tuzlainfo.ba\/wp-content\/litespeed\/avatar\/b7920db4cc34a71ad12497283ad2fe3f.jpg?ver=1777705770","caption":"Admin Tri"},"sameAs":["https:\/\/tuzlainfo.ba"]}]}},"_links":{"self":[{"href":"https:\/\/tuzlainfo.ba\/index.php\/wp-json\/wp\/v2\/posts\/273724"}],"collection":[{"href":"https:\/\/tuzlainfo.ba\/index.php\/wp-json\/wp\/v2\/posts"}],"about":[{"href":"https:\/\/tuzlainfo.ba\/index.php\/wp-json\/wp\/v2\/types\/post"}],"author":[{"embeddable":true,"href":"https:\/\/tuzlainfo.ba\/index.php\/wp-json\/wp\/v2\/users\/8"}],"replies":[{"embeddable":true,"href":"https:\/\/tuzlainfo.ba\/index.php\/wp-json\/wp\/v2\/comments?post=273724"}],"version-history":[{"count":1,"href":"https:\/\/tuzlainfo.ba\/index.php\/wp-json\/wp\/v2\/posts\/273724\/revisions"}],"predecessor-version":[{"id":273727,"href":"https:\/\/tuzlainfo.ba\/index.php\/wp-json\/wp\/v2\/posts\/273724\/revisions\/273727"}],"wp:featuredmedia":[{"embeddable":true,"href":"https:\/\/tuzlainfo.ba\/index.php\/wp-json\/wp\/v2\/media\/245711"}],"wp:attachment":[{"href":"https:\/\/tuzlainfo.ba\/index.php\/wp-json\/wp\/v2\/media?parent=273724"}],"wp:term":[{"taxonomy":"category","embeddable":true,"href":"https:\/\/tuzlainfo.ba\/index.php\/wp-json\/wp\/v2\/categories?post=273724"},{"taxonomy":"post_tag","embeddable":true,"href":"https:\/\/tuzlainfo.ba\/index.php\/wp-json\/wp\/v2\/tags?post=273724"}],"curies":[{"name":"wp","href":"https:\/\/api.w.org\/{rel}","templated":true}]}}