{"id":273721,"date":"2025-07-08T10:02:23","date_gmt":"2025-07-08T08:02:23","guid":{"rendered":"https:\/\/tuzlainfo.ba\/?p=273721"},"modified":"2025-07-08T09:28:54","modified_gmt":"2025-07-08T07:28:54","slug":"tuzla-guitar-week-veceras-nastup-sarajevskog-virtuoza-boska-jovica","status":"publish","type":"post","link":"https:\/\/tuzlainfo.ba\/index.php\/najava-dogadaja-2\/item\/273721-tuzla-guitar-week-veceras-nastup-sarajevskog-virtuoza-boska-jovica\/","title":{"rendered":"Tuzla Guitar Week: Ve\u010deras nastup sarajevskog virtuoza Bo\u0161ka Jovi\u0107a"},"content":{"rendered":"<p>\u010cetvrto izdanje Tuzla Guitar Week-a donosi Tuzli sedmicu ispunjenu muzikom, edukacijom i prijateljstvom. Nakon spektakularnog otvorenja koncertom Sanela Red\u017ei\u0107a i Jana Depretera, Tuzla ovih dana \u017eivi u znaku klasi\u010dne gitare \u2013 u\u010desnici iz razli\u010ditih dijelova Bosne i Hercegovine i regije svakodnevno usavr\u0161avaju svoje znanje kroz individualne \u010dasove, otvorene masterklase i zajedni\u010dka muzi\u010dka dru\u017eenja s vrhunskim profesorima.<\/p>\n<p>Program za \u0161iru publiku nastavlja se ve\u010deras, 8. jula, kada \u0107e u Ateljeu Ismet Mujezinovi\u0107 s po\u010detkom u 20:00 sati nastupiti vrhunski gitarista Bo\u0161ko Jovi\u0107. Ovaj svestrani umjetnik iz Sarajeva poznat je po saradnji s velikanima poput Edina Karamazova \u2013 jednog od najboljih svjetskih lutnjista, Stjepana Hausera (2Cellos) \u2013 planetarne violon\u010delisti\u010dke zvijezde i Amire Medunjanin \u2013 jedinstvene interpretatorke sevdaha i tradicionalne muzike BiH.<\/p>\n<p>Repertoar koji donosi tuzlanskoj publici obuhvata prepoznatljive melodije poput <em>\u201cKad ja po\u0111oh na Bentba\u0161u\u201d<\/em>, <em>\u201cDa sam ja netko\u201d<\/em>, <em>\u201cEvo srcu radosti\u201d<\/em>, <em>\u201cAjde Jano\u201d<\/em> i mnoge druge. Ovaj koncert klasi\u010dnoj gitari daje posebnu emociju i druga\u010diju notu, koja \u0107e sigurno osvojiti i ljubitelje tradicionalnih muzi\u010dkih izraza.<\/p>\n<p>Koncert je otvoren za sve posjetitelje, a ulaz je besplatan.<\/p>\n<p>Internacionalni Tuzla Guitar Week realizuje se uz podr\u0161ku Grada Tuzle \u2013 Slu\u017ebe za kulturu, sport, mlade i socijalnu za\u0161titu, Ministarstva za kulturu, sport i mlade Tuzlanskog kantona, JU Centra za kulturu Tuzla, Grand Hotela Tuzla, Mono digitala te svih medija koji iz godine u godinu prate manifestaciju.<\/p>\n<p>Sedmica gitare zavr\u0161ava 10. jula zavr\u0161nim koncertom u\u010desnika, koji \u0107e publici predstaviti plodove svog rada i inspiracije tokom ove jedinstvene muzi\u010dke sedmice.<\/p>\n","protected":false},"excerpt":{"rendered":"<p>\u010cetvrto izdanje Tuzla Guitar Week-a donosi Tuzli sedmicu ispunjenu muzikom, edukacijom i prijateljstvom. Nakon spektakularnog otvorenja koncertom Sanela Red\u017ei\u0107a i Jana Depretera, Tuzla ovih dana \u017eivi u znaku klasi\u010dne gitare \u2013 u\u010desnici iz razli\u010ditih dijelova Bosne i Hercegovine i regije svakodnevno usavr\u0161avaju svoje znanje kroz individualne \u010dasove, otvorene masterklase i zajedni\u010dka muzi\u010dka dru\u017eenja s vrhunskim [&hellip;]<\/p>\n","protected":false},"author":2,"featured_media":273722,"comment_status":"closed","ping_status":"closed","sticky":false,"template":"","format":"standard","meta":{"footnotes":""},"categories":[11],"tags":[5153],"class_list":["post-273721","post","type-post","status-publish","format-standard","has-post-thumbnail","hentry","category-najava-dogadaja-2","tag-tuzla-guitar-week"],"yoast_head":"<!-- This site is optimized with the Yoast SEO plugin v28.4 - https:\/\/yoast.com\/product\/yoast-seo-wordpress\/ -->\n<title>Tuzla Guitar Week: Ve\u010deras nastup sarajevskog virtuoza Bo\u0161ka Jovi\u0107a<\/title>\n<meta name=\"robots\" content=\"index, follow, max-snippet:-1, max-image-preview:large, max-video-preview:-1\" \/>\n<link rel=\"canonical\" href=\"https:\/\/tuzlainfo.ba\/index.php\/najava-dogadaja-2\/item\/273721-tuzla-guitar-week-veceras-nastup-sarajevskog-virtuoza-boska-jovica\/\" \/>\n<meta property=\"og:locale\" content=\"bs_BA\" \/>\n<meta property=\"og:type\" content=\"article\" \/>\n<meta property=\"og:title\" content=\"Tuzla Guitar Week: Ve\u010deras nastup sarajevskog virtuoza Bo\u0161ka Jovi\u0107a\" \/>\n<meta property=\"og:description\" content=\"\u010cetvrto izdanje Tuzla Guitar Week-a donosi Tuzli sedmicu ispunjenu muzikom, edukacijom i prijateljstvom. Nakon spektakularnog otvorenja koncertom Sanela Red\u017ei\u0107a i Jana Depretera, Tuzla ovih dana \u017eivi u znaku klasi\u010dne gitare \u2013 u\u010desnici iz razli\u010ditih dijelova Bosne i Hercegovine i regije svakodnevno usavr\u0161avaju svoje znanje kroz individualne \u010dasove, otvorene masterklase i zajedni\u010dka muzi\u010dka dru\u017eenja s vrhunskim [&hellip;]\" \/>\n<meta property=\"og:url\" content=\"https:\/\/tuzlainfo.ba\/index.php\/najava-dogadaja-2\/item\/273721-tuzla-guitar-week-veceras-nastup-sarajevskog-virtuoza-boska-jovica\/\" \/>\n<meta property=\"og:site_name\" content=\"TuzlaInfo.ba\" \/>\n<meta property=\"article:publisher\" content=\"https:\/\/www.facebook.com\/tuzlainfo.ba\/\" \/>\n<meta property=\"article:published_time\" content=\"2025-07-08T08:02:23+00:00\" \/>\n<meta property=\"og:image\" content=\"https:\/\/tuzlainfo.ba\/wp-content\/uploads\/2025\/07\/0807_plk.jpg\" \/>\n\t<meta property=\"og:image:width\" content=\"800\" \/>\n\t<meta property=\"og:image:height\" content=\"800\" \/>\n\t<meta property=\"og:image:type\" content=\"image\/jpeg\" \/>\n<meta name=\"author\" content=\"nedim\" \/>\n<meta name=\"twitter:card\" content=\"summary_large_image\" \/>\n<meta name=\"twitter:label1\" content=\"Written by\" \/>\n\t<meta name=\"twitter:data1\" content=\"nedim\" \/>\n\t<meta name=\"twitter:label2\" content=\"Est. reading time\" \/>\n\t<meta name=\"twitter:data2\" content=\"2 minute\" \/>\n<script type=\"application\/ld+json\" class=\"yoast-schema-graph\">{\"@context\":\"https:\\\/\\\/schema.org\",\"@graph\":[{\"@type\":\"Article\",\"@id\":\"https:\\\/\\\/tuzlainfo.ba\\\/index.php\\\/najava-dogadaja-2\\\/item\\\/273721-tuzla-guitar-week-veceras-nastup-sarajevskog-virtuoza-boska-jovica\\\/#article\",\"isPartOf\":{\"@id\":\"https:\\\/\\\/tuzlainfo.ba\\\/index.php\\\/najava-dogadaja-2\\\/item\\\/273721-tuzla-guitar-week-veceras-nastup-sarajevskog-virtuoza-boska-jovica\\\/\"},\"author\":{\"name\":\"nedim\",\"@id\":\"https:\\\/\\\/tuzlainfo.ba\\\/#\\\/schema\\\/person\\\/f434e20dc27ea133923aab08451b7f7f\"},\"headline\":\"Tuzla Guitar Week: Ve\u010deras nastup sarajevskog virtuoza Bo\u0161ka Jovi\u0107a\",\"datePublished\":\"2025-07-08T08:02:23+00:00\",\"mainEntityOfPage\":{\"@id\":\"https:\\\/\\\/tuzlainfo.ba\\\/index.php\\\/najava-dogadaja-2\\\/item\\\/273721-tuzla-guitar-week-veceras-nastup-sarajevskog-virtuoza-boska-jovica\\\/\"},\"wordCount\":273,\"publisher\":{\"@id\":\"https:\\\/\\\/tuzlainfo.ba\\\/#organization\"},\"image\":{\"@id\":\"https:\\\/\\\/tuzlainfo.ba\\\/index.php\\\/najava-dogadaja-2\\\/item\\\/273721-tuzla-guitar-week-veceras-nastup-sarajevskog-virtuoza-boska-jovica\\\/#primaryimage\"},\"thumbnailUrl\":\"https:\\\/\\\/tuzlainfo.ba\\\/wp-content\\\/uploads\\\/2025\\\/07\\\/0807_plk.jpg\",\"keywords\":[\"Tuzla Guitar Week\"],\"articleSection\":[\"Najave i doga\u0111aji\"],\"inLanguage\":\"bs-BA\",\"copyrightYear\":\"2025\",\"copyrightHolder\":{\"@id\":\"https:\\\/\\\/tuzlainfo.ba\\\/#organization\"}},{\"@type\":\"WebPage\",\"@id\":\"https:\\\/\\\/tuzlainfo.ba\\\/index.php\\\/najava-dogadaja-2\\\/item\\\/273721-tuzla-guitar-week-veceras-nastup-sarajevskog-virtuoza-boska-jovica\\\/\",\"url\":\"https:\\\/\\\/tuzlainfo.ba\\\/index.php\\\/najava-dogadaja-2\\\/item\\\/273721-tuzla-guitar-week-veceras-nastup-sarajevskog-virtuoza-boska-jovica\\\/\",\"name\":\"Tuzla Guitar Week: Ve\u010deras nastup sarajevskog virtuoza Bo\u0161ka Jovi\u0107a\",\"isPartOf\":{\"@id\":\"https:\\\/\\\/tuzlainfo.ba\\\/#website\"},\"primaryImageOfPage\":{\"@id\":\"https:\\\/\\\/tuzlainfo.ba\\\/index.php\\\/najava-dogadaja-2\\\/item\\\/273721-tuzla-guitar-week-veceras-nastup-sarajevskog-virtuoza-boska-jovica\\\/#primaryimage\"},\"image\":{\"@id\":\"https:\\\/\\\/tuzlainfo.ba\\\/index.php\\\/najava-dogadaja-2\\\/item\\\/273721-tuzla-guitar-week-veceras-nastup-sarajevskog-virtuoza-boska-jovica\\\/#primaryimage\"},\"thumbnailUrl\":\"https:\\\/\\\/tuzlainfo.ba\\\/wp-content\\\/uploads\\\/2025\\\/07\\\/0807_plk.jpg\",\"datePublished\":\"2025-07-08T08:02:23+00:00\",\"breadcrumb\":{\"@id\":\"https:\\\/\\\/tuzlainfo.ba\\\/index.php\\\/najava-dogadaja-2\\\/item\\\/273721-tuzla-guitar-week-veceras-nastup-sarajevskog-virtuoza-boska-jovica\\\/#breadcrumb\"},\"inLanguage\":\"bs-BA\",\"potentialAction\":[{\"@type\":\"ReadAction\",\"target\":[\"https:\\\/\\\/tuzlainfo.ba\\\/index.php\\\/najava-dogadaja-2\\\/item\\\/273721-tuzla-guitar-week-veceras-nastup-sarajevskog-virtuoza-boska-jovica\\\/\"]}]},{\"@type\":\"ImageObject\",\"inLanguage\":\"bs-BA\",\"@id\":\"https:\\\/\\\/tuzlainfo.ba\\\/index.php\\\/najava-dogadaja-2\\\/item\\\/273721-tuzla-guitar-week-veceras-nastup-sarajevskog-virtuoza-boska-jovica\\\/#primaryimage\",\"url\":\"https:\\\/\\\/tuzlainfo.ba\\\/wp-content\\\/uploads\\\/2025\\\/07\\\/0807_plk.jpg\",\"contentUrl\":\"https:\\\/\\\/tuzlainfo.ba\\\/wp-content\\\/uploads\\\/2025\\\/07\\\/0807_plk.jpg\",\"width\":800,\"height\":800},{\"@type\":\"BreadcrumbList\",\"@id\":\"https:\\\/\\\/tuzlainfo.ba\\\/index.php\\\/najava-dogadaja-2\\\/item\\\/273721-tuzla-guitar-week-veceras-nastup-sarajevskog-virtuoza-boska-jovica\\\/#breadcrumb\",\"itemListElement\":[{\"@type\":\"ListItem\",\"position\":1,\"name\":\"Home\",\"item\":\"https:\\\/\\\/tuzlainfo.ba\\\/\"},{\"@type\":\"ListItem\",\"position\":2,\"name\":\"Tuzla Guitar Week: Ve\u010deras nastup sarajevskog virtuoza Bo\u0161ka Jovi\u0107a\"}]},{\"@type\":\"WebSite\",\"@id\":\"https:\\\/\\\/tuzlainfo.ba\\\/#website\",\"url\":\"https:\\\/\\\/tuzlainfo.ba\\\/\",\"name\":\"TuzlaInfo.ba\",\"description\":\"Tuzla info, gradski informator - Tuzla na dlanu\",\"publisher\":{\"@id\":\"https:\\\/\\\/tuzlainfo.ba\\\/#organization\"},\"potentialAction\":[{\"@type\":\"SearchAction\",\"target\":{\"@type\":\"EntryPoint\",\"urlTemplate\":\"https:\\\/\\\/tuzlainfo.ba\\\/?s={search_term_string}\"},\"query-input\":{\"@type\":\"PropertyValueSpecification\",\"valueRequired\":true,\"valueName\":\"search_term_string\"}}],\"inLanguage\":\"bs-BA\"},{\"@type\":\"Organization\",\"@id\":\"https:\\\/\\\/tuzlainfo.ba\\\/#organization\",\"name\":\"TuzlaInfo.ba\",\"url\":\"https:\\\/\\\/tuzlainfo.ba\\\/\",\"logo\":{\"@type\":\"ImageObject\",\"inLanguage\":\"bs-BA\",\"@id\":\"https:\\\/\\\/tuzlainfo.ba\\\/#\\\/schema\\\/logo\\\/image\\\/\",\"url\":\"https:\\\/\\\/tuzlainfo.ba\\\/wp-content\\\/uploads\\\/2021\\\/03\\\/logo-ver-3-1.png\",\"contentUrl\":\"https:\\\/\\\/tuzlainfo.ba\\\/wp-content\\\/uploads\\\/2021\\\/03\\\/logo-ver-3-1.png\",\"width\":350,\"height\":95,\"caption\":\"TuzlaInfo.ba\"},\"image\":{\"@id\":\"https:\\\/\\\/tuzlainfo.ba\\\/#\\\/schema\\\/logo\\\/image\\\/\"},\"sameAs\":[\"https:\\\/\\\/www.facebook.com\\\/tuzlainfo.ba\\\/\"]},{\"@type\":\"Person\",\"@id\":\"https:\\\/\\\/tuzlainfo.ba\\\/#\\\/schema\\\/person\\\/f434e20dc27ea133923aab08451b7f7f\",\"name\":\"nedim\",\"image\":{\"@type\":\"ImageObject\",\"inLanguage\":\"bs-BA\",\"@id\":\"https:\\\/\\\/secure.gravatar.com\\\/avatar\\\/5b928a2e7e70a54208d2eb6c1edcb75a5350d6ae97d5f0a701203d456823f6f3?s=96&d=mm&r=g\",\"url\":\"https:\\\/\\\/secure.gravatar.com\\\/avatar\\\/5b928a2e7e70a54208d2eb6c1edcb75a5350d6ae97d5f0a701203d456823f6f3?s=96&d=mm&r=g\",\"contentUrl\":\"https:\\\/\\\/secure.gravatar.com\\\/avatar\\\/5b928a2e7e70a54208d2eb6c1edcb75a5350d6ae97d5f0a701203d456823f6f3?s=96&d=mm&r=g\",\"caption\":\"nedim\"},\"description\":\"Tuzlainfo.ba pratite na dru\u0161tvenim mre\u017eama: Facebook, Instagram i Youtube. Svoje pri\u010de, upite i fotografije \u0161aljite na na\u0161u e-mail adresu.\"}]}<\/script>\n<!-- \/ Yoast SEO plugin. -->","yoast_head_json":{"title":"Tuzla Guitar Week: Ve\u010deras nastup sarajevskog virtuoza Bo\u0161ka Jovi\u0107a","robots":{"index":"index","follow":"follow","max-snippet":"max-snippet:-1","max-image-preview":"max-image-preview:large","max-video-preview":"max-video-preview:-1"},"canonical":"https:\/\/tuzlainfo.ba\/index.php\/najava-dogadaja-2\/item\/273721-tuzla-guitar-week-veceras-nastup-sarajevskog-virtuoza-boska-jovica\/","og_locale":"bs_BA","og_type":"article","og_title":"Tuzla Guitar Week: Ve\u010deras nastup sarajevskog virtuoza Bo\u0161ka Jovi\u0107a","og_description":"\u010cetvrto izdanje Tuzla Guitar Week-a donosi Tuzli sedmicu ispunjenu muzikom, edukacijom i prijateljstvom. Nakon spektakularnog otvorenja koncertom Sanela Red\u017ei\u0107a i Jana Depretera, Tuzla ovih dana \u017eivi u znaku klasi\u010dne gitare \u2013 u\u010desnici iz razli\u010ditih dijelova Bosne i Hercegovine i regije svakodnevno usavr\u0161avaju svoje znanje kroz individualne \u010dasove, otvorene masterklase i zajedni\u010dka muzi\u010dka dru\u017eenja s vrhunskim [&hellip;]","og_url":"https:\/\/tuzlainfo.ba\/index.php\/najava-dogadaja-2\/item\/273721-tuzla-guitar-week-veceras-nastup-sarajevskog-virtuoza-boska-jovica\/","og_site_name":"TuzlaInfo.ba","article_publisher":"https:\/\/www.facebook.com\/tuzlainfo.ba\/","article_published_time":"2025-07-08T08:02:23+00:00","og_image":[{"width":800,"height":800,"url":"https:\/\/tuzlainfo.ba\/wp-content\/uploads\/2025\/07\/0807_plk.jpg","type":"image\/jpeg"}],"author":"nedim","twitter_card":"summary_large_image","twitter_misc":{"Written by":"nedim","Est. reading time":"2 minute"},"schema":{"@context":"https:\/\/schema.org","@graph":[{"@type":"Article","@id":"https:\/\/tuzlainfo.ba\/index.php\/najava-dogadaja-2\/item\/273721-tuzla-guitar-week-veceras-nastup-sarajevskog-virtuoza-boska-jovica\/#article","isPartOf":{"@id":"https:\/\/tuzlainfo.ba\/index.php\/najava-dogadaja-2\/item\/273721-tuzla-guitar-week-veceras-nastup-sarajevskog-virtuoza-boska-jovica\/"},"author":{"name":"nedim","@id":"https:\/\/tuzlainfo.ba\/#\/schema\/person\/f434e20dc27ea133923aab08451b7f7f"},"headline":"Tuzla Guitar Week: Ve\u010deras nastup sarajevskog virtuoza Bo\u0161ka Jovi\u0107a","datePublished":"2025-07-08T08:02:23+00:00","mainEntityOfPage":{"@id":"https:\/\/tuzlainfo.ba\/index.php\/najava-dogadaja-2\/item\/273721-tuzla-guitar-week-veceras-nastup-sarajevskog-virtuoza-boska-jovica\/"},"wordCount":273,"publisher":{"@id":"https:\/\/tuzlainfo.ba\/#organization"},"image":{"@id":"https:\/\/tuzlainfo.ba\/index.php\/najava-dogadaja-2\/item\/273721-tuzla-guitar-week-veceras-nastup-sarajevskog-virtuoza-boska-jovica\/#primaryimage"},"thumbnailUrl":"https:\/\/tuzlainfo.ba\/wp-content\/uploads\/2025\/07\/0807_plk.jpg","keywords":["Tuzla Guitar Week"],"articleSection":["Najave i doga\u0111aji"],"inLanguage":"bs-BA","copyrightYear":"2025","copyrightHolder":{"@id":"https:\/\/tuzlainfo.ba\/#organization"}},{"@type":"WebPage","@id":"https:\/\/tuzlainfo.ba\/index.php\/najava-dogadaja-2\/item\/273721-tuzla-guitar-week-veceras-nastup-sarajevskog-virtuoza-boska-jovica\/","url":"https:\/\/tuzlainfo.ba\/index.php\/najava-dogadaja-2\/item\/273721-tuzla-guitar-week-veceras-nastup-sarajevskog-virtuoza-boska-jovica\/","name":"Tuzla Guitar Week: Ve\u010deras nastup sarajevskog virtuoza Bo\u0161ka Jovi\u0107a","isPartOf":{"@id":"https:\/\/tuzlainfo.ba\/#website"},"primaryImageOfPage":{"@id":"https:\/\/tuzlainfo.ba\/index.php\/najava-dogadaja-2\/item\/273721-tuzla-guitar-week-veceras-nastup-sarajevskog-virtuoza-boska-jovica\/#primaryimage"},"image":{"@id":"https:\/\/tuzlainfo.ba\/index.php\/najava-dogadaja-2\/item\/273721-tuzla-guitar-week-veceras-nastup-sarajevskog-virtuoza-boska-jovica\/#primaryimage"},"thumbnailUrl":"https:\/\/tuzlainfo.ba\/wp-content\/uploads\/2025\/07\/0807_plk.jpg","datePublished":"2025-07-08T08:02:23+00:00","breadcrumb":{"@id":"https:\/\/tuzlainfo.ba\/index.php\/najava-dogadaja-2\/item\/273721-tuzla-guitar-week-veceras-nastup-sarajevskog-virtuoza-boska-jovica\/#breadcrumb"},"inLanguage":"bs-BA","potentialAction":[{"@type":"ReadAction","target":["https:\/\/tuzlainfo.ba\/index.php\/najava-dogadaja-2\/item\/273721-tuzla-guitar-week-veceras-nastup-sarajevskog-virtuoza-boska-jovica\/"]}]},{"@type":"ImageObject","inLanguage":"bs-BA","@id":"https:\/\/tuzlainfo.ba\/index.php\/najava-dogadaja-2\/item\/273721-tuzla-guitar-week-veceras-nastup-sarajevskog-virtuoza-boska-jovica\/#primaryimage","url":"https:\/\/tuzlainfo.ba\/wp-content\/uploads\/2025\/07\/0807_plk.jpg","contentUrl":"https:\/\/tuzlainfo.ba\/wp-content\/uploads\/2025\/07\/0807_plk.jpg","width":800,"height":800},{"@type":"BreadcrumbList","@id":"https:\/\/tuzlainfo.ba\/index.php\/najava-dogadaja-2\/item\/273721-tuzla-guitar-week-veceras-nastup-sarajevskog-virtuoza-boska-jovica\/#breadcrumb","itemListElement":[{"@type":"ListItem","position":1,"name":"Home","item":"https:\/\/tuzlainfo.ba\/"},{"@type":"ListItem","position":2,"name":"Tuzla Guitar Week: Ve\u010deras nastup sarajevskog virtuoza Bo\u0161ka Jovi\u0107a"}]},{"@type":"WebSite","@id":"https:\/\/tuzlainfo.ba\/#website","url":"https:\/\/tuzlainfo.ba\/","name":"TuzlaInfo.ba","description":"Tuzla info, gradski informator - Tuzla na dlanu","publisher":{"@id":"https:\/\/tuzlainfo.ba\/#organization"},"potentialAction":[{"@type":"SearchAction","target":{"@type":"EntryPoint","urlTemplate":"https:\/\/tuzlainfo.ba\/?s={search_term_string}"},"query-input":{"@type":"PropertyValueSpecification","valueRequired":true,"valueName":"search_term_string"}}],"inLanguage":"bs-BA"},{"@type":"Organization","@id":"https:\/\/tuzlainfo.ba\/#organization","name":"TuzlaInfo.ba","url":"https:\/\/tuzlainfo.ba\/","logo":{"@type":"ImageObject","inLanguage":"bs-BA","@id":"https:\/\/tuzlainfo.ba\/#\/schema\/logo\/image\/","url":"https:\/\/tuzlainfo.ba\/wp-content\/uploads\/2021\/03\/logo-ver-3-1.png","contentUrl":"https:\/\/tuzlainfo.ba\/wp-content\/uploads\/2021\/03\/logo-ver-3-1.png","width":350,"height":95,"caption":"TuzlaInfo.ba"},"image":{"@id":"https:\/\/tuzlainfo.ba\/#\/schema\/logo\/image\/"},"sameAs":["https:\/\/www.facebook.com\/tuzlainfo.ba\/"]},{"@type":"Person","@id":"https:\/\/tuzlainfo.ba\/#\/schema\/person\/f434e20dc27ea133923aab08451b7f7f","name":"nedim","image":{"@type":"ImageObject","inLanguage":"bs-BA","@id":"https:\/\/secure.gravatar.com\/avatar\/5b928a2e7e70a54208d2eb6c1edcb75a5350d6ae97d5f0a701203d456823f6f3?s=96&d=mm&r=g","url":"https:\/\/secure.gravatar.com\/avatar\/5b928a2e7e70a54208d2eb6c1edcb75a5350d6ae97d5f0a701203d456823f6f3?s=96&d=mm&r=g","contentUrl":"https:\/\/secure.gravatar.com\/avatar\/5b928a2e7e70a54208d2eb6c1edcb75a5350d6ae97d5f0a701203d456823f6f3?s=96&d=mm&r=g","caption":"nedim"},"description":"Tuzlainfo.ba pratite na dru\u0161tvenim mre\u017eama: Facebook, Instagram i Youtube. Svoje pri\u010de, upite i fotografije \u0161aljite na na\u0161u e-mail adresu."}]}},"_links":{"self":[{"href":"https:\/\/tuzlainfo.ba\/index.php\/wp-json\/wp\/v2\/posts\/273721","targetHints":{"allow":["GET"]}}],"collection":[{"href":"https:\/\/tuzlainfo.ba\/index.php\/wp-json\/wp\/v2\/posts"}],"about":[{"href":"https:\/\/tuzlainfo.ba\/index.php\/wp-json\/wp\/v2\/types\/post"}],"author":[{"embeddable":true,"href":"https:\/\/tuzlainfo.ba\/index.php\/wp-json\/wp\/v2\/users\/2"}],"replies":[{"embeddable":true,"href":"https:\/\/tuzlainfo.ba\/index.php\/wp-json\/wp\/v2\/comments?post=273721"}],"version-history":[{"count":1,"href":"https:\/\/tuzlainfo.ba\/index.php\/wp-json\/wp\/v2\/posts\/273721\/revisions"}],"predecessor-version":[{"id":273723,"href":"https:\/\/tuzlainfo.ba\/index.php\/wp-json\/wp\/v2\/posts\/273721\/revisions\/273723"}],"wp:featuredmedia":[{"embeddable":true,"href":"https:\/\/tuzlainfo.ba\/index.php\/wp-json\/wp\/v2\/media\/273722"}],"wp:attachment":[{"href":"https:\/\/tuzlainfo.ba\/index.php\/wp-json\/wp\/v2\/media?parent=273721"}],"wp:term":[{"taxonomy":"category","embeddable":true,"href":"https:\/\/tuzlainfo.ba\/index.php\/wp-json\/wp\/v2\/categories?post=273721"},{"taxonomy":"post_tag","embeddable":true,"href":"https:\/\/tuzlainfo.ba\/index.php\/wp-json\/wp\/v2\/tags?post=273721"}],"curies":[{"name":"wp","href":"https:\/\/api.w.org\/{rel}","templated":true}]}}