{"id":273628,"date":"2025-07-26T11:54:38","date_gmt":"2025-07-26T09:54:38","guid":{"rendered":"https:\/\/tuzlainfo.ba\/?p=273628"},"modified":"2025-07-08T08:15:44","modified_gmt":"2025-07-08T06:15:44","slug":"tuzla-veceras-domacin-nocne-petice-vise-od-700-trkaca-starta-sa-panonike","status":"publish","type":"post","link":"https:\/\/tuzlainfo.ba\/index.php\/najava-dogadaja-2\/item\/273628-tuzla-veceras-domacin-nocne-petice-vise-od-700-trkaca-starta-sa-panonike\/","title":{"rendered":"Tuzla ve\u010deras doma\u0107in \u201cNo\u0107ne petice\u201d: Vi\u0161e od 700 trka\u010da starta sa Panonike"},"content":{"rendered":"<p>Tuzla ve\u010deras postaje epicentar sporta, zabave i ljetne energije \u2013 kroz \u201cTuzlansku no\u0107nu peticu\u201d, utrku dugu pet kilometara koja okuplja vi\u0161e od 700 u\u010desnika iz Bosne i Hercegovine, regije i ostatka Evrope.<\/p>\n<p>Start utrke zakazan je za 21 sat iz \u010darobnog ambijenta kompleksa Panonskih jezera, a trasa vodi kroz najatraktivnije dijelove grada, spajaju\u0107i gradski ambijent, prirodu i ve\u010dernju svje\u017einu u jedinstveno trka\u010dko iskustvo pod zvijezdama.<\/p>\n<p>Ova utrka, koja je dio \u0161ireg programa festivala Kaleidoskop, nosi moto \u201cPlivaj, tr\u010di, ple\u0161i\u201d i predstavlja spoj rekreacije, kulture i muzike. Nakon trke slijedi zabavni program i koncert, \u010dime se doga\u0111aj pretvara u ljetnu no\u0107 za pam\u0107enje.<\/p>\n<p>\u201cNa ovakav na\u010din stvorit \u0107emo jedinstven do\u017eivljaj i pravu magi\u010dnu no\u0107 za sve generacije. Prijave su i dalje otvorene, a interesovanje raste iz dana u dan, na \u0161to smo posebno ponosni. Bilo da ste iskusni trka\u010d, rekreativac ili neko ko \u017eeli provesti nezaboravnu no\u0107 u Tuzli, ovo je doga\u0111aj koji se zasigurno ne propu\u0161ta\u201d, poru\u010duju organizatori.<\/p>\n<p>Trka\u010dima preostaje da ve\u010deras obuju patike, pripreme osmijeh i budu dio najzabavnije ljetne utrke u regiji.<\/p>\n","protected":false},"excerpt":{"rendered":"<p>Tuzla ve\u010deras postaje epicentar sporta, zabave i ljetne energije \u2013 kroz \u201cTuzlansku no\u0107nu peticu\u201d, utrku&hellip;<\/p>\n","protected":false},"author":8,"featured_media":273594,"comment_status":"closed","ping_status":"closed","sticky":false,"template":"","format":"standard","meta":{"_acf_changed":false,"footnotes":""},"categories":[11],"tags":[12448],"acf":[],"yoast_head":"<!-- This site is optimized with the Yoast SEO plugin v23.5 - https:\/\/yoast.com\/wordpress\/plugins\/seo\/ -->\n<title>Tuzla ve\u010deras doma\u0107in \u201cNo\u0107ne petice\u201d: Vi\u0161e od 700 trka\u010da starta sa Panonike - TuzlaInfo.ba<\/title>\n<meta name=\"robots\" content=\"index, follow, max-snippet:-1, max-image-preview:large, max-video-preview:-1\" \/>\n<link rel=\"canonical\" href=\"https:\/\/tuzlainfo.ba\/index.php\/najava-dogadaja-2\/item\/273628-tuzla-veceras-domacin-nocne-petice-vise-od-700-trkaca-starta-sa-panonike\/\" \/>\n<meta property=\"og:locale\" content=\"bs_BA\" \/>\n<meta property=\"og:type\" content=\"article\" \/>\n<meta property=\"og:title\" content=\"Tuzla ve\u010deras doma\u0107in \u201cNo\u0107ne petice\u201d: Vi\u0161e od 700 trka\u010da starta sa Panonike - TuzlaInfo.ba\" \/>\n<meta property=\"og:description\" content=\"Tuzla ve\u010deras postaje epicentar sporta, zabave i ljetne energije \u2013 kroz \u201cTuzlansku no\u0107nu peticu\u201d, utrku&hellip;\" \/>\n<meta property=\"og:url\" content=\"https:\/\/tuzlainfo.ba\/index.php\/najava-dogadaja-2\/item\/273628-tuzla-veceras-domacin-nocne-petice-vise-od-700-trkaca-starta-sa-panonike\/\" \/>\n<meta property=\"og:site_name\" content=\"TuzlaInfo.ba\" \/>\n<meta property=\"article:publisher\" content=\"https:\/\/www.facebook.com\/tuzlainfo.ba\/\" \/>\n<meta property=\"article:published_time\" content=\"2025-07-26T09:54:38+00:00\" \/>\n<meta property=\"article:modified_time\" content=\"2025-07-08T06:15:44+00:00\" \/>\n<meta property=\"og:image\" content=\"https:\/\/tuzlainfo.ba\/wp-content\/uploads\/2025\/07\/Tuzlanska-nocna-petica-2.jpg\" \/>\n\t<meta property=\"og:image:width\" content=\"938\" \/>\n\t<meta property=\"og:image:height\" content=\"589\" \/>\n\t<meta property=\"og:image:type\" content=\"image\/jpeg\" \/>\n<meta name=\"author\" content=\"Admin Tri\" \/>\n<meta name=\"twitter:card\" content=\"summary_large_image\" \/>\n<meta name=\"twitter:label1\" content=\"Written by\" \/>\n\t<meta name=\"twitter:data1\" content=\"Admin Tri\" \/>\n\t<meta name=\"twitter:label2\" content=\"Est. reading time\" \/>\n\t<meta name=\"twitter:data2\" content=\"2 minute\" \/>\n<script type=\"application\/ld+json\" class=\"yoast-schema-graph\">{\"@context\":\"https:\/\/schema.org\",\"@graph\":[{\"@type\":\"Article\",\"@id\":\"https:\/\/tuzlainfo.ba\/index.php\/najava-dogadaja-2\/item\/273628-tuzla-veceras-domacin-nocne-petice-vise-od-700-trkaca-starta-sa-panonike\/#article\",\"isPartOf\":{\"@id\":\"https:\/\/tuzlainfo.ba\/index.php\/najava-dogadaja-2\/item\/273628-tuzla-veceras-domacin-nocne-petice-vise-od-700-trkaca-starta-sa-panonike\/\"},\"author\":{\"name\":\"Admin Tri\",\"@id\":\"https:\/\/tuzlainfo.ba\/#\/schema\/person\/593e78a2f6378c5ba3e7600ecfa4e63a\"},\"headline\":\"Tuzla ve\u010deras doma\u0107in \u201cNo\u0107ne petice\u201d: Vi\u0161e od 700 trka\u010da starta sa Panonike\",\"datePublished\":\"2025-07-26T09:54:38+00:00\",\"dateModified\":\"2025-07-08T06:15:44+00:00\",\"mainEntityOfPage\":{\"@id\":\"https:\/\/tuzlainfo.ba\/index.php\/najava-dogadaja-2\/item\/273628-tuzla-veceras-domacin-nocne-petice-vise-od-700-trkaca-starta-sa-panonike\/\"},\"wordCount\":207,\"publisher\":{\"@id\":\"https:\/\/tuzlainfo.ba\/#organization\"},\"image\":{\"@id\":\"https:\/\/tuzlainfo.ba\/index.php\/najava-dogadaja-2\/item\/273628-tuzla-veceras-domacin-nocne-petice-vise-od-700-trkaca-starta-sa-panonike\/#primaryimage\"},\"thumbnailUrl\":\"https:\/\/tuzlainfo.ba\/wp-content\/uploads\/2025\/07\/Tuzlanska-nocna-petica-2.jpg\",\"keywords\":[\"no\u0107na petica\"],\"articleSection\":[\"Najave i doga\u0111aji\"],\"inLanguage\":\"bs-BA\"},{\"@type\":\"WebPage\",\"@id\":\"https:\/\/tuzlainfo.ba\/index.php\/najava-dogadaja-2\/item\/273628-tuzla-veceras-domacin-nocne-petice-vise-od-700-trkaca-starta-sa-panonike\/\",\"url\":\"https:\/\/tuzlainfo.ba\/index.php\/najava-dogadaja-2\/item\/273628-tuzla-veceras-domacin-nocne-petice-vise-od-700-trkaca-starta-sa-panonike\/\",\"name\":\"Tuzla ve\u010deras doma\u0107in \u201cNo\u0107ne petice\u201d: Vi\u0161e od 700 trka\u010da starta sa Panonike - TuzlaInfo.ba\",\"isPartOf\":{\"@id\":\"https:\/\/tuzlainfo.ba\/#website\"},\"primaryImageOfPage\":{\"@id\":\"https:\/\/tuzlainfo.ba\/index.php\/najava-dogadaja-2\/item\/273628-tuzla-veceras-domacin-nocne-petice-vise-od-700-trkaca-starta-sa-panonike\/#primaryimage\"},\"image\":{\"@id\":\"https:\/\/tuzlainfo.ba\/index.php\/najava-dogadaja-2\/item\/273628-tuzla-veceras-domacin-nocne-petice-vise-od-700-trkaca-starta-sa-panonike\/#primaryimage\"},\"thumbnailUrl\":\"https:\/\/tuzlainfo.ba\/wp-content\/uploads\/2025\/07\/Tuzlanska-nocna-petica-2.jpg\",\"datePublished\":\"2025-07-26T09:54:38+00:00\",\"dateModified\":\"2025-07-08T06:15:44+00:00\",\"breadcrumb\":{\"@id\":\"https:\/\/tuzlainfo.ba\/index.php\/najava-dogadaja-2\/item\/273628-tuzla-veceras-domacin-nocne-petice-vise-od-700-trkaca-starta-sa-panonike\/#breadcrumb\"},\"inLanguage\":\"bs-BA\",\"potentialAction\":[{\"@type\":\"ReadAction\",\"target\":[\"https:\/\/tuzlainfo.ba\/index.php\/najava-dogadaja-2\/item\/273628-tuzla-veceras-domacin-nocne-petice-vise-od-700-trkaca-starta-sa-panonike\/\"]}]},{\"@type\":\"ImageObject\",\"inLanguage\":\"bs-BA\",\"@id\":\"https:\/\/tuzlainfo.ba\/index.php\/najava-dogadaja-2\/item\/273628-tuzla-veceras-domacin-nocne-petice-vise-od-700-trkaca-starta-sa-panonike\/#primaryimage\",\"url\":\"https:\/\/tuzlainfo.ba\/wp-content\/uploads\/2025\/07\/Tuzlanska-nocna-petica-2.jpg\",\"contentUrl\":\"https:\/\/tuzlainfo.ba\/wp-content\/uploads\/2025\/07\/Tuzlanska-nocna-petica-2.jpg\",\"width\":938,\"height\":589},{\"@type\":\"BreadcrumbList\",\"@id\":\"https:\/\/tuzlainfo.ba\/index.php\/najava-dogadaja-2\/item\/273628-tuzla-veceras-domacin-nocne-petice-vise-od-700-trkaca-starta-sa-panonike\/#breadcrumb\",\"itemListElement\":[{\"@type\":\"ListItem\",\"position\":1,\"name\":\"Home\",\"item\":\"https:\/\/tuzlainfo.ba\/\"},{\"@type\":\"ListItem\",\"position\":2,\"name\":\"Tuzla ve\u010deras doma\u0107in \u201cNo\u0107ne petice\u201d: Vi\u0161e od 700 trka\u010da starta sa Panonike\"}]},{\"@type\":\"WebSite\",\"@id\":\"https:\/\/tuzlainfo.ba\/#website\",\"url\":\"https:\/\/tuzlainfo.ba\/\",\"name\":\"TuzlaInfo.ba\",\"description\":\"Tuzla info, gradski informator - Tuzla na dlanu\",\"publisher\":{\"@id\":\"https:\/\/tuzlainfo.ba\/#organization\"},\"potentialAction\":[{\"@type\":\"SearchAction\",\"target\":{\"@type\":\"EntryPoint\",\"urlTemplate\":\"https:\/\/tuzlainfo.ba\/?s={search_term_string}\"},\"query-input\":{\"@type\":\"PropertyValueSpecification\",\"valueRequired\":true,\"valueName\":\"search_term_string\"}}],\"inLanguage\":\"bs-BA\"},{\"@type\":\"Organization\",\"@id\":\"https:\/\/tuzlainfo.ba\/#organization\",\"name\":\"TuzlaInfo.ba\",\"url\":\"https:\/\/tuzlainfo.ba\/\",\"logo\":{\"@type\":\"ImageObject\",\"inLanguage\":\"bs-BA\",\"@id\":\"https:\/\/tuzlainfo.ba\/#\/schema\/logo\/image\/\",\"url\":\"https:\/\/tuzlainfo.ba\/wp-content\/uploads\/2021\/03\/logo-ver-3-1.png\",\"contentUrl\":\"https:\/\/tuzlainfo.ba\/wp-content\/uploads\/2021\/03\/logo-ver-3-1.png\",\"width\":350,\"height\":95,\"caption\":\"TuzlaInfo.ba\"},\"image\":{\"@id\":\"https:\/\/tuzlainfo.ba\/#\/schema\/logo\/image\/\"},\"sameAs\":[\"https:\/\/www.facebook.com\/tuzlainfo.ba\/\"]},{\"@type\":\"Person\",\"@id\":\"https:\/\/tuzlainfo.ba\/#\/schema\/person\/593e78a2f6378c5ba3e7600ecfa4e63a\",\"name\":\"Admin Tri\",\"image\":{\"@type\":\"ImageObject\",\"inLanguage\":\"bs-BA\",\"@id\":\"https:\/\/tuzlainfo.ba\/#\/schema\/person\/image\/\",\"url\":\"https:\/\/tuzlainfo.ba\/wp-content\/litespeed\/avatar\/b7920db4cc34a71ad12497283ad2fe3f.jpg?ver=1777100914\",\"contentUrl\":\"https:\/\/tuzlainfo.ba\/wp-content\/litespeed\/avatar\/b7920db4cc34a71ad12497283ad2fe3f.jpg?ver=1777100914\",\"caption\":\"Admin Tri\"},\"sameAs\":[\"https:\/\/tuzlainfo.ba\"]}]}<\/script>\n<!-- \/ Yoast SEO plugin. -->","yoast_head_json":{"title":"Tuzla ve\u010deras doma\u0107in \u201cNo\u0107ne petice\u201d: Vi\u0161e od 700 trka\u010da starta sa Panonike - TuzlaInfo.ba","robots":{"index":"index","follow":"follow","max-snippet":"max-snippet:-1","max-image-preview":"max-image-preview:large","max-video-preview":"max-video-preview:-1"},"canonical":"https:\/\/tuzlainfo.ba\/index.php\/najava-dogadaja-2\/item\/273628-tuzla-veceras-domacin-nocne-petice-vise-od-700-trkaca-starta-sa-panonike\/","og_locale":"bs_BA","og_type":"article","og_title":"Tuzla ve\u010deras doma\u0107in \u201cNo\u0107ne petice\u201d: Vi\u0161e od 700 trka\u010da starta sa Panonike - TuzlaInfo.ba","og_description":"Tuzla ve\u010deras postaje epicentar sporta, zabave i ljetne energije \u2013 kroz \u201cTuzlansku no\u0107nu peticu\u201d, utrku&hellip;","og_url":"https:\/\/tuzlainfo.ba\/index.php\/najava-dogadaja-2\/item\/273628-tuzla-veceras-domacin-nocne-petice-vise-od-700-trkaca-starta-sa-panonike\/","og_site_name":"TuzlaInfo.ba","article_publisher":"https:\/\/www.facebook.com\/tuzlainfo.ba\/","article_published_time":"2025-07-26T09:54:38+00:00","article_modified_time":"2025-07-08T06:15:44+00:00","og_image":[{"width":938,"height":589,"url":"https:\/\/tuzlainfo.ba\/wp-content\/uploads\/2025\/07\/Tuzlanska-nocna-petica-2.jpg","type":"image\/jpeg"}],"author":"Admin Tri","twitter_card":"summary_large_image","twitter_misc":{"Written by":"Admin Tri","Est. reading time":"2 minute"},"schema":{"@context":"https:\/\/schema.org","@graph":[{"@type":"Article","@id":"https:\/\/tuzlainfo.ba\/index.php\/najava-dogadaja-2\/item\/273628-tuzla-veceras-domacin-nocne-petice-vise-od-700-trkaca-starta-sa-panonike\/#article","isPartOf":{"@id":"https:\/\/tuzlainfo.ba\/index.php\/najava-dogadaja-2\/item\/273628-tuzla-veceras-domacin-nocne-petice-vise-od-700-trkaca-starta-sa-panonike\/"},"author":{"name":"Admin Tri","@id":"https:\/\/tuzlainfo.ba\/#\/schema\/person\/593e78a2f6378c5ba3e7600ecfa4e63a"},"headline":"Tuzla ve\u010deras doma\u0107in \u201cNo\u0107ne petice\u201d: Vi\u0161e od 700 trka\u010da starta sa Panonike","datePublished":"2025-07-26T09:54:38+00:00","dateModified":"2025-07-08T06:15:44+00:00","mainEntityOfPage":{"@id":"https:\/\/tuzlainfo.ba\/index.php\/najava-dogadaja-2\/item\/273628-tuzla-veceras-domacin-nocne-petice-vise-od-700-trkaca-starta-sa-panonike\/"},"wordCount":207,"publisher":{"@id":"https:\/\/tuzlainfo.ba\/#organization"},"image":{"@id":"https:\/\/tuzlainfo.ba\/index.php\/najava-dogadaja-2\/item\/273628-tuzla-veceras-domacin-nocne-petice-vise-od-700-trkaca-starta-sa-panonike\/#primaryimage"},"thumbnailUrl":"https:\/\/tuzlainfo.ba\/wp-content\/uploads\/2025\/07\/Tuzlanska-nocna-petica-2.jpg","keywords":["no\u0107na petica"],"articleSection":["Najave i doga\u0111aji"],"inLanguage":"bs-BA"},{"@type":"WebPage","@id":"https:\/\/tuzlainfo.ba\/index.php\/najava-dogadaja-2\/item\/273628-tuzla-veceras-domacin-nocne-petice-vise-od-700-trkaca-starta-sa-panonike\/","url":"https:\/\/tuzlainfo.ba\/index.php\/najava-dogadaja-2\/item\/273628-tuzla-veceras-domacin-nocne-petice-vise-od-700-trkaca-starta-sa-panonike\/","name":"Tuzla ve\u010deras doma\u0107in \u201cNo\u0107ne petice\u201d: Vi\u0161e od 700 trka\u010da starta sa Panonike - TuzlaInfo.ba","isPartOf":{"@id":"https:\/\/tuzlainfo.ba\/#website"},"primaryImageOfPage":{"@id":"https:\/\/tuzlainfo.ba\/index.php\/najava-dogadaja-2\/item\/273628-tuzla-veceras-domacin-nocne-petice-vise-od-700-trkaca-starta-sa-panonike\/#primaryimage"},"image":{"@id":"https:\/\/tuzlainfo.ba\/index.php\/najava-dogadaja-2\/item\/273628-tuzla-veceras-domacin-nocne-petice-vise-od-700-trkaca-starta-sa-panonike\/#primaryimage"},"thumbnailUrl":"https:\/\/tuzlainfo.ba\/wp-content\/uploads\/2025\/07\/Tuzlanska-nocna-petica-2.jpg","datePublished":"2025-07-26T09:54:38+00:00","dateModified":"2025-07-08T06:15:44+00:00","breadcrumb":{"@id":"https:\/\/tuzlainfo.ba\/index.php\/najava-dogadaja-2\/item\/273628-tuzla-veceras-domacin-nocne-petice-vise-od-700-trkaca-starta-sa-panonike\/#breadcrumb"},"inLanguage":"bs-BA","potentialAction":[{"@type":"ReadAction","target":["https:\/\/tuzlainfo.ba\/index.php\/najava-dogadaja-2\/item\/273628-tuzla-veceras-domacin-nocne-petice-vise-od-700-trkaca-starta-sa-panonike\/"]}]},{"@type":"ImageObject","inLanguage":"bs-BA","@id":"https:\/\/tuzlainfo.ba\/index.php\/najava-dogadaja-2\/item\/273628-tuzla-veceras-domacin-nocne-petice-vise-od-700-trkaca-starta-sa-panonike\/#primaryimage","url":"https:\/\/tuzlainfo.ba\/wp-content\/uploads\/2025\/07\/Tuzlanska-nocna-petica-2.jpg","contentUrl":"https:\/\/tuzlainfo.ba\/wp-content\/uploads\/2025\/07\/Tuzlanska-nocna-petica-2.jpg","width":938,"height":589},{"@type":"BreadcrumbList","@id":"https:\/\/tuzlainfo.ba\/index.php\/najava-dogadaja-2\/item\/273628-tuzla-veceras-domacin-nocne-petice-vise-od-700-trkaca-starta-sa-panonike\/#breadcrumb","itemListElement":[{"@type":"ListItem","position":1,"name":"Home","item":"https:\/\/tuzlainfo.ba\/"},{"@type":"ListItem","position":2,"name":"Tuzla ve\u010deras doma\u0107in \u201cNo\u0107ne petice\u201d: Vi\u0161e od 700 trka\u010da starta sa Panonike"}]},{"@type":"WebSite","@id":"https:\/\/tuzlainfo.ba\/#website","url":"https:\/\/tuzlainfo.ba\/","name":"TuzlaInfo.ba","description":"Tuzla info, gradski informator - Tuzla na dlanu","publisher":{"@id":"https:\/\/tuzlainfo.ba\/#organization"},"potentialAction":[{"@type":"SearchAction","target":{"@type":"EntryPoint","urlTemplate":"https:\/\/tuzlainfo.ba\/?s={search_term_string}"},"query-input":{"@type":"PropertyValueSpecification","valueRequired":true,"valueName":"search_term_string"}}],"inLanguage":"bs-BA"},{"@type":"Organization","@id":"https:\/\/tuzlainfo.ba\/#organization","name":"TuzlaInfo.ba","url":"https:\/\/tuzlainfo.ba\/","logo":{"@type":"ImageObject","inLanguage":"bs-BA","@id":"https:\/\/tuzlainfo.ba\/#\/schema\/logo\/image\/","url":"https:\/\/tuzlainfo.ba\/wp-content\/uploads\/2021\/03\/logo-ver-3-1.png","contentUrl":"https:\/\/tuzlainfo.ba\/wp-content\/uploads\/2021\/03\/logo-ver-3-1.png","width":350,"height":95,"caption":"TuzlaInfo.ba"},"image":{"@id":"https:\/\/tuzlainfo.ba\/#\/schema\/logo\/image\/"},"sameAs":["https:\/\/www.facebook.com\/tuzlainfo.ba\/"]},{"@type":"Person","@id":"https:\/\/tuzlainfo.ba\/#\/schema\/person\/593e78a2f6378c5ba3e7600ecfa4e63a","name":"Admin Tri","image":{"@type":"ImageObject","inLanguage":"bs-BA","@id":"https:\/\/tuzlainfo.ba\/#\/schema\/person\/image\/","url":"https:\/\/tuzlainfo.ba\/wp-content\/litespeed\/avatar\/b7920db4cc34a71ad12497283ad2fe3f.jpg?ver=1777100914","contentUrl":"https:\/\/tuzlainfo.ba\/wp-content\/litespeed\/avatar\/b7920db4cc34a71ad12497283ad2fe3f.jpg?ver=1777100914","caption":"Admin Tri"},"sameAs":["https:\/\/tuzlainfo.ba"]}]}},"_links":{"self":[{"href":"https:\/\/tuzlainfo.ba\/index.php\/wp-json\/wp\/v2\/posts\/273628"}],"collection":[{"href":"https:\/\/tuzlainfo.ba\/index.php\/wp-json\/wp\/v2\/posts"}],"about":[{"href":"https:\/\/tuzlainfo.ba\/index.php\/wp-json\/wp\/v2\/types\/post"}],"author":[{"embeddable":true,"href":"https:\/\/tuzlainfo.ba\/index.php\/wp-json\/wp\/v2\/users\/8"}],"replies":[{"embeddable":true,"href":"https:\/\/tuzlainfo.ba\/index.php\/wp-json\/wp\/v2\/comments?post=273628"}],"version-history":[{"count":1,"href":"https:\/\/tuzlainfo.ba\/index.php\/wp-json\/wp\/v2\/posts\/273628\/revisions"}],"predecessor-version":[{"id":273629,"href":"https:\/\/tuzlainfo.ba\/index.php\/wp-json\/wp\/v2\/posts\/273628\/revisions\/273629"}],"wp:featuredmedia":[{"embeddable":true,"href":"https:\/\/tuzlainfo.ba\/index.php\/wp-json\/wp\/v2\/media\/273594"}],"wp:attachment":[{"href":"https:\/\/tuzlainfo.ba\/index.php\/wp-json\/wp\/v2\/media?parent=273628"}],"wp:term":[{"taxonomy":"category","embeddable":true,"href":"https:\/\/tuzlainfo.ba\/index.php\/wp-json\/wp\/v2\/categories?post=273628"},{"taxonomy":"post_tag","embeddable":true,"href":"https:\/\/tuzlainfo.ba\/index.php\/wp-json\/wp\/v2\/tags?post=273628"}],"curies":[{"name":"wp","href":"https:\/\/api.w.org\/{rel}","templated":true}]}}