{"id":273569,"date":"2025-07-06T20:22:24","date_gmt":"2025-07-06T18:22:24","guid":{"rendered":"https:\/\/tuzlainfo.ba\/?p=273569"},"modified":"2025-07-06T20:22:24","modified_gmt":"2025-07-06T18:22:24","slug":"lose-upravljanje-vodi-do-skuplje-struje-bih-od-izvoznika-do-uvoznika-elektricne-energije","status":"publish","type":"post","link":"https:\/\/tuzlainfo.ba\/index.php\/bosna-i-hercegovina\/item\/273569-lose-upravljanje-vodi-do-skuplje-struje-bih-od-izvoznika-do-uvoznika-elektricne-energije\/","title":{"rendered":"Lo\u0161e upravljanje vodi do skuplje struje: BiH od izvoznika do uvoznika elektri\u010dne energije"},"content":{"rendered":"<p class=\"mb-4\n                              lg:mb-5\n                              text-textPrimary\n                              font-exo2\n                              text-xl\n                              leading-8\n                              font-semibold\" data-testid=\"article-lead-text\">Gra\u0111ani Federacije Bosne i Hercegovine uskoro bi mogli dobijati ve\u0107e ra\u010dune za elektri\u010dnu energiju. Kona\u010dnu odluku o pove\u0107anju cijena \u010deka se od Regulatorne komisije za energiju u FBiH (FERK), a sve ukazuje na to da \u0107e poskupljenja biti neizbje\u017ena, <a href=\"https:\/\/n1info.ba\/vijesti\/poskupljenje-struje-bih-energetska-kriza\/\"><strong>pi\u0161e N1<\/strong><\/a>.<\/p>\n<div class=\"article-content-wrapper w-full \" data-testid=\"article-content-wrapper-0\">\n<div class=\"rich-text-block break-words\">\n<p data-block-key=\"10erl\">Ovaj scenarij ve\u0107 dugo se najavljuje s obzirom na alarmantne podatke o milionskim gubicima Elektroprivrede BiH, neuspje\u0161nim rudarskim projektima i proma\u0161enim infrastrukturnim investicijama. Sve to posljedica je godina lo\u0161eg upravljanja, nepostojanja jasne energetske strategije i potpune zaostalosti u odnosu na evropske i globalne trendove. Na kraju, cijenu \u0107e \u2013 kao i uvijek \u2013 platiti gra\u0111ani.<\/p>\n<\/div>\n<\/div>\n<div class=\"article-content-wrapper w-full \" data-testid=\"article-content-wrapper-1\">\n<div class=\"rich-text-block break-words\">\n<p data-block-key=\"bd93i\">Podsjetimo, predlo\u017eene blok tarife podrazumijevaju pove\u0107anje cijena struje od 4,8 do \u010dak 8 posto, \u0161to \u0107e najvi\u0161e osjetiti doma\u0107instva sa ve\u0107om potro\u0161njom.<\/p>\n<\/div>\n<\/div>\n<div class=\"article-content-wrapper w-full \" data-testid=\"article-content-wrapper-2\">\n<div class=\"rich-text-block break-words\">\n<p data-block-key=\"1mtgu\">Od zemlje koja je do prije nekoliko godina izvozila elektri\u010dnu energiju, BiH je postala uvoznik. Samo u prvoj polovini ove godine potro\u0161eno je oko 150 miliona maraka na uvoz struje.<\/p>\n<\/div>\n<\/div>\n<div class=\"article-content-wrapper w-full \" data-testid=\"article-content-wrapper-4\">\n<div class=\"rich-text-block break-words\">\n<p data-block-key=\"c4bn0\"><b>&#8220;Ovo je sve posljedica, s jedne strane, lo\u0161eg upravljanja, a s druge strane nepostojanja ozbiljne strategije kako da jedna mala zemlja kao \u0161to je BiH, koja je 60 posto zavisna od proizvodnje elektri\u010dne energije iz uglja, a obiluje vodom, suncem i vjetrom, pre\u0111e sa uglja na obnovljive izvore. Zadnjih 15-ak godina su se zatvarale o\u010di pred tim problemom&#8221;<\/b>, ka\u017ee Damir Miljevi\u0107, ekonomski stru\u010dnjak.<\/p>\n<\/div>\n<\/div>\n<div class=\"article-content-wrapper w-full \" data-testid=\"article-content-wrapper-5\">\n<div class=\"rich-text-block break-words\">\n<p data-block-key=\"180id\">Dodaje da su javna preduze\u0107a nastavila ulagati u zastarjele projekte i ignorisati obnovljive izvore energije, dok prosje\u010dna starost termoblokova prelazi 60 godina. Danas, svega 10% elektri\u010dne energije u BiH dolazi iz sun\u010danih i vjetroelektrana \u2013 i to uglavnom iz privatnih investicija.<\/p>\n<\/div>\n<\/div>\n<div class=\"article-content-wrapper w-full \" data-testid=\"article-content-wrapper-6\">\n<div class=\"rich-text-block break-words\">\n<p data-block-key=\"o44v\"><b>&#8220;Samo niko nije rekao kakva je organizacija, kako se posluje u Elektroprivredi, koliki su tro\u0161kovi, koliko zapravo rade oni koji su u proizvodnji, a koliko ima svih onih slojeva koji \u2013 pitanje je \u2013 da li i\u0161ta rade. Koliko je novoprido\u0161lih, koliko se vi\u0161e zaposlilo, kakva je situacija u rudnicima, kakvu kvalifikacionu strukturu imaju i kakav je sistem zapo\u0161ljavanja&#8221;<\/b>, isti\u010de Svetlana Ceni\u0107, ekonomska stru\u010dnjakinja.<\/p>\n<\/div>\n<\/div>\n<div class=\"article-content-wrapper w-full \" data-testid=\"article-content-wrapper-7\">\n<div class=\"rich-text-block break-words\">\n<p data-block-key=\"54js2\">Po svim parametrima energetske tranzicije, BiH je posljednja u Evropi. Zbog skupih termoblokova i hidroelektrana postali smo nekonkurentni na tr\u017ei\u0161tu. Kupaca je sve manje, a uvoz sve skuplji.<\/p>\n<\/div>\n<\/div>\n<div class=\"article-content-wrapper w-full \" data-testid=\"article-content-wrapper-8\">\n<div class=\"grid\">\n<div class=\"flex flex-col justify-center items-center [&amp;_iframe]:mb-4 col-start-1 row-start-1\"><\/div>\n<\/div>\n<\/div>\n<div class=\"article-content-wrapper w-full \" data-testid=\"article-content-wrapper-9\">\n<div class=\"rich-text-block break-words\">\n<p data-block-key=\"alie1\"><b>&#8220;Uvijek se znalo da je BiH jedini izvoznik elektri\u010dne energije i da je to bio jedini energent kojeg smo imali u dovoljnoj mjeri. Uvozili smo plin i naftu, ali smo kroz elektri\u010dnu energiju pravili energetski balans. Danas, kada nemamo doma\u0107i ugalj ni elektri\u010dnu energiju, prinu\u0111eni smo na uvoz. Direktno smo vezani za tr\u017ei\u0161ne cijene, i u ovom momentu mo\u017eemo govoriti samo o poskupljenju, nikako o pojeftinjenju&#8221;<\/b>, upozorava Amer Jerlagi\u0107, biv\u0161i direktor Elektroprivrede BiH.<\/p>\n<\/div>\n<\/div>\n<div class=\"article-content-wrapper w-full \" data-testid=\"article-content-wrapper-10\">\n<div class=\"rich-text-block break-words\">\n<p data-block-key=\"4k8fd\"><b>&#8220;Mi \u0107emo imati jedan stra\u0161no brz pad. Ne \u017eelim \u0161iriti paniku i ne mislim da \u0107e do\u0107i do kolapsa elektroenergetskog sektora u BiH, ali da je stanje alarmantno \u2013 jeste&#8221;<\/b>, dodaje Almir Muhamedbegovi\u0107, energetski analiti\u010dar.<\/p>\n<\/div>\n<\/div>\n<div class=\"article-content-wrapper w-full \" data-testid=\"article-content-wrapper-11\">\n<div class=\"rich-text-block break-words\">\n<p data-block-key=\"dl7pq\">Na kraju, ceh ponovo pla\u0107aju gra\u0111ani. Posebno \u0107e biti pogo\u0111eni oni s vi\u0161om potro\u0161njom, uklju\u010duju\u0107i i upotrebu klima ure\u0111aja, \u0161to je, prema rije\u010dima federalnog premijera Nermina Nik\u0161i\u0107a \u2013 luksuz koji se mora platiti.<\/p>\n<\/div>\n<\/div>\n","protected":false},"excerpt":{"rendered":"<p>Gra\u0111ani Federacije Bosne i Hercegovine uskoro bi mogli dobijati ve\u0107e ra\u010dune za elektri\u010dnu energiju. Kona\u010dnu&hellip;<\/p>\n","protected":false},"author":2,"featured_media":258999,"comment_status":"closed","ping_status":"closed","sticky":false,"template":"","format":"standard","meta":{"_acf_changed":false,"footnotes":""},"categories":[291],"tags":[2148,12445],"acf":[],"yoast_head":"<!-- This site is optimized with the Yoast SEO plugin v23.5 - https:\/\/yoast.com\/wordpress\/plugins\/seo\/ -->\n<title>Lo\u0161e upravljanje vodi do skuplje struje: BiH od izvoznika do uvoznika elektri\u010dne energije - TuzlaInfo.ba<\/title>\n<meta name=\"robots\" content=\"index, follow, max-snippet:-1, max-image-preview:large, max-video-preview:-1\" \/>\n<link rel=\"canonical\" href=\"https:\/\/tuzlainfo.ba\/index.php\/bosna-i-hercegovina\/item\/273569-lose-upravljanje-vodi-do-skuplje-struje-bih-od-izvoznika-do-uvoznika-elektricne-energije\/\" \/>\n<meta property=\"og:locale\" content=\"bs_BA\" \/>\n<meta property=\"og:type\" content=\"article\" \/>\n<meta property=\"og:title\" content=\"Lo\u0161e upravljanje vodi do skuplje struje: BiH od izvoznika do uvoznika elektri\u010dne energije - TuzlaInfo.ba\" \/>\n<meta property=\"og:description\" content=\"Gra\u0111ani Federacije Bosne i Hercegovine uskoro bi mogli dobijati ve\u0107e ra\u010dune za elektri\u010dnu energiju. Kona\u010dnu&hellip;\" \/>\n<meta property=\"og:url\" content=\"https:\/\/tuzlainfo.ba\/index.php\/bosna-i-hercegovina\/item\/273569-lose-upravljanje-vodi-do-skuplje-struje-bih-od-izvoznika-do-uvoznika-elektricne-energije\/\" \/>\n<meta property=\"og:site_name\" content=\"TuzlaInfo.ba\" \/>\n<meta property=\"article:publisher\" content=\"https:\/\/www.facebook.com\/tuzlainfo.ba\/\" \/>\n<meta property=\"article:published_time\" content=\"2025-07-06T18:22:24+00:00\" \/>\n<meta property=\"og:image\" content=\"https:\/\/tuzlainfo.ba\/wp-content\/uploads\/2024\/12\/Dalekovod_struja_elektro.jpg\" \/>\n\t<meta property=\"og:image:width\" content=\"1000\" \/>\n\t<meta property=\"og:image:height\" content=\"595\" \/>\n\t<meta property=\"og:image:type\" content=\"image\/jpeg\" \/>\n<meta name=\"author\" content=\"nedim\" \/>\n<meta name=\"twitter:card\" content=\"summary_large_image\" \/>\n<meta name=\"twitter:label1\" content=\"Written by\" \/>\n\t<meta name=\"twitter:data1\" content=\"nedim\" \/>\n\t<meta name=\"twitter:label2\" content=\"Est. reading time\" \/>\n\t<meta name=\"twitter:data2\" content=\"3 minute\" \/>\n<script type=\"application\/ld+json\" class=\"yoast-schema-graph\">{\"@context\":\"https:\/\/schema.org\",\"@graph\":[{\"@type\":\"Article\",\"@id\":\"https:\/\/tuzlainfo.ba\/index.php\/bosna-i-hercegovina\/item\/273569-lose-upravljanje-vodi-do-skuplje-struje-bih-od-izvoznika-do-uvoznika-elektricne-energije\/#article\",\"isPartOf\":{\"@id\":\"https:\/\/tuzlainfo.ba\/index.php\/bosna-i-hercegovina\/item\/273569-lose-upravljanje-vodi-do-skuplje-struje-bih-od-izvoznika-do-uvoznika-elektricne-energije\/\"},\"author\":{\"name\":\"nedim\",\"@id\":\"https:\/\/tuzlainfo.ba\/#\/schema\/person\/f434e20dc27ea133923aab08451b7f7f\"},\"headline\":\"Lo\u0161e upravljanje vodi do skuplje struje: BiH od izvoznika do uvoznika elektri\u010dne energije\",\"datePublished\":\"2025-07-06T18:22:24+00:00\",\"dateModified\":\"2025-07-06T18:22:24+00:00\",\"mainEntityOfPage\":{\"@id\":\"https:\/\/tuzlainfo.ba\/index.php\/bosna-i-hercegovina\/item\/273569-lose-upravljanje-vodi-do-skuplje-struje-bih-od-izvoznika-do-uvoznika-elektricne-energije\/\"},\"wordCount\":549,\"publisher\":{\"@id\":\"https:\/\/tuzlainfo.ba\/#organization\"},\"image\":{\"@id\":\"https:\/\/tuzlainfo.ba\/index.php\/bosna-i-hercegovina\/item\/273569-lose-upravljanje-vodi-do-skuplje-struje-bih-od-izvoznika-do-uvoznika-elektricne-energije\/#primaryimage\"},\"thumbnailUrl\":\"https:\/\/tuzlainfo.ba\/wp-content\/uploads\/2024\/12\/Dalekovod_struja_elektro.jpg\",\"keywords\":[\"elektri\u010dna energija\",\"energetika\"],\"articleSection\":[\"Bosna i Hercegovina\"],\"inLanguage\":\"bs-BA\"},{\"@type\":\"WebPage\",\"@id\":\"https:\/\/tuzlainfo.ba\/index.php\/bosna-i-hercegovina\/item\/273569-lose-upravljanje-vodi-do-skuplje-struje-bih-od-izvoznika-do-uvoznika-elektricne-energije\/\",\"url\":\"https:\/\/tuzlainfo.ba\/index.php\/bosna-i-hercegovina\/item\/273569-lose-upravljanje-vodi-do-skuplje-struje-bih-od-izvoznika-do-uvoznika-elektricne-energije\/\",\"name\":\"Lo\u0161e upravljanje vodi do skuplje struje: BiH od izvoznika do uvoznika elektri\u010dne energije - TuzlaInfo.ba\",\"isPartOf\":{\"@id\":\"https:\/\/tuzlainfo.ba\/#website\"},\"primaryImageOfPage\":{\"@id\":\"https:\/\/tuzlainfo.ba\/index.php\/bosna-i-hercegovina\/item\/273569-lose-upravljanje-vodi-do-skuplje-struje-bih-od-izvoznika-do-uvoznika-elektricne-energije\/#primaryimage\"},\"image\":{\"@id\":\"https:\/\/tuzlainfo.ba\/index.php\/bosna-i-hercegovina\/item\/273569-lose-upravljanje-vodi-do-skuplje-struje-bih-od-izvoznika-do-uvoznika-elektricne-energije\/#primaryimage\"},\"thumbnailUrl\":\"https:\/\/tuzlainfo.ba\/wp-content\/uploads\/2024\/12\/Dalekovod_struja_elektro.jpg\",\"datePublished\":\"2025-07-06T18:22:24+00:00\",\"dateModified\":\"2025-07-06T18:22:24+00:00\",\"breadcrumb\":{\"@id\":\"https:\/\/tuzlainfo.ba\/index.php\/bosna-i-hercegovina\/item\/273569-lose-upravljanje-vodi-do-skuplje-struje-bih-od-izvoznika-do-uvoznika-elektricne-energije\/#breadcrumb\"},\"inLanguage\":\"bs-BA\",\"potentialAction\":[{\"@type\":\"ReadAction\",\"target\":[\"https:\/\/tuzlainfo.ba\/index.php\/bosna-i-hercegovina\/item\/273569-lose-upravljanje-vodi-do-skuplje-struje-bih-od-izvoznika-do-uvoznika-elektricne-energije\/\"]}]},{\"@type\":\"ImageObject\",\"inLanguage\":\"bs-BA\",\"@id\":\"https:\/\/tuzlainfo.ba\/index.php\/bosna-i-hercegovina\/item\/273569-lose-upravljanje-vodi-do-skuplje-struje-bih-od-izvoznika-do-uvoznika-elektricne-energije\/#primaryimage\",\"url\":\"https:\/\/tuzlainfo.ba\/wp-content\/uploads\/2024\/12\/Dalekovod_struja_elektro.jpg\",\"contentUrl\":\"https:\/\/tuzlainfo.ba\/wp-content\/uploads\/2024\/12\/Dalekovod_struja_elektro.jpg\",\"width\":1000,\"height\":595,\"caption\":\"Foto: Tuzlainfo.ba\"},{\"@type\":\"BreadcrumbList\",\"@id\":\"https:\/\/tuzlainfo.ba\/index.php\/bosna-i-hercegovina\/item\/273569-lose-upravljanje-vodi-do-skuplje-struje-bih-od-izvoznika-do-uvoznika-elektricne-energije\/#breadcrumb\",\"itemListElement\":[{\"@type\":\"ListItem\",\"position\":1,\"name\":\"Home\",\"item\":\"https:\/\/tuzlainfo.ba\/\"},{\"@type\":\"ListItem\",\"position\":2,\"name\":\"Lo\u0161e upravljanje vodi do skuplje struje: BiH od izvoznika do uvoznika elektri\u010dne energije\"}]},{\"@type\":\"WebSite\",\"@id\":\"https:\/\/tuzlainfo.ba\/#website\",\"url\":\"https:\/\/tuzlainfo.ba\/\",\"name\":\"TuzlaInfo.ba\",\"description\":\"Tuzla info, gradski informator - Tuzla na dlanu\",\"publisher\":{\"@id\":\"https:\/\/tuzlainfo.ba\/#organization\"},\"potentialAction\":[{\"@type\":\"SearchAction\",\"target\":{\"@type\":\"EntryPoint\",\"urlTemplate\":\"https:\/\/tuzlainfo.ba\/?s={search_term_string}\"},\"query-input\":{\"@type\":\"PropertyValueSpecification\",\"valueRequired\":true,\"valueName\":\"search_term_string\"}}],\"inLanguage\":\"bs-BA\"},{\"@type\":\"Organization\",\"@id\":\"https:\/\/tuzlainfo.ba\/#organization\",\"name\":\"TuzlaInfo.ba\",\"url\":\"https:\/\/tuzlainfo.ba\/\",\"logo\":{\"@type\":\"ImageObject\",\"inLanguage\":\"bs-BA\",\"@id\":\"https:\/\/tuzlainfo.ba\/#\/schema\/logo\/image\/\",\"url\":\"https:\/\/tuzlainfo.ba\/wp-content\/uploads\/2021\/03\/logo-ver-3-1.png\",\"contentUrl\":\"https:\/\/tuzlainfo.ba\/wp-content\/uploads\/2021\/03\/logo-ver-3-1.png\",\"width\":350,\"height\":95,\"caption\":\"TuzlaInfo.ba\"},\"image\":{\"@id\":\"https:\/\/tuzlainfo.ba\/#\/schema\/logo\/image\/\"},\"sameAs\":[\"https:\/\/www.facebook.com\/tuzlainfo.ba\/\"]},{\"@type\":\"Person\",\"@id\":\"https:\/\/tuzlainfo.ba\/#\/schema\/person\/f434e20dc27ea133923aab08451b7f7f\",\"name\":\"nedim\",\"image\":{\"@type\":\"ImageObject\",\"inLanguage\":\"bs-BA\",\"@id\":\"https:\/\/tuzlainfo.ba\/#\/schema\/person\/image\/\",\"url\":\"https:\/\/tuzlainfo.ba\/wp-content\/litespeed\/avatar\/aabad687af24844af817603ac1cbdc4f.jpg?ver=1776702173\",\"contentUrl\":\"https:\/\/tuzlainfo.ba\/wp-content\/litespeed\/avatar\/aabad687af24844af817603ac1cbdc4f.jpg?ver=1776702173\",\"caption\":\"nedim\"},\"description\":\"Tuzlainfo.ba pratite na dru\u0161tvenim mre\u017eama: Facebook, Instagram i Youtube. Svoje pri\u010de, upite i fotografije \u0161aljite na na\u0161u e-mail adresu.\"}]}<\/script>\n<!-- \/ Yoast SEO plugin. -->","yoast_head_json":{"title":"Lo\u0161e upravljanje vodi do skuplje struje: BiH od izvoznika do uvoznika elektri\u010dne energije - TuzlaInfo.ba","robots":{"index":"index","follow":"follow","max-snippet":"max-snippet:-1","max-image-preview":"max-image-preview:large","max-video-preview":"max-video-preview:-1"},"canonical":"https:\/\/tuzlainfo.ba\/index.php\/bosna-i-hercegovina\/item\/273569-lose-upravljanje-vodi-do-skuplje-struje-bih-od-izvoznika-do-uvoznika-elektricne-energije\/","og_locale":"bs_BA","og_type":"article","og_title":"Lo\u0161e upravljanje vodi do skuplje struje: BiH od izvoznika do uvoznika elektri\u010dne energije - TuzlaInfo.ba","og_description":"Gra\u0111ani Federacije Bosne i Hercegovine uskoro bi mogli dobijati ve\u0107e ra\u010dune za elektri\u010dnu energiju. Kona\u010dnu&hellip;","og_url":"https:\/\/tuzlainfo.ba\/index.php\/bosna-i-hercegovina\/item\/273569-lose-upravljanje-vodi-do-skuplje-struje-bih-od-izvoznika-do-uvoznika-elektricne-energije\/","og_site_name":"TuzlaInfo.ba","article_publisher":"https:\/\/www.facebook.com\/tuzlainfo.ba\/","article_published_time":"2025-07-06T18:22:24+00:00","og_image":[{"width":1000,"height":595,"url":"https:\/\/tuzlainfo.ba\/wp-content\/uploads\/2024\/12\/Dalekovod_struja_elektro.jpg","type":"image\/jpeg"}],"author":"nedim","twitter_card":"summary_large_image","twitter_misc":{"Written by":"nedim","Est. reading time":"3 minute"},"schema":{"@context":"https:\/\/schema.org","@graph":[{"@type":"Article","@id":"https:\/\/tuzlainfo.ba\/index.php\/bosna-i-hercegovina\/item\/273569-lose-upravljanje-vodi-do-skuplje-struje-bih-od-izvoznika-do-uvoznika-elektricne-energije\/#article","isPartOf":{"@id":"https:\/\/tuzlainfo.ba\/index.php\/bosna-i-hercegovina\/item\/273569-lose-upravljanje-vodi-do-skuplje-struje-bih-od-izvoznika-do-uvoznika-elektricne-energije\/"},"author":{"name":"nedim","@id":"https:\/\/tuzlainfo.ba\/#\/schema\/person\/f434e20dc27ea133923aab08451b7f7f"},"headline":"Lo\u0161e upravljanje vodi do skuplje struje: BiH od izvoznika do uvoznika elektri\u010dne energije","datePublished":"2025-07-06T18:22:24+00:00","dateModified":"2025-07-06T18:22:24+00:00","mainEntityOfPage":{"@id":"https:\/\/tuzlainfo.ba\/index.php\/bosna-i-hercegovina\/item\/273569-lose-upravljanje-vodi-do-skuplje-struje-bih-od-izvoznika-do-uvoznika-elektricne-energije\/"},"wordCount":549,"publisher":{"@id":"https:\/\/tuzlainfo.ba\/#organization"},"image":{"@id":"https:\/\/tuzlainfo.ba\/index.php\/bosna-i-hercegovina\/item\/273569-lose-upravljanje-vodi-do-skuplje-struje-bih-od-izvoznika-do-uvoznika-elektricne-energije\/#primaryimage"},"thumbnailUrl":"https:\/\/tuzlainfo.ba\/wp-content\/uploads\/2024\/12\/Dalekovod_struja_elektro.jpg","keywords":["elektri\u010dna energija","energetika"],"articleSection":["Bosna i Hercegovina"],"inLanguage":"bs-BA"},{"@type":"WebPage","@id":"https:\/\/tuzlainfo.ba\/index.php\/bosna-i-hercegovina\/item\/273569-lose-upravljanje-vodi-do-skuplje-struje-bih-od-izvoznika-do-uvoznika-elektricne-energije\/","url":"https:\/\/tuzlainfo.ba\/index.php\/bosna-i-hercegovina\/item\/273569-lose-upravljanje-vodi-do-skuplje-struje-bih-od-izvoznika-do-uvoznika-elektricne-energije\/","name":"Lo\u0161e upravljanje vodi do skuplje struje: BiH od izvoznika do uvoznika elektri\u010dne energije - TuzlaInfo.ba","isPartOf":{"@id":"https:\/\/tuzlainfo.ba\/#website"},"primaryImageOfPage":{"@id":"https:\/\/tuzlainfo.ba\/index.php\/bosna-i-hercegovina\/item\/273569-lose-upravljanje-vodi-do-skuplje-struje-bih-od-izvoznika-do-uvoznika-elektricne-energije\/#primaryimage"},"image":{"@id":"https:\/\/tuzlainfo.ba\/index.php\/bosna-i-hercegovina\/item\/273569-lose-upravljanje-vodi-do-skuplje-struje-bih-od-izvoznika-do-uvoznika-elektricne-energije\/#primaryimage"},"thumbnailUrl":"https:\/\/tuzlainfo.ba\/wp-content\/uploads\/2024\/12\/Dalekovod_struja_elektro.jpg","datePublished":"2025-07-06T18:22:24+00:00","dateModified":"2025-07-06T18:22:24+00:00","breadcrumb":{"@id":"https:\/\/tuzlainfo.ba\/index.php\/bosna-i-hercegovina\/item\/273569-lose-upravljanje-vodi-do-skuplje-struje-bih-od-izvoznika-do-uvoznika-elektricne-energije\/#breadcrumb"},"inLanguage":"bs-BA","potentialAction":[{"@type":"ReadAction","target":["https:\/\/tuzlainfo.ba\/index.php\/bosna-i-hercegovina\/item\/273569-lose-upravljanje-vodi-do-skuplje-struje-bih-od-izvoznika-do-uvoznika-elektricne-energije\/"]}]},{"@type":"ImageObject","inLanguage":"bs-BA","@id":"https:\/\/tuzlainfo.ba\/index.php\/bosna-i-hercegovina\/item\/273569-lose-upravljanje-vodi-do-skuplje-struje-bih-od-izvoznika-do-uvoznika-elektricne-energije\/#primaryimage","url":"https:\/\/tuzlainfo.ba\/wp-content\/uploads\/2024\/12\/Dalekovod_struja_elektro.jpg","contentUrl":"https:\/\/tuzlainfo.ba\/wp-content\/uploads\/2024\/12\/Dalekovod_struja_elektro.jpg","width":1000,"height":595,"caption":"Foto: Tuzlainfo.ba"},{"@type":"BreadcrumbList","@id":"https:\/\/tuzlainfo.ba\/index.php\/bosna-i-hercegovina\/item\/273569-lose-upravljanje-vodi-do-skuplje-struje-bih-od-izvoznika-do-uvoznika-elektricne-energije\/#breadcrumb","itemListElement":[{"@type":"ListItem","position":1,"name":"Home","item":"https:\/\/tuzlainfo.ba\/"},{"@type":"ListItem","position":2,"name":"Lo\u0161e upravljanje vodi do skuplje struje: BiH od izvoznika do uvoznika elektri\u010dne energije"}]},{"@type":"WebSite","@id":"https:\/\/tuzlainfo.ba\/#website","url":"https:\/\/tuzlainfo.ba\/","name":"TuzlaInfo.ba","description":"Tuzla info, gradski informator - Tuzla na dlanu","publisher":{"@id":"https:\/\/tuzlainfo.ba\/#organization"},"potentialAction":[{"@type":"SearchAction","target":{"@type":"EntryPoint","urlTemplate":"https:\/\/tuzlainfo.ba\/?s={search_term_string}"},"query-input":{"@type":"PropertyValueSpecification","valueRequired":true,"valueName":"search_term_string"}}],"inLanguage":"bs-BA"},{"@type":"Organization","@id":"https:\/\/tuzlainfo.ba\/#organization","name":"TuzlaInfo.ba","url":"https:\/\/tuzlainfo.ba\/","logo":{"@type":"ImageObject","inLanguage":"bs-BA","@id":"https:\/\/tuzlainfo.ba\/#\/schema\/logo\/image\/","url":"https:\/\/tuzlainfo.ba\/wp-content\/uploads\/2021\/03\/logo-ver-3-1.png","contentUrl":"https:\/\/tuzlainfo.ba\/wp-content\/uploads\/2021\/03\/logo-ver-3-1.png","width":350,"height":95,"caption":"TuzlaInfo.ba"},"image":{"@id":"https:\/\/tuzlainfo.ba\/#\/schema\/logo\/image\/"},"sameAs":["https:\/\/www.facebook.com\/tuzlainfo.ba\/"]},{"@type":"Person","@id":"https:\/\/tuzlainfo.ba\/#\/schema\/person\/f434e20dc27ea133923aab08451b7f7f","name":"nedim","image":{"@type":"ImageObject","inLanguage":"bs-BA","@id":"https:\/\/tuzlainfo.ba\/#\/schema\/person\/image\/","url":"https:\/\/tuzlainfo.ba\/wp-content\/litespeed\/avatar\/aabad687af24844af817603ac1cbdc4f.jpg?ver=1776702173","contentUrl":"https:\/\/tuzlainfo.ba\/wp-content\/litespeed\/avatar\/aabad687af24844af817603ac1cbdc4f.jpg?ver=1776702173","caption":"nedim"},"description":"Tuzlainfo.ba pratite na dru\u0161tvenim mre\u017eama: Facebook, Instagram i Youtube. Svoje pri\u010de, upite i fotografije \u0161aljite na na\u0161u e-mail adresu."}]}},"_links":{"self":[{"href":"https:\/\/tuzlainfo.ba\/index.php\/wp-json\/wp\/v2\/posts\/273569"}],"collection":[{"href":"https:\/\/tuzlainfo.ba\/index.php\/wp-json\/wp\/v2\/posts"}],"about":[{"href":"https:\/\/tuzlainfo.ba\/index.php\/wp-json\/wp\/v2\/types\/post"}],"author":[{"embeddable":true,"href":"https:\/\/tuzlainfo.ba\/index.php\/wp-json\/wp\/v2\/users\/2"}],"replies":[{"embeddable":true,"href":"https:\/\/tuzlainfo.ba\/index.php\/wp-json\/wp\/v2\/comments?post=273569"}],"version-history":[{"count":1,"href":"https:\/\/tuzlainfo.ba\/index.php\/wp-json\/wp\/v2\/posts\/273569\/revisions"}],"predecessor-version":[{"id":273570,"href":"https:\/\/tuzlainfo.ba\/index.php\/wp-json\/wp\/v2\/posts\/273569\/revisions\/273570"}],"wp:featuredmedia":[{"embeddable":true,"href":"https:\/\/tuzlainfo.ba\/index.php\/wp-json\/wp\/v2\/media\/258999"}],"wp:attachment":[{"href":"https:\/\/tuzlainfo.ba\/index.php\/wp-json\/wp\/v2\/media?parent=273569"}],"wp:term":[{"taxonomy":"category","embeddable":true,"href":"https:\/\/tuzlainfo.ba\/index.php\/wp-json\/wp\/v2\/categories?post=273569"},{"taxonomy":"post_tag","embeddable":true,"href":"https:\/\/tuzlainfo.ba\/index.php\/wp-json\/wp\/v2\/tags?post=273569"}],"curies":[{"name":"wp","href":"https:\/\/api.w.org\/{rel}","templated":true}]}}