{"id":273561,"date":"2025-07-06T12:01:58","date_gmt":"2025-07-06T10:01:58","guid":{"rendered":"https:\/\/tuzlainfo.ba\/?p=273561"},"modified":"2025-07-06T10:47:45","modified_gmt":"2025-07-06T08:47:45","slug":"zvuci-svjetskih-pozornica-u-tuzli-pocinje-sedmica-gitare-2025","status":"publish","type":"post","link":"https:\/\/tuzlainfo.ba\/index.php\/najava-dogadaja-2\/item\/273561-zvuci-svjetskih-pozornica-u-tuzli-pocinje-sedmica-gitare-2025\/","title":{"rendered":"Zvuci svjetskih pozornica u Tuzli: Po\u010dinje Sedmica gitare 2025"},"content":{"rendered":"<p>Ve\u010deras u Ateljeu Ismet Mujezinovi\u0107 po\u010dinje \u010detvrto izdanje Sedmice gitare Tuzla, koje \u0107e sve\u010dano otvoriti koncert virtuoza Sanela Red\u017ei\u0107a i Jana Depretera \u2013 dva velika imena klasi\u010dne gitare.<\/p>\n<p>Sanel Red\u017ei\u0107 (BiH\/Njema\u010dka), osniva\u010d i umjetni\u010dki direktor manifestacije, iza sebe ima nastupe u 35 zemalja svijeta, a ovaj put Tuzli poklanja poseban koncert dobrodo\u0161lice.<\/p>\n<p>Na sceni \u0107e mu se pridru\u017eiti Jan Depreter iz Belgije, jedan od deset najboljih klasi\u010dnih gitarista dana\u0161njice, ujedno i kompozitor koji ve\u0107 godinama sara\u0111uje sa Red\u017ei\u0107em.<\/p>\n<p>Zanimljivo je da je Depreter 2013. godine napisao i posvetio jedno djelo Sanelu Red\u017ei\u0107u, pod nazivom \u201cFrom Tuzla with love\u201d.<\/p>\n<p><img fetchpriority=\"high\" decoding=\"async\" class=\"alignnone wp-image-273563 size-full\" src=\"https:\/\/tuzlainfo.ba\/wp-content\/uploads\/2025\/07\/jan-depreter.jpg\" alt=\"\" width=\"1000\" height=\"562\" srcset=\"https:\/\/tuzlainfo.ba\/wp-content\/uploads\/2025\/07\/jan-depreter.jpg 1000w, https:\/\/tuzlainfo.ba\/wp-content\/uploads\/2025\/07\/jan-depreter-300x169.jpg 300w, https:\/\/tuzlainfo.ba\/wp-content\/uploads\/2025\/07\/jan-depreter-768x432.jpg 768w, https:\/\/tuzlainfo.ba\/wp-content\/uploads\/2025\/07\/jan-depreter-585x329.jpg 585w, https:\/\/tuzlainfo.ba\/wp-content\/uploads\/2025\/07\/jan-depreter-150x84.jpg 150w, https:\/\/tuzlainfo.ba\/wp-content\/uploads\/2025\/07\/jan-depreter-500x281.jpg 500w\" sizes=\"(max-width: 1000px) 100vw, 1000px\" \/><\/p>\n<p>Publika \u0107e u programu dugom oko sat i po u\u017eivati u djelima S. L. Weissa, Williama Waltona, Carla Domeniconia, Johanna Sebastiana Bacha, Agustina Barriosa, Giulia Regondija i Astora Piazzolle, dok \u0107e Depreter izvesti i neka svoja autorska djela.<\/p>\n<p>Koncert je besplatan i po\u010dinje u 20:00 sati. Nastava i masterklasi za u\u010denike startaju od ponedjeljka.<\/p>\n<p><img decoding=\"async\" class=\"alignnone wp-image-273564 size-large\" src=\"https:\/\/tuzlainfo.ba\/wp-content\/uploads\/2025\/07\/tgw-723x1024.jpg\" alt=\"\" width=\"723\" height=\"1024\" srcset=\"https:\/\/tuzlainfo.ba\/wp-content\/uploads\/2025\/07\/tgw-723x1024.jpg 723w, https:\/\/tuzlainfo.ba\/wp-content\/uploads\/2025\/07\/tgw-212x300.jpg 212w, https:\/\/tuzlainfo.ba\/wp-content\/uploads\/2025\/07\/tgw-768x1087.jpg 768w, https:\/\/tuzlainfo.ba\/wp-content\/uploads\/2025\/07\/tgw-1085x1536.jpg 1085w, https:\/\/tuzlainfo.ba\/wp-content\/uploads\/2025\/07\/tgw-585x828.jpg 585w, https:\/\/tuzlainfo.ba\/wp-content\/uploads\/2025\/07\/tgw-150x212.jpg 150w, https:\/\/tuzlainfo.ba\/wp-content\/uploads\/2025\/07\/tgw-353x500.jpg 353w, https:\/\/tuzlainfo.ba\/wp-content\/uploads\/2025\/07\/tgw.jpg 1130w\" sizes=\"(max-width: 723px) 100vw, 723px\" \/><\/p>\n<p>Sedmica gitare Tuzla 2025 realizuje se uz podr\u0161ku Grada Tuzla \u2013 Slu\u017ebe za kulturu, sport, mlade i socijalnu za\u0161titu, Ministarstva za kulturu, sport i mlade TK, JU Centar za kulturu Tuzla, Hotela Grand Tuzla i Mono digital Lukavac.<\/p>\n<p>Ne propustite priliku da budete dio ovog vrhunskog umjetni\u010dkog doga\u0111aja. Vidimo se na koncertu!<\/p>\n","protected":false},"excerpt":{"rendered":"<p>Ve\u010deras u Ateljeu Ismet Mujezinovi\u0107 po\u010dinje \u010detvrto izdanje Sedmice gitare Tuzla, koje \u0107e sve\u010dano otvoriti koncert virtuoza Sanela Red\u017ei\u0107a i Jana Depretera \u2013 dva velika imena klasi\u010dne gitare. Sanel Red\u017ei\u0107 (BiH\/Njema\u010dka), osniva\u010d i umjetni\u010dki direktor manifestacije, iza sebe ima nastupe u 35 zemalja svijeta, a ovaj put Tuzli poklanja poseban koncert dobrodo\u0161lice. Na sceni \u0107e [&hellip;]<\/p>\n","protected":false},"author":2,"featured_media":273562,"comment_status":"closed","ping_status":"closed","sticky":false,"template":"","format":"standard","meta":{"footnotes":""},"categories":[304,11],"tags":[5153],"class_list":["post-273561","post","type-post","status-publish","format-standard","has-post-thumbnail","hentry","category-istaknuto","category-najava-dogadaja-2","tag-tuzla-guitar-week"],"yoast_head":"<!-- This site is optimized with the Yoast SEO plugin v28.4 - https:\/\/yoast.com\/product\/yoast-seo-wordpress\/ -->\n<title>Zvuci svjetskih pozornica u Tuzli: Po\u010dinje Sedmica gitare 2025<\/title>\n<meta name=\"robots\" content=\"index, follow, max-snippet:-1, max-image-preview:large, max-video-preview:-1\" \/>\n<link rel=\"canonical\" href=\"https:\/\/tuzlainfo.ba\/index.php\/najava-dogadaja-2\/item\/273561-zvuci-svjetskih-pozornica-u-tuzli-pocinje-sedmica-gitare-2025\/\" \/>\n<meta property=\"og:locale\" content=\"bs_BA\" \/>\n<meta property=\"og:type\" content=\"article\" \/>\n<meta property=\"og:title\" content=\"Zvuci svjetskih pozornica u Tuzli: Po\u010dinje Sedmica gitare 2025\" \/>\n<meta property=\"og:description\" content=\"Ve\u010deras u Ateljeu Ismet Mujezinovi\u0107 po\u010dinje \u010detvrto izdanje Sedmice gitare Tuzla, koje \u0107e sve\u010dano otvoriti koncert virtuoza Sanela Red\u017ei\u0107a i Jana Depretera \u2013 dva velika imena klasi\u010dne gitare. Sanel Red\u017ei\u0107 (BiH\/Njema\u010dka), osniva\u010d i umjetni\u010dki direktor manifestacije, iza sebe ima nastupe u 35 zemalja svijeta, a ovaj put Tuzli poklanja poseban koncert dobrodo\u0161lice. Na sceni \u0107e [&hellip;]\" \/>\n<meta property=\"og:url\" content=\"https:\/\/tuzlainfo.ba\/index.php\/najava-dogadaja-2\/item\/273561-zvuci-svjetskih-pozornica-u-tuzli-pocinje-sedmica-gitare-2025\/\" \/>\n<meta property=\"og:site_name\" content=\"TuzlaInfo.ba\" \/>\n<meta property=\"article:publisher\" content=\"https:\/\/www.facebook.com\/tuzlainfo.ba\/\" \/>\n<meta property=\"article:published_time\" content=\"2025-07-06T10:01:58+00:00\" \/>\n<meta property=\"og:image\" content=\"https:\/\/tuzlainfo.ba\/wp-content\/uploads\/2025\/07\/0607_sanel_redzic.jpg\" \/>\n\t<meta property=\"og:image:width\" content=\"1000\" \/>\n\t<meta property=\"og:image:height\" content=\"666\" \/>\n\t<meta property=\"og:image:type\" content=\"image\/jpeg\" \/>\n<meta name=\"author\" content=\"nedim\" \/>\n<meta name=\"twitter:card\" content=\"summary_large_image\" \/>\n<meta name=\"twitter:label1\" content=\"Written by\" \/>\n\t<meta name=\"twitter:data1\" content=\"nedim\" \/>\n\t<meta name=\"twitter:label2\" content=\"Est. reading time\" \/>\n\t<meta name=\"twitter:data2\" content=\"2 minute\" \/>\n<script type=\"application\/ld+json\" class=\"yoast-schema-graph\">{\"@context\":\"https:\\\/\\\/schema.org\",\"@graph\":[{\"@type\":\"Article\",\"@id\":\"https:\\\/\\\/tuzlainfo.ba\\\/index.php\\\/najava-dogadaja-2\\\/item\\\/273561-zvuci-svjetskih-pozornica-u-tuzli-pocinje-sedmica-gitare-2025\\\/#article\",\"isPartOf\":{\"@id\":\"https:\\\/\\\/tuzlainfo.ba\\\/index.php\\\/najava-dogadaja-2\\\/item\\\/273561-zvuci-svjetskih-pozornica-u-tuzli-pocinje-sedmica-gitare-2025\\\/\"},\"author\":{\"name\":\"nedim\",\"@id\":\"https:\\\/\\\/tuzlainfo.ba\\\/#\\\/schema\\\/person\\\/f434e20dc27ea133923aab08451b7f7f\"},\"headline\":\"Zvuci svjetskih pozornica u Tuzli: Po\u010dinje Sedmica gitare 2025\",\"datePublished\":\"2025-07-06T10:01:58+00:00\",\"mainEntityOfPage\":{\"@id\":\"https:\\\/\\\/tuzlainfo.ba\\\/index.php\\\/najava-dogadaja-2\\\/item\\\/273561-zvuci-svjetskih-pozornica-u-tuzli-pocinje-sedmica-gitare-2025\\\/\"},\"wordCount\":234,\"publisher\":{\"@id\":\"https:\\\/\\\/tuzlainfo.ba\\\/#organization\"},\"image\":{\"@id\":\"https:\\\/\\\/tuzlainfo.ba\\\/index.php\\\/najava-dogadaja-2\\\/item\\\/273561-zvuci-svjetskih-pozornica-u-tuzli-pocinje-sedmica-gitare-2025\\\/#primaryimage\"},\"thumbnailUrl\":\"https:\\\/\\\/tuzlainfo.ba\\\/wp-content\\\/uploads\\\/2025\\\/07\\\/0607_sanel_redzic.jpg\",\"keywords\":[\"Tuzla Guitar Week\"],\"articleSection\":[\"Istaknuto\",\"Najave i doga\u0111aji\"],\"inLanguage\":\"bs-BA\",\"copyrightYear\":\"2025\",\"copyrightHolder\":{\"@id\":\"https:\\\/\\\/tuzlainfo.ba\\\/#organization\"}},{\"@type\":\"WebPage\",\"@id\":\"https:\\\/\\\/tuzlainfo.ba\\\/index.php\\\/najava-dogadaja-2\\\/item\\\/273561-zvuci-svjetskih-pozornica-u-tuzli-pocinje-sedmica-gitare-2025\\\/\",\"url\":\"https:\\\/\\\/tuzlainfo.ba\\\/index.php\\\/najava-dogadaja-2\\\/item\\\/273561-zvuci-svjetskih-pozornica-u-tuzli-pocinje-sedmica-gitare-2025\\\/\",\"name\":\"Zvuci svjetskih pozornica u Tuzli: Po\u010dinje Sedmica gitare 2025\",\"isPartOf\":{\"@id\":\"https:\\\/\\\/tuzlainfo.ba\\\/#website\"},\"primaryImageOfPage\":{\"@id\":\"https:\\\/\\\/tuzlainfo.ba\\\/index.php\\\/najava-dogadaja-2\\\/item\\\/273561-zvuci-svjetskih-pozornica-u-tuzli-pocinje-sedmica-gitare-2025\\\/#primaryimage\"},\"image\":{\"@id\":\"https:\\\/\\\/tuzlainfo.ba\\\/index.php\\\/najava-dogadaja-2\\\/item\\\/273561-zvuci-svjetskih-pozornica-u-tuzli-pocinje-sedmica-gitare-2025\\\/#primaryimage\"},\"thumbnailUrl\":\"https:\\\/\\\/tuzlainfo.ba\\\/wp-content\\\/uploads\\\/2025\\\/07\\\/0607_sanel_redzic.jpg\",\"datePublished\":\"2025-07-06T10:01:58+00:00\",\"breadcrumb\":{\"@id\":\"https:\\\/\\\/tuzlainfo.ba\\\/index.php\\\/najava-dogadaja-2\\\/item\\\/273561-zvuci-svjetskih-pozornica-u-tuzli-pocinje-sedmica-gitare-2025\\\/#breadcrumb\"},\"inLanguage\":\"bs-BA\",\"potentialAction\":[{\"@type\":\"ReadAction\",\"target\":[\"https:\\\/\\\/tuzlainfo.ba\\\/index.php\\\/najava-dogadaja-2\\\/item\\\/273561-zvuci-svjetskih-pozornica-u-tuzli-pocinje-sedmica-gitare-2025\\\/\"]}]},{\"@type\":\"ImageObject\",\"inLanguage\":\"bs-BA\",\"@id\":\"https:\\\/\\\/tuzlainfo.ba\\\/index.php\\\/najava-dogadaja-2\\\/item\\\/273561-zvuci-svjetskih-pozornica-u-tuzli-pocinje-sedmica-gitare-2025\\\/#primaryimage\",\"url\":\"https:\\\/\\\/tuzlainfo.ba\\\/wp-content\\\/uploads\\\/2025\\\/07\\\/0607_sanel_redzic.jpg\",\"contentUrl\":\"https:\\\/\\\/tuzlainfo.ba\\\/wp-content\\\/uploads\\\/2025\\\/07\\\/0607_sanel_redzic.jpg\",\"width\":1000,\"height\":666},{\"@type\":\"BreadcrumbList\",\"@id\":\"https:\\\/\\\/tuzlainfo.ba\\\/index.php\\\/najava-dogadaja-2\\\/item\\\/273561-zvuci-svjetskih-pozornica-u-tuzli-pocinje-sedmica-gitare-2025\\\/#breadcrumb\",\"itemListElement\":[{\"@type\":\"ListItem\",\"position\":1,\"name\":\"Home\",\"item\":\"https:\\\/\\\/tuzlainfo.ba\\\/\"},{\"@type\":\"ListItem\",\"position\":2,\"name\":\"Zvuci svjetskih pozornica u Tuzli: Po\u010dinje Sedmica gitare 2025\"}]},{\"@type\":\"WebSite\",\"@id\":\"https:\\\/\\\/tuzlainfo.ba\\\/#website\",\"url\":\"https:\\\/\\\/tuzlainfo.ba\\\/\",\"name\":\"TuzlaInfo.ba\",\"description\":\"Tuzla info, gradski informator - Tuzla na dlanu\",\"publisher\":{\"@id\":\"https:\\\/\\\/tuzlainfo.ba\\\/#organization\"},\"potentialAction\":[{\"@type\":\"SearchAction\",\"target\":{\"@type\":\"EntryPoint\",\"urlTemplate\":\"https:\\\/\\\/tuzlainfo.ba\\\/?s={search_term_string}\"},\"query-input\":{\"@type\":\"PropertyValueSpecification\",\"valueRequired\":true,\"valueName\":\"search_term_string\"}}],\"inLanguage\":\"bs-BA\"},{\"@type\":\"Organization\",\"@id\":\"https:\\\/\\\/tuzlainfo.ba\\\/#organization\",\"name\":\"TuzlaInfo.ba\",\"url\":\"https:\\\/\\\/tuzlainfo.ba\\\/\",\"logo\":{\"@type\":\"ImageObject\",\"inLanguage\":\"bs-BA\",\"@id\":\"https:\\\/\\\/tuzlainfo.ba\\\/#\\\/schema\\\/logo\\\/image\\\/\",\"url\":\"https:\\\/\\\/tuzlainfo.ba\\\/wp-content\\\/uploads\\\/2021\\\/03\\\/logo-ver-3-1.png\",\"contentUrl\":\"https:\\\/\\\/tuzlainfo.ba\\\/wp-content\\\/uploads\\\/2021\\\/03\\\/logo-ver-3-1.png\",\"width\":350,\"height\":95,\"caption\":\"TuzlaInfo.ba\"},\"image\":{\"@id\":\"https:\\\/\\\/tuzlainfo.ba\\\/#\\\/schema\\\/logo\\\/image\\\/\"},\"sameAs\":[\"https:\\\/\\\/www.facebook.com\\\/tuzlainfo.ba\\\/\"]},{\"@type\":\"Person\",\"@id\":\"https:\\\/\\\/tuzlainfo.ba\\\/#\\\/schema\\\/person\\\/f434e20dc27ea133923aab08451b7f7f\",\"name\":\"nedim\",\"image\":{\"@type\":\"ImageObject\",\"inLanguage\":\"bs-BA\",\"@id\":\"https:\\\/\\\/secure.gravatar.com\\\/avatar\\\/5b928a2e7e70a54208d2eb6c1edcb75a5350d6ae97d5f0a701203d456823f6f3?s=96&d=mm&r=g\",\"url\":\"https:\\\/\\\/secure.gravatar.com\\\/avatar\\\/5b928a2e7e70a54208d2eb6c1edcb75a5350d6ae97d5f0a701203d456823f6f3?s=96&d=mm&r=g\",\"contentUrl\":\"https:\\\/\\\/secure.gravatar.com\\\/avatar\\\/5b928a2e7e70a54208d2eb6c1edcb75a5350d6ae97d5f0a701203d456823f6f3?s=96&d=mm&r=g\",\"caption\":\"nedim\"},\"description\":\"Tuzlainfo.ba pratite na dru\u0161tvenim mre\u017eama: Facebook, Instagram i Youtube. Svoje pri\u010de, upite i fotografije \u0161aljite na na\u0161u e-mail adresu.\"}]}<\/script>\n<!-- \/ Yoast SEO plugin. -->","yoast_head_json":{"title":"Zvuci svjetskih pozornica u Tuzli: Po\u010dinje Sedmica gitare 2025","robots":{"index":"index","follow":"follow","max-snippet":"max-snippet:-1","max-image-preview":"max-image-preview:large","max-video-preview":"max-video-preview:-1"},"canonical":"https:\/\/tuzlainfo.ba\/index.php\/najava-dogadaja-2\/item\/273561-zvuci-svjetskih-pozornica-u-tuzli-pocinje-sedmica-gitare-2025\/","og_locale":"bs_BA","og_type":"article","og_title":"Zvuci svjetskih pozornica u Tuzli: Po\u010dinje Sedmica gitare 2025","og_description":"Ve\u010deras u Ateljeu Ismet Mujezinovi\u0107 po\u010dinje \u010detvrto izdanje Sedmice gitare Tuzla, koje \u0107e sve\u010dano otvoriti koncert virtuoza Sanela Red\u017ei\u0107a i Jana Depretera \u2013 dva velika imena klasi\u010dne gitare. Sanel Red\u017ei\u0107 (BiH\/Njema\u010dka), osniva\u010d i umjetni\u010dki direktor manifestacije, iza sebe ima nastupe u 35 zemalja svijeta, a ovaj put Tuzli poklanja poseban koncert dobrodo\u0161lice. Na sceni \u0107e [&hellip;]","og_url":"https:\/\/tuzlainfo.ba\/index.php\/najava-dogadaja-2\/item\/273561-zvuci-svjetskih-pozornica-u-tuzli-pocinje-sedmica-gitare-2025\/","og_site_name":"TuzlaInfo.ba","article_publisher":"https:\/\/www.facebook.com\/tuzlainfo.ba\/","article_published_time":"2025-07-06T10:01:58+00:00","og_image":[{"width":1000,"height":666,"url":"https:\/\/tuzlainfo.ba\/wp-content\/uploads\/2025\/07\/0607_sanel_redzic.jpg","type":"image\/jpeg"}],"author":"nedim","twitter_card":"summary_large_image","twitter_misc":{"Written by":"nedim","Est. reading time":"2 minute"},"schema":{"@context":"https:\/\/schema.org","@graph":[{"@type":"Article","@id":"https:\/\/tuzlainfo.ba\/index.php\/najava-dogadaja-2\/item\/273561-zvuci-svjetskih-pozornica-u-tuzli-pocinje-sedmica-gitare-2025\/#article","isPartOf":{"@id":"https:\/\/tuzlainfo.ba\/index.php\/najava-dogadaja-2\/item\/273561-zvuci-svjetskih-pozornica-u-tuzli-pocinje-sedmica-gitare-2025\/"},"author":{"name":"nedim","@id":"https:\/\/tuzlainfo.ba\/#\/schema\/person\/f434e20dc27ea133923aab08451b7f7f"},"headline":"Zvuci svjetskih pozornica u Tuzli: Po\u010dinje Sedmica gitare 2025","datePublished":"2025-07-06T10:01:58+00:00","mainEntityOfPage":{"@id":"https:\/\/tuzlainfo.ba\/index.php\/najava-dogadaja-2\/item\/273561-zvuci-svjetskih-pozornica-u-tuzli-pocinje-sedmica-gitare-2025\/"},"wordCount":234,"publisher":{"@id":"https:\/\/tuzlainfo.ba\/#organization"},"image":{"@id":"https:\/\/tuzlainfo.ba\/index.php\/najava-dogadaja-2\/item\/273561-zvuci-svjetskih-pozornica-u-tuzli-pocinje-sedmica-gitare-2025\/#primaryimage"},"thumbnailUrl":"https:\/\/tuzlainfo.ba\/wp-content\/uploads\/2025\/07\/0607_sanel_redzic.jpg","keywords":["Tuzla Guitar Week"],"articleSection":["Istaknuto","Najave i doga\u0111aji"],"inLanguage":"bs-BA","copyrightYear":"2025","copyrightHolder":{"@id":"https:\/\/tuzlainfo.ba\/#organization"}},{"@type":"WebPage","@id":"https:\/\/tuzlainfo.ba\/index.php\/najava-dogadaja-2\/item\/273561-zvuci-svjetskih-pozornica-u-tuzli-pocinje-sedmica-gitare-2025\/","url":"https:\/\/tuzlainfo.ba\/index.php\/najava-dogadaja-2\/item\/273561-zvuci-svjetskih-pozornica-u-tuzli-pocinje-sedmica-gitare-2025\/","name":"Zvuci svjetskih pozornica u Tuzli: Po\u010dinje Sedmica gitare 2025","isPartOf":{"@id":"https:\/\/tuzlainfo.ba\/#website"},"primaryImageOfPage":{"@id":"https:\/\/tuzlainfo.ba\/index.php\/najava-dogadaja-2\/item\/273561-zvuci-svjetskih-pozornica-u-tuzli-pocinje-sedmica-gitare-2025\/#primaryimage"},"image":{"@id":"https:\/\/tuzlainfo.ba\/index.php\/najava-dogadaja-2\/item\/273561-zvuci-svjetskih-pozornica-u-tuzli-pocinje-sedmica-gitare-2025\/#primaryimage"},"thumbnailUrl":"https:\/\/tuzlainfo.ba\/wp-content\/uploads\/2025\/07\/0607_sanel_redzic.jpg","datePublished":"2025-07-06T10:01:58+00:00","breadcrumb":{"@id":"https:\/\/tuzlainfo.ba\/index.php\/najava-dogadaja-2\/item\/273561-zvuci-svjetskih-pozornica-u-tuzli-pocinje-sedmica-gitare-2025\/#breadcrumb"},"inLanguage":"bs-BA","potentialAction":[{"@type":"ReadAction","target":["https:\/\/tuzlainfo.ba\/index.php\/najava-dogadaja-2\/item\/273561-zvuci-svjetskih-pozornica-u-tuzli-pocinje-sedmica-gitare-2025\/"]}]},{"@type":"ImageObject","inLanguage":"bs-BA","@id":"https:\/\/tuzlainfo.ba\/index.php\/najava-dogadaja-2\/item\/273561-zvuci-svjetskih-pozornica-u-tuzli-pocinje-sedmica-gitare-2025\/#primaryimage","url":"https:\/\/tuzlainfo.ba\/wp-content\/uploads\/2025\/07\/0607_sanel_redzic.jpg","contentUrl":"https:\/\/tuzlainfo.ba\/wp-content\/uploads\/2025\/07\/0607_sanel_redzic.jpg","width":1000,"height":666},{"@type":"BreadcrumbList","@id":"https:\/\/tuzlainfo.ba\/index.php\/najava-dogadaja-2\/item\/273561-zvuci-svjetskih-pozornica-u-tuzli-pocinje-sedmica-gitare-2025\/#breadcrumb","itemListElement":[{"@type":"ListItem","position":1,"name":"Home","item":"https:\/\/tuzlainfo.ba\/"},{"@type":"ListItem","position":2,"name":"Zvuci svjetskih pozornica u Tuzli: Po\u010dinje Sedmica gitare 2025"}]},{"@type":"WebSite","@id":"https:\/\/tuzlainfo.ba\/#website","url":"https:\/\/tuzlainfo.ba\/","name":"TuzlaInfo.ba","description":"Tuzla info, gradski informator - Tuzla na dlanu","publisher":{"@id":"https:\/\/tuzlainfo.ba\/#organization"},"potentialAction":[{"@type":"SearchAction","target":{"@type":"EntryPoint","urlTemplate":"https:\/\/tuzlainfo.ba\/?s={search_term_string}"},"query-input":{"@type":"PropertyValueSpecification","valueRequired":true,"valueName":"search_term_string"}}],"inLanguage":"bs-BA"},{"@type":"Organization","@id":"https:\/\/tuzlainfo.ba\/#organization","name":"TuzlaInfo.ba","url":"https:\/\/tuzlainfo.ba\/","logo":{"@type":"ImageObject","inLanguage":"bs-BA","@id":"https:\/\/tuzlainfo.ba\/#\/schema\/logo\/image\/","url":"https:\/\/tuzlainfo.ba\/wp-content\/uploads\/2021\/03\/logo-ver-3-1.png","contentUrl":"https:\/\/tuzlainfo.ba\/wp-content\/uploads\/2021\/03\/logo-ver-3-1.png","width":350,"height":95,"caption":"TuzlaInfo.ba"},"image":{"@id":"https:\/\/tuzlainfo.ba\/#\/schema\/logo\/image\/"},"sameAs":["https:\/\/www.facebook.com\/tuzlainfo.ba\/"]},{"@type":"Person","@id":"https:\/\/tuzlainfo.ba\/#\/schema\/person\/f434e20dc27ea133923aab08451b7f7f","name":"nedim","image":{"@type":"ImageObject","inLanguage":"bs-BA","@id":"https:\/\/secure.gravatar.com\/avatar\/5b928a2e7e70a54208d2eb6c1edcb75a5350d6ae97d5f0a701203d456823f6f3?s=96&d=mm&r=g","url":"https:\/\/secure.gravatar.com\/avatar\/5b928a2e7e70a54208d2eb6c1edcb75a5350d6ae97d5f0a701203d456823f6f3?s=96&d=mm&r=g","contentUrl":"https:\/\/secure.gravatar.com\/avatar\/5b928a2e7e70a54208d2eb6c1edcb75a5350d6ae97d5f0a701203d456823f6f3?s=96&d=mm&r=g","caption":"nedim"},"description":"Tuzlainfo.ba pratite na dru\u0161tvenim mre\u017eama: Facebook, Instagram i Youtube. Svoje pri\u010de, upite i fotografije \u0161aljite na na\u0161u e-mail adresu."}]}},"_links":{"self":[{"href":"https:\/\/tuzlainfo.ba\/index.php\/wp-json\/wp\/v2\/posts\/273561","targetHints":{"allow":["GET"]}}],"collection":[{"href":"https:\/\/tuzlainfo.ba\/index.php\/wp-json\/wp\/v2\/posts"}],"about":[{"href":"https:\/\/tuzlainfo.ba\/index.php\/wp-json\/wp\/v2\/types\/post"}],"author":[{"embeddable":true,"href":"https:\/\/tuzlainfo.ba\/index.php\/wp-json\/wp\/v2\/users\/2"}],"replies":[{"embeddable":true,"href":"https:\/\/tuzlainfo.ba\/index.php\/wp-json\/wp\/v2\/comments?post=273561"}],"version-history":[{"count":1,"href":"https:\/\/tuzlainfo.ba\/index.php\/wp-json\/wp\/v2\/posts\/273561\/revisions"}],"predecessor-version":[{"id":273565,"href":"https:\/\/tuzlainfo.ba\/index.php\/wp-json\/wp\/v2\/posts\/273561\/revisions\/273565"}],"wp:featuredmedia":[{"embeddable":true,"href":"https:\/\/tuzlainfo.ba\/index.php\/wp-json\/wp\/v2\/media\/273562"}],"wp:attachment":[{"href":"https:\/\/tuzlainfo.ba\/index.php\/wp-json\/wp\/v2\/media?parent=273561"}],"wp:term":[{"taxonomy":"category","embeddable":true,"href":"https:\/\/tuzlainfo.ba\/index.php\/wp-json\/wp\/v2\/categories?post=273561"},{"taxonomy":"post_tag","embeddable":true,"href":"https:\/\/tuzlainfo.ba\/index.php\/wp-json\/wp\/v2\/tags?post=273561"}],"curies":[{"name":"wp","href":"https:\/\/api.w.org\/{rel}","templated":true}]}}