{"id":273385,"date":"2025-07-06T21:35:38","date_gmt":"2025-07-06T19:35:38","guid":{"rendered":"https:\/\/tuzlainfo.ba\/?p=273385"},"modified":"2025-07-06T21:38:50","modified_gmt":"2025-07-06T19:38:50","slug":"bih-i-evropa-gore-pod-toplotnim-talasom-suse-i-pozari-obiljezili-prvu-sedmicu-jula","status":"publish","type":"post","link":"https:\/\/tuzlainfo.ba\/index.php\/bosna-i-hercegovina\/item\/273385-bih-i-evropa-gore-pod-toplotnim-talasom-suse-i-pozari-obiljezili-prvu-sedmicu-jula\/","title":{"rendered":"BiH i Evropa gore pod toplotnim talasom: Su\u0161e i po\u017eari obilje\u017eili prvu sedmicu jula"},"content":{"rendered":"<p>Od \u0160kotske do Turske, kontinent se suo\u010dava s ekstremnim vremenskim uslovima koji prijete \u017eivotima, uni\u0161tavaju imovinu i stavljaju na ispit sisteme civilne za\u0161tite. Toplotni talas koji je zahvatio ve\u0107i dio Evrope po\u010detkom jula donio je temperature iznad 40 stepeni, dok se istovremeno bore s rasprostranjenim po\u017earima, od britanskih \u0161uma do gr\u010dkih otoka.<\/p>\n<p>Prema slu\u017ebenim podacima, \u0160panija i Portugal bilje\u017ee rekorde od gotovo 47 stepeni, a samo u tim dr\u017eavama zabilje\u017eeno je najmanje osam smrtnih slu\u010dajeva povezanih s vru\u0107inom. Francuska, Italija i Njema\u010dka uvele su najvi\u0161a meteo upozorenja, a hitne slu\u017ebe nalaze se u stanju pune pripravnosti.<\/p>\n<p>Vatra, potpomognuta su\u0161om i vjetrom, \u0161iri se i u drugim zemljama. U Gr\u010dkoj, na jugoistoku Krete, evakuirano je vi\u0161e od 1.500 ljudi. Vi\u0161e od 200 vatrogasaca, podr\u017eanih avionima i helikopterima, poku\u0161ava zaustaviti \u0161irenje vatre prema naseljenim mjestima. U Francuskoj je po\u017ear u Corbieresu doveo do zatvaranja puteva, dok su u Njema\u010dkoj zbog vatre u blizini biv\u0161eg vojnog poligona evakuisana sela, a dva vatrogasca su te\u0161ko povrije\u0111ena.<\/p>\n<p>Turska je me\u0111u najpogo\u0111enijima \u2013 od juna je evakuisano vi\u0161e od 50.000 ljudi, vi\u0161e od 200 domova uni\u0161teno, a jedna osoba izgubila \u017eivot zbog udisanja dima.<\/p>\n<p>U regiji Zapadnog Balkana, situacija nije ni\u0161ta bolja. Su\u0161a koja traje od sredine juna posebno poga\u0111a Albaniju, Crnu Goru i Bosnu i Hercegovinu. Rijeke su gotovo presu\u0161ile, a poljoprivredna \u0161teta ve\u0107 je ogromna. U BiH je juni bio najtopliji i najsu\u0161niji mjesec u posljednjih 135 godina, \u0161to znatno pove\u0107ava rizik od po\u017eara, ali i ozbiljno naru\u0161ava opskrbu vodom.<\/p>\n<p>Evropska unija je, usljed ozbiljnosti situacije, aktivirala mehanizme civilne za\u0161tite \u2013 mobilisano je 650 vatrogasaca iz 14 dr\u017eava \u010dlanica, zajedno s 22 specijalna aviona i helikoptera za ga\u0161enje po\u017eara.<\/p>\n<p>Zabrane lo\u017eenja vatre, preporuke za \u0161tednju vode i poja\u010dan nadzor o\u010dekuju se \u0161irom BiH. Po\u017earni alarm ostaje na snazi za gotovo cijelu regiju.<\/p>\n","protected":false},"excerpt":{"rendered":"<p>Od \u0160kotske do Turske, kontinent se suo\u010dava s ekstremnim vremenskim uslovima koji prijete \u017eivotima, uni\u0161tavaju&hellip;<\/p>\n","protected":false},"author":8,"featured_media":272625,"comment_status":"closed","ping_status":"closed","sticky":false,"template":"","format":"standard","meta":{"_acf_changed":false,"footnotes":""},"categories":[291,16],"tags":[2122],"acf":[],"yoast_head":"<!-- This site is optimized with the Yoast SEO plugin v23.5 - https:\/\/yoast.com\/wordpress\/plugins\/seo\/ -->\n<title>BiH i Evropa gore pod toplotnim talasom: Su\u0161e i po\u017eari obilje\u017eili prvu sedmicu jula - TuzlaInfo.ba<\/title>\n<meta name=\"robots\" content=\"index, follow, max-snippet:-1, max-image-preview:large, max-video-preview:-1\" \/>\n<link rel=\"canonical\" href=\"https:\/\/tuzlainfo.ba\/index.php\/clanci\/sa-svih-strana\/item\/273385-bih-i-evropa-gore-pod-toplotnim-talasom-suse-i-pozari-obiljezili-prvu-sedmicu-jula\/\" \/>\n<meta property=\"og:locale\" content=\"bs_BA\" \/>\n<meta property=\"og:type\" content=\"article\" \/>\n<meta property=\"og:title\" content=\"BiH i Evropa gore pod toplotnim talasom: Su\u0161e i po\u017eari obilje\u017eili prvu sedmicu jula - TuzlaInfo.ba\" \/>\n<meta property=\"og:description\" content=\"Od \u0160kotske do Turske, kontinent se suo\u010dava s ekstremnim vremenskim uslovima koji prijete \u017eivotima, uni\u0161tavaju&hellip;\" \/>\n<meta property=\"og:url\" content=\"https:\/\/tuzlainfo.ba\/index.php\/clanci\/sa-svih-strana\/item\/273385-bih-i-evropa-gore-pod-toplotnim-talasom-suse-i-pozari-obiljezili-prvu-sedmicu-jula\/\" \/>\n<meta property=\"og:site_name\" content=\"TuzlaInfo.ba\" \/>\n<meta property=\"article:publisher\" content=\"https:\/\/www.facebook.com\/tuzlainfo.ba\/\" \/>\n<meta property=\"article:published_time\" content=\"2025-07-06T19:35:38+00:00\" \/>\n<meta property=\"article:modified_time\" content=\"2025-07-06T19:38:50+00:00\" \/>\n<meta property=\"og:image\" content=\"https:\/\/tuzlainfo.ba\/wp-content\/uploads\/2025\/06\/2406_pozar_makarska.jpg\" \/>\n\t<meta property=\"og:image:width\" content=\"800\" \/>\n\t<meta property=\"og:image:height\" content=\"600\" \/>\n\t<meta property=\"og:image:type\" content=\"image\/jpeg\" \/>\n<meta name=\"author\" content=\"Admin Tri\" \/>\n<meta name=\"twitter:card\" content=\"summary_large_image\" \/>\n<meta name=\"twitter:label1\" content=\"Written by\" \/>\n\t<meta name=\"twitter:data1\" content=\"Admin Tri\" \/>\n\t<meta name=\"twitter:label2\" content=\"Est. reading time\" \/>\n\t<meta name=\"twitter:data2\" content=\"2 minute\" \/>\n<script type=\"application\/ld+json\" class=\"yoast-schema-graph\">{\"@context\":\"https:\/\/schema.org\",\"@graph\":[{\"@type\":\"Article\",\"@id\":\"https:\/\/tuzlainfo.ba\/index.php\/clanci\/sa-svih-strana\/item\/273385-bih-i-evropa-gore-pod-toplotnim-talasom-suse-i-pozari-obiljezili-prvu-sedmicu-jula\/#article\",\"isPartOf\":{\"@id\":\"https:\/\/tuzlainfo.ba\/index.php\/clanci\/sa-svih-strana\/item\/273385-bih-i-evropa-gore-pod-toplotnim-talasom-suse-i-pozari-obiljezili-prvu-sedmicu-jula\/\"},\"author\":{\"name\":\"Admin Tri\",\"@id\":\"https:\/\/tuzlainfo.ba\/#\/schema\/person\/593e78a2f6378c5ba3e7600ecfa4e63a\"},\"headline\":\"BiH i Evropa gore pod toplotnim talasom: Su\u0161e i po\u017eari obilje\u017eili prvu sedmicu jula\",\"datePublished\":\"2025-07-06T19:35:38+00:00\",\"dateModified\":\"2025-07-06T19:38:50+00:00\",\"mainEntityOfPage\":{\"@id\":\"https:\/\/tuzlainfo.ba\/index.php\/clanci\/sa-svih-strana\/item\/273385-bih-i-evropa-gore-pod-toplotnim-talasom-suse-i-pozari-obiljezili-prvu-sedmicu-jula\/\"},\"wordCount\":351,\"publisher\":{\"@id\":\"https:\/\/tuzlainfo.ba\/#organization\"},\"image\":{\"@id\":\"https:\/\/tuzlainfo.ba\/index.php\/clanci\/sa-svih-strana\/item\/273385-bih-i-evropa-gore-pod-toplotnim-talasom-suse-i-pozari-obiljezili-prvu-sedmicu-jula\/#primaryimage\"},\"thumbnailUrl\":\"https:\/\/tuzlainfo.ba\/wp-content\/uploads\/2025\/06\/2406_pozar_makarska.jpg\",\"keywords\":[\"po\u017eari\"],\"articleSection\":[\"Bosna i Hercegovina\",\"Sa svih strana\"],\"inLanguage\":\"bs-BA\"},{\"@type\":\"WebPage\",\"@id\":\"https:\/\/tuzlainfo.ba\/index.php\/clanci\/sa-svih-strana\/item\/273385-bih-i-evropa-gore-pod-toplotnim-talasom-suse-i-pozari-obiljezili-prvu-sedmicu-jula\/\",\"url\":\"https:\/\/tuzlainfo.ba\/index.php\/clanci\/sa-svih-strana\/item\/273385-bih-i-evropa-gore-pod-toplotnim-talasom-suse-i-pozari-obiljezili-prvu-sedmicu-jula\/\",\"name\":\"BiH i Evropa gore pod toplotnim talasom: Su\u0161e i po\u017eari obilje\u017eili prvu sedmicu jula - TuzlaInfo.ba\",\"isPartOf\":{\"@id\":\"https:\/\/tuzlainfo.ba\/#website\"},\"primaryImageOfPage\":{\"@id\":\"https:\/\/tuzlainfo.ba\/index.php\/clanci\/sa-svih-strana\/item\/273385-bih-i-evropa-gore-pod-toplotnim-talasom-suse-i-pozari-obiljezili-prvu-sedmicu-jula\/#primaryimage\"},\"image\":{\"@id\":\"https:\/\/tuzlainfo.ba\/index.php\/clanci\/sa-svih-strana\/item\/273385-bih-i-evropa-gore-pod-toplotnim-talasom-suse-i-pozari-obiljezili-prvu-sedmicu-jula\/#primaryimage\"},\"thumbnailUrl\":\"https:\/\/tuzlainfo.ba\/wp-content\/uploads\/2025\/06\/2406_pozar_makarska.jpg\",\"datePublished\":\"2025-07-06T19:35:38+00:00\",\"dateModified\":\"2025-07-06T19:38:50+00:00\",\"breadcrumb\":{\"@id\":\"https:\/\/tuzlainfo.ba\/index.php\/clanci\/sa-svih-strana\/item\/273385-bih-i-evropa-gore-pod-toplotnim-talasom-suse-i-pozari-obiljezili-prvu-sedmicu-jula\/#breadcrumb\"},\"inLanguage\":\"bs-BA\",\"potentialAction\":[{\"@type\":\"ReadAction\",\"target\":[\"https:\/\/tuzlainfo.ba\/index.php\/clanci\/sa-svih-strana\/item\/273385-bih-i-evropa-gore-pod-toplotnim-talasom-suse-i-pozari-obiljezili-prvu-sedmicu-jula\/\"]}]},{\"@type\":\"ImageObject\",\"inLanguage\":\"bs-BA\",\"@id\":\"https:\/\/tuzlainfo.ba\/index.php\/clanci\/sa-svih-strana\/item\/273385-bih-i-evropa-gore-pod-toplotnim-talasom-suse-i-pozari-obiljezili-prvu-sedmicu-jula\/#primaryimage\",\"url\":\"https:\/\/tuzlainfo.ba\/wp-content\/uploads\/2025\/06\/2406_pozar_makarska.jpg\",\"contentUrl\":\"https:\/\/tuzlainfo.ba\/wp-content\/uploads\/2025\/06\/2406_pozar_makarska.jpg\",\"width\":800,\"height\":600},{\"@type\":\"BreadcrumbList\",\"@id\":\"https:\/\/tuzlainfo.ba\/index.php\/clanci\/sa-svih-strana\/item\/273385-bih-i-evropa-gore-pod-toplotnim-talasom-suse-i-pozari-obiljezili-prvu-sedmicu-jula\/#breadcrumb\",\"itemListElement\":[{\"@type\":\"ListItem\",\"position\":1,\"name\":\"Home\",\"item\":\"https:\/\/tuzlainfo.ba\/\"},{\"@type\":\"ListItem\",\"position\":2,\"name\":\"BiH i Evropa gore pod toplotnim talasom: Su\u0161e i po\u017eari obilje\u017eili prvu sedmicu jula\"}]},{\"@type\":\"WebSite\",\"@id\":\"https:\/\/tuzlainfo.ba\/#website\",\"url\":\"https:\/\/tuzlainfo.ba\/\",\"name\":\"TuzlaInfo.ba\",\"description\":\"Tuzla info, gradski informator - Tuzla na dlanu\",\"publisher\":{\"@id\":\"https:\/\/tuzlainfo.ba\/#organization\"},\"potentialAction\":[{\"@type\":\"SearchAction\",\"target\":{\"@type\":\"EntryPoint\",\"urlTemplate\":\"https:\/\/tuzlainfo.ba\/?s={search_term_string}\"},\"query-input\":{\"@type\":\"PropertyValueSpecification\",\"valueRequired\":true,\"valueName\":\"search_term_string\"}}],\"inLanguage\":\"bs-BA\"},{\"@type\":\"Organization\",\"@id\":\"https:\/\/tuzlainfo.ba\/#organization\",\"name\":\"TuzlaInfo.ba\",\"url\":\"https:\/\/tuzlainfo.ba\/\",\"logo\":{\"@type\":\"ImageObject\",\"inLanguage\":\"bs-BA\",\"@id\":\"https:\/\/tuzlainfo.ba\/#\/schema\/logo\/image\/\",\"url\":\"https:\/\/tuzlainfo.ba\/wp-content\/uploads\/2021\/03\/logo-ver-3-1.png\",\"contentUrl\":\"https:\/\/tuzlainfo.ba\/wp-content\/uploads\/2021\/03\/logo-ver-3-1.png\",\"width\":350,\"height\":95,\"caption\":\"TuzlaInfo.ba\"},\"image\":{\"@id\":\"https:\/\/tuzlainfo.ba\/#\/schema\/logo\/image\/\"},\"sameAs\":[\"https:\/\/www.facebook.com\/tuzlainfo.ba\/\"]},{\"@type\":\"Person\",\"@id\":\"https:\/\/tuzlainfo.ba\/#\/schema\/person\/593e78a2f6378c5ba3e7600ecfa4e63a\",\"name\":\"Admin Tri\",\"image\":{\"@type\":\"ImageObject\",\"inLanguage\":\"bs-BA\",\"@id\":\"https:\/\/tuzlainfo.ba\/#\/schema\/person\/image\/\",\"url\":\"https:\/\/tuzlainfo.ba\/wp-content\/litespeed\/avatar\/b7920db4cc34a71ad12497283ad2fe3f.jpg?ver=1777100914\",\"contentUrl\":\"https:\/\/tuzlainfo.ba\/wp-content\/litespeed\/avatar\/b7920db4cc34a71ad12497283ad2fe3f.jpg?ver=1777100914\",\"caption\":\"Admin Tri\"},\"sameAs\":[\"https:\/\/tuzlainfo.ba\"]}]}<\/script>\n<!-- \/ Yoast SEO plugin. -->","yoast_head_json":{"title":"BiH i Evropa gore pod toplotnim talasom: Su\u0161e i po\u017eari obilje\u017eili prvu sedmicu jula - TuzlaInfo.ba","robots":{"index":"index","follow":"follow","max-snippet":"max-snippet:-1","max-image-preview":"max-image-preview:large","max-video-preview":"max-video-preview:-1"},"canonical":"https:\/\/tuzlainfo.ba\/index.php\/clanci\/sa-svih-strana\/item\/273385-bih-i-evropa-gore-pod-toplotnim-talasom-suse-i-pozari-obiljezili-prvu-sedmicu-jula\/","og_locale":"bs_BA","og_type":"article","og_title":"BiH i Evropa gore pod toplotnim talasom: Su\u0161e i po\u017eari obilje\u017eili prvu sedmicu jula - TuzlaInfo.ba","og_description":"Od \u0160kotske do Turske, kontinent se suo\u010dava s ekstremnim vremenskim uslovima koji prijete \u017eivotima, uni\u0161tavaju&hellip;","og_url":"https:\/\/tuzlainfo.ba\/index.php\/clanci\/sa-svih-strana\/item\/273385-bih-i-evropa-gore-pod-toplotnim-talasom-suse-i-pozari-obiljezili-prvu-sedmicu-jula\/","og_site_name":"TuzlaInfo.ba","article_publisher":"https:\/\/www.facebook.com\/tuzlainfo.ba\/","article_published_time":"2025-07-06T19:35:38+00:00","article_modified_time":"2025-07-06T19:38:50+00:00","og_image":[{"width":800,"height":600,"url":"https:\/\/tuzlainfo.ba\/wp-content\/uploads\/2025\/06\/2406_pozar_makarska.jpg","type":"image\/jpeg"}],"author":"Admin Tri","twitter_card":"summary_large_image","twitter_misc":{"Written by":"Admin Tri","Est. reading time":"2 minute"},"schema":{"@context":"https:\/\/schema.org","@graph":[{"@type":"Article","@id":"https:\/\/tuzlainfo.ba\/index.php\/clanci\/sa-svih-strana\/item\/273385-bih-i-evropa-gore-pod-toplotnim-talasom-suse-i-pozari-obiljezili-prvu-sedmicu-jula\/#article","isPartOf":{"@id":"https:\/\/tuzlainfo.ba\/index.php\/clanci\/sa-svih-strana\/item\/273385-bih-i-evropa-gore-pod-toplotnim-talasom-suse-i-pozari-obiljezili-prvu-sedmicu-jula\/"},"author":{"name":"Admin Tri","@id":"https:\/\/tuzlainfo.ba\/#\/schema\/person\/593e78a2f6378c5ba3e7600ecfa4e63a"},"headline":"BiH i Evropa gore pod toplotnim talasom: Su\u0161e i po\u017eari obilje\u017eili prvu sedmicu jula","datePublished":"2025-07-06T19:35:38+00:00","dateModified":"2025-07-06T19:38:50+00:00","mainEntityOfPage":{"@id":"https:\/\/tuzlainfo.ba\/index.php\/clanci\/sa-svih-strana\/item\/273385-bih-i-evropa-gore-pod-toplotnim-talasom-suse-i-pozari-obiljezili-prvu-sedmicu-jula\/"},"wordCount":351,"publisher":{"@id":"https:\/\/tuzlainfo.ba\/#organization"},"image":{"@id":"https:\/\/tuzlainfo.ba\/index.php\/clanci\/sa-svih-strana\/item\/273385-bih-i-evropa-gore-pod-toplotnim-talasom-suse-i-pozari-obiljezili-prvu-sedmicu-jula\/#primaryimage"},"thumbnailUrl":"https:\/\/tuzlainfo.ba\/wp-content\/uploads\/2025\/06\/2406_pozar_makarska.jpg","keywords":["po\u017eari"],"articleSection":["Bosna i Hercegovina","Sa svih strana"],"inLanguage":"bs-BA"},{"@type":"WebPage","@id":"https:\/\/tuzlainfo.ba\/index.php\/clanci\/sa-svih-strana\/item\/273385-bih-i-evropa-gore-pod-toplotnim-talasom-suse-i-pozari-obiljezili-prvu-sedmicu-jula\/","url":"https:\/\/tuzlainfo.ba\/index.php\/clanci\/sa-svih-strana\/item\/273385-bih-i-evropa-gore-pod-toplotnim-talasom-suse-i-pozari-obiljezili-prvu-sedmicu-jula\/","name":"BiH i Evropa gore pod toplotnim talasom: Su\u0161e i po\u017eari obilje\u017eili prvu sedmicu jula - TuzlaInfo.ba","isPartOf":{"@id":"https:\/\/tuzlainfo.ba\/#website"},"primaryImageOfPage":{"@id":"https:\/\/tuzlainfo.ba\/index.php\/clanci\/sa-svih-strana\/item\/273385-bih-i-evropa-gore-pod-toplotnim-talasom-suse-i-pozari-obiljezili-prvu-sedmicu-jula\/#primaryimage"},"image":{"@id":"https:\/\/tuzlainfo.ba\/index.php\/clanci\/sa-svih-strana\/item\/273385-bih-i-evropa-gore-pod-toplotnim-talasom-suse-i-pozari-obiljezili-prvu-sedmicu-jula\/#primaryimage"},"thumbnailUrl":"https:\/\/tuzlainfo.ba\/wp-content\/uploads\/2025\/06\/2406_pozar_makarska.jpg","datePublished":"2025-07-06T19:35:38+00:00","dateModified":"2025-07-06T19:38:50+00:00","breadcrumb":{"@id":"https:\/\/tuzlainfo.ba\/index.php\/clanci\/sa-svih-strana\/item\/273385-bih-i-evropa-gore-pod-toplotnim-talasom-suse-i-pozari-obiljezili-prvu-sedmicu-jula\/#breadcrumb"},"inLanguage":"bs-BA","potentialAction":[{"@type":"ReadAction","target":["https:\/\/tuzlainfo.ba\/index.php\/clanci\/sa-svih-strana\/item\/273385-bih-i-evropa-gore-pod-toplotnim-talasom-suse-i-pozari-obiljezili-prvu-sedmicu-jula\/"]}]},{"@type":"ImageObject","inLanguage":"bs-BA","@id":"https:\/\/tuzlainfo.ba\/index.php\/clanci\/sa-svih-strana\/item\/273385-bih-i-evropa-gore-pod-toplotnim-talasom-suse-i-pozari-obiljezili-prvu-sedmicu-jula\/#primaryimage","url":"https:\/\/tuzlainfo.ba\/wp-content\/uploads\/2025\/06\/2406_pozar_makarska.jpg","contentUrl":"https:\/\/tuzlainfo.ba\/wp-content\/uploads\/2025\/06\/2406_pozar_makarska.jpg","width":800,"height":600},{"@type":"BreadcrumbList","@id":"https:\/\/tuzlainfo.ba\/index.php\/clanci\/sa-svih-strana\/item\/273385-bih-i-evropa-gore-pod-toplotnim-talasom-suse-i-pozari-obiljezili-prvu-sedmicu-jula\/#breadcrumb","itemListElement":[{"@type":"ListItem","position":1,"name":"Home","item":"https:\/\/tuzlainfo.ba\/"},{"@type":"ListItem","position":2,"name":"BiH i Evropa gore pod toplotnim talasom: Su\u0161e i po\u017eari obilje\u017eili prvu sedmicu jula"}]},{"@type":"WebSite","@id":"https:\/\/tuzlainfo.ba\/#website","url":"https:\/\/tuzlainfo.ba\/","name":"TuzlaInfo.ba","description":"Tuzla info, gradski informator - Tuzla na dlanu","publisher":{"@id":"https:\/\/tuzlainfo.ba\/#organization"},"potentialAction":[{"@type":"SearchAction","target":{"@type":"EntryPoint","urlTemplate":"https:\/\/tuzlainfo.ba\/?s={search_term_string}"},"query-input":{"@type":"PropertyValueSpecification","valueRequired":true,"valueName":"search_term_string"}}],"inLanguage":"bs-BA"},{"@type":"Organization","@id":"https:\/\/tuzlainfo.ba\/#organization","name":"TuzlaInfo.ba","url":"https:\/\/tuzlainfo.ba\/","logo":{"@type":"ImageObject","inLanguage":"bs-BA","@id":"https:\/\/tuzlainfo.ba\/#\/schema\/logo\/image\/","url":"https:\/\/tuzlainfo.ba\/wp-content\/uploads\/2021\/03\/logo-ver-3-1.png","contentUrl":"https:\/\/tuzlainfo.ba\/wp-content\/uploads\/2021\/03\/logo-ver-3-1.png","width":350,"height":95,"caption":"TuzlaInfo.ba"},"image":{"@id":"https:\/\/tuzlainfo.ba\/#\/schema\/logo\/image\/"},"sameAs":["https:\/\/www.facebook.com\/tuzlainfo.ba\/"]},{"@type":"Person","@id":"https:\/\/tuzlainfo.ba\/#\/schema\/person\/593e78a2f6378c5ba3e7600ecfa4e63a","name":"Admin Tri","image":{"@type":"ImageObject","inLanguage":"bs-BA","@id":"https:\/\/tuzlainfo.ba\/#\/schema\/person\/image\/","url":"https:\/\/tuzlainfo.ba\/wp-content\/litespeed\/avatar\/b7920db4cc34a71ad12497283ad2fe3f.jpg?ver=1777100914","contentUrl":"https:\/\/tuzlainfo.ba\/wp-content\/litespeed\/avatar\/b7920db4cc34a71ad12497283ad2fe3f.jpg?ver=1777100914","caption":"Admin Tri"},"sameAs":["https:\/\/tuzlainfo.ba"]}]}},"_links":{"self":[{"href":"https:\/\/tuzlainfo.ba\/index.php\/wp-json\/wp\/v2\/posts\/273385"}],"collection":[{"href":"https:\/\/tuzlainfo.ba\/index.php\/wp-json\/wp\/v2\/posts"}],"about":[{"href":"https:\/\/tuzlainfo.ba\/index.php\/wp-json\/wp\/v2\/types\/post"}],"author":[{"embeddable":true,"href":"https:\/\/tuzlainfo.ba\/index.php\/wp-json\/wp\/v2\/users\/8"}],"replies":[{"embeddable":true,"href":"https:\/\/tuzlainfo.ba\/index.php\/wp-json\/wp\/v2\/comments?post=273385"}],"version-history":[{"count":1,"href":"https:\/\/tuzlainfo.ba\/index.php\/wp-json\/wp\/v2\/posts\/273385\/revisions"}],"predecessor-version":[{"id":273387,"href":"https:\/\/tuzlainfo.ba\/index.php\/wp-json\/wp\/v2\/posts\/273385\/revisions\/273387"}],"wp:featuredmedia":[{"embeddable":true,"href":"https:\/\/tuzlainfo.ba\/index.php\/wp-json\/wp\/v2\/media\/272625"}],"wp:attachment":[{"href":"https:\/\/tuzlainfo.ba\/index.php\/wp-json\/wp\/v2\/media?parent=273385"}],"wp:term":[{"taxonomy":"category","embeddable":true,"href":"https:\/\/tuzlainfo.ba\/index.php\/wp-json\/wp\/v2\/categories?post=273385"},{"taxonomy":"post_tag","embeddable":true,"href":"https:\/\/tuzlainfo.ba\/index.php\/wp-json\/wp\/v2\/tags?post=273385"}],"curies":[{"name":"wp","href":"https:\/\/api.w.org\/{rel}","templated":true}]}}