{"id":273019,"date":"2025-06-30T13:00:36","date_gmt":"2025-06-30T11:00:36","guid":{"rendered":"https:\/\/tuzlainfo.ba\/?p=273019"},"modified":"2025-06-30T13:00:36","modified_gmt":"2025-06-30T11:00:36","slug":"renato-cajic-napustio-slobodu-i-pojacao-rk-konjuh","status":"publish","type":"post","link":"https:\/\/tuzlainfo.ba\/index.php\/novosti\/item\/273019-renato-cajic-napustio-slobodu-i-pojacao-rk-konjuh\/","title":{"rendered":"Renato \u010caji\u0107 napustio Slobodu i poja\u010dao RK Konjuh"},"content":{"rendered":"<p>Kapiten RK Sloboda Renato \u010caji\u0107 novi je \u010dlan RK Konjuh iz \u017divinica. Iskusni srednji bek i reprezentativac Bosne i Hercegovine odlu\u010dio je poja\u010dati \u201cnarand\u017easte\u201d, koji s ovim transferom pokazuju ozbiljne ambicije pred novu sezonu.<\/p>\n<p>\u010caji\u0107 je rukometa\u0161 koji je svoju karijeru gradio u Slobodi, gdje je godinama bio jedan od klju\u010dnih igra\u010da i vo\u0111a ekipe. Svojim igrama stekao je ugled borbenog, po\u017ertvovanog i disciplinovanog sportiste, \u0161to mu je donijelo mjesto na \u0161irem spisku kandidata za reprezentaciju BiH.<\/p>\n<p>RK Konjuh je pro\u0161le sezone zauzeo drugo mjesto u Premijer ligi BiH, a izboren plasman u EHF Evropa kup vjerovatno je bio jedan od razloga koji su opredijelili \u010caji\u0107a za dolazak u \u017divinice.<\/p>\n<p>Za razliku od Konjuha, Sloboda nije izborila nastup u me\u0111unarodnim takmi\u010denjima, \u0161to je bio zna\u010dajan faktor u \u010caji\u0107evoj odluci.<\/p>\n<p>Iz RK Konjuh poru\u010duju da \u0107e dolazak Renata \u010caji\u0107a dodatno poja\u010dati konkurenciju u ekipi i donijeti novu energiju u borbi za vrh tabele i uspje\u0161an nastup u Evropi. \u010caji\u0107 je prethodnih sezona bio lider Tuzlaka, a sada je spreman u novom dresu potvrditi kvalitet i borbenost koja ga je krasila kroz cijelu karijeru.<\/p>\n","protected":false},"excerpt":{"rendered":"<p>Kapiten RK Sloboda Renato \u010caji\u0107 novi je \u010dlan RK Konjuh iz \u017divinica. Iskusni srednji bek i reprezentativac Bosne i Hercegovine odlu\u010dio je poja\u010dati \u201cnarand\u017easte\u201d, koji s ovim transferom pokazuju ozbiljne ambicije pred novu sezonu. \u010caji\u0107 je rukometa\u0161 koji je svoju karijeru gradio u Slobodi, gdje je godinama bio jedan od klju\u010dnih igra\u010da i vo\u0111a ekipe. [&hellip;]<\/p>\n","protected":false},"author":8,"featured_media":273020,"comment_status":"closed","ping_status":"closed","sticky":false,"template":"","format":"standard","meta":{"footnotes":""},"categories":[12],"tags":[5665,651,918,915],"class_list":["post-273019","post","type-post","status-publish","format-standard","has-post-thumbnail","hentry","category-novosti","tag-rk-konjuh","tag-rk-sloboda","tag-rukomet","tag-sport"],"yoast_head":"<!-- This site is optimized with the Yoast SEO plugin v28.4 - https:\/\/yoast.com\/product\/yoast-seo-wordpress\/ -->\n<title>Renato \u010caji\u0107 napustio Slobodu i poja\u010dao RK Konjuh<\/title>\n<meta name=\"robots\" content=\"index, follow, max-snippet:-1, max-image-preview:large, max-video-preview:-1\" \/>\n<link rel=\"canonical\" href=\"https:\/\/tuzlainfo.ba\/index.php\/novosti\/item\/273019-renato-cajic-napustio-slobodu-i-pojacao-rk-konjuh\/\" \/>\n<meta property=\"og:locale\" content=\"bs_BA\" \/>\n<meta property=\"og:type\" content=\"article\" \/>\n<meta property=\"og:title\" content=\"Renato \u010caji\u0107 napustio Slobodu i poja\u010dao RK Konjuh\" \/>\n<meta property=\"og:description\" content=\"Kapiten RK Sloboda Renato \u010caji\u0107 novi je \u010dlan RK Konjuh iz \u017divinica. Iskusni srednji bek i reprezentativac Bosne i Hercegovine odlu\u010dio je poja\u010dati \u201cnarand\u017easte\u201d, koji s ovim transferom pokazuju ozbiljne ambicije pred novu sezonu. \u010caji\u0107 je rukometa\u0161 koji je svoju karijeru gradio u Slobodi, gdje je godinama bio jedan od klju\u010dnih igra\u010da i vo\u0111a ekipe. [&hellip;]\" \/>\n<meta property=\"og:url\" content=\"https:\/\/tuzlainfo.ba\/index.php\/novosti\/item\/273019-renato-cajic-napustio-slobodu-i-pojacao-rk-konjuh\/\" \/>\n<meta property=\"og:site_name\" content=\"TuzlaInfo.ba\" \/>\n<meta property=\"article:publisher\" content=\"https:\/\/www.facebook.com\/tuzlainfo.ba\/\" \/>\n<meta property=\"article:published_time\" content=\"2025-06-30T11:00:36+00:00\" \/>\n<meta property=\"og:image\" content=\"https:\/\/tuzlainfo.ba\/wp-content\/uploads\/2025\/06\/renato-cajic-rk-sloboda.jpg\" \/>\n\t<meta property=\"og:image:width\" content=\"1044\" \/>\n\t<meta property=\"og:image:height\" content=\"709\" \/>\n\t<meta property=\"og:image:type\" content=\"image\/jpeg\" \/>\n<meta name=\"author\" content=\"Admin Tri\" \/>\n<meta name=\"twitter:card\" content=\"summary_large_image\" \/>\n<meta name=\"twitter:label1\" content=\"Written by\" \/>\n\t<meta name=\"twitter:data1\" content=\"Admin Tri\" \/>\n\t<meta name=\"twitter:label2\" content=\"Est. reading time\" \/>\n\t<meta name=\"twitter:data2\" content=\"2 minute\" \/>\n<script type=\"application\/ld+json\" class=\"yoast-schema-graph\">{\"@context\":\"https:\\\/\\\/schema.org\",\"@graph\":[{\"@type\":\"Article\",\"@id\":\"https:\\\/\\\/tuzlainfo.ba\\\/index.php\\\/novosti\\\/item\\\/273019-renato-cajic-napustio-slobodu-i-pojacao-rk-konjuh\\\/#article\",\"isPartOf\":{\"@id\":\"https:\\\/\\\/tuzlainfo.ba\\\/index.php\\\/novosti\\\/item\\\/273019-renato-cajic-napustio-slobodu-i-pojacao-rk-konjuh\\\/\"},\"author\":{\"name\":\"Admin Tri\",\"@id\":\"https:\\\/\\\/tuzlainfo.ba\\\/#\\\/schema\\\/person\\\/593e78a2f6378c5ba3e7600ecfa4e63a\"},\"headline\":\"Renato \u010caji\u0107 napustio Slobodu i poja\u010dao RK Konjuh\",\"datePublished\":\"2025-06-30T11:00:36+00:00\",\"mainEntityOfPage\":{\"@id\":\"https:\\\/\\\/tuzlainfo.ba\\\/index.php\\\/novosti\\\/item\\\/273019-renato-cajic-napustio-slobodu-i-pojacao-rk-konjuh\\\/\"},\"wordCount\":208,\"publisher\":{\"@id\":\"https:\\\/\\\/tuzlainfo.ba\\\/#organization\"},\"image\":{\"@id\":\"https:\\\/\\\/tuzlainfo.ba\\\/index.php\\\/novosti\\\/item\\\/273019-renato-cajic-napustio-slobodu-i-pojacao-rk-konjuh\\\/#primaryimage\"},\"thumbnailUrl\":\"https:\\\/\\\/tuzlainfo.ba\\\/wp-content\\\/uploads\\\/2025\\\/06\\\/renato-cajic-rk-sloboda.jpg\",\"keywords\":[\"rk konjuh\",\"rk sloboda\",\"rukomet\",\"sport\"],\"articleSection\":[\"Novosti\"],\"inLanguage\":\"bs-BA\",\"copyrightYear\":\"2025\",\"copyrightHolder\":{\"@id\":\"https:\\\/\\\/tuzlainfo.ba\\\/#organization\"}},{\"@type\":\"WebPage\",\"@id\":\"https:\\\/\\\/tuzlainfo.ba\\\/index.php\\\/novosti\\\/item\\\/273019-renato-cajic-napustio-slobodu-i-pojacao-rk-konjuh\\\/\",\"url\":\"https:\\\/\\\/tuzlainfo.ba\\\/index.php\\\/novosti\\\/item\\\/273019-renato-cajic-napustio-slobodu-i-pojacao-rk-konjuh\\\/\",\"name\":\"Renato \u010caji\u0107 napustio Slobodu i poja\u010dao RK Konjuh\",\"isPartOf\":{\"@id\":\"https:\\\/\\\/tuzlainfo.ba\\\/#website\"},\"primaryImageOfPage\":{\"@id\":\"https:\\\/\\\/tuzlainfo.ba\\\/index.php\\\/novosti\\\/item\\\/273019-renato-cajic-napustio-slobodu-i-pojacao-rk-konjuh\\\/#primaryimage\"},\"image\":{\"@id\":\"https:\\\/\\\/tuzlainfo.ba\\\/index.php\\\/novosti\\\/item\\\/273019-renato-cajic-napustio-slobodu-i-pojacao-rk-konjuh\\\/#primaryimage\"},\"thumbnailUrl\":\"https:\\\/\\\/tuzlainfo.ba\\\/wp-content\\\/uploads\\\/2025\\\/06\\\/renato-cajic-rk-sloboda.jpg\",\"datePublished\":\"2025-06-30T11:00:36+00:00\",\"breadcrumb\":{\"@id\":\"https:\\\/\\\/tuzlainfo.ba\\\/index.php\\\/novosti\\\/item\\\/273019-renato-cajic-napustio-slobodu-i-pojacao-rk-konjuh\\\/#breadcrumb\"},\"inLanguage\":\"bs-BA\",\"potentialAction\":[{\"@type\":\"ReadAction\",\"target\":[\"https:\\\/\\\/tuzlainfo.ba\\\/index.php\\\/novosti\\\/item\\\/273019-renato-cajic-napustio-slobodu-i-pojacao-rk-konjuh\\\/\"]}]},{\"@type\":\"ImageObject\",\"inLanguage\":\"bs-BA\",\"@id\":\"https:\\\/\\\/tuzlainfo.ba\\\/index.php\\\/novosti\\\/item\\\/273019-renato-cajic-napustio-slobodu-i-pojacao-rk-konjuh\\\/#primaryimage\",\"url\":\"https:\\\/\\\/tuzlainfo.ba\\\/wp-content\\\/uploads\\\/2025\\\/06\\\/renato-cajic-rk-sloboda.jpg\",\"contentUrl\":\"https:\\\/\\\/tuzlainfo.ba\\\/wp-content\\\/uploads\\\/2025\\\/06\\\/renato-cajic-rk-sloboda.jpg\",\"width\":1044,\"height\":709},{\"@type\":\"BreadcrumbList\",\"@id\":\"https:\\\/\\\/tuzlainfo.ba\\\/index.php\\\/novosti\\\/item\\\/273019-renato-cajic-napustio-slobodu-i-pojacao-rk-konjuh\\\/#breadcrumb\",\"itemListElement\":[{\"@type\":\"ListItem\",\"position\":1,\"name\":\"Home\",\"item\":\"https:\\\/\\\/tuzlainfo.ba\\\/\"},{\"@type\":\"ListItem\",\"position\":2,\"name\":\"Renato \u010caji\u0107 napustio Slobodu i poja\u010dao RK Konjuh\"}]},{\"@type\":\"WebSite\",\"@id\":\"https:\\\/\\\/tuzlainfo.ba\\\/#website\",\"url\":\"https:\\\/\\\/tuzlainfo.ba\\\/\",\"name\":\"TuzlaInfo.ba\",\"description\":\"Tuzla info, gradski informator - Tuzla na dlanu\",\"publisher\":{\"@id\":\"https:\\\/\\\/tuzlainfo.ba\\\/#organization\"},\"potentialAction\":[{\"@type\":\"SearchAction\",\"target\":{\"@type\":\"EntryPoint\",\"urlTemplate\":\"https:\\\/\\\/tuzlainfo.ba\\\/?s={search_term_string}\"},\"query-input\":{\"@type\":\"PropertyValueSpecification\",\"valueRequired\":true,\"valueName\":\"search_term_string\"}}],\"inLanguage\":\"bs-BA\"},{\"@type\":\"Organization\",\"@id\":\"https:\\\/\\\/tuzlainfo.ba\\\/#organization\",\"name\":\"TuzlaInfo.ba\",\"url\":\"https:\\\/\\\/tuzlainfo.ba\\\/\",\"logo\":{\"@type\":\"ImageObject\",\"inLanguage\":\"bs-BA\",\"@id\":\"https:\\\/\\\/tuzlainfo.ba\\\/#\\\/schema\\\/logo\\\/image\\\/\",\"url\":\"https:\\\/\\\/tuzlainfo.ba\\\/wp-content\\\/uploads\\\/2021\\\/03\\\/logo-ver-3-1.png\",\"contentUrl\":\"https:\\\/\\\/tuzlainfo.ba\\\/wp-content\\\/uploads\\\/2021\\\/03\\\/logo-ver-3-1.png\",\"width\":350,\"height\":95,\"caption\":\"TuzlaInfo.ba\"},\"image\":{\"@id\":\"https:\\\/\\\/tuzlainfo.ba\\\/#\\\/schema\\\/logo\\\/image\\\/\"},\"sameAs\":[\"https:\\\/\\\/www.facebook.com\\\/tuzlainfo.ba\\\/\"]},{\"@type\":\"Person\",\"@id\":\"https:\\\/\\\/tuzlainfo.ba\\\/#\\\/schema\\\/person\\\/593e78a2f6378c5ba3e7600ecfa4e63a\",\"name\":\"Admin Tri\",\"image\":{\"@type\":\"ImageObject\",\"inLanguage\":\"bs-BA\",\"@id\":\"https:\\\/\\\/secure.gravatar.com\\\/avatar\\\/b53a7f47acc7a09467757d8b2234cc38fa334b13599376e53104c0036b528ca1?s=96&d=mm&r=g\",\"url\":\"https:\\\/\\\/secure.gravatar.com\\\/avatar\\\/b53a7f47acc7a09467757d8b2234cc38fa334b13599376e53104c0036b528ca1?s=96&d=mm&r=g\",\"contentUrl\":\"https:\\\/\\\/secure.gravatar.com\\\/avatar\\\/b53a7f47acc7a09467757d8b2234cc38fa334b13599376e53104c0036b528ca1?s=96&d=mm&r=g\",\"caption\":\"Admin Tri\"},\"sameAs\":[\"https:\\\/\\\/tuzlainfo.ba\"]}]}<\/script>\n<!-- \/ Yoast SEO plugin. -->","yoast_head_json":{"title":"Renato \u010caji\u0107 napustio Slobodu i poja\u010dao RK Konjuh","robots":{"index":"index","follow":"follow","max-snippet":"max-snippet:-1","max-image-preview":"max-image-preview:large","max-video-preview":"max-video-preview:-1"},"canonical":"https:\/\/tuzlainfo.ba\/index.php\/novosti\/item\/273019-renato-cajic-napustio-slobodu-i-pojacao-rk-konjuh\/","og_locale":"bs_BA","og_type":"article","og_title":"Renato \u010caji\u0107 napustio Slobodu i poja\u010dao RK Konjuh","og_description":"Kapiten RK Sloboda Renato \u010caji\u0107 novi je \u010dlan RK Konjuh iz \u017divinica. Iskusni srednji bek i reprezentativac Bosne i Hercegovine odlu\u010dio je poja\u010dati \u201cnarand\u017easte\u201d, koji s ovim transferom pokazuju ozbiljne ambicije pred novu sezonu. \u010caji\u0107 je rukometa\u0161 koji je svoju karijeru gradio u Slobodi, gdje je godinama bio jedan od klju\u010dnih igra\u010da i vo\u0111a ekipe. [&hellip;]","og_url":"https:\/\/tuzlainfo.ba\/index.php\/novosti\/item\/273019-renato-cajic-napustio-slobodu-i-pojacao-rk-konjuh\/","og_site_name":"TuzlaInfo.ba","article_publisher":"https:\/\/www.facebook.com\/tuzlainfo.ba\/","article_published_time":"2025-06-30T11:00:36+00:00","og_image":[{"width":1044,"height":709,"url":"https:\/\/tuzlainfo.ba\/wp-content\/uploads\/2025\/06\/renato-cajic-rk-sloboda.jpg","type":"image\/jpeg"}],"author":"Admin Tri","twitter_card":"summary_large_image","twitter_misc":{"Written by":"Admin Tri","Est. reading time":"2 minute"},"schema":{"@context":"https:\/\/schema.org","@graph":[{"@type":"Article","@id":"https:\/\/tuzlainfo.ba\/index.php\/novosti\/item\/273019-renato-cajic-napustio-slobodu-i-pojacao-rk-konjuh\/#article","isPartOf":{"@id":"https:\/\/tuzlainfo.ba\/index.php\/novosti\/item\/273019-renato-cajic-napustio-slobodu-i-pojacao-rk-konjuh\/"},"author":{"name":"Admin Tri","@id":"https:\/\/tuzlainfo.ba\/#\/schema\/person\/593e78a2f6378c5ba3e7600ecfa4e63a"},"headline":"Renato \u010caji\u0107 napustio Slobodu i poja\u010dao RK Konjuh","datePublished":"2025-06-30T11:00:36+00:00","mainEntityOfPage":{"@id":"https:\/\/tuzlainfo.ba\/index.php\/novosti\/item\/273019-renato-cajic-napustio-slobodu-i-pojacao-rk-konjuh\/"},"wordCount":208,"publisher":{"@id":"https:\/\/tuzlainfo.ba\/#organization"},"image":{"@id":"https:\/\/tuzlainfo.ba\/index.php\/novosti\/item\/273019-renato-cajic-napustio-slobodu-i-pojacao-rk-konjuh\/#primaryimage"},"thumbnailUrl":"https:\/\/tuzlainfo.ba\/wp-content\/uploads\/2025\/06\/renato-cajic-rk-sloboda.jpg","keywords":["rk konjuh","rk sloboda","rukomet","sport"],"articleSection":["Novosti"],"inLanguage":"bs-BA","copyrightYear":"2025","copyrightHolder":{"@id":"https:\/\/tuzlainfo.ba\/#organization"}},{"@type":"WebPage","@id":"https:\/\/tuzlainfo.ba\/index.php\/novosti\/item\/273019-renato-cajic-napustio-slobodu-i-pojacao-rk-konjuh\/","url":"https:\/\/tuzlainfo.ba\/index.php\/novosti\/item\/273019-renato-cajic-napustio-slobodu-i-pojacao-rk-konjuh\/","name":"Renato \u010caji\u0107 napustio Slobodu i poja\u010dao RK Konjuh","isPartOf":{"@id":"https:\/\/tuzlainfo.ba\/#website"},"primaryImageOfPage":{"@id":"https:\/\/tuzlainfo.ba\/index.php\/novosti\/item\/273019-renato-cajic-napustio-slobodu-i-pojacao-rk-konjuh\/#primaryimage"},"image":{"@id":"https:\/\/tuzlainfo.ba\/index.php\/novosti\/item\/273019-renato-cajic-napustio-slobodu-i-pojacao-rk-konjuh\/#primaryimage"},"thumbnailUrl":"https:\/\/tuzlainfo.ba\/wp-content\/uploads\/2025\/06\/renato-cajic-rk-sloboda.jpg","datePublished":"2025-06-30T11:00:36+00:00","breadcrumb":{"@id":"https:\/\/tuzlainfo.ba\/index.php\/novosti\/item\/273019-renato-cajic-napustio-slobodu-i-pojacao-rk-konjuh\/#breadcrumb"},"inLanguage":"bs-BA","potentialAction":[{"@type":"ReadAction","target":["https:\/\/tuzlainfo.ba\/index.php\/novosti\/item\/273019-renato-cajic-napustio-slobodu-i-pojacao-rk-konjuh\/"]}]},{"@type":"ImageObject","inLanguage":"bs-BA","@id":"https:\/\/tuzlainfo.ba\/index.php\/novosti\/item\/273019-renato-cajic-napustio-slobodu-i-pojacao-rk-konjuh\/#primaryimage","url":"https:\/\/tuzlainfo.ba\/wp-content\/uploads\/2025\/06\/renato-cajic-rk-sloboda.jpg","contentUrl":"https:\/\/tuzlainfo.ba\/wp-content\/uploads\/2025\/06\/renato-cajic-rk-sloboda.jpg","width":1044,"height":709},{"@type":"BreadcrumbList","@id":"https:\/\/tuzlainfo.ba\/index.php\/novosti\/item\/273019-renato-cajic-napustio-slobodu-i-pojacao-rk-konjuh\/#breadcrumb","itemListElement":[{"@type":"ListItem","position":1,"name":"Home","item":"https:\/\/tuzlainfo.ba\/"},{"@type":"ListItem","position":2,"name":"Renato \u010caji\u0107 napustio Slobodu i poja\u010dao RK Konjuh"}]},{"@type":"WebSite","@id":"https:\/\/tuzlainfo.ba\/#website","url":"https:\/\/tuzlainfo.ba\/","name":"TuzlaInfo.ba","description":"Tuzla info, gradski informator - Tuzla na dlanu","publisher":{"@id":"https:\/\/tuzlainfo.ba\/#organization"},"potentialAction":[{"@type":"SearchAction","target":{"@type":"EntryPoint","urlTemplate":"https:\/\/tuzlainfo.ba\/?s={search_term_string}"},"query-input":{"@type":"PropertyValueSpecification","valueRequired":true,"valueName":"search_term_string"}}],"inLanguage":"bs-BA"},{"@type":"Organization","@id":"https:\/\/tuzlainfo.ba\/#organization","name":"TuzlaInfo.ba","url":"https:\/\/tuzlainfo.ba\/","logo":{"@type":"ImageObject","inLanguage":"bs-BA","@id":"https:\/\/tuzlainfo.ba\/#\/schema\/logo\/image\/","url":"https:\/\/tuzlainfo.ba\/wp-content\/uploads\/2021\/03\/logo-ver-3-1.png","contentUrl":"https:\/\/tuzlainfo.ba\/wp-content\/uploads\/2021\/03\/logo-ver-3-1.png","width":350,"height":95,"caption":"TuzlaInfo.ba"},"image":{"@id":"https:\/\/tuzlainfo.ba\/#\/schema\/logo\/image\/"},"sameAs":["https:\/\/www.facebook.com\/tuzlainfo.ba\/"]},{"@type":"Person","@id":"https:\/\/tuzlainfo.ba\/#\/schema\/person\/593e78a2f6378c5ba3e7600ecfa4e63a","name":"Admin Tri","image":{"@type":"ImageObject","inLanguage":"bs-BA","@id":"https:\/\/secure.gravatar.com\/avatar\/b53a7f47acc7a09467757d8b2234cc38fa334b13599376e53104c0036b528ca1?s=96&d=mm&r=g","url":"https:\/\/secure.gravatar.com\/avatar\/b53a7f47acc7a09467757d8b2234cc38fa334b13599376e53104c0036b528ca1?s=96&d=mm&r=g","contentUrl":"https:\/\/secure.gravatar.com\/avatar\/b53a7f47acc7a09467757d8b2234cc38fa334b13599376e53104c0036b528ca1?s=96&d=mm&r=g","caption":"Admin Tri"},"sameAs":["https:\/\/tuzlainfo.ba"]}]}},"_links":{"self":[{"href":"https:\/\/tuzlainfo.ba\/index.php\/wp-json\/wp\/v2\/posts\/273019","targetHints":{"allow":["GET"]}}],"collection":[{"href":"https:\/\/tuzlainfo.ba\/index.php\/wp-json\/wp\/v2\/posts"}],"about":[{"href":"https:\/\/tuzlainfo.ba\/index.php\/wp-json\/wp\/v2\/types\/post"}],"author":[{"embeddable":true,"href":"https:\/\/tuzlainfo.ba\/index.php\/wp-json\/wp\/v2\/users\/8"}],"replies":[{"embeddable":true,"href":"https:\/\/tuzlainfo.ba\/index.php\/wp-json\/wp\/v2\/comments?post=273019"}],"version-history":[{"count":1,"href":"https:\/\/tuzlainfo.ba\/index.php\/wp-json\/wp\/v2\/posts\/273019\/revisions"}],"predecessor-version":[{"id":273021,"href":"https:\/\/tuzlainfo.ba\/index.php\/wp-json\/wp\/v2\/posts\/273019\/revisions\/273021"}],"wp:featuredmedia":[{"embeddable":true,"href":"https:\/\/tuzlainfo.ba\/index.php\/wp-json\/wp\/v2\/media\/273020"}],"wp:attachment":[{"href":"https:\/\/tuzlainfo.ba\/index.php\/wp-json\/wp\/v2\/media?parent=273019"}],"wp:term":[{"taxonomy":"category","embeddable":true,"href":"https:\/\/tuzlainfo.ba\/index.php\/wp-json\/wp\/v2\/categories?post=273019"},{"taxonomy":"post_tag","embeddable":true,"href":"https:\/\/tuzlainfo.ba\/index.php\/wp-json\/wp\/v2\/tags?post=273019"}],"curies":[{"name":"wp","href":"https:\/\/api.w.org\/{rel}","templated":true}]}}