{"id":272959,"date":"2025-06-29T11:55:57","date_gmt":"2025-06-29T09:55:57","guid":{"rendered":"https:\/\/tuzlainfo.ba\/?p=272959"},"modified":"2025-06-29T11:55:57","modified_gmt":"2025-06-29T09:55:57","slug":"vucic-se-obratio-nakon-sukoba-policije-i-gradjana-i-najavio-hapsenja","status":"publish","type":"post","link":"https:\/\/tuzlainfo.ba\/index.php\/clanci\/sa-svih-strana\/item\/272959-vucic-se-obratio-nakon-sukoba-policije-i-gradjana-i-najavio-hapsenja\/","title":{"rendered":"Vu\u010di\u0107 se obratio nakon sukoba policije i gra\u0111ana i najavio hap\u0161enja"},"content":{"rendered":"<p data-start=\"227\" data-end=\"420\">Deseci povrije\u0111enih gra\u0111ana i policajaca, 77 uhap\u0161enih i o\u0161tre politi\u010dke poruke obilje\u017eili su ju\u010dera\u0161nji dan u Beogradu, gdje je nakon masovnog studentskog protesta do\u0161lo do sukoba s policijom.<\/p>\n<p data-start=\"422\" data-end=\"885\">Studentski protest, prema procjenama Arhiva javnih skupova, okupio je oko 140.000 ljudi i zavr\u0161en je mirno oko 21:55 uz poruku: \u201cUzmite slobodu u svoje ruke, vjerujemo u vas, imate zeleno svjetlo.\u201d Nedugo nakon zavr\u0161etka skupa, situacija se pogor\u0161ala. Do\u0161lo je do sukoba pojedinih demonstranata s policijskim snagama, nakon \u010dega je, prema rije\u010dima ministra unutra\u0161njih poslova Ivice Da\u010di\u0107a, naru\u0161en javni red i mir jer su se povukli redari zadu\u017eeni za osiguranje.<\/p>\n<p data-start=\"887\" data-end=\"992\">Prema zvani\u010dnim informacijama, povrije\u0111eno je 48 policajaca, dok je 22 gra\u0111ana zatra\u017eilo ljekarsku pomo\u0107.<\/p>\n<p data-start=\"994\" data-end=\"1050\"><strong data-start=\"994\" data-end=\"1050\">Vu\u010di\u0107: \u201cNe\u0107e biti pomilovanja, Srbija je pobijedila\u201d<\/strong><\/p>\n<p data-start=\"1052\" data-end=\"1326\">Predsjednik Srbije Aleksandar Vu\u010di\u0107 jutros se obratio javnosti, prikazav\u0161i snimke s terena i uputio niz o\u0161trih poruka. Izjavio je da \u201csedam mjeseci traje teror dijela ljudi koji su uzeli zakon u svoje ruke\u201d te da je \u201csino\u0107nja objava bila direktan poziv na gra\u0111anske sukobe\u201d.<\/p>\n<p data-start=\"1328\" data-end=\"1462\">\u2013 Ono \u0161to je najva\u017enije, Srbija je pobijedila, i Srbiju ne mo\u017eete da pobijedite nasiljem. Srbija nikada ne\u0107e stati \u2013 poru\u010dio je Vu\u010di\u0107.<\/p>\n<p data-start=\"1464\" data-end=\"1616\">Dodao je da su se pojedinci pona\u0161ali \u201ckao Bo\u017eiji izaslanici koji mogu da rade \u0161ta ho\u0107e\u201d, te da je \u201czeleno svjetlo\u201d s kraja protesta bio poziv na sukobe.<\/p>\n<p data-start=\"1618\" data-end=\"1771\">\u2013 Bacili su zakon pod noge. Zahtijevamo od Tu\u017eila\u0161tva da radi svoj posao. Vrijeme odgovornosti dolazi. Ne\u0107u potpisati pomilovanja \u2013 rekao je predsjednik.<\/p>\n<p data-start=\"1773\" data-end=\"1853\">Vu\u010di\u0107 je upozorio da je sino\u0107 postojala realna opasnost od tragi\u010dnih posljedica:<\/p>\n<p data-start=\"1855\" data-end=\"2078\">\u2013 Bog zna koliko je ljudi moglo da strada sino\u0107. U toj neodgovornoj politici nisu u\u010destvovali samo bahati i arogantni mladi ljudi, ve\u0107 i stariji koji su ih pobunjivali zbog sopstvenih, naj\u010de\u0161\u0107e li\u010dnih interesa \u2013 izjavio je.<\/p>\n<p data-start=\"2080\" data-end=\"2119\"><strong data-start=\"2080\" data-end=\"2119\">Podaci o uhap\u0161enima i daljnje mjere<\/strong><\/p>\n<p data-start=\"2121\" data-end=\"2309\">Ministar Ivica Da\u010di\u0107 naveo je da su u sino\u0107njim de\u0161avanjima uhap\u0161ene ukupno 77 osobe, me\u0111u njima i jedan maloljetnik. Protiv 35 osoba podnesene su krivi\u010dne, a protiv 26 prekr\u0161ajne prijave.<\/p>\n<p data-start=\"2311\" data-end=\"2452\">Vu\u010di\u0107 je najavio nastavak aktivnosti na identifikaciji svih u\u010desnika doga\u0111aja, uklju\u010duju\u0107i i anga\u017eman Sigurnosno-informativne agencije (BIA).<\/p>\n","protected":false},"excerpt":{"rendered":"<p>Deseci povrije\u0111enih gra\u0111ana i policajaca, 77 uhap\u0161enih i o\u0161tre politi\u010dke poruke obilje\u017eili su ju\u010dera\u0161nji dan&hellip;<\/p>\n","protected":false},"author":2,"featured_media":181827,"comment_status":"closed","ping_status":"closed","sticky":false,"template":"","format":"standard","meta":{"_acf_changed":false,"footnotes":""},"categories":[16],"tags":[638,309],"acf":[],"yoast_head":"<!-- This site is optimized with the Yoast SEO plugin v23.5 - https:\/\/yoast.com\/wordpress\/plugins\/seo\/ -->\n<title>Vu\u010di\u0107 se obratio nakon sukoba policije i gra\u0111ana i najavio hap\u0161enja - TuzlaInfo.ba<\/title>\n<meta name=\"robots\" content=\"index, follow, max-snippet:-1, max-image-preview:large, max-video-preview:-1\" \/>\n<link rel=\"canonical\" href=\"https:\/\/tuzlainfo.ba\/index.php\/clanci\/sa-svih-strana\/item\/272959-vucic-se-obratio-nakon-sukoba-policije-i-gradjana-i-najavio-hapsenja\/\" \/>\n<meta property=\"og:locale\" content=\"bs_BA\" \/>\n<meta property=\"og:type\" content=\"article\" \/>\n<meta property=\"og:title\" content=\"Vu\u010di\u0107 se obratio nakon sukoba policije i gra\u0111ana i najavio hap\u0161enja - TuzlaInfo.ba\" \/>\n<meta property=\"og:description\" content=\"Deseci povrije\u0111enih gra\u0111ana i policajaca, 77 uhap\u0161enih i o\u0161tre politi\u010dke poruke obilje\u017eili su ju\u010dera\u0161nji dan&hellip;\" \/>\n<meta property=\"og:url\" content=\"https:\/\/tuzlainfo.ba\/index.php\/clanci\/sa-svih-strana\/item\/272959-vucic-se-obratio-nakon-sukoba-policije-i-gradjana-i-najavio-hapsenja\/\" \/>\n<meta property=\"og:site_name\" content=\"TuzlaInfo.ba\" \/>\n<meta property=\"article:publisher\" content=\"https:\/\/www.facebook.com\/tuzlainfo.ba\/\" \/>\n<meta property=\"article:published_time\" content=\"2025-06-29T09:55:57+00:00\" \/>\n<meta property=\"og:image\" content=\"https:\/\/tuzlainfo.ba\/wp-content\/uploads\/2022\/08\/2108_aleksandar_vucic.jpg\" \/>\n\t<meta property=\"og:image:width\" content=\"800\" \/>\n\t<meta property=\"og:image:height\" content=\"532\" \/>\n\t<meta property=\"og:image:type\" content=\"image\/jpeg\" \/>\n<meta name=\"author\" content=\"nedim\" \/>\n<meta name=\"twitter:card\" content=\"summary_large_image\" \/>\n<meta name=\"twitter:label1\" content=\"Written by\" \/>\n\t<meta name=\"twitter:data1\" content=\"nedim\" \/>\n\t<meta name=\"twitter:label2\" content=\"Est. reading time\" \/>\n\t<meta name=\"twitter:data2\" content=\"3 minute\" \/>\n<script type=\"application\/ld+json\" class=\"yoast-schema-graph\">{\"@context\":\"https:\/\/schema.org\",\"@graph\":[{\"@type\":\"Article\",\"@id\":\"https:\/\/tuzlainfo.ba\/index.php\/clanci\/sa-svih-strana\/item\/272959-vucic-se-obratio-nakon-sukoba-policije-i-gradjana-i-najavio-hapsenja\/#article\",\"isPartOf\":{\"@id\":\"https:\/\/tuzlainfo.ba\/index.php\/clanci\/sa-svih-strana\/item\/272959-vucic-se-obratio-nakon-sukoba-policije-i-gradjana-i-najavio-hapsenja\/\"},\"author\":{\"name\":\"nedim\",\"@id\":\"https:\/\/tuzlainfo.ba\/#\/schema\/person\/f434e20dc27ea133923aab08451b7f7f\"},\"headline\":\"Vu\u010di\u0107 se obratio nakon sukoba policije i gra\u0111ana i najavio hap\u0161enja\",\"datePublished\":\"2025-06-29T09:55:57+00:00\",\"dateModified\":\"2025-06-29T09:55:57+00:00\",\"mainEntityOfPage\":{\"@id\":\"https:\/\/tuzlainfo.ba\/index.php\/clanci\/sa-svih-strana\/item\/272959-vucic-se-obratio-nakon-sukoba-policije-i-gradjana-i-najavio-hapsenja\/\"},\"wordCount\":399,\"publisher\":{\"@id\":\"https:\/\/tuzlainfo.ba\/#organization\"},\"image\":{\"@id\":\"https:\/\/tuzlainfo.ba\/index.php\/clanci\/sa-svih-strana\/item\/272959-vucic-se-obratio-nakon-sukoba-policije-i-gradjana-i-najavio-hapsenja\/#primaryimage\"},\"thumbnailUrl\":\"https:\/\/tuzlainfo.ba\/wp-content\/uploads\/2022\/08\/2108_aleksandar_vucic.jpg\",\"keywords\":[\"aleksandar vu\u010di\u0107\",\"srbija\"],\"articleSection\":[\"Sa svih strana\"],\"inLanguage\":\"bs-BA\"},{\"@type\":\"WebPage\",\"@id\":\"https:\/\/tuzlainfo.ba\/index.php\/clanci\/sa-svih-strana\/item\/272959-vucic-se-obratio-nakon-sukoba-policije-i-gradjana-i-najavio-hapsenja\/\",\"url\":\"https:\/\/tuzlainfo.ba\/index.php\/clanci\/sa-svih-strana\/item\/272959-vucic-se-obratio-nakon-sukoba-policije-i-gradjana-i-najavio-hapsenja\/\",\"name\":\"Vu\u010di\u0107 se obratio nakon sukoba policije i gra\u0111ana i najavio hap\u0161enja - TuzlaInfo.ba\",\"isPartOf\":{\"@id\":\"https:\/\/tuzlainfo.ba\/#website\"},\"primaryImageOfPage\":{\"@id\":\"https:\/\/tuzlainfo.ba\/index.php\/clanci\/sa-svih-strana\/item\/272959-vucic-se-obratio-nakon-sukoba-policije-i-gradjana-i-najavio-hapsenja\/#primaryimage\"},\"image\":{\"@id\":\"https:\/\/tuzlainfo.ba\/index.php\/clanci\/sa-svih-strana\/item\/272959-vucic-se-obratio-nakon-sukoba-policije-i-gradjana-i-najavio-hapsenja\/#primaryimage\"},\"thumbnailUrl\":\"https:\/\/tuzlainfo.ba\/wp-content\/uploads\/2022\/08\/2108_aleksandar_vucic.jpg\",\"datePublished\":\"2025-06-29T09:55:57+00:00\",\"dateModified\":\"2025-06-29T09:55:57+00:00\",\"breadcrumb\":{\"@id\":\"https:\/\/tuzlainfo.ba\/index.php\/clanci\/sa-svih-strana\/item\/272959-vucic-se-obratio-nakon-sukoba-policije-i-gradjana-i-najavio-hapsenja\/#breadcrumb\"},\"inLanguage\":\"bs-BA\",\"potentialAction\":[{\"@type\":\"ReadAction\",\"target\":[\"https:\/\/tuzlainfo.ba\/index.php\/clanci\/sa-svih-strana\/item\/272959-vucic-se-obratio-nakon-sukoba-policije-i-gradjana-i-najavio-hapsenja\/\"]}]},{\"@type\":\"ImageObject\",\"inLanguage\":\"bs-BA\",\"@id\":\"https:\/\/tuzlainfo.ba\/index.php\/clanci\/sa-svih-strana\/item\/272959-vucic-se-obratio-nakon-sukoba-policije-i-gradjana-i-najavio-hapsenja\/#primaryimage\",\"url\":\"https:\/\/tuzlainfo.ba\/wp-content\/uploads\/2022\/08\/2108_aleksandar_vucic.jpg\",\"contentUrl\":\"https:\/\/tuzlainfo.ba\/wp-content\/uploads\/2022\/08\/2108_aleksandar_vucic.jpg\",\"width\":800,\"height\":532,\"caption\":\"Aleksandar Vu\u010di\u0107 \/ Foto by Facebook stranica Aleksandar Vu\u010di\u0107\"},{\"@type\":\"BreadcrumbList\",\"@id\":\"https:\/\/tuzlainfo.ba\/index.php\/clanci\/sa-svih-strana\/item\/272959-vucic-se-obratio-nakon-sukoba-policije-i-gradjana-i-najavio-hapsenja\/#breadcrumb\",\"itemListElement\":[{\"@type\":\"ListItem\",\"position\":1,\"name\":\"Home\",\"item\":\"https:\/\/tuzlainfo.ba\/\"},{\"@type\":\"ListItem\",\"position\":2,\"name\":\"Vu\u010di\u0107 se obratio nakon sukoba policije i gra\u0111ana i najavio hap\u0161enja\"}]},{\"@type\":\"WebSite\",\"@id\":\"https:\/\/tuzlainfo.ba\/#website\",\"url\":\"https:\/\/tuzlainfo.ba\/\",\"name\":\"TuzlaInfo.ba\",\"description\":\"Tuzla info, gradski informator - Tuzla na dlanu\",\"publisher\":{\"@id\":\"https:\/\/tuzlainfo.ba\/#organization\"},\"potentialAction\":[{\"@type\":\"SearchAction\",\"target\":{\"@type\":\"EntryPoint\",\"urlTemplate\":\"https:\/\/tuzlainfo.ba\/?s={search_term_string}\"},\"query-input\":{\"@type\":\"PropertyValueSpecification\",\"valueRequired\":true,\"valueName\":\"search_term_string\"}}],\"inLanguage\":\"bs-BA\"},{\"@type\":\"Organization\",\"@id\":\"https:\/\/tuzlainfo.ba\/#organization\",\"name\":\"TuzlaInfo.ba\",\"url\":\"https:\/\/tuzlainfo.ba\/\",\"logo\":{\"@type\":\"ImageObject\",\"inLanguage\":\"bs-BA\",\"@id\":\"https:\/\/tuzlainfo.ba\/#\/schema\/logo\/image\/\",\"url\":\"https:\/\/tuzlainfo.ba\/wp-content\/uploads\/2021\/03\/logo-ver-3-1.png\",\"contentUrl\":\"https:\/\/tuzlainfo.ba\/wp-content\/uploads\/2021\/03\/logo-ver-3-1.png\",\"width\":350,\"height\":95,\"caption\":\"TuzlaInfo.ba\"},\"image\":{\"@id\":\"https:\/\/tuzlainfo.ba\/#\/schema\/logo\/image\/\"},\"sameAs\":[\"https:\/\/www.facebook.com\/tuzlainfo.ba\/\"]},{\"@type\":\"Person\",\"@id\":\"https:\/\/tuzlainfo.ba\/#\/schema\/person\/f434e20dc27ea133923aab08451b7f7f\",\"name\":\"nedim\",\"image\":{\"@type\":\"ImageObject\",\"inLanguage\":\"bs-BA\",\"@id\":\"https:\/\/tuzlainfo.ba\/#\/schema\/person\/image\/\",\"url\":\"https:\/\/tuzlainfo.ba\/wp-content\/litespeed\/avatar\/aabad687af24844af817603ac1cbdc4f.jpg?ver=1776702173\",\"contentUrl\":\"https:\/\/tuzlainfo.ba\/wp-content\/litespeed\/avatar\/aabad687af24844af817603ac1cbdc4f.jpg?ver=1776702173\",\"caption\":\"nedim\"},\"description\":\"Tuzlainfo.ba pratite na dru\u0161tvenim mre\u017eama: Facebook, Instagram i Youtube. Svoje pri\u010de, upite i fotografije \u0161aljite na na\u0161u e-mail adresu.\"}]}<\/script>\n<!-- \/ Yoast SEO plugin. -->","yoast_head_json":{"title":"Vu\u010di\u0107 se obratio nakon sukoba policije i gra\u0111ana i najavio hap\u0161enja - TuzlaInfo.ba","robots":{"index":"index","follow":"follow","max-snippet":"max-snippet:-1","max-image-preview":"max-image-preview:large","max-video-preview":"max-video-preview:-1"},"canonical":"https:\/\/tuzlainfo.ba\/index.php\/clanci\/sa-svih-strana\/item\/272959-vucic-se-obratio-nakon-sukoba-policije-i-gradjana-i-najavio-hapsenja\/","og_locale":"bs_BA","og_type":"article","og_title":"Vu\u010di\u0107 se obratio nakon sukoba policije i gra\u0111ana i najavio hap\u0161enja - TuzlaInfo.ba","og_description":"Deseci povrije\u0111enih gra\u0111ana i policajaca, 77 uhap\u0161enih i o\u0161tre politi\u010dke poruke obilje\u017eili su ju\u010dera\u0161nji dan&hellip;","og_url":"https:\/\/tuzlainfo.ba\/index.php\/clanci\/sa-svih-strana\/item\/272959-vucic-se-obratio-nakon-sukoba-policije-i-gradjana-i-najavio-hapsenja\/","og_site_name":"TuzlaInfo.ba","article_publisher":"https:\/\/www.facebook.com\/tuzlainfo.ba\/","article_published_time":"2025-06-29T09:55:57+00:00","og_image":[{"width":800,"height":532,"url":"https:\/\/tuzlainfo.ba\/wp-content\/uploads\/2022\/08\/2108_aleksandar_vucic.jpg","type":"image\/jpeg"}],"author":"nedim","twitter_card":"summary_large_image","twitter_misc":{"Written by":"nedim","Est. reading time":"3 minute"},"schema":{"@context":"https:\/\/schema.org","@graph":[{"@type":"Article","@id":"https:\/\/tuzlainfo.ba\/index.php\/clanci\/sa-svih-strana\/item\/272959-vucic-se-obratio-nakon-sukoba-policije-i-gradjana-i-najavio-hapsenja\/#article","isPartOf":{"@id":"https:\/\/tuzlainfo.ba\/index.php\/clanci\/sa-svih-strana\/item\/272959-vucic-se-obratio-nakon-sukoba-policije-i-gradjana-i-najavio-hapsenja\/"},"author":{"name":"nedim","@id":"https:\/\/tuzlainfo.ba\/#\/schema\/person\/f434e20dc27ea133923aab08451b7f7f"},"headline":"Vu\u010di\u0107 se obratio nakon sukoba policije i gra\u0111ana i najavio hap\u0161enja","datePublished":"2025-06-29T09:55:57+00:00","dateModified":"2025-06-29T09:55:57+00:00","mainEntityOfPage":{"@id":"https:\/\/tuzlainfo.ba\/index.php\/clanci\/sa-svih-strana\/item\/272959-vucic-se-obratio-nakon-sukoba-policije-i-gradjana-i-najavio-hapsenja\/"},"wordCount":399,"publisher":{"@id":"https:\/\/tuzlainfo.ba\/#organization"},"image":{"@id":"https:\/\/tuzlainfo.ba\/index.php\/clanci\/sa-svih-strana\/item\/272959-vucic-se-obratio-nakon-sukoba-policije-i-gradjana-i-najavio-hapsenja\/#primaryimage"},"thumbnailUrl":"https:\/\/tuzlainfo.ba\/wp-content\/uploads\/2022\/08\/2108_aleksandar_vucic.jpg","keywords":["aleksandar vu\u010di\u0107","srbija"],"articleSection":["Sa svih strana"],"inLanguage":"bs-BA"},{"@type":"WebPage","@id":"https:\/\/tuzlainfo.ba\/index.php\/clanci\/sa-svih-strana\/item\/272959-vucic-se-obratio-nakon-sukoba-policije-i-gradjana-i-najavio-hapsenja\/","url":"https:\/\/tuzlainfo.ba\/index.php\/clanci\/sa-svih-strana\/item\/272959-vucic-se-obratio-nakon-sukoba-policije-i-gradjana-i-najavio-hapsenja\/","name":"Vu\u010di\u0107 se obratio nakon sukoba policije i gra\u0111ana i najavio hap\u0161enja - TuzlaInfo.ba","isPartOf":{"@id":"https:\/\/tuzlainfo.ba\/#website"},"primaryImageOfPage":{"@id":"https:\/\/tuzlainfo.ba\/index.php\/clanci\/sa-svih-strana\/item\/272959-vucic-se-obratio-nakon-sukoba-policije-i-gradjana-i-najavio-hapsenja\/#primaryimage"},"image":{"@id":"https:\/\/tuzlainfo.ba\/index.php\/clanci\/sa-svih-strana\/item\/272959-vucic-se-obratio-nakon-sukoba-policije-i-gradjana-i-najavio-hapsenja\/#primaryimage"},"thumbnailUrl":"https:\/\/tuzlainfo.ba\/wp-content\/uploads\/2022\/08\/2108_aleksandar_vucic.jpg","datePublished":"2025-06-29T09:55:57+00:00","dateModified":"2025-06-29T09:55:57+00:00","breadcrumb":{"@id":"https:\/\/tuzlainfo.ba\/index.php\/clanci\/sa-svih-strana\/item\/272959-vucic-se-obratio-nakon-sukoba-policije-i-gradjana-i-najavio-hapsenja\/#breadcrumb"},"inLanguage":"bs-BA","potentialAction":[{"@type":"ReadAction","target":["https:\/\/tuzlainfo.ba\/index.php\/clanci\/sa-svih-strana\/item\/272959-vucic-se-obratio-nakon-sukoba-policije-i-gradjana-i-najavio-hapsenja\/"]}]},{"@type":"ImageObject","inLanguage":"bs-BA","@id":"https:\/\/tuzlainfo.ba\/index.php\/clanci\/sa-svih-strana\/item\/272959-vucic-se-obratio-nakon-sukoba-policije-i-gradjana-i-najavio-hapsenja\/#primaryimage","url":"https:\/\/tuzlainfo.ba\/wp-content\/uploads\/2022\/08\/2108_aleksandar_vucic.jpg","contentUrl":"https:\/\/tuzlainfo.ba\/wp-content\/uploads\/2022\/08\/2108_aleksandar_vucic.jpg","width":800,"height":532,"caption":"Aleksandar Vu\u010di\u0107 \/ Foto by Facebook stranica Aleksandar Vu\u010di\u0107"},{"@type":"BreadcrumbList","@id":"https:\/\/tuzlainfo.ba\/index.php\/clanci\/sa-svih-strana\/item\/272959-vucic-se-obratio-nakon-sukoba-policije-i-gradjana-i-najavio-hapsenja\/#breadcrumb","itemListElement":[{"@type":"ListItem","position":1,"name":"Home","item":"https:\/\/tuzlainfo.ba\/"},{"@type":"ListItem","position":2,"name":"Vu\u010di\u0107 se obratio nakon sukoba policije i gra\u0111ana i najavio hap\u0161enja"}]},{"@type":"WebSite","@id":"https:\/\/tuzlainfo.ba\/#website","url":"https:\/\/tuzlainfo.ba\/","name":"TuzlaInfo.ba","description":"Tuzla info, gradski informator - Tuzla na dlanu","publisher":{"@id":"https:\/\/tuzlainfo.ba\/#organization"},"potentialAction":[{"@type":"SearchAction","target":{"@type":"EntryPoint","urlTemplate":"https:\/\/tuzlainfo.ba\/?s={search_term_string}"},"query-input":{"@type":"PropertyValueSpecification","valueRequired":true,"valueName":"search_term_string"}}],"inLanguage":"bs-BA"},{"@type":"Organization","@id":"https:\/\/tuzlainfo.ba\/#organization","name":"TuzlaInfo.ba","url":"https:\/\/tuzlainfo.ba\/","logo":{"@type":"ImageObject","inLanguage":"bs-BA","@id":"https:\/\/tuzlainfo.ba\/#\/schema\/logo\/image\/","url":"https:\/\/tuzlainfo.ba\/wp-content\/uploads\/2021\/03\/logo-ver-3-1.png","contentUrl":"https:\/\/tuzlainfo.ba\/wp-content\/uploads\/2021\/03\/logo-ver-3-1.png","width":350,"height":95,"caption":"TuzlaInfo.ba"},"image":{"@id":"https:\/\/tuzlainfo.ba\/#\/schema\/logo\/image\/"},"sameAs":["https:\/\/www.facebook.com\/tuzlainfo.ba\/"]},{"@type":"Person","@id":"https:\/\/tuzlainfo.ba\/#\/schema\/person\/f434e20dc27ea133923aab08451b7f7f","name":"nedim","image":{"@type":"ImageObject","inLanguage":"bs-BA","@id":"https:\/\/tuzlainfo.ba\/#\/schema\/person\/image\/","url":"https:\/\/tuzlainfo.ba\/wp-content\/litespeed\/avatar\/aabad687af24844af817603ac1cbdc4f.jpg?ver=1776702173","contentUrl":"https:\/\/tuzlainfo.ba\/wp-content\/litespeed\/avatar\/aabad687af24844af817603ac1cbdc4f.jpg?ver=1776702173","caption":"nedim"},"description":"Tuzlainfo.ba pratite na dru\u0161tvenim mre\u017eama: Facebook, Instagram i Youtube. Svoje pri\u010de, upite i fotografije \u0161aljite na na\u0161u e-mail adresu."}]}},"_links":{"self":[{"href":"https:\/\/tuzlainfo.ba\/index.php\/wp-json\/wp\/v2\/posts\/272959"}],"collection":[{"href":"https:\/\/tuzlainfo.ba\/index.php\/wp-json\/wp\/v2\/posts"}],"about":[{"href":"https:\/\/tuzlainfo.ba\/index.php\/wp-json\/wp\/v2\/types\/post"}],"author":[{"embeddable":true,"href":"https:\/\/tuzlainfo.ba\/index.php\/wp-json\/wp\/v2\/users\/2"}],"replies":[{"embeddable":true,"href":"https:\/\/tuzlainfo.ba\/index.php\/wp-json\/wp\/v2\/comments?post=272959"}],"version-history":[{"count":1,"href":"https:\/\/tuzlainfo.ba\/index.php\/wp-json\/wp\/v2\/posts\/272959\/revisions"}],"predecessor-version":[{"id":272960,"href":"https:\/\/tuzlainfo.ba\/index.php\/wp-json\/wp\/v2\/posts\/272959\/revisions\/272960"}],"wp:featuredmedia":[{"embeddable":true,"href":"https:\/\/tuzlainfo.ba\/index.php\/wp-json\/wp\/v2\/media\/181827"}],"wp:attachment":[{"href":"https:\/\/tuzlainfo.ba\/index.php\/wp-json\/wp\/v2\/media?parent=272959"}],"wp:term":[{"taxonomy":"category","embeddable":true,"href":"https:\/\/tuzlainfo.ba\/index.php\/wp-json\/wp\/v2\/categories?post=272959"},{"taxonomy":"post_tag","embeddable":true,"href":"https:\/\/tuzlainfo.ba\/index.php\/wp-json\/wp\/v2\/tags?post=272959"}],"curies":[{"name":"wp","href":"https:\/\/api.w.org\/{rel}","templated":true}]}}