{"id":272887,"date":"2025-06-27T20:02:13","date_gmt":"2025-06-27T18:02:13","guid":{"rendered":"https:\/\/tuzlainfo.ba\/?p=272887"},"modified":"2025-06-29T22:30:45","modified_gmt":"2025-06-29T20:30:45","slug":"u-cetiri-kantona-fbih-ove-godine-se-grade-brze-ceste-tk-naravno-nije-medju-njima","status":"publish","type":"post","link":"https:\/\/tuzlainfo.ba\/index.php\/bosna-i-hercegovina\/item\/272887-u-cetiri-kantona-fbih-ove-godine-se-grade-brze-ceste-tk-naravno-nije-medju-njima\/","title":{"rendered":"U \u010detiri kantona FBIH ove godine se grade brze ceste, TK naravno nije me\u0111u njima"},"content":{"rendered":"<p>Nakon \u0161to su ovih dana potvr\u0111eni izvo\u0111a\u010di radova za prve dvije dionice brze ceste Mostar \u2013 \u0160iroki Brijeg \u2013 granica s Republikom Hrvatskom, ukoliko \u017ealbeni rok protekne bez prepreka, ve\u0107 tokom ljeta se mo\u017ee o\u010dekivati po\u010detak radova na ovom strate\u0161ki va\u017enom infrastrukturnom projektu u zapadnoj Hercegovini.<\/p>\n<p>Kako pi\u0161e Ve\u010dernji list, osim zapadne Hercegovine, brze ceste se grade ili se priprema njihova gradnja i u Srednjobosanskom, Bosansko-podrinjskom i Unsko-sanskom kantonu. Rije\u010d je o prostorima koji nisu pokriveni mre\u017eom autocesta, pa se izgradnja brzih cesta name\u0107e kao logi\u010dno i ekonomski isplativo rje\u0161enje za bolju putnu povezanost i razvoj lokalnih zajednica.<\/p>\n<h3><strong>Gora\u017ede izlazi iz saobra\u0107ajne izolacije<\/strong><\/h3>\n<p>Najintenzivniji radovi trenutno se odvijaju na prostoru Bosansko-podrinjskog kantona, gdje se gradi tunel Hranjen \u2013 klju\u010dna dionica brze ceste koja \u0107e Gora\u017ede povezati sa Sarajevom. Tunel, kada bude zavr\u0161en, skratit \u0107e cestovnu udaljenost izme\u0111u Gora\u017eda i Sarajeva sa sada\u0161njih gotovo 96 na svega 56 kilometara, a putovanje \u0107e trajati 45 minuta umjesto dosada\u0161njih sat i po. Ovaj projekt ima historijski zna\u010daj za Gora\u017ede, koje \u0107e se tako kona\u010dno saobra\u0107ajno integrisati s ostatkom Federacije.<\/p>\n<p>Na prostoru Srednjobosanskog kantona, ta\u010dnije u La\u0161vanskoj dolini, zavr\u0161ena je prva dionica brze ceste La\u0161va \u2013 Nevi\u0107 Polje. Radi se o LOT 5, du\u017eine 4,8 kilometara, koja povezuje poslovnu zonu Vitez s Nevi\u0107 Poljem. Plan je da se gradnja nastavi prema Turbetu i dalje do Jajca, \u0161to bi osiguralo efikasnu vezu izme\u0111u Travnika, La\u0161ve i Jajca te omogu\u0107ilo novi zamah privrednom razvoju regije.<\/p>\n<h3><strong>Krajina se priprema za brzu cestu<\/strong><\/h3>\n<p>U Unsko-sanskom kantonu, lokalne vlasti su u saradnji s Javnim preduze\u0107em Autoceste FBiH pokrenule pripremne aktivnosti za izgradnju brze ceste Biha\u0107 \u2013 Cazin \u2013 Velika Kladu\u0161a. Ova dionica, osim \u0161to bi olak\u0161ala protok ljudi i robe, posebno je va\u017ena zbog intenzivnih trgovinskih veza s Hrvatskom.<\/p>\n<p>Iako nisu dio koridora Vc, Tuzlanski i Posavski kanton \u0107e biti povezani posebnom autocestom koja \u0107e se oslanjati na koridor X u Hrvatskoj. Time bi se osiguralo panevropsko povezivanje i za ovaj dio Federacije. Vlada FBIH je izdvojila manji dio sredstva za po\u010detak gradnje ove auto ceste \u010diji se poo\u010detak gradnje jo\u0161 uvijek ne nazire, a koja bi trebala ko\u0161tati izme\u0111u 1,5 i 2 milijarde KM.<\/p>\n<p><strong>VEZANI TEKST:<\/strong><\/p>\n<p><a href=\"https:\/\/tuzlainfo.ba\/index.php\/novosti\/item\/272716-vise-od-1-000-dana-od-obecanja-tuzla-i-tk-i-dalje-bez-metra-zapocetog-autoputa-i-brze-ceste\/#goog_rewarded\"><strong>Vi\u0161e od 1.000 dana od obe\u0107anja: Tuzla i TK i dalje bez metra zapo\u010detog autoputa i brze ceste<\/strong><\/a><\/p>\n<p>Za sve navedene projekte Vlada Federacije BiH je u ovoj godini izdvojila ukupno 257,5 miliona KM. Najve\u0107a pojedina\u010dna sredstva izdvojena su za:<\/p>\n<ul>\n<li>Tunel Hranjen i trasu brze ceste Pra\u010da \u2013 Gora\u017ede: 46,5 miliona KM<\/li>\n<li>Dionice brze ceste La\u0161va \u2013 Travnik \u2013 Jajce: 43,8 miliona KM<\/li>\n<li>Brza cesta Mostar \u2013 \u0160iroki Brijeg \u2013 granica RH: 43,2 miliona KM<\/li>\n<li>Autocesta Ora\u0161je \u2013 Tuzla (dionice Mao\u010da \u2013 Tuzla, \u010cani\u0107i \u2013 Tuzla i Ora\u0161je \u2013 Br\u010dko): 34,9 miliona KM<\/li>\n<li>Brza cesta Biha\u0107 \u2013 Cazin \u2013 Velika Kladu\u0161a \u2013 granica RH: 17,2 miliona KM<\/li>\n<li>Po\u010ditelj \u2013 Stolac, u sklopu Jadransko-jonskog koridora: 2,7 miliona KM<\/li>\n<\/ul>\n<p>Ovi podaci jasno pokazuju da Federacija BiH ula\u017ee sna\u017eno u saobra\u0107ajnu infrastrukturu, a regije koje su do sada bile saobra\u0107ajno zapostavljene kona\u010dno dolaze na red. Ostaje da se i Tuzla \u0161to prije priklju\u010di na mre\u017eu brzih saobra\u0107ajnica koje oblikuju novu sliku prometne povezanosti u zemlji.<\/p>\n","protected":false},"excerpt":{"rendered":"<p>Nakon \u0161to su ovih dana potvr\u0111eni izvo\u0111a\u010di radova za prve dvije dionice brze ceste Mostar&hellip;<\/p>\n","protected":false},"author":2,"featured_media":183381,"comment_status":"closed","ping_status":"closed","sticky":false,"template":"","format":"standard","meta":{"_acf_changed":false,"footnotes":""},"categories":[291,304,306],"tags":[7968,8416,502],"acf":[],"yoast_head":"<!-- This site is optimized with the Yoast SEO plugin v23.5 - https:\/\/yoast.com\/wordpress\/plugins\/seo\/ -->\n<title>U \u010detiri kantona FBIH ove godine se grade brze ceste, TK naravno nije me\u0111u njima - TuzlaInfo.ba<\/title>\n<meta name=\"robots\" content=\"index, follow, max-snippet:-1, max-image-preview:large, max-video-preview:-1\" \/>\n<link rel=\"canonical\" href=\"https:\/\/tuzlainfo.ba\/index.php\/bosna-i-hercegovina\/item\/272887-u-cetiri-kantona-fbih-ove-godine-se-grade-brze-ceste-tk-naravno-nije-medju-njima\/\" \/>\n<meta property=\"og:locale\" content=\"bs_BA\" \/>\n<meta property=\"og:type\" content=\"article\" \/>\n<meta property=\"og:title\" content=\"U \u010detiri kantona FBIH ove godine se grade brze ceste, TK naravno nije me\u0111u njima - TuzlaInfo.ba\" \/>\n<meta property=\"og:description\" content=\"Nakon \u0161to su ovih dana potvr\u0111eni izvo\u0111a\u010di radova za prve dvije dionice brze ceste Mostar&hellip;\" \/>\n<meta property=\"og:url\" content=\"https:\/\/tuzlainfo.ba\/index.php\/bosna-i-hercegovina\/item\/272887-u-cetiri-kantona-fbih-ove-godine-se-grade-brze-ceste-tk-naravno-nije-medju-njima\/\" \/>\n<meta property=\"og:site_name\" content=\"TuzlaInfo.ba\" \/>\n<meta property=\"article:publisher\" content=\"https:\/\/www.facebook.com\/tuzlainfo.ba\/\" \/>\n<meta property=\"article:published_time\" content=\"2025-06-27T18:02:13+00:00\" \/>\n<meta property=\"article:modified_time\" content=\"2025-06-29T20:30:45+00:00\" \/>\n<meta property=\"og:image\" content=\"https:\/\/tuzlainfo.ba\/wp-content\/uploads\/2022\/09\/0709_brcko.jpg\" \/>\n\t<meta property=\"og:image:width\" content=\"800\" \/>\n\t<meta property=\"og:image:height\" content=\"600\" \/>\n\t<meta property=\"og:image:type\" content=\"image\/jpeg\" \/>\n<meta name=\"author\" content=\"nedim\" \/>\n<meta name=\"twitter:card\" content=\"summary_large_image\" \/>\n<meta name=\"twitter:label1\" content=\"Written by\" \/>\n\t<meta name=\"twitter:data1\" content=\"nedim\" \/>\n\t<meta name=\"twitter:label2\" content=\"Est. reading time\" \/>\n\t<meta name=\"twitter:data2\" content=\"3 minute\" \/>\n<script type=\"application\/ld+json\" class=\"yoast-schema-graph\">{\"@context\":\"https:\/\/schema.org\",\"@graph\":[{\"@type\":\"Article\",\"@id\":\"https:\/\/tuzlainfo.ba\/index.php\/bosna-i-hercegovina\/item\/272887-u-cetiri-kantona-fbih-ove-godine-se-grade-brze-ceste-tk-naravno-nije-medju-njima\/#article\",\"isPartOf\":{\"@id\":\"https:\/\/tuzlainfo.ba\/index.php\/bosna-i-hercegovina\/item\/272887-u-cetiri-kantona-fbih-ove-godine-se-grade-brze-ceste-tk-naravno-nije-medju-njima\/\"},\"author\":{\"name\":\"nedim\",\"@id\":\"https:\/\/tuzlainfo.ba\/#\/schema\/person\/f434e20dc27ea133923aab08451b7f7f\"},\"headline\":\"U \u010detiri kantona FBIH ove godine se grade brze ceste, TK naravno nije me\u0111u njima\",\"datePublished\":\"2025-06-27T18:02:13+00:00\",\"dateModified\":\"2025-06-29T20:30:45+00:00\",\"mainEntityOfPage\":{\"@id\":\"https:\/\/tuzlainfo.ba\/index.php\/bosna-i-hercegovina\/item\/272887-u-cetiri-kantona-fbih-ove-godine-se-grade-brze-ceste-tk-naravno-nije-medju-njima\/\"},\"wordCount\":568,\"publisher\":{\"@id\":\"https:\/\/tuzlainfo.ba\/#organization\"},\"image\":{\"@id\":\"https:\/\/tuzlainfo.ba\/index.php\/bosna-i-hercegovina\/item\/272887-u-cetiri-kantona-fbih-ove-godine-se-grade-brze-ceste-tk-naravno-nije-medju-njima\/#primaryimage\"},\"thumbnailUrl\":\"https:\/\/tuzlainfo.ba\/wp-content\/uploads\/2022\/09\/0709_brcko.jpg\",\"keywords\":[\"izgradnja puteva\",\"JP Ceste FBiH\",\"vlada fbih\"],\"articleSection\":[\"Bosna i Hercegovina\",\"Istaknuto\",\"Preporu\u010dujemo\"],\"inLanguage\":\"bs-BA\"},{\"@type\":\"WebPage\",\"@id\":\"https:\/\/tuzlainfo.ba\/index.php\/bosna-i-hercegovina\/item\/272887-u-cetiri-kantona-fbih-ove-godine-se-grade-brze-ceste-tk-naravno-nije-medju-njima\/\",\"url\":\"https:\/\/tuzlainfo.ba\/index.php\/bosna-i-hercegovina\/item\/272887-u-cetiri-kantona-fbih-ove-godine-se-grade-brze-ceste-tk-naravno-nije-medju-njima\/\",\"name\":\"U \u010detiri kantona FBIH ove godine se grade brze ceste, TK naravno nije me\u0111u njima - TuzlaInfo.ba\",\"isPartOf\":{\"@id\":\"https:\/\/tuzlainfo.ba\/#website\"},\"primaryImageOfPage\":{\"@id\":\"https:\/\/tuzlainfo.ba\/index.php\/bosna-i-hercegovina\/item\/272887-u-cetiri-kantona-fbih-ove-godine-se-grade-brze-ceste-tk-naravno-nije-medju-njima\/#primaryimage\"},\"image\":{\"@id\":\"https:\/\/tuzlainfo.ba\/index.php\/bosna-i-hercegovina\/item\/272887-u-cetiri-kantona-fbih-ove-godine-se-grade-brze-ceste-tk-naravno-nije-medju-njima\/#primaryimage\"},\"thumbnailUrl\":\"https:\/\/tuzlainfo.ba\/wp-content\/uploads\/2022\/09\/0709_brcko.jpg\",\"datePublished\":\"2025-06-27T18:02:13+00:00\",\"dateModified\":\"2025-06-29T20:30:45+00:00\",\"breadcrumb\":{\"@id\":\"https:\/\/tuzlainfo.ba\/index.php\/bosna-i-hercegovina\/item\/272887-u-cetiri-kantona-fbih-ove-godine-se-grade-brze-ceste-tk-naravno-nije-medju-njima\/#breadcrumb\"},\"inLanguage\":\"bs-BA\",\"potentialAction\":[{\"@type\":\"ReadAction\",\"target\":[\"https:\/\/tuzlainfo.ba\/index.php\/bosna-i-hercegovina\/item\/272887-u-cetiri-kantona-fbih-ove-godine-se-grade-brze-ceste-tk-naravno-nije-medju-njima\/\"]}]},{\"@type\":\"ImageObject\",\"inLanguage\":\"bs-BA\",\"@id\":\"https:\/\/tuzlainfo.ba\/index.php\/bosna-i-hercegovina\/item\/272887-u-cetiri-kantona-fbih-ove-godine-se-grade-brze-ceste-tk-naravno-nije-medju-njima\/#primaryimage\",\"url\":\"https:\/\/tuzlainfo.ba\/wp-content\/uploads\/2022\/09\/0709_brcko.jpg\",\"contentUrl\":\"https:\/\/tuzlainfo.ba\/wp-content\/uploads\/2022\/09\/0709_brcko.jpg\",\"width\":800,\"height\":600,\"caption\":\"Foto: Putevi Br\u010dko\"},{\"@type\":\"BreadcrumbList\",\"@id\":\"https:\/\/tuzlainfo.ba\/index.php\/bosna-i-hercegovina\/item\/272887-u-cetiri-kantona-fbih-ove-godine-se-grade-brze-ceste-tk-naravno-nije-medju-njima\/#breadcrumb\",\"itemListElement\":[{\"@type\":\"ListItem\",\"position\":1,\"name\":\"Home\",\"item\":\"https:\/\/tuzlainfo.ba\/\"},{\"@type\":\"ListItem\",\"position\":2,\"name\":\"U \u010detiri kantona FBIH ove godine se grade brze ceste, TK naravno nije me\u0111u njima\"}]},{\"@type\":\"WebSite\",\"@id\":\"https:\/\/tuzlainfo.ba\/#website\",\"url\":\"https:\/\/tuzlainfo.ba\/\",\"name\":\"TuzlaInfo.ba\",\"description\":\"Tuzla info, gradski informator - Tuzla na dlanu\",\"publisher\":{\"@id\":\"https:\/\/tuzlainfo.ba\/#organization\"},\"potentialAction\":[{\"@type\":\"SearchAction\",\"target\":{\"@type\":\"EntryPoint\",\"urlTemplate\":\"https:\/\/tuzlainfo.ba\/?s={search_term_string}\"},\"query-input\":{\"@type\":\"PropertyValueSpecification\",\"valueRequired\":true,\"valueName\":\"search_term_string\"}}],\"inLanguage\":\"bs-BA\"},{\"@type\":\"Organization\",\"@id\":\"https:\/\/tuzlainfo.ba\/#organization\",\"name\":\"TuzlaInfo.ba\",\"url\":\"https:\/\/tuzlainfo.ba\/\",\"logo\":{\"@type\":\"ImageObject\",\"inLanguage\":\"bs-BA\",\"@id\":\"https:\/\/tuzlainfo.ba\/#\/schema\/logo\/image\/\",\"url\":\"https:\/\/tuzlainfo.ba\/wp-content\/uploads\/2021\/03\/logo-ver-3-1.png\",\"contentUrl\":\"https:\/\/tuzlainfo.ba\/wp-content\/uploads\/2021\/03\/logo-ver-3-1.png\",\"width\":350,\"height\":95,\"caption\":\"TuzlaInfo.ba\"},\"image\":{\"@id\":\"https:\/\/tuzlainfo.ba\/#\/schema\/logo\/image\/\"},\"sameAs\":[\"https:\/\/www.facebook.com\/tuzlainfo.ba\/\"]},{\"@type\":\"Person\",\"@id\":\"https:\/\/tuzlainfo.ba\/#\/schema\/person\/f434e20dc27ea133923aab08451b7f7f\",\"name\":\"nedim\",\"image\":{\"@type\":\"ImageObject\",\"inLanguage\":\"bs-BA\",\"@id\":\"https:\/\/tuzlainfo.ba\/#\/schema\/person\/image\/\",\"url\":\"https:\/\/tuzlainfo.ba\/wp-content\/litespeed\/avatar\/aabad687af24844af817603ac1cbdc4f.jpg?ver=1776702173\",\"contentUrl\":\"https:\/\/tuzlainfo.ba\/wp-content\/litespeed\/avatar\/aabad687af24844af817603ac1cbdc4f.jpg?ver=1776702173\",\"caption\":\"nedim\"},\"description\":\"Tuzlainfo.ba pratite na dru\u0161tvenim mre\u017eama: Facebook, Instagram i Youtube. Svoje pri\u010de, upite i fotografije \u0161aljite na na\u0161u e-mail adresu.\"}]}<\/script>\n<!-- \/ Yoast SEO plugin. -->","yoast_head_json":{"title":"U \u010detiri kantona FBIH ove godine se grade brze ceste, TK naravno nije me\u0111u njima - TuzlaInfo.ba","robots":{"index":"index","follow":"follow","max-snippet":"max-snippet:-1","max-image-preview":"max-image-preview:large","max-video-preview":"max-video-preview:-1"},"canonical":"https:\/\/tuzlainfo.ba\/index.php\/bosna-i-hercegovina\/item\/272887-u-cetiri-kantona-fbih-ove-godine-se-grade-brze-ceste-tk-naravno-nije-medju-njima\/","og_locale":"bs_BA","og_type":"article","og_title":"U \u010detiri kantona FBIH ove godine se grade brze ceste, TK naravno nije me\u0111u njima - TuzlaInfo.ba","og_description":"Nakon \u0161to su ovih dana potvr\u0111eni izvo\u0111a\u010di radova za prve dvije dionice brze ceste Mostar&hellip;","og_url":"https:\/\/tuzlainfo.ba\/index.php\/bosna-i-hercegovina\/item\/272887-u-cetiri-kantona-fbih-ove-godine-se-grade-brze-ceste-tk-naravno-nije-medju-njima\/","og_site_name":"TuzlaInfo.ba","article_publisher":"https:\/\/www.facebook.com\/tuzlainfo.ba\/","article_published_time":"2025-06-27T18:02:13+00:00","article_modified_time":"2025-06-29T20:30:45+00:00","og_image":[{"width":800,"height":600,"url":"https:\/\/tuzlainfo.ba\/wp-content\/uploads\/2022\/09\/0709_brcko.jpg","type":"image\/jpeg"}],"author":"nedim","twitter_card":"summary_large_image","twitter_misc":{"Written by":"nedim","Est. reading time":"3 minute"},"schema":{"@context":"https:\/\/schema.org","@graph":[{"@type":"Article","@id":"https:\/\/tuzlainfo.ba\/index.php\/bosna-i-hercegovina\/item\/272887-u-cetiri-kantona-fbih-ove-godine-se-grade-brze-ceste-tk-naravno-nije-medju-njima\/#article","isPartOf":{"@id":"https:\/\/tuzlainfo.ba\/index.php\/bosna-i-hercegovina\/item\/272887-u-cetiri-kantona-fbih-ove-godine-se-grade-brze-ceste-tk-naravno-nije-medju-njima\/"},"author":{"name":"nedim","@id":"https:\/\/tuzlainfo.ba\/#\/schema\/person\/f434e20dc27ea133923aab08451b7f7f"},"headline":"U \u010detiri kantona FBIH ove godine se grade brze ceste, TK naravno nije me\u0111u njima","datePublished":"2025-06-27T18:02:13+00:00","dateModified":"2025-06-29T20:30:45+00:00","mainEntityOfPage":{"@id":"https:\/\/tuzlainfo.ba\/index.php\/bosna-i-hercegovina\/item\/272887-u-cetiri-kantona-fbih-ove-godine-se-grade-brze-ceste-tk-naravno-nije-medju-njima\/"},"wordCount":568,"publisher":{"@id":"https:\/\/tuzlainfo.ba\/#organization"},"image":{"@id":"https:\/\/tuzlainfo.ba\/index.php\/bosna-i-hercegovina\/item\/272887-u-cetiri-kantona-fbih-ove-godine-se-grade-brze-ceste-tk-naravno-nije-medju-njima\/#primaryimage"},"thumbnailUrl":"https:\/\/tuzlainfo.ba\/wp-content\/uploads\/2022\/09\/0709_brcko.jpg","keywords":["izgradnja puteva","JP Ceste FBiH","vlada fbih"],"articleSection":["Bosna i Hercegovina","Istaknuto","Preporu\u010dujemo"],"inLanguage":"bs-BA"},{"@type":"WebPage","@id":"https:\/\/tuzlainfo.ba\/index.php\/bosna-i-hercegovina\/item\/272887-u-cetiri-kantona-fbih-ove-godine-se-grade-brze-ceste-tk-naravno-nije-medju-njima\/","url":"https:\/\/tuzlainfo.ba\/index.php\/bosna-i-hercegovina\/item\/272887-u-cetiri-kantona-fbih-ove-godine-se-grade-brze-ceste-tk-naravno-nije-medju-njima\/","name":"U \u010detiri kantona FBIH ove godine se grade brze ceste, TK naravno nije me\u0111u njima - TuzlaInfo.ba","isPartOf":{"@id":"https:\/\/tuzlainfo.ba\/#website"},"primaryImageOfPage":{"@id":"https:\/\/tuzlainfo.ba\/index.php\/bosna-i-hercegovina\/item\/272887-u-cetiri-kantona-fbih-ove-godine-se-grade-brze-ceste-tk-naravno-nije-medju-njima\/#primaryimage"},"image":{"@id":"https:\/\/tuzlainfo.ba\/index.php\/bosna-i-hercegovina\/item\/272887-u-cetiri-kantona-fbih-ove-godine-se-grade-brze-ceste-tk-naravno-nije-medju-njima\/#primaryimage"},"thumbnailUrl":"https:\/\/tuzlainfo.ba\/wp-content\/uploads\/2022\/09\/0709_brcko.jpg","datePublished":"2025-06-27T18:02:13+00:00","dateModified":"2025-06-29T20:30:45+00:00","breadcrumb":{"@id":"https:\/\/tuzlainfo.ba\/index.php\/bosna-i-hercegovina\/item\/272887-u-cetiri-kantona-fbih-ove-godine-se-grade-brze-ceste-tk-naravno-nije-medju-njima\/#breadcrumb"},"inLanguage":"bs-BA","potentialAction":[{"@type":"ReadAction","target":["https:\/\/tuzlainfo.ba\/index.php\/bosna-i-hercegovina\/item\/272887-u-cetiri-kantona-fbih-ove-godine-se-grade-brze-ceste-tk-naravno-nije-medju-njima\/"]}]},{"@type":"ImageObject","inLanguage":"bs-BA","@id":"https:\/\/tuzlainfo.ba\/index.php\/bosna-i-hercegovina\/item\/272887-u-cetiri-kantona-fbih-ove-godine-se-grade-brze-ceste-tk-naravno-nije-medju-njima\/#primaryimage","url":"https:\/\/tuzlainfo.ba\/wp-content\/uploads\/2022\/09\/0709_brcko.jpg","contentUrl":"https:\/\/tuzlainfo.ba\/wp-content\/uploads\/2022\/09\/0709_brcko.jpg","width":800,"height":600,"caption":"Foto: Putevi Br\u010dko"},{"@type":"BreadcrumbList","@id":"https:\/\/tuzlainfo.ba\/index.php\/bosna-i-hercegovina\/item\/272887-u-cetiri-kantona-fbih-ove-godine-se-grade-brze-ceste-tk-naravno-nije-medju-njima\/#breadcrumb","itemListElement":[{"@type":"ListItem","position":1,"name":"Home","item":"https:\/\/tuzlainfo.ba\/"},{"@type":"ListItem","position":2,"name":"U \u010detiri kantona FBIH ove godine se grade brze ceste, TK naravno nije me\u0111u njima"}]},{"@type":"WebSite","@id":"https:\/\/tuzlainfo.ba\/#website","url":"https:\/\/tuzlainfo.ba\/","name":"TuzlaInfo.ba","description":"Tuzla info, gradski informator - Tuzla na dlanu","publisher":{"@id":"https:\/\/tuzlainfo.ba\/#organization"},"potentialAction":[{"@type":"SearchAction","target":{"@type":"EntryPoint","urlTemplate":"https:\/\/tuzlainfo.ba\/?s={search_term_string}"},"query-input":{"@type":"PropertyValueSpecification","valueRequired":true,"valueName":"search_term_string"}}],"inLanguage":"bs-BA"},{"@type":"Organization","@id":"https:\/\/tuzlainfo.ba\/#organization","name":"TuzlaInfo.ba","url":"https:\/\/tuzlainfo.ba\/","logo":{"@type":"ImageObject","inLanguage":"bs-BA","@id":"https:\/\/tuzlainfo.ba\/#\/schema\/logo\/image\/","url":"https:\/\/tuzlainfo.ba\/wp-content\/uploads\/2021\/03\/logo-ver-3-1.png","contentUrl":"https:\/\/tuzlainfo.ba\/wp-content\/uploads\/2021\/03\/logo-ver-3-1.png","width":350,"height":95,"caption":"TuzlaInfo.ba"},"image":{"@id":"https:\/\/tuzlainfo.ba\/#\/schema\/logo\/image\/"},"sameAs":["https:\/\/www.facebook.com\/tuzlainfo.ba\/"]},{"@type":"Person","@id":"https:\/\/tuzlainfo.ba\/#\/schema\/person\/f434e20dc27ea133923aab08451b7f7f","name":"nedim","image":{"@type":"ImageObject","inLanguage":"bs-BA","@id":"https:\/\/tuzlainfo.ba\/#\/schema\/person\/image\/","url":"https:\/\/tuzlainfo.ba\/wp-content\/litespeed\/avatar\/aabad687af24844af817603ac1cbdc4f.jpg?ver=1776702173","contentUrl":"https:\/\/tuzlainfo.ba\/wp-content\/litespeed\/avatar\/aabad687af24844af817603ac1cbdc4f.jpg?ver=1776702173","caption":"nedim"},"description":"Tuzlainfo.ba pratite na dru\u0161tvenim mre\u017eama: Facebook, Instagram i Youtube. Svoje pri\u010de, upite i fotografije \u0161aljite na na\u0161u e-mail adresu."}]}},"_links":{"self":[{"href":"https:\/\/tuzlainfo.ba\/index.php\/wp-json\/wp\/v2\/posts\/272887"}],"collection":[{"href":"https:\/\/tuzlainfo.ba\/index.php\/wp-json\/wp\/v2\/posts"}],"about":[{"href":"https:\/\/tuzlainfo.ba\/index.php\/wp-json\/wp\/v2\/types\/post"}],"author":[{"embeddable":true,"href":"https:\/\/tuzlainfo.ba\/index.php\/wp-json\/wp\/v2\/users\/2"}],"replies":[{"embeddable":true,"href":"https:\/\/tuzlainfo.ba\/index.php\/wp-json\/wp\/v2\/comments?post=272887"}],"version-history":[{"count":1,"href":"https:\/\/tuzlainfo.ba\/index.php\/wp-json\/wp\/v2\/posts\/272887\/revisions"}],"predecessor-version":[{"id":272890,"href":"https:\/\/tuzlainfo.ba\/index.php\/wp-json\/wp\/v2\/posts\/272887\/revisions\/272890"}],"wp:featuredmedia":[{"embeddable":true,"href":"https:\/\/tuzlainfo.ba\/index.php\/wp-json\/wp\/v2\/media\/183381"}],"wp:attachment":[{"href":"https:\/\/tuzlainfo.ba\/index.php\/wp-json\/wp\/v2\/media?parent=272887"}],"wp:term":[{"taxonomy":"category","embeddable":true,"href":"https:\/\/tuzlainfo.ba\/index.php\/wp-json\/wp\/v2\/categories?post=272887"},{"taxonomy":"post_tag","embeddable":true,"href":"https:\/\/tuzlainfo.ba\/index.php\/wp-json\/wp\/v2\/tags?post=272887"}],"curies":[{"name":"wp","href":"https:\/\/api.w.org\/{rel}","templated":true}]}}