{"id":272838,"date":"2025-06-27T11:10:11","date_gmt":"2025-06-27T09:10:11","guid":{"rendered":"https:\/\/tuzlainfo.ba\/?p=272838"},"modified":"2025-06-27T10:49:57","modified_gmt":"2025-06-27T08:49:57","slug":"najavljeno-poskupljenje-struje-udruzenja-salju-inicijative-nadleznim","status":"publish","type":"post","link":"https:\/\/tuzlainfo.ba\/index.php\/bosna-i-hercegovina\/item\/272838-najavljeno-poskupljenje-struje-udruzenja-salju-inicijative-nadleznim\/","title":{"rendered":"Najavljeno poskupljenje struje, udru\u017eenja \u0161alju inicijative nadle\u017enim"},"content":{"rendered":"<p>Najava pove\u0107anja cijene elektri\u010dne energije putem blok tarifa potaknula je Udru\u017eenje Porodice 3 plus da se obrati Vladi Federacije BiH, Elektroprivredi BiH i Regulatornoj komisiji za energiju. U inicijativi upozoravaju da bi predlo\u017eeni obra\u010dun najte\u017ee pogodio porodice s djecom, posebno one s ve\u0107im brojem \u010dlanova.<\/p>\n<p>&nbsp;<\/p>\n<p>&#8220;Izrazili smo duboku zabrinutost naro\u010dito zbog najave poskupljenja kroz model blok tarifa koje \u0107e, prema svim pokazateljima, najvi\u0161e pogoditi porodice s djecom \u2013 posebno vi\u0161e\u010dlane. Upravo taj model smo ranije, kroz direktan dijalog s EPBiH, Vladom FBiH i FERK-om, uspjeli zaustaviti jer je bio socijalno i demografski neosjetljiv. Model blok tarife podrazumijeva obra\u010dun do 280 kWh po osnovnoj cijeni, a svaka potro\u0161nja iznad tog praga bila obra\u010dunavana po vi\u0161oj tarifi, jasno je da ovakav sistem dodatno optere\u0107uje vi\u0161e\u010dlana doma\u0107instva koja i bez luksuza prema\u0161uju osnovni prag potro\u0161nje &#8211; te se na taj na\u010din ka\u017enjava roditeljstvo&#8221;, navodi se u dopisu Udru\u017eenja.<\/p>\n<p>Podsje\u0107aju da je isti model bio razmatran i ranije, ali je tada, nakon razgovora s predstavnicima institucija, povu\u010den. &#8220;Tada je prepoznato da se radi o mjeri koja zanemaruje realne \u017eivotne okolnosti porodica s djecom. Umjesto toga, uvedeno je linearno pove\u0107anje cijena koje je bilo socijalno prihvatljivije&#8221;, navode.<\/p>\n<p>&nbsp;<\/p>\n<p>Sada, kako isti\u010du, svjedo\u010dimo poku\u0161aju ponovnog uvo\u0111enja sistema koji ne pravi razliku izme\u0111u doma\u0107instava razli\u010ditih struktura, \u0161to dovodi do neravnopravnog tretmana. &#8220;Takav pristup ne uzima u obzir ni broj \u010dlanova ni potrebe ve\u0107ih porodica. Rezultat toga je da roditeljstvo postaje finansijski teret, umjesto da bude vrijednost koju dru\u0161tvo prepoznaje i podr\u017eava.&#8221;<\/p>\n<p>Udru\u017eenje poziva sve nadle\u017ene institucije da bez odlaganja obustave planiranu primjenu blok tarifa. &#8220;Neprihvatljivo je da teret promjene snose upravo oni koji svojim postojanjem doprinose budu\u0107nosti ove zemlje. Vi\u0161e\u010dlane porodice ne smiju biti ka\u017enjene zbog \u010dinjenice da imaju djecu&#8221;, poru\u010duju.<\/p>\n<p>&nbsp;<\/p>\n<p>Zatra\u017eeno je da se predlo\u017eeni model zamijeni pravednijim rje\u0161enjem koje \u0107e biti uskla\u0111eno sa socijalnim i demografskim prioritetima. &#8220;U trenutku kada se suo\u010davamo s ozbiljnim demografskim izazovima, potrebna nam je podr\u0161ka, a ne dodatno optere\u0107enje.&#8221;<\/p>\n","protected":false},"excerpt":{"rendered":"<p>Najava pove\u0107anja cijene elektri\u010dne energije putem blok tarifa potaknula je Udru\u017eenje Porodice 3 plus da&hellip;<\/p>\n","protected":false},"author":4,"featured_media":142399,"comment_status":"closed","ping_status":"closed","sticky":false,"template":"","format":"standard","meta":{"_acf_changed":false,"footnotes":""},"categories":[291,304],"tags":[4152,1880],"acf":[],"yoast_head":"<!-- This site is optimized with the Yoast SEO plugin v23.5 - https:\/\/yoast.com\/wordpress\/plugins\/seo\/ -->\n<title>Najavljeno poskupljenje struje, udru\u017eenja \u0161alju inicijative nadle\u017enim - TuzlaInfo.ba<\/title>\n<meta name=\"robots\" content=\"index, follow, max-snippet:-1, max-image-preview:large, max-video-preview:-1\" \/>\n<link rel=\"canonical\" href=\"https:\/\/tuzlainfo.ba\/index.php\/bosna-i-hercegovina\/item\/272838-najavljeno-poskupljenje-struje-udruzenja-salju-inicijative-nadleznim\/\" \/>\n<meta property=\"og:locale\" content=\"bs_BA\" \/>\n<meta property=\"og:type\" content=\"article\" \/>\n<meta property=\"og:title\" content=\"Najavljeno poskupljenje struje, udru\u017eenja \u0161alju inicijative nadle\u017enim - TuzlaInfo.ba\" \/>\n<meta property=\"og:description\" content=\"Najava pove\u0107anja cijene elektri\u010dne energije putem blok tarifa potaknula je Udru\u017eenje Porodice 3 plus da&hellip;\" \/>\n<meta property=\"og:url\" content=\"https:\/\/tuzlainfo.ba\/index.php\/bosna-i-hercegovina\/item\/272838-najavljeno-poskupljenje-struje-udruzenja-salju-inicijative-nadleznim\/\" \/>\n<meta property=\"og:site_name\" content=\"TuzlaInfo.ba\" \/>\n<meta property=\"article:publisher\" content=\"https:\/\/www.facebook.com\/tuzlainfo.ba\/\" \/>\n<meta property=\"article:published_time\" content=\"2025-06-27T09:10:11+00:00\" \/>\n<meta property=\"article:modified_time\" content=\"2025-06-27T08:49:57+00:00\" \/>\n<meta property=\"og:image\" content=\"https:\/\/tuzlainfo.ba\/wp-content\/uploads\/2021\/07\/1907_Struja.jpg\" \/>\n\t<meta property=\"og:image:width\" content=\"999\" \/>\n\t<meta property=\"og:image:height\" content=\"605\" \/>\n\t<meta property=\"og:image:type\" content=\"image\/jpeg\" \/>\n<meta name=\"author\" content=\"Tuzla Info\" \/>\n<meta name=\"twitter:card\" content=\"summary_large_image\" \/>\n<meta name=\"twitter:label1\" content=\"Written by\" \/>\n\t<meta name=\"twitter:data1\" content=\"Tuzla Info\" \/>\n\t<meta name=\"twitter:label2\" content=\"Est. reading time\" \/>\n\t<meta name=\"twitter:data2\" content=\"2 minute\" \/>\n<script type=\"application\/ld+json\" class=\"yoast-schema-graph\">{\"@context\":\"https:\/\/schema.org\",\"@graph\":[{\"@type\":\"Article\",\"@id\":\"https:\/\/tuzlainfo.ba\/index.php\/bosna-i-hercegovina\/item\/272838-najavljeno-poskupljenje-struje-udruzenja-salju-inicijative-nadleznim\/#article\",\"isPartOf\":{\"@id\":\"https:\/\/tuzlainfo.ba\/index.php\/bosna-i-hercegovina\/item\/272838-najavljeno-poskupljenje-struje-udruzenja-salju-inicijative-nadleznim\/\"},\"author\":{\"name\":\"Tuzla Info\",\"@id\":\"https:\/\/tuzlainfo.ba\/#\/schema\/person\/46cad4c57790cbc50781edd14870825a\"},\"headline\":\"Najavljeno poskupljenje struje, udru\u017eenja \u0161alju inicijative nadle\u017enim\",\"datePublished\":\"2025-06-27T09:10:11+00:00\",\"dateModified\":\"2025-06-27T08:49:57+00:00\",\"mainEntityOfPage\":{\"@id\":\"https:\/\/tuzlainfo.ba\/index.php\/bosna-i-hercegovina\/item\/272838-najavljeno-poskupljenje-struje-udruzenja-salju-inicijative-nadleznim\/\"},\"wordCount\":378,\"publisher\":{\"@id\":\"https:\/\/tuzlainfo.ba\/#organization\"},\"image\":{\"@id\":\"https:\/\/tuzlainfo.ba\/index.php\/bosna-i-hercegovina\/item\/272838-najavljeno-poskupljenje-struje-udruzenja-salju-inicijative-nadleznim\/#primaryimage\"},\"thumbnailUrl\":\"https:\/\/tuzlainfo.ba\/wp-content\/uploads\/2021\/07\/1907_Struja.jpg\",\"keywords\":[\"Poskupljenja\",\"struja\"],\"articleSection\":[\"Bosna i Hercegovina\",\"Istaknuto\"],\"inLanguage\":\"bs-BA\"},{\"@type\":\"WebPage\",\"@id\":\"https:\/\/tuzlainfo.ba\/index.php\/bosna-i-hercegovina\/item\/272838-najavljeno-poskupljenje-struje-udruzenja-salju-inicijative-nadleznim\/\",\"url\":\"https:\/\/tuzlainfo.ba\/index.php\/bosna-i-hercegovina\/item\/272838-najavljeno-poskupljenje-struje-udruzenja-salju-inicijative-nadleznim\/\",\"name\":\"Najavljeno poskupljenje struje, udru\u017eenja \u0161alju inicijative nadle\u017enim - TuzlaInfo.ba\",\"isPartOf\":{\"@id\":\"https:\/\/tuzlainfo.ba\/#website\"},\"primaryImageOfPage\":{\"@id\":\"https:\/\/tuzlainfo.ba\/index.php\/bosna-i-hercegovina\/item\/272838-najavljeno-poskupljenje-struje-udruzenja-salju-inicijative-nadleznim\/#primaryimage\"},\"image\":{\"@id\":\"https:\/\/tuzlainfo.ba\/index.php\/bosna-i-hercegovina\/item\/272838-najavljeno-poskupljenje-struje-udruzenja-salju-inicijative-nadleznim\/#primaryimage\"},\"thumbnailUrl\":\"https:\/\/tuzlainfo.ba\/wp-content\/uploads\/2021\/07\/1907_Struja.jpg\",\"datePublished\":\"2025-06-27T09:10:11+00:00\",\"dateModified\":\"2025-06-27T08:49:57+00:00\",\"breadcrumb\":{\"@id\":\"https:\/\/tuzlainfo.ba\/index.php\/bosna-i-hercegovina\/item\/272838-najavljeno-poskupljenje-struje-udruzenja-salju-inicijative-nadleznim\/#breadcrumb\"},\"inLanguage\":\"bs-BA\",\"potentialAction\":[{\"@type\":\"ReadAction\",\"target\":[\"https:\/\/tuzlainfo.ba\/index.php\/bosna-i-hercegovina\/item\/272838-najavljeno-poskupljenje-struje-udruzenja-salju-inicijative-nadleznim\/\"]}]},{\"@type\":\"ImageObject\",\"inLanguage\":\"bs-BA\",\"@id\":\"https:\/\/tuzlainfo.ba\/index.php\/bosna-i-hercegovina\/item\/272838-najavljeno-poskupljenje-struje-udruzenja-salju-inicijative-nadleznim\/#primaryimage\",\"url\":\"https:\/\/tuzlainfo.ba\/wp-content\/uploads\/2021\/07\/1907_Struja.jpg\",\"contentUrl\":\"https:\/\/tuzlainfo.ba\/wp-content\/uploads\/2021\/07\/1907_Struja.jpg\",\"width\":999,\"height\":605},{\"@type\":\"BreadcrumbList\",\"@id\":\"https:\/\/tuzlainfo.ba\/index.php\/bosna-i-hercegovina\/item\/272838-najavljeno-poskupljenje-struje-udruzenja-salju-inicijative-nadleznim\/#breadcrumb\",\"itemListElement\":[{\"@type\":\"ListItem\",\"position\":1,\"name\":\"Home\",\"item\":\"https:\/\/tuzlainfo.ba\/\"},{\"@type\":\"ListItem\",\"position\":2,\"name\":\"Najavljeno poskupljenje struje, udru\u017eenja \u0161alju inicijative nadle\u017enim\"}]},{\"@type\":\"WebSite\",\"@id\":\"https:\/\/tuzlainfo.ba\/#website\",\"url\":\"https:\/\/tuzlainfo.ba\/\",\"name\":\"TuzlaInfo.ba\",\"description\":\"Tuzla info, gradski informator - Tuzla na dlanu\",\"publisher\":{\"@id\":\"https:\/\/tuzlainfo.ba\/#organization\"},\"potentialAction\":[{\"@type\":\"SearchAction\",\"target\":{\"@type\":\"EntryPoint\",\"urlTemplate\":\"https:\/\/tuzlainfo.ba\/?s={search_term_string}\"},\"query-input\":{\"@type\":\"PropertyValueSpecification\",\"valueRequired\":true,\"valueName\":\"search_term_string\"}}],\"inLanguage\":\"bs-BA\"},{\"@type\":\"Organization\",\"@id\":\"https:\/\/tuzlainfo.ba\/#organization\",\"name\":\"TuzlaInfo.ba\",\"url\":\"https:\/\/tuzlainfo.ba\/\",\"logo\":{\"@type\":\"ImageObject\",\"inLanguage\":\"bs-BA\",\"@id\":\"https:\/\/tuzlainfo.ba\/#\/schema\/logo\/image\/\",\"url\":\"https:\/\/tuzlainfo.ba\/wp-content\/uploads\/2021\/03\/logo-ver-3-1.png\",\"contentUrl\":\"https:\/\/tuzlainfo.ba\/wp-content\/uploads\/2021\/03\/logo-ver-3-1.png\",\"width\":350,\"height\":95,\"caption\":\"TuzlaInfo.ba\"},\"image\":{\"@id\":\"https:\/\/tuzlainfo.ba\/#\/schema\/logo\/image\/\"},\"sameAs\":[\"https:\/\/www.facebook.com\/tuzlainfo.ba\/\"]},{\"@type\":\"Person\",\"@id\":\"https:\/\/tuzlainfo.ba\/#\/schema\/person\/46cad4c57790cbc50781edd14870825a\",\"name\":\"Tuzla Info\",\"image\":{\"@type\":\"ImageObject\",\"inLanguage\":\"bs-BA\",\"@id\":\"https:\/\/tuzlainfo.ba\/#\/schema\/person\/image\/\",\"url\":\"https:\/\/tuzlainfo.ba\/wp-content\/litespeed\/avatar\/b6c453a6c38e3654f2e4416c643fc25c.jpg?ver=1777051911\",\"contentUrl\":\"https:\/\/tuzlainfo.ba\/wp-content\/litespeed\/avatar\/b6c453a6c38e3654f2e4416c643fc25c.jpg?ver=1777051911\",\"caption\":\"Tuzla Info\"}}]}<\/script>\n<!-- \/ Yoast SEO plugin. -->","yoast_head_json":{"title":"Najavljeno poskupljenje struje, udru\u017eenja \u0161alju inicijative nadle\u017enim - TuzlaInfo.ba","robots":{"index":"index","follow":"follow","max-snippet":"max-snippet:-1","max-image-preview":"max-image-preview:large","max-video-preview":"max-video-preview:-1"},"canonical":"https:\/\/tuzlainfo.ba\/index.php\/bosna-i-hercegovina\/item\/272838-najavljeno-poskupljenje-struje-udruzenja-salju-inicijative-nadleznim\/","og_locale":"bs_BA","og_type":"article","og_title":"Najavljeno poskupljenje struje, udru\u017eenja \u0161alju inicijative nadle\u017enim - TuzlaInfo.ba","og_description":"Najava pove\u0107anja cijene elektri\u010dne energije putem blok tarifa potaknula je Udru\u017eenje Porodice 3 plus da&hellip;","og_url":"https:\/\/tuzlainfo.ba\/index.php\/bosna-i-hercegovina\/item\/272838-najavljeno-poskupljenje-struje-udruzenja-salju-inicijative-nadleznim\/","og_site_name":"TuzlaInfo.ba","article_publisher":"https:\/\/www.facebook.com\/tuzlainfo.ba\/","article_published_time":"2025-06-27T09:10:11+00:00","article_modified_time":"2025-06-27T08:49:57+00:00","og_image":[{"width":999,"height":605,"url":"https:\/\/tuzlainfo.ba\/wp-content\/uploads\/2021\/07\/1907_Struja.jpg","type":"image\/jpeg"}],"author":"Tuzla Info","twitter_card":"summary_large_image","twitter_misc":{"Written by":"Tuzla Info","Est. reading time":"2 minute"},"schema":{"@context":"https:\/\/schema.org","@graph":[{"@type":"Article","@id":"https:\/\/tuzlainfo.ba\/index.php\/bosna-i-hercegovina\/item\/272838-najavljeno-poskupljenje-struje-udruzenja-salju-inicijative-nadleznim\/#article","isPartOf":{"@id":"https:\/\/tuzlainfo.ba\/index.php\/bosna-i-hercegovina\/item\/272838-najavljeno-poskupljenje-struje-udruzenja-salju-inicijative-nadleznim\/"},"author":{"name":"Tuzla Info","@id":"https:\/\/tuzlainfo.ba\/#\/schema\/person\/46cad4c57790cbc50781edd14870825a"},"headline":"Najavljeno poskupljenje struje, udru\u017eenja \u0161alju inicijative nadle\u017enim","datePublished":"2025-06-27T09:10:11+00:00","dateModified":"2025-06-27T08:49:57+00:00","mainEntityOfPage":{"@id":"https:\/\/tuzlainfo.ba\/index.php\/bosna-i-hercegovina\/item\/272838-najavljeno-poskupljenje-struje-udruzenja-salju-inicijative-nadleznim\/"},"wordCount":378,"publisher":{"@id":"https:\/\/tuzlainfo.ba\/#organization"},"image":{"@id":"https:\/\/tuzlainfo.ba\/index.php\/bosna-i-hercegovina\/item\/272838-najavljeno-poskupljenje-struje-udruzenja-salju-inicijative-nadleznim\/#primaryimage"},"thumbnailUrl":"https:\/\/tuzlainfo.ba\/wp-content\/uploads\/2021\/07\/1907_Struja.jpg","keywords":["Poskupljenja","struja"],"articleSection":["Bosna i Hercegovina","Istaknuto"],"inLanguage":"bs-BA"},{"@type":"WebPage","@id":"https:\/\/tuzlainfo.ba\/index.php\/bosna-i-hercegovina\/item\/272838-najavljeno-poskupljenje-struje-udruzenja-salju-inicijative-nadleznim\/","url":"https:\/\/tuzlainfo.ba\/index.php\/bosna-i-hercegovina\/item\/272838-najavljeno-poskupljenje-struje-udruzenja-salju-inicijative-nadleznim\/","name":"Najavljeno poskupljenje struje, udru\u017eenja \u0161alju inicijative nadle\u017enim - TuzlaInfo.ba","isPartOf":{"@id":"https:\/\/tuzlainfo.ba\/#website"},"primaryImageOfPage":{"@id":"https:\/\/tuzlainfo.ba\/index.php\/bosna-i-hercegovina\/item\/272838-najavljeno-poskupljenje-struje-udruzenja-salju-inicijative-nadleznim\/#primaryimage"},"image":{"@id":"https:\/\/tuzlainfo.ba\/index.php\/bosna-i-hercegovina\/item\/272838-najavljeno-poskupljenje-struje-udruzenja-salju-inicijative-nadleznim\/#primaryimage"},"thumbnailUrl":"https:\/\/tuzlainfo.ba\/wp-content\/uploads\/2021\/07\/1907_Struja.jpg","datePublished":"2025-06-27T09:10:11+00:00","dateModified":"2025-06-27T08:49:57+00:00","breadcrumb":{"@id":"https:\/\/tuzlainfo.ba\/index.php\/bosna-i-hercegovina\/item\/272838-najavljeno-poskupljenje-struje-udruzenja-salju-inicijative-nadleznim\/#breadcrumb"},"inLanguage":"bs-BA","potentialAction":[{"@type":"ReadAction","target":["https:\/\/tuzlainfo.ba\/index.php\/bosna-i-hercegovina\/item\/272838-najavljeno-poskupljenje-struje-udruzenja-salju-inicijative-nadleznim\/"]}]},{"@type":"ImageObject","inLanguage":"bs-BA","@id":"https:\/\/tuzlainfo.ba\/index.php\/bosna-i-hercegovina\/item\/272838-najavljeno-poskupljenje-struje-udruzenja-salju-inicijative-nadleznim\/#primaryimage","url":"https:\/\/tuzlainfo.ba\/wp-content\/uploads\/2021\/07\/1907_Struja.jpg","contentUrl":"https:\/\/tuzlainfo.ba\/wp-content\/uploads\/2021\/07\/1907_Struja.jpg","width":999,"height":605},{"@type":"BreadcrumbList","@id":"https:\/\/tuzlainfo.ba\/index.php\/bosna-i-hercegovina\/item\/272838-najavljeno-poskupljenje-struje-udruzenja-salju-inicijative-nadleznim\/#breadcrumb","itemListElement":[{"@type":"ListItem","position":1,"name":"Home","item":"https:\/\/tuzlainfo.ba\/"},{"@type":"ListItem","position":2,"name":"Najavljeno poskupljenje struje, udru\u017eenja \u0161alju inicijative nadle\u017enim"}]},{"@type":"WebSite","@id":"https:\/\/tuzlainfo.ba\/#website","url":"https:\/\/tuzlainfo.ba\/","name":"TuzlaInfo.ba","description":"Tuzla info, gradski informator - Tuzla na dlanu","publisher":{"@id":"https:\/\/tuzlainfo.ba\/#organization"},"potentialAction":[{"@type":"SearchAction","target":{"@type":"EntryPoint","urlTemplate":"https:\/\/tuzlainfo.ba\/?s={search_term_string}"},"query-input":{"@type":"PropertyValueSpecification","valueRequired":true,"valueName":"search_term_string"}}],"inLanguage":"bs-BA"},{"@type":"Organization","@id":"https:\/\/tuzlainfo.ba\/#organization","name":"TuzlaInfo.ba","url":"https:\/\/tuzlainfo.ba\/","logo":{"@type":"ImageObject","inLanguage":"bs-BA","@id":"https:\/\/tuzlainfo.ba\/#\/schema\/logo\/image\/","url":"https:\/\/tuzlainfo.ba\/wp-content\/uploads\/2021\/03\/logo-ver-3-1.png","contentUrl":"https:\/\/tuzlainfo.ba\/wp-content\/uploads\/2021\/03\/logo-ver-3-1.png","width":350,"height":95,"caption":"TuzlaInfo.ba"},"image":{"@id":"https:\/\/tuzlainfo.ba\/#\/schema\/logo\/image\/"},"sameAs":["https:\/\/www.facebook.com\/tuzlainfo.ba\/"]},{"@type":"Person","@id":"https:\/\/tuzlainfo.ba\/#\/schema\/person\/46cad4c57790cbc50781edd14870825a","name":"Tuzla Info","image":{"@type":"ImageObject","inLanguage":"bs-BA","@id":"https:\/\/tuzlainfo.ba\/#\/schema\/person\/image\/","url":"https:\/\/tuzlainfo.ba\/wp-content\/litespeed\/avatar\/b6c453a6c38e3654f2e4416c643fc25c.jpg?ver=1777051911","contentUrl":"https:\/\/tuzlainfo.ba\/wp-content\/litespeed\/avatar\/b6c453a6c38e3654f2e4416c643fc25c.jpg?ver=1777051911","caption":"Tuzla Info"}}]}},"_links":{"self":[{"href":"https:\/\/tuzlainfo.ba\/index.php\/wp-json\/wp\/v2\/posts\/272838"}],"collection":[{"href":"https:\/\/tuzlainfo.ba\/index.php\/wp-json\/wp\/v2\/posts"}],"about":[{"href":"https:\/\/tuzlainfo.ba\/index.php\/wp-json\/wp\/v2\/types\/post"}],"author":[{"embeddable":true,"href":"https:\/\/tuzlainfo.ba\/index.php\/wp-json\/wp\/v2\/users\/4"}],"replies":[{"embeddable":true,"href":"https:\/\/tuzlainfo.ba\/index.php\/wp-json\/wp\/v2\/comments?post=272838"}],"version-history":[{"count":1,"href":"https:\/\/tuzlainfo.ba\/index.php\/wp-json\/wp\/v2\/posts\/272838\/revisions"}],"predecessor-version":[{"id":272839,"href":"https:\/\/tuzlainfo.ba\/index.php\/wp-json\/wp\/v2\/posts\/272838\/revisions\/272839"}],"wp:featuredmedia":[{"embeddable":true,"href":"https:\/\/tuzlainfo.ba\/index.php\/wp-json\/wp\/v2\/media\/142399"}],"wp:attachment":[{"href":"https:\/\/tuzlainfo.ba\/index.php\/wp-json\/wp\/v2\/media?parent=272838"}],"wp:term":[{"taxonomy":"category","embeddable":true,"href":"https:\/\/tuzlainfo.ba\/index.php\/wp-json\/wp\/v2\/categories?post=272838"},{"taxonomy":"post_tag","embeddable":true,"href":"https:\/\/tuzlainfo.ba\/index.php\/wp-json\/wp\/v2\/tags?post=272838"}],"curies":[{"name":"wp","href":"https:\/\/api.w.org\/{rel}","templated":true}]}}