{"id":272741,"date":"2025-06-26T11:00:41","date_gmt":"2025-06-26T09:00:41","guid":{"rendered":"https:\/\/tuzlainfo.ba\/?p=272741"},"modified":"2025-06-26T09:54:52","modified_gmt":"2025-06-26T07:54:52","slug":"solina-svecano-obiljezena-nova-hidzretska-godina-uz-mevlud-program-i-podjelu-paketica","status":"publish","type":"post","link":"https:\/\/tuzlainfo.ba\/index.php\/novosti\/item\/272741-solina-svecano-obiljezena-nova-hidzretska-godina-uz-mevlud-program-i-podjelu-paketica\/","title":{"rendered":"Solina: Sve\u010dano obilje\u017eena Nova hid\u017eretska godina uz mevlud, program i podjelu paketi\u0107a"},"content":{"rendered":"<p>U povodu Nove 1447. hid\u017eretske godine, u d\u017eematu Solina uprili\u010den je sve\u010dani vjerski program kojem je prethodilo u\u010denje mevluda. Prisutni su imali priliku u\u017eivati u prigodnom sadr\u017eaju koji je, osim duhovne dimenzije, bio i podsjetnik na va\u017enost hid\u017ere u historijskom i savremenom kontekstu.<\/p>\n<p>Uvodnu besjedu odr\u017eao je imam d\u017eemata, Sanel-ef. Hod\u017ei\u0107, koji je istakao zna\u010daj kontinuiranog u\u010denja i predanosti vjeri. Posebno je naglasio da je u protekle tri godine osam d\u017eematlija uspje\u0161no prou\u010dilo hatmu, te su im ovom prilikom uru\u010dene diplome.<\/p>\n<p>Tako\u0111er, deset diploma dodijeljeno je mektebskim u\u010denicima i d\u017eematlijama koji su uspje\u0161no zavr\u0161ili sufaru. U programskom dijelu ve\u010deri nastupio je hor Gazi Turali-beg, dok je vaiz bio prof. kiraeta u Behram-begovoj medresi, hafiz Mirnes-ef. Spahi\u0107, koji je govorio o hid\u017eri iz historijskog ugla, nagla\u0161avaju\u0107i njenu poruku i zna\u010daj za muslimane danas.<\/p>\n<p>Sve\u010danosti je prisustvovao i glavni imam Med\u017elisa IZ Tuzla, hafiz Ahmed-ef. Huskanovi\u0107, koji se obratio prisutnima, isti\u010du\u0107i da \u017eivimo u slo\u017eenim dru\u0161tvenim okolnostima koje od nas tra\u017ee ozbiljno promi\u0161ljanje o vlastitoj stvarnosti i odgovornosti.<\/p>\n<p><iframe title=\"Tuzla: Hid\u017eretska nova godina u d\u017eematu Solina\" width=\"1170\" height=\"658\" src=\"https:\/\/www.youtube.com\/embed\/9bznUBziKDk?feature=oembed\" frameborder=\"0\" allow=\"accelerometer; autoplay; clipboard-write; encrypted-media; gyroscope; picture-in-picture; web-share\" referrerpolicy=\"strict-origin-when-cross-origin\" allowfullscreen><\/iframe><\/p>\n<p>Na kraju programa, djeci koja poha\u0111aju mekteb podijeljeno je 70 novogodi\u0161njih paketi\u0107a, \u0161to je izazvalo posebno odu\u0161evljenje najmla\u0111ih. Ve\u010der je simboli\u010dno zaklju\u010dena vatrometom, nakon \u010dega je dru\u017eenje nastavljeno uz kahvu i kola\u010de u toploj atmosferi zajedni\u0161tva.<\/p>\n","protected":false},"excerpt":{"rendered":"<p>U povodu Nove 1447. hid\u017eretske godine, u d\u017eematu Solina uprili\u010den je sve\u010dani vjerski program kojem&hellip;<\/p>\n","protected":false},"author":2,"featured_media":272742,"comment_status":"closed","ping_status":"closed","sticky":false,"template":"","format":"standard","meta":{"_acf_changed":false,"footnotes":""},"categories":[304,12],"tags":[2125,440],"acf":[],"yoast_head":"<!-- This site is optimized with the Yoast SEO plugin v23.5 - https:\/\/yoast.com\/wordpress\/plugins\/seo\/ -->\n<title>Solina: Sve\u010dano obilje\u017eena Nova hid\u017eretska godina uz mevlud, program i podjelu paketi\u0107a - TuzlaInfo.ba<\/title>\n<meta name=\"robots\" content=\"index, follow, max-snippet:-1, max-image-preview:large, max-video-preview:-1\" \/>\n<link rel=\"canonical\" href=\"https:\/\/tuzlainfo.ba\/index.php\/novosti\/item\/272741-solina-svecano-obiljezena-nova-hidzretska-godina-uz-mevlud-program-i-podjelu-paketica\/\" \/>\n<meta property=\"og:locale\" content=\"bs_BA\" \/>\n<meta property=\"og:type\" content=\"article\" \/>\n<meta property=\"og:title\" content=\"Solina: Sve\u010dano obilje\u017eena Nova hid\u017eretska godina uz mevlud, program i podjelu paketi\u0107a - TuzlaInfo.ba\" \/>\n<meta property=\"og:description\" content=\"U povodu Nove 1447. hid\u017eretske godine, u d\u017eematu Solina uprili\u010den je sve\u010dani vjerski program kojem&hellip;\" \/>\n<meta property=\"og:url\" content=\"https:\/\/tuzlainfo.ba\/index.php\/novosti\/item\/272741-solina-svecano-obiljezena-nova-hidzretska-godina-uz-mevlud-program-i-podjelu-paketica\/\" \/>\n<meta property=\"og:site_name\" content=\"TuzlaInfo.ba\" \/>\n<meta property=\"article:publisher\" content=\"https:\/\/www.facebook.com\/tuzlainfo.ba\/\" \/>\n<meta property=\"article:published_time\" content=\"2025-06-26T09:00:41+00:00\" \/>\n<meta property=\"article:modified_time\" content=\"2025-06-26T07:54:52+00:00\" \/>\n<meta property=\"og:image\" content=\"https:\/\/tuzlainfo.ba\/wp-content\/uploads\/2025\/06\/2606_hidzretska.jpg\" \/>\n\t<meta property=\"og:image:width\" content=\"1000\" \/>\n\t<meta property=\"og:image:height\" content=\"598\" \/>\n\t<meta property=\"og:image:type\" content=\"image\/jpeg\" \/>\n<meta name=\"author\" content=\"nedim\" \/>\n<meta name=\"twitter:card\" content=\"summary_large_image\" \/>\n<meta name=\"twitter:label1\" content=\"Written by\" \/>\n\t<meta name=\"twitter:data1\" content=\"nedim\" \/>\n\t<meta name=\"twitter:label2\" content=\"Est. reading time\" \/>\n\t<meta name=\"twitter:data2\" content=\"2 minute\" \/>\n<script type=\"application\/ld+json\" class=\"yoast-schema-graph\">{\"@context\":\"https:\/\/schema.org\",\"@graph\":[{\"@type\":\"Article\",\"@id\":\"https:\/\/tuzlainfo.ba\/index.php\/novosti\/item\/272741-solina-svecano-obiljezena-nova-hidzretska-godina-uz-mevlud-program-i-podjelu-paketica\/#article\",\"isPartOf\":{\"@id\":\"https:\/\/tuzlainfo.ba\/index.php\/novosti\/item\/272741-solina-svecano-obiljezena-nova-hidzretska-godina-uz-mevlud-program-i-podjelu-paketica\/\"},\"author\":{\"name\":\"nedim\",\"@id\":\"https:\/\/tuzlainfo.ba\/#\/schema\/person\/f434e20dc27ea133923aab08451b7f7f\"},\"headline\":\"Solina: Sve\u010dano obilje\u017eena Nova hid\u017eretska godina uz mevlud, program i podjelu paketi\u0107a\",\"datePublished\":\"2025-06-26T09:00:41+00:00\",\"dateModified\":\"2025-06-26T07:54:52+00:00\",\"mainEntityOfPage\":{\"@id\":\"https:\/\/tuzlainfo.ba\/index.php\/novosti\/item\/272741-solina-svecano-obiljezena-nova-hidzretska-godina-uz-mevlud-program-i-podjelu-paketica\/\"},\"wordCount\":272,\"publisher\":{\"@id\":\"https:\/\/tuzlainfo.ba\/#organization\"},\"image\":{\"@id\":\"https:\/\/tuzlainfo.ba\/index.php\/novosti\/item\/272741-solina-svecano-obiljezena-nova-hidzretska-godina-uz-mevlud-program-i-podjelu-paketica\/#primaryimage\"},\"thumbnailUrl\":\"https:\/\/tuzlainfo.ba\/wp-content\/uploads\/2025\/06\/2606_hidzretska.jpg\",\"keywords\":[\"nova hid\u017eretska godina\",\"solina\"],\"articleSection\":[\"Istaknuto\",\"Novosti\"],\"inLanguage\":\"bs-BA\"},{\"@type\":\"WebPage\",\"@id\":\"https:\/\/tuzlainfo.ba\/index.php\/novosti\/item\/272741-solina-svecano-obiljezena-nova-hidzretska-godina-uz-mevlud-program-i-podjelu-paketica\/\",\"url\":\"https:\/\/tuzlainfo.ba\/index.php\/novosti\/item\/272741-solina-svecano-obiljezena-nova-hidzretska-godina-uz-mevlud-program-i-podjelu-paketica\/\",\"name\":\"Solina: Sve\u010dano obilje\u017eena Nova hid\u017eretska godina uz mevlud, program i podjelu paketi\u0107a - TuzlaInfo.ba\",\"isPartOf\":{\"@id\":\"https:\/\/tuzlainfo.ba\/#website\"},\"primaryImageOfPage\":{\"@id\":\"https:\/\/tuzlainfo.ba\/index.php\/novosti\/item\/272741-solina-svecano-obiljezena-nova-hidzretska-godina-uz-mevlud-program-i-podjelu-paketica\/#primaryimage\"},\"image\":{\"@id\":\"https:\/\/tuzlainfo.ba\/index.php\/novosti\/item\/272741-solina-svecano-obiljezena-nova-hidzretska-godina-uz-mevlud-program-i-podjelu-paketica\/#primaryimage\"},\"thumbnailUrl\":\"https:\/\/tuzlainfo.ba\/wp-content\/uploads\/2025\/06\/2606_hidzretska.jpg\",\"datePublished\":\"2025-06-26T09:00:41+00:00\",\"dateModified\":\"2025-06-26T07:54:52+00:00\",\"breadcrumb\":{\"@id\":\"https:\/\/tuzlainfo.ba\/index.php\/novosti\/item\/272741-solina-svecano-obiljezena-nova-hidzretska-godina-uz-mevlud-program-i-podjelu-paketica\/#breadcrumb\"},\"inLanguage\":\"bs-BA\",\"potentialAction\":[{\"@type\":\"ReadAction\",\"target\":[\"https:\/\/tuzlainfo.ba\/index.php\/novosti\/item\/272741-solina-svecano-obiljezena-nova-hidzretska-godina-uz-mevlud-program-i-podjelu-paketica\/\"]}]},{\"@type\":\"ImageObject\",\"inLanguage\":\"bs-BA\",\"@id\":\"https:\/\/tuzlainfo.ba\/index.php\/novosti\/item\/272741-solina-svecano-obiljezena-nova-hidzretska-godina-uz-mevlud-program-i-podjelu-paketica\/#primaryimage\",\"url\":\"https:\/\/tuzlainfo.ba\/wp-content\/uploads\/2025\/06\/2606_hidzretska.jpg\",\"contentUrl\":\"https:\/\/tuzlainfo.ba\/wp-content\/uploads\/2025\/06\/2606_hidzretska.jpg\",\"width\":1000,\"height\":598},{\"@type\":\"BreadcrumbList\",\"@id\":\"https:\/\/tuzlainfo.ba\/index.php\/novosti\/item\/272741-solina-svecano-obiljezena-nova-hidzretska-godina-uz-mevlud-program-i-podjelu-paketica\/#breadcrumb\",\"itemListElement\":[{\"@type\":\"ListItem\",\"position\":1,\"name\":\"Home\",\"item\":\"https:\/\/tuzlainfo.ba\/\"},{\"@type\":\"ListItem\",\"position\":2,\"name\":\"Solina: Sve\u010dano obilje\u017eena Nova hid\u017eretska godina uz mevlud, program i podjelu paketi\u0107a\"}]},{\"@type\":\"WebSite\",\"@id\":\"https:\/\/tuzlainfo.ba\/#website\",\"url\":\"https:\/\/tuzlainfo.ba\/\",\"name\":\"TuzlaInfo.ba\",\"description\":\"Tuzla info, gradski informator - Tuzla na dlanu\",\"publisher\":{\"@id\":\"https:\/\/tuzlainfo.ba\/#organization\"},\"potentialAction\":[{\"@type\":\"SearchAction\",\"target\":{\"@type\":\"EntryPoint\",\"urlTemplate\":\"https:\/\/tuzlainfo.ba\/?s={search_term_string}\"},\"query-input\":{\"@type\":\"PropertyValueSpecification\",\"valueRequired\":true,\"valueName\":\"search_term_string\"}}],\"inLanguage\":\"bs-BA\"},{\"@type\":\"Organization\",\"@id\":\"https:\/\/tuzlainfo.ba\/#organization\",\"name\":\"TuzlaInfo.ba\",\"url\":\"https:\/\/tuzlainfo.ba\/\",\"logo\":{\"@type\":\"ImageObject\",\"inLanguage\":\"bs-BA\",\"@id\":\"https:\/\/tuzlainfo.ba\/#\/schema\/logo\/image\/\",\"url\":\"https:\/\/tuzlainfo.ba\/wp-content\/uploads\/2021\/03\/logo-ver-3-1.png\",\"contentUrl\":\"https:\/\/tuzlainfo.ba\/wp-content\/uploads\/2021\/03\/logo-ver-3-1.png\",\"width\":350,\"height\":95,\"caption\":\"TuzlaInfo.ba\"},\"image\":{\"@id\":\"https:\/\/tuzlainfo.ba\/#\/schema\/logo\/image\/\"},\"sameAs\":[\"https:\/\/www.facebook.com\/tuzlainfo.ba\/\"]},{\"@type\":\"Person\",\"@id\":\"https:\/\/tuzlainfo.ba\/#\/schema\/person\/f434e20dc27ea133923aab08451b7f7f\",\"name\":\"nedim\",\"image\":{\"@type\":\"ImageObject\",\"inLanguage\":\"bs-BA\",\"@id\":\"https:\/\/tuzlainfo.ba\/#\/schema\/person\/image\/\",\"url\":\"https:\/\/tuzlainfo.ba\/wp-content\/litespeed\/avatar\/aabad687af24844af817603ac1cbdc4f.jpg?ver=1776702173\",\"contentUrl\":\"https:\/\/tuzlainfo.ba\/wp-content\/litespeed\/avatar\/aabad687af24844af817603ac1cbdc4f.jpg?ver=1776702173\",\"caption\":\"nedim\"},\"description\":\"Tuzlainfo.ba pratite na dru\u0161tvenim mre\u017eama: Facebook, Instagram i Youtube. Svoje pri\u010de, upite i fotografije \u0161aljite na na\u0161u e-mail adresu.\"}]}<\/script>\n<!-- \/ Yoast SEO plugin. -->","yoast_head_json":{"title":"Solina: Sve\u010dano obilje\u017eena Nova hid\u017eretska godina uz mevlud, program i podjelu paketi\u0107a - TuzlaInfo.ba","robots":{"index":"index","follow":"follow","max-snippet":"max-snippet:-1","max-image-preview":"max-image-preview:large","max-video-preview":"max-video-preview:-1"},"canonical":"https:\/\/tuzlainfo.ba\/index.php\/novosti\/item\/272741-solina-svecano-obiljezena-nova-hidzretska-godina-uz-mevlud-program-i-podjelu-paketica\/","og_locale":"bs_BA","og_type":"article","og_title":"Solina: Sve\u010dano obilje\u017eena Nova hid\u017eretska godina uz mevlud, program i podjelu paketi\u0107a - TuzlaInfo.ba","og_description":"U povodu Nove 1447. hid\u017eretske godine, u d\u017eematu Solina uprili\u010den je sve\u010dani vjerski program kojem&hellip;","og_url":"https:\/\/tuzlainfo.ba\/index.php\/novosti\/item\/272741-solina-svecano-obiljezena-nova-hidzretska-godina-uz-mevlud-program-i-podjelu-paketica\/","og_site_name":"TuzlaInfo.ba","article_publisher":"https:\/\/www.facebook.com\/tuzlainfo.ba\/","article_published_time":"2025-06-26T09:00:41+00:00","article_modified_time":"2025-06-26T07:54:52+00:00","og_image":[{"width":1000,"height":598,"url":"https:\/\/tuzlainfo.ba\/wp-content\/uploads\/2025\/06\/2606_hidzretska.jpg","type":"image\/jpeg"}],"author":"nedim","twitter_card":"summary_large_image","twitter_misc":{"Written by":"nedim","Est. reading time":"2 minute"},"schema":{"@context":"https:\/\/schema.org","@graph":[{"@type":"Article","@id":"https:\/\/tuzlainfo.ba\/index.php\/novosti\/item\/272741-solina-svecano-obiljezena-nova-hidzretska-godina-uz-mevlud-program-i-podjelu-paketica\/#article","isPartOf":{"@id":"https:\/\/tuzlainfo.ba\/index.php\/novosti\/item\/272741-solina-svecano-obiljezena-nova-hidzretska-godina-uz-mevlud-program-i-podjelu-paketica\/"},"author":{"name":"nedim","@id":"https:\/\/tuzlainfo.ba\/#\/schema\/person\/f434e20dc27ea133923aab08451b7f7f"},"headline":"Solina: Sve\u010dano obilje\u017eena Nova hid\u017eretska godina uz mevlud, program i podjelu paketi\u0107a","datePublished":"2025-06-26T09:00:41+00:00","dateModified":"2025-06-26T07:54:52+00:00","mainEntityOfPage":{"@id":"https:\/\/tuzlainfo.ba\/index.php\/novosti\/item\/272741-solina-svecano-obiljezena-nova-hidzretska-godina-uz-mevlud-program-i-podjelu-paketica\/"},"wordCount":272,"publisher":{"@id":"https:\/\/tuzlainfo.ba\/#organization"},"image":{"@id":"https:\/\/tuzlainfo.ba\/index.php\/novosti\/item\/272741-solina-svecano-obiljezena-nova-hidzretska-godina-uz-mevlud-program-i-podjelu-paketica\/#primaryimage"},"thumbnailUrl":"https:\/\/tuzlainfo.ba\/wp-content\/uploads\/2025\/06\/2606_hidzretska.jpg","keywords":["nova hid\u017eretska godina","solina"],"articleSection":["Istaknuto","Novosti"],"inLanguage":"bs-BA"},{"@type":"WebPage","@id":"https:\/\/tuzlainfo.ba\/index.php\/novosti\/item\/272741-solina-svecano-obiljezena-nova-hidzretska-godina-uz-mevlud-program-i-podjelu-paketica\/","url":"https:\/\/tuzlainfo.ba\/index.php\/novosti\/item\/272741-solina-svecano-obiljezena-nova-hidzretska-godina-uz-mevlud-program-i-podjelu-paketica\/","name":"Solina: Sve\u010dano obilje\u017eena Nova hid\u017eretska godina uz mevlud, program i podjelu paketi\u0107a - TuzlaInfo.ba","isPartOf":{"@id":"https:\/\/tuzlainfo.ba\/#website"},"primaryImageOfPage":{"@id":"https:\/\/tuzlainfo.ba\/index.php\/novosti\/item\/272741-solina-svecano-obiljezena-nova-hidzretska-godina-uz-mevlud-program-i-podjelu-paketica\/#primaryimage"},"image":{"@id":"https:\/\/tuzlainfo.ba\/index.php\/novosti\/item\/272741-solina-svecano-obiljezena-nova-hidzretska-godina-uz-mevlud-program-i-podjelu-paketica\/#primaryimage"},"thumbnailUrl":"https:\/\/tuzlainfo.ba\/wp-content\/uploads\/2025\/06\/2606_hidzretska.jpg","datePublished":"2025-06-26T09:00:41+00:00","dateModified":"2025-06-26T07:54:52+00:00","breadcrumb":{"@id":"https:\/\/tuzlainfo.ba\/index.php\/novosti\/item\/272741-solina-svecano-obiljezena-nova-hidzretska-godina-uz-mevlud-program-i-podjelu-paketica\/#breadcrumb"},"inLanguage":"bs-BA","potentialAction":[{"@type":"ReadAction","target":["https:\/\/tuzlainfo.ba\/index.php\/novosti\/item\/272741-solina-svecano-obiljezena-nova-hidzretska-godina-uz-mevlud-program-i-podjelu-paketica\/"]}]},{"@type":"ImageObject","inLanguage":"bs-BA","@id":"https:\/\/tuzlainfo.ba\/index.php\/novosti\/item\/272741-solina-svecano-obiljezena-nova-hidzretska-godina-uz-mevlud-program-i-podjelu-paketica\/#primaryimage","url":"https:\/\/tuzlainfo.ba\/wp-content\/uploads\/2025\/06\/2606_hidzretska.jpg","contentUrl":"https:\/\/tuzlainfo.ba\/wp-content\/uploads\/2025\/06\/2606_hidzretska.jpg","width":1000,"height":598},{"@type":"BreadcrumbList","@id":"https:\/\/tuzlainfo.ba\/index.php\/novosti\/item\/272741-solina-svecano-obiljezena-nova-hidzretska-godina-uz-mevlud-program-i-podjelu-paketica\/#breadcrumb","itemListElement":[{"@type":"ListItem","position":1,"name":"Home","item":"https:\/\/tuzlainfo.ba\/"},{"@type":"ListItem","position":2,"name":"Solina: Sve\u010dano obilje\u017eena Nova hid\u017eretska godina uz mevlud, program i podjelu paketi\u0107a"}]},{"@type":"WebSite","@id":"https:\/\/tuzlainfo.ba\/#website","url":"https:\/\/tuzlainfo.ba\/","name":"TuzlaInfo.ba","description":"Tuzla info, gradski informator - Tuzla na dlanu","publisher":{"@id":"https:\/\/tuzlainfo.ba\/#organization"},"potentialAction":[{"@type":"SearchAction","target":{"@type":"EntryPoint","urlTemplate":"https:\/\/tuzlainfo.ba\/?s={search_term_string}"},"query-input":{"@type":"PropertyValueSpecification","valueRequired":true,"valueName":"search_term_string"}}],"inLanguage":"bs-BA"},{"@type":"Organization","@id":"https:\/\/tuzlainfo.ba\/#organization","name":"TuzlaInfo.ba","url":"https:\/\/tuzlainfo.ba\/","logo":{"@type":"ImageObject","inLanguage":"bs-BA","@id":"https:\/\/tuzlainfo.ba\/#\/schema\/logo\/image\/","url":"https:\/\/tuzlainfo.ba\/wp-content\/uploads\/2021\/03\/logo-ver-3-1.png","contentUrl":"https:\/\/tuzlainfo.ba\/wp-content\/uploads\/2021\/03\/logo-ver-3-1.png","width":350,"height":95,"caption":"TuzlaInfo.ba"},"image":{"@id":"https:\/\/tuzlainfo.ba\/#\/schema\/logo\/image\/"},"sameAs":["https:\/\/www.facebook.com\/tuzlainfo.ba\/"]},{"@type":"Person","@id":"https:\/\/tuzlainfo.ba\/#\/schema\/person\/f434e20dc27ea133923aab08451b7f7f","name":"nedim","image":{"@type":"ImageObject","inLanguage":"bs-BA","@id":"https:\/\/tuzlainfo.ba\/#\/schema\/person\/image\/","url":"https:\/\/tuzlainfo.ba\/wp-content\/litespeed\/avatar\/aabad687af24844af817603ac1cbdc4f.jpg?ver=1776702173","contentUrl":"https:\/\/tuzlainfo.ba\/wp-content\/litespeed\/avatar\/aabad687af24844af817603ac1cbdc4f.jpg?ver=1776702173","caption":"nedim"},"description":"Tuzlainfo.ba pratite na dru\u0161tvenim mre\u017eama: Facebook, Instagram i Youtube. Svoje pri\u010de, upite i fotografije \u0161aljite na na\u0161u e-mail adresu."}]}},"_links":{"self":[{"href":"https:\/\/tuzlainfo.ba\/index.php\/wp-json\/wp\/v2\/posts\/272741"}],"collection":[{"href":"https:\/\/tuzlainfo.ba\/index.php\/wp-json\/wp\/v2\/posts"}],"about":[{"href":"https:\/\/tuzlainfo.ba\/index.php\/wp-json\/wp\/v2\/types\/post"}],"author":[{"embeddable":true,"href":"https:\/\/tuzlainfo.ba\/index.php\/wp-json\/wp\/v2\/users\/2"}],"replies":[{"embeddable":true,"href":"https:\/\/tuzlainfo.ba\/index.php\/wp-json\/wp\/v2\/comments?post=272741"}],"version-history":[{"count":1,"href":"https:\/\/tuzlainfo.ba\/index.php\/wp-json\/wp\/v2\/posts\/272741\/revisions"}],"predecessor-version":[{"id":272743,"href":"https:\/\/tuzlainfo.ba\/index.php\/wp-json\/wp\/v2\/posts\/272741\/revisions\/272743"}],"wp:featuredmedia":[{"embeddable":true,"href":"https:\/\/tuzlainfo.ba\/index.php\/wp-json\/wp\/v2\/media\/272742"}],"wp:attachment":[{"href":"https:\/\/tuzlainfo.ba\/index.php\/wp-json\/wp\/v2\/media?parent=272741"}],"wp:term":[{"taxonomy":"category","embeddable":true,"href":"https:\/\/tuzlainfo.ba\/index.php\/wp-json\/wp\/v2\/categories?post=272741"},{"taxonomy":"post_tag","embeddable":true,"href":"https:\/\/tuzlainfo.ba\/index.php\/wp-json\/wp\/v2\/tags?post=272741"}],"curies":[{"name":"wp","href":"https:\/\/api.w.org\/{rel}","templated":true}]}}