{"id":272672,"date":"2025-06-28T10:01:32","date_gmt":"2025-06-28T08:01:32","guid":{"rendered":"https:\/\/tuzlainfo.ba\/?p=272672"},"modified":"2025-06-29T22:30:01","modified_gmt":"2025-06-29T20:30:01","slug":"sta-donosi-novi-zakon-o-radu-u-fbih","status":"publish","type":"post","link":"https:\/\/tuzlainfo.ba\/index.php\/bosna-i-hercegovina\/item\/272672-sta-donosi-novi-zakon-o-radu-u-fbih\/","title":{"rendered":"\u0160ta donosi novi Zakon o radu u FBiH?"},"content":{"rendered":"<p>Novi Zakon o radu u Federaciji BiH donosi set izmjena koje bi mogle zna\u010dajno uticati na svakodnevicu hiljada zaposlenih, ali i otvoriti nova pitanja u odnosu radnika i poslodavaca. Iako je rije\u010d jo\u0161 uvijek o radnom nacrtu zakona, promjene koje se razmatraju obuhvataju pravo na godi\u0161nji odmor, pla\u0107ene pauze, naknade za prijevoz i topli obrok, kao i rad nedjeljom i praznicima. U Ministarstvu rada i socijalne politike tvrde da je cilj ovih izmjena uskla\u0111ivanje sa evropskim zakonodavstvom i ja\u010danje za\u0161tite radni\u010dkih prava.<\/p>\n<h3>Godi\u0161nji odmor<\/h3>\n<p>Jedna od klju\u010dnih promjena odnosi se na godi\u0161nji odmor, koji bi se po novom zakonu mogao koristiti u vi\u0161e od dva dijela. Ipak, prvi dio odmora morao bi trajati najmanje dvije sedmice neprekidno, kako bi se sa\u010duvala njegova osnovna svrha \u2013 za\u0161tita fizi\u010dkog i mentalnog zdravlja radnika. Takvo rje\u0161enje, tvrde iz Ministarstva, ide ka ve\u0107oj fleksibilnosti i boljoj ravnote\u017ei izme\u0111u poslovnog i privatnog \u017eivota.<\/p>\n<h3>Naknade za topli obrok i prijevoz<\/h3>\n<p>Radna grupa u kojoj sjede predstavnici sindikata, poslodavaca i resornog ministarstva razmatra i pitanje evidencije radnog vremena, odnosno \u0161ihterica, koje ostaju zakonska obaveza poslodavca. Tako\u0111er, predvi\u0111eno je da se kroz kolektivne ugovore ili pravilnike o radu mogu preciznije definisati prava na prijevoz, topli obrok i regres, ali bez garancije da \u0107e to u\u0107i u sam zakon kao obaveza. Upravo tu sindikati izra\u017eavaju nezadovoljstvo, jer \u017eele da ta prava postanu zakonski zagarantovana. Tako\u0111er, novim zakonom regulira se pravo radnika na pla\u0107enu pauzu tokom radnog dana.<\/p>\n<h3>Kazne za poslodavce<\/h3>\n<p>Ministarstvo isti\u010de da novi zakon predvi\u0111a i stro\u017eije kazne za poslodavce koji kr\u0161e propise, kao i ja\u010danje uloge kolektivnih ugovora. Time bi se, prema njihovom stavu, omogu\u0107ilo dodatno ure\u0111enje radnih odnosa u skladu s potrebama razli\u010ditih sektora i specifi\u010dnostima tr\u017ei\u0161ta rada.<\/p>\n<h3>Rad nedjeljom i praznicima<\/h3>\n<p>Jedna od najvidljivijih promjena za radnike ti\u010de se rada nedjeljom i praznicima. Predlo\u017eeno je da se dnevnice za te dane uve\u0107aju za najmanje 50 posto, a to bi se odnosilo na sve radnike, bez obzira na djelatnost ili mjesto rada. Iz Ministarstva poru\u010duju da zakon mora biti jednak za sve i da ne mo\u017ee selektivno tretirati pojedine sektore, ali da ostaje prostor da poslodavci pravilnicima preciznije urede raspored radnog vremena.<\/p>\n<p>Dok iz Ministarstva poru\u010duju da \u0107e novi zakon &#8220;unaprijediti osnovna prava&#8221;, u sindikalnim redovima upozoravaju da bez jasnog definisanja naknada i dodataka, posebno za one u privatnom sektoru, postoji bojazan da \u0107e promjene ostati samo na papiru.<\/p>\n<p>Radna grupa nastavlja s pripremom prijedloga koji \u0107e, nakon usagla\u0161avanja, i\u0107i u dalju zakonodavnu proceduru. Koliko \u0107e stvarne koristi osjetiti radnici, zavisit \u0107e od toga da li \u0107e kompromisi u pripremi zakona i\u0107i u korist radni\u010dkih prava ili interesa poslodavaca.<\/p>\n","protected":false},"excerpt":{"rendered":"<p>Novi Zakon o radu u Federaciji BiH donosi set izmjena koje bi mogle zna\u010dajno uticati na svakodnevicu hiljada zaposlenih, ali i otvoriti nova pitanja u odnosu radnika i poslodavaca. Iako je rije\u010d jo\u0161 uvijek o radnom nacrtu zakona, promjene koje se razmatraju obuhvataju pravo na godi\u0161nji odmor, pla\u0107ene pauze, naknade za prijevoz i topli obrok, [&hellip;]<\/p>\n","protected":false},"author":8,"featured_media":165567,"comment_status":"closed","ping_status":"closed","sticky":false,"template":"","format":"standard","meta":{"footnotes":""},"categories":[291,304,306],"tags":[786,9999],"class_list":["post-272672","post","type-post","status-publish","format-standard","has-post-thumbnail","hentry","category-bosna-i-hercegovina","category-istaknuto","category-preporucujemo","tag-posao","tag-zakon-o-radu"],"yoast_head":"<!-- This site is optimized with the Yoast SEO plugin v28.4 - https:\/\/yoast.com\/product\/yoast-seo-wordpress\/ -->\n<title>\u0160ta donosi novi Zakon o radu u FBiH?<\/title>\n<meta name=\"robots\" content=\"index, follow, max-snippet:-1, max-image-preview:large, max-video-preview:-1\" \/>\n<link rel=\"canonical\" href=\"https:\/\/tuzlainfo.ba\/index.php\/bosna-i-hercegovina\/item\/272672-sta-donosi-novi-zakon-o-radu-u-fbih\/\" \/>\n<meta property=\"og:locale\" content=\"bs_BA\" \/>\n<meta property=\"og:type\" content=\"article\" \/>\n<meta property=\"og:title\" content=\"\u0160ta donosi novi Zakon o radu u FBiH?\" \/>\n<meta property=\"og:description\" content=\"Novi Zakon o radu u Federaciji BiH donosi set izmjena koje bi mogle zna\u010dajno uticati na svakodnevicu hiljada zaposlenih, ali i otvoriti nova pitanja u odnosu radnika i poslodavaca. Iako je rije\u010d jo\u0161 uvijek o radnom nacrtu zakona, promjene koje se razmatraju obuhvataju pravo na godi\u0161nji odmor, pla\u0107ene pauze, naknade za prijevoz i topli obrok, [&hellip;]\" \/>\n<meta property=\"og:url\" content=\"https:\/\/tuzlainfo.ba\/index.php\/bosna-i-hercegovina\/item\/272672-sta-donosi-novi-zakon-o-radu-u-fbih\/\" \/>\n<meta property=\"og:site_name\" content=\"TuzlaInfo.ba\" \/>\n<meta property=\"article:publisher\" content=\"https:\/\/www.facebook.com\/tuzlainfo.ba\/\" \/>\n<meta property=\"article:published_time\" content=\"2025-06-28T08:01:32+00:00\" \/>\n<meta property=\"article:modified_time\" content=\"2025-06-29T20:30:01+00:00\" \/>\n<meta property=\"og:image\" content=\"https:\/\/tuzlainfo.ba\/wp-content\/uploads\/2022\/03\/0403-posao-rukovanje.jpeg\" \/>\n\t<meta property=\"og:image:width\" content=\"1000\" \/>\n\t<meta property=\"og:image:height\" content=\"666\" \/>\n\t<meta property=\"og:image:type\" content=\"image\/jpeg\" \/>\n<meta name=\"author\" content=\"Admin Tri\" \/>\n<meta name=\"twitter:card\" content=\"summary_large_image\" \/>\n<meta name=\"twitter:label1\" content=\"Written by\" \/>\n\t<meta name=\"twitter:data1\" content=\"Admin Tri\" \/>\n\t<meta name=\"twitter:label2\" content=\"Est. reading time\" \/>\n\t<meta name=\"twitter:data2\" content=\"3 minute\" \/>\n<script type=\"application\/ld+json\" class=\"yoast-schema-graph\">{\"@context\":\"https:\\\/\\\/schema.org\",\"@graph\":[{\"@type\":\"Article\",\"@id\":\"https:\\\/\\\/tuzlainfo.ba\\\/index.php\\\/bosna-i-hercegovina\\\/item\\\/272672-sta-donosi-novi-zakon-o-radu-u-fbih\\\/#article\",\"isPartOf\":{\"@id\":\"https:\\\/\\\/tuzlainfo.ba\\\/index.php\\\/bosna-i-hercegovina\\\/item\\\/272672-sta-donosi-novi-zakon-o-radu-u-fbih\\\/\"},\"author\":{\"name\":\"Admin Tri\",\"@id\":\"https:\\\/\\\/tuzlainfo.ba\\\/#\\\/schema\\\/person\\\/593e78a2f6378c5ba3e7600ecfa4e63a\"},\"headline\":\"\u0160ta donosi novi Zakon o radu u FBiH?\",\"datePublished\":\"2025-06-28T08:01:32+00:00\",\"dateModified\":\"2025-06-29T20:30:01+00:00\",\"mainEntityOfPage\":{\"@id\":\"https:\\\/\\\/tuzlainfo.ba\\\/index.php\\\/bosna-i-hercegovina\\\/item\\\/272672-sta-donosi-novi-zakon-o-radu-u-fbih\\\/\"},\"wordCount\":484,\"publisher\":{\"@id\":\"https:\\\/\\\/tuzlainfo.ba\\\/#organization\"},\"image\":{\"@id\":\"https:\\\/\\\/tuzlainfo.ba\\\/index.php\\\/bosna-i-hercegovina\\\/item\\\/272672-sta-donosi-novi-zakon-o-radu-u-fbih\\\/#primaryimage\"},\"thumbnailUrl\":\"https:\\\/\\\/tuzlainfo.ba\\\/wp-content\\\/uploads\\\/2022\\\/03\\\/0403-posao-rukovanje.jpeg\",\"keywords\":[\"posao\",\"zakon o radu\"],\"articleSection\":[\"Bosna i Hercegovina\",\"Istaknuto\",\"Preporu\u010dujemo\"],\"inLanguage\":\"bs-BA\",\"copyrightYear\":\"2025\",\"copyrightHolder\":{\"@id\":\"https:\\\/\\\/tuzlainfo.ba\\\/#organization\"}},{\"@type\":\"WebPage\",\"@id\":\"https:\\\/\\\/tuzlainfo.ba\\\/index.php\\\/bosna-i-hercegovina\\\/item\\\/272672-sta-donosi-novi-zakon-o-radu-u-fbih\\\/\",\"url\":\"https:\\\/\\\/tuzlainfo.ba\\\/index.php\\\/bosna-i-hercegovina\\\/item\\\/272672-sta-donosi-novi-zakon-o-radu-u-fbih\\\/\",\"name\":\"\u0160ta donosi novi Zakon o radu u FBiH?\",\"isPartOf\":{\"@id\":\"https:\\\/\\\/tuzlainfo.ba\\\/#website\"},\"primaryImageOfPage\":{\"@id\":\"https:\\\/\\\/tuzlainfo.ba\\\/index.php\\\/bosna-i-hercegovina\\\/item\\\/272672-sta-donosi-novi-zakon-o-radu-u-fbih\\\/#primaryimage\"},\"image\":{\"@id\":\"https:\\\/\\\/tuzlainfo.ba\\\/index.php\\\/bosna-i-hercegovina\\\/item\\\/272672-sta-donosi-novi-zakon-o-radu-u-fbih\\\/#primaryimage\"},\"thumbnailUrl\":\"https:\\\/\\\/tuzlainfo.ba\\\/wp-content\\\/uploads\\\/2022\\\/03\\\/0403-posao-rukovanje.jpeg\",\"datePublished\":\"2025-06-28T08:01:32+00:00\",\"dateModified\":\"2025-06-29T20:30:01+00:00\",\"breadcrumb\":{\"@id\":\"https:\\\/\\\/tuzlainfo.ba\\\/index.php\\\/bosna-i-hercegovina\\\/item\\\/272672-sta-donosi-novi-zakon-o-radu-u-fbih\\\/#breadcrumb\"},\"inLanguage\":\"bs-BA\",\"potentialAction\":[{\"@type\":\"ReadAction\",\"target\":[\"https:\\\/\\\/tuzlainfo.ba\\\/index.php\\\/bosna-i-hercegovina\\\/item\\\/272672-sta-donosi-novi-zakon-o-radu-u-fbih\\\/\"]}]},{\"@type\":\"ImageObject\",\"inLanguage\":\"bs-BA\",\"@id\":\"https:\\\/\\\/tuzlainfo.ba\\\/index.php\\\/bosna-i-hercegovina\\\/item\\\/272672-sta-donosi-novi-zakon-o-radu-u-fbih\\\/#primaryimage\",\"url\":\"https:\\\/\\\/tuzlainfo.ba\\\/wp-content\\\/uploads\\\/2022\\\/03\\\/0403-posao-rukovanje.jpeg\",\"contentUrl\":\"https:\\\/\\\/tuzlainfo.ba\\\/wp-content\\\/uploads\\\/2022\\\/03\\\/0403-posao-rukovanje.jpeg\",\"width\":1000,\"height\":666,\"caption\":\"Foto: Ilustracija\"},{\"@type\":\"BreadcrumbList\",\"@id\":\"https:\\\/\\\/tuzlainfo.ba\\\/index.php\\\/bosna-i-hercegovina\\\/item\\\/272672-sta-donosi-novi-zakon-o-radu-u-fbih\\\/#breadcrumb\",\"itemListElement\":[{\"@type\":\"ListItem\",\"position\":1,\"name\":\"Home\",\"item\":\"https:\\\/\\\/tuzlainfo.ba\\\/\"},{\"@type\":\"ListItem\",\"position\":2,\"name\":\"\u0160ta donosi novi Zakon o radu u FBiH?\"}]},{\"@type\":\"WebSite\",\"@id\":\"https:\\\/\\\/tuzlainfo.ba\\\/#website\",\"url\":\"https:\\\/\\\/tuzlainfo.ba\\\/\",\"name\":\"TuzlaInfo.ba\",\"description\":\"Tuzla info, gradski informator - Tuzla na dlanu\",\"publisher\":{\"@id\":\"https:\\\/\\\/tuzlainfo.ba\\\/#organization\"},\"potentialAction\":[{\"@type\":\"SearchAction\",\"target\":{\"@type\":\"EntryPoint\",\"urlTemplate\":\"https:\\\/\\\/tuzlainfo.ba\\\/?s={search_term_string}\"},\"query-input\":{\"@type\":\"PropertyValueSpecification\",\"valueRequired\":true,\"valueName\":\"search_term_string\"}}],\"inLanguage\":\"bs-BA\"},{\"@type\":\"Organization\",\"@id\":\"https:\\\/\\\/tuzlainfo.ba\\\/#organization\",\"name\":\"TuzlaInfo.ba\",\"url\":\"https:\\\/\\\/tuzlainfo.ba\\\/\",\"logo\":{\"@type\":\"ImageObject\",\"inLanguage\":\"bs-BA\",\"@id\":\"https:\\\/\\\/tuzlainfo.ba\\\/#\\\/schema\\\/logo\\\/image\\\/\",\"url\":\"https:\\\/\\\/tuzlainfo.ba\\\/wp-content\\\/uploads\\\/2021\\\/03\\\/logo-ver-3-1.png\",\"contentUrl\":\"https:\\\/\\\/tuzlainfo.ba\\\/wp-content\\\/uploads\\\/2021\\\/03\\\/logo-ver-3-1.png\",\"width\":350,\"height\":95,\"caption\":\"TuzlaInfo.ba\"},\"image\":{\"@id\":\"https:\\\/\\\/tuzlainfo.ba\\\/#\\\/schema\\\/logo\\\/image\\\/\"},\"sameAs\":[\"https:\\\/\\\/www.facebook.com\\\/tuzlainfo.ba\\\/\"]},{\"@type\":\"Person\",\"@id\":\"https:\\\/\\\/tuzlainfo.ba\\\/#\\\/schema\\\/person\\\/593e78a2f6378c5ba3e7600ecfa4e63a\",\"name\":\"Admin Tri\",\"image\":{\"@type\":\"ImageObject\",\"inLanguage\":\"bs-BA\",\"@id\":\"https:\\\/\\\/secure.gravatar.com\\\/avatar\\\/b53a7f47acc7a09467757d8b2234cc38fa334b13599376e53104c0036b528ca1?s=96&d=mm&r=g\",\"url\":\"https:\\\/\\\/secure.gravatar.com\\\/avatar\\\/b53a7f47acc7a09467757d8b2234cc38fa334b13599376e53104c0036b528ca1?s=96&d=mm&r=g\",\"contentUrl\":\"https:\\\/\\\/secure.gravatar.com\\\/avatar\\\/b53a7f47acc7a09467757d8b2234cc38fa334b13599376e53104c0036b528ca1?s=96&d=mm&r=g\",\"caption\":\"Admin Tri\"},\"sameAs\":[\"https:\\\/\\\/tuzlainfo.ba\"]}]}<\/script>\n<!-- \/ Yoast SEO plugin. -->","yoast_head_json":{"title":"\u0160ta donosi novi Zakon o radu u FBiH?","robots":{"index":"index","follow":"follow","max-snippet":"max-snippet:-1","max-image-preview":"max-image-preview:large","max-video-preview":"max-video-preview:-1"},"canonical":"https:\/\/tuzlainfo.ba\/index.php\/bosna-i-hercegovina\/item\/272672-sta-donosi-novi-zakon-o-radu-u-fbih\/","og_locale":"bs_BA","og_type":"article","og_title":"\u0160ta donosi novi Zakon o radu u FBiH?","og_description":"Novi Zakon o radu u Federaciji BiH donosi set izmjena koje bi mogle zna\u010dajno uticati na svakodnevicu hiljada zaposlenih, ali i otvoriti nova pitanja u odnosu radnika i poslodavaca. Iako je rije\u010d jo\u0161 uvijek o radnom nacrtu zakona, promjene koje se razmatraju obuhvataju pravo na godi\u0161nji odmor, pla\u0107ene pauze, naknade za prijevoz i topli obrok, [&hellip;]","og_url":"https:\/\/tuzlainfo.ba\/index.php\/bosna-i-hercegovina\/item\/272672-sta-donosi-novi-zakon-o-radu-u-fbih\/","og_site_name":"TuzlaInfo.ba","article_publisher":"https:\/\/www.facebook.com\/tuzlainfo.ba\/","article_published_time":"2025-06-28T08:01:32+00:00","article_modified_time":"2025-06-29T20:30:01+00:00","og_image":[{"width":1000,"height":666,"url":"https:\/\/tuzlainfo.ba\/wp-content\/uploads\/2022\/03\/0403-posao-rukovanje.jpeg","type":"image\/jpeg"}],"author":"Admin Tri","twitter_card":"summary_large_image","twitter_misc":{"Written by":"Admin Tri","Est. reading time":"3 minute"},"schema":{"@context":"https:\/\/schema.org","@graph":[{"@type":"Article","@id":"https:\/\/tuzlainfo.ba\/index.php\/bosna-i-hercegovina\/item\/272672-sta-donosi-novi-zakon-o-radu-u-fbih\/#article","isPartOf":{"@id":"https:\/\/tuzlainfo.ba\/index.php\/bosna-i-hercegovina\/item\/272672-sta-donosi-novi-zakon-o-radu-u-fbih\/"},"author":{"name":"Admin Tri","@id":"https:\/\/tuzlainfo.ba\/#\/schema\/person\/593e78a2f6378c5ba3e7600ecfa4e63a"},"headline":"\u0160ta donosi novi Zakon o radu u FBiH?","datePublished":"2025-06-28T08:01:32+00:00","dateModified":"2025-06-29T20:30:01+00:00","mainEntityOfPage":{"@id":"https:\/\/tuzlainfo.ba\/index.php\/bosna-i-hercegovina\/item\/272672-sta-donosi-novi-zakon-o-radu-u-fbih\/"},"wordCount":484,"publisher":{"@id":"https:\/\/tuzlainfo.ba\/#organization"},"image":{"@id":"https:\/\/tuzlainfo.ba\/index.php\/bosna-i-hercegovina\/item\/272672-sta-donosi-novi-zakon-o-radu-u-fbih\/#primaryimage"},"thumbnailUrl":"https:\/\/tuzlainfo.ba\/wp-content\/uploads\/2022\/03\/0403-posao-rukovanje.jpeg","keywords":["posao","zakon o radu"],"articleSection":["Bosna i Hercegovina","Istaknuto","Preporu\u010dujemo"],"inLanguage":"bs-BA","copyrightYear":"2025","copyrightHolder":{"@id":"https:\/\/tuzlainfo.ba\/#organization"}},{"@type":"WebPage","@id":"https:\/\/tuzlainfo.ba\/index.php\/bosna-i-hercegovina\/item\/272672-sta-donosi-novi-zakon-o-radu-u-fbih\/","url":"https:\/\/tuzlainfo.ba\/index.php\/bosna-i-hercegovina\/item\/272672-sta-donosi-novi-zakon-o-radu-u-fbih\/","name":"\u0160ta donosi novi Zakon o radu u FBiH?","isPartOf":{"@id":"https:\/\/tuzlainfo.ba\/#website"},"primaryImageOfPage":{"@id":"https:\/\/tuzlainfo.ba\/index.php\/bosna-i-hercegovina\/item\/272672-sta-donosi-novi-zakon-o-radu-u-fbih\/#primaryimage"},"image":{"@id":"https:\/\/tuzlainfo.ba\/index.php\/bosna-i-hercegovina\/item\/272672-sta-donosi-novi-zakon-o-radu-u-fbih\/#primaryimage"},"thumbnailUrl":"https:\/\/tuzlainfo.ba\/wp-content\/uploads\/2022\/03\/0403-posao-rukovanje.jpeg","datePublished":"2025-06-28T08:01:32+00:00","dateModified":"2025-06-29T20:30:01+00:00","breadcrumb":{"@id":"https:\/\/tuzlainfo.ba\/index.php\/bosna-i-hercegovina\/item\/272672-sta-donosi-novi-zakon-o-radu-u-fbih\/#breadcrumb"},"inLanguage":"bs-BA","potentialAction":[{"@type":"ReadAction","target":["https:\/\/tuzlainfo.ba\/index.php\/bosna-i-hercegovina\/item\/272672-sta-donosi-novi-zakon-o-radu-u-fbih\/"]}]},{"@type":"ImageObject","inLanguage":"bs-BA","@id":"https:\/\/tuzlainfo.ba\/index.php\/bosna-i-hercegovina\/item\/272672-sta-donosi-novi-zakon-o-radu-u-fbih\/#primaryimage","url":"https:\/\/tuzlainfo.ba\/wp-content\/uploads\/2022\/03\/0403-posao-rukovanje.jpeg","contentUrl":"https:\/\/tuzlainfo.ba\/wp-content\/uploads\/2022\/03\/0403-posao-rukovanje.jpeg","width":1000,"height":666,"caption":"Foto: Ilustracija"},{"@type":"BreadcrumbList","@id":"https:\/\/tuzlainfo.ba\/index.php\/bosna-i-hercegovina\/item\/272672-sta-donosi-novi-zakon-o-radu-u-fbih\/#breadcrumb","itemListElement":[{"@type":"ListItem","position":1,"name":"Home","item":"https:\/\/tuzlainfo.ba\/"},{"@type":"ListItem","position":2,"name":"\u0160ta donosi novi Zakon o radu u FBiH?"}]},{"@type":"WebSite","@id":"https:\/\/tuzlainfo.ba\/#website","url":"https:\/\/tuzlainfo.ba\/","name":"TuzlaInfo.ba","description":"Tuzla info, gradski informator - Tuzla na dlanu","publisher":{"@id":"https:\/\/tuzlainfo.ba\/#organization"},"potentialAction":[{"@type":"SearchAction","target":{"@type":"EntryPoint","urlTemplate":"https:\/\/tuzlainfo.ba\/?s={search_term_string}"},"query-input":{"@type":"PropertyValueSpecification","valueRequired":true,"valueName":"search_term_string"}}],"inLanguage":"bs-BA"},{"@type":"Organization","@id":"https:\/\/tuzlainfo.ba\/#organization","name":"TuzlaInfo.ba","url":"https:\/\/tuzlainfo.ba\/","logo":{"@type":"ImageObject","inLanguage":"bs-BA","@id":"https:\/\/tuzlainfo.ba\/#\/schema\/logo\/image\/","url":"https:\/\/tuzlainfo.ba\/wp-content\/uploads\/2021\/03\/logo-ver-3-1.png","contentUrl":"https:\/\/tuzlainfo.ba\/wp-content\/uploads\/2021\/03\/logo-ver-3-1.png","width":350,"height":95,"caption":"TuzlaInfo.ba"},"image":{"@id":"https:\/\/tuzlainfo.ba\/#\/schema\/logo\/image\/"},"sameAs":["https:\/\/www.facebook.com\/tuzlainfo.ba\/"]},{"@type":"Person","@id":"https:\/\/tuzlainfo.ba\/#\/schema\/person\/593e78a2f6378c5ba3e7600ecfa4e63a","name":"Admin Tri","image":{"@type":"ImageObject","inLanguage":"bs-BA","@id":"https:\/\/secure.gravatar.com\/avatar\/b53a7f47acc7a09467757d8b2234cc38fa334b13599376e53104c0036b528ca1?s=96&d=mm&r=g","url":"https:\/\/secure.gravatar.com\/avatar\/b53a7f47acc7a09467757d8b2234cc38fa334b13599376e53104c0036b528ca1?s=96&d=mm&r=g","contentUrl":"https:\/\/secure.gravatar.com\/avatar\/b53a7f47acc7a09467757d8b2234cc38fa334b13599376e53104c0036b528ca1?s=96&d=mm&r=g","caption":"Admin Tri"},"sameAs":["https:\/\/tuzlainfo.ba"]}]}},"_links":{"self":[{"href":"https:\/\/tuzlainfo.ba\/index.php\/wp-json\/wp\/v2\/posts\/272672","targetHints":{"allow":["GET"]}}],"collection":[{"href":"https:\/\/tuzlainfo.ba\/index.php\/wp-json\/wp\/v2\/posts"}],"about":[{"href":"https:\/\/tuzlainfo.ba\/index.php\/wp-json\/wp\/v2\/types\/post"}],"author":[{"embeddable":true,"href":"https:\/\/tuzlainfo.ba\/index.php\/wp-json\/wp\/v2\/users\/8"}],"replies":[{"embeddable":true,"href":"https:\/\/tuzlainfo.ba\/index.php\/wp-json\/wp\/v2\/comments?post=272672"}],"version-history":[{"count":1,"href":"https:\/\/tuzlainfo.ba\/index.php\/wp-json\/wp\/v2\/posts\/272672\/revisions"}],"predecessor-version":[{"id":272673,"href":"https:\/\/tuzlainfo.ba\/index.php\/wp-json\/wp\/v2\/posts\/272672\/revisions\/272673"}],"wp:featuredmedia":[{"embeddable":true,"href":"https:\/\/tuzlainfo.ba\/index.php\/wp-json\/wp\/v2\/media\/165567"}],"wp:attachment":[{"href":"https:\/\/tuzlainfo.ba\/index.php\/wp-json\/wp\/v2\/media?parent=272672"}],"wp:term":[{"taxonomy":"category","embeddable":true,"href":"https:\/\/tuzlainfo.ba\/index.php\/wp-json\/wp\/v2\/categories?post=272672"},{"taxonomy":"post_tag","embeddable":true,"href":"https:\/\/tuzlainfo.ba\/index.php\/wp-json\/wp\/v2\/tags?post=272672"}],"curies":[{"name":"wp","href":"https:\/\/api.w.org\/{rel}","templated":true}]}}