{"id":272501,"date":"2025-06-23T19:02:11","date_gmt":"2025-06-23T17:02:11","guid":{"rendered":"https:\/\/tuzlainfo.ba\/?p=272501"},"modified":"2025-06-23T14:49:34","modified_gmt":"2025-06-23T12:49:34","slug":"sta-sve-kamere-snimaju-vozaci-u-bih-nesvjesno-placaju-kazne-zbog-jedne-greske","status":"publish","type":"post","link":"https:\/\/tuzlainfo.ba\/index.php\/bosna-i-hercegovina\/item\/272501-sta-sve-kamere-snimaju-vozaci-u-bih-nesvjesno-placaju-kazne-zbog-jedne-greske\/","title":{"rendered":"\u0160ta sve kamere snimaju: Voza\u010di u BiH nesvjesno pla\u0107aju kazne zbog jedne gre\u0161ke!"},"content":{"rendered":"<p data-start=\"178\" data-end=\"620\">U cilju unapre\u0111enja sigurnosti na cestama i efikasnije kontrole saobra\u0107aja, ministarstva unutra\u0161njih poslova u vi\u0161e kantona u Bosni i Hercegovini intenzivno \u0161ire mre\u017eu <a href=\"https:\/\/tuzlainfo.ba\/index.php\/tag\/pametne-kamere\/\"><strong>kamera i radara<\/strong><\/a>.<\/p>\n<p data-start=\"178\" data-end=\"620\">Rije\u010d je o savremenim ure\u0111ajima koji omogu\u0107avaju automatsko prepoznavanje registarskih oznaka, identifikaciju neregistrovanih vozila, ali i sankcionisanje uobi\u010dajenih prekr\u0161aja poput kori\u0161tenja mobilnog telefona u vo\u017enji ili nekori\u0161tenja sigurnosnog pojasa.<\/p>\n<p data-start=\"622\" data-end=\"1103\">Iz Ministarstva unutra\u0161njih poslova Tuzlanskog kantona poja\u0161njavaju da je sistem kamera koje automatski skeniraju vozila ve\u0107 pokazao zna\u010dajne rezultate. Kamere, postavljene uz podr\u0161ku me\u0111unarodnih organizacija, pomogle su u identifikaciji velikog broja neregistrovanih vozila, ali i u rasvjetljavanju kra\u0111a automobila. Prema rije\u010dima glasnogovornika MUP-a TK Izudina \u0160ari\u0107a, planira se postavljanje dodatnih 200 kamera, \u010dime bi se obuhvatile i nove saobra\u0107ajne ta\u010dke \u0161irom kantona.<\/p>\n<p data-start=\"1105\" data-end=\"1339\">MUP TK je ve\u0107 dobio oko 20 visoko sofisticiranih ANPR kamera kroz me\u0111unarodne donacije, dok je u proteklom periodu iz bud\u017eeta izdvojeno preko 250.000 KM za \u0161iru mre\u017eu videonadzora, uklju\u010duju\u0107i i kamere s mogu\u0107no\u0161\u0107u prepoznavanja lica.<\/p>\n<h3 data-start=\"609\" data-end=\"1074\"><strong>Vi\u0161e stikera &#8211; naljepnica na staklu<\/strong><\/h3>\n<p data-start=\"1341\" data-end=\"1665\">Sli\u010dan sistem koristi se i u Kantonu Sarajevo, gdje se implementira projekat \u201cSparta\u201d, koji podrazumijeva postavljanje 45 kamera za automatsko prepoznavanje registarskih oznaka. Navedeni sistem bilje\u017ei vi\u0161e prekr\u0161aja dnevno, a pojedini voza\u010di zabilje\u017eeni su i po \u010detiri puta u jednom danu zbog vo\u017enje neregistrovanog vozila.<\/p>\n<p data-start=\"1341\" data-end=\"1665\"><img fetchpriority=\"high\" decoding=\"async\" class=\"alignnone wp-image-183669 size-full\" src=\"https:\/\/tuzlainfo.ba\/wp-content\/uploads\/2022\/09\/1009_stiker.jpg\" alt=\"\" width=\"800\" height=\"524\" srcset=\"https:\/\/tuzlainfo.ba\/wp-content\/uploads\/2022\/09\/1009_stiker.jpg 800w, https:\/\/tuzlainfo.ba\/wp-content\/uploads\/2022\/09\/1009_stiker-300x197.jpg 300w, https:\/\/tuzlainfo.ba\/wp-content\/uploads\/2022\/09\/1009_stiker-768x503.jpg 768w, https:\/\/tuzlainfo.ba\/wp-content\/uploads\/2022\/09\/1009_stiker-585x383.jpg 585w, https:\/\/tuzlainfo.ba\/wp-content\/uploads\/2022\/09\/1009_stiker-150x98.jpg 150w, https:\/\/tuzlainfo.ba\/wp-content\/uploads\/2022\/09\/1009_stiker-500x328.jpg 500w, https:\/\/tuzlainfo.ba\/wp-content\/uploads\/2022\/09\/1009_stiker-120x80.jpg 120w\" sizes=\"(max-width: 800px) 100vw, 800px\" \/><\/p>\n<p data-start=\"1667\" data-end=\"2054\">Jedan od tehni\u010dkih izazova koje donosi ovaj sistem jeste prepoznavanje naljepnica na vjetrobranskom staklu. Ukoliko voza\u010d ne ukloni stare registracione stikere, kamera mo\u017ee o\u010ditati zastarjeli podatak i generisati kaznu, iako je vozilo uredno registrovano. Nadle\u017eni apeluju na voza\u010de da prilikom registracije vozila uklone sve naljepnice iz prethodnih godina kako bi izbjegli nesporazume.<\/p>\n<h3 data-start=\"1400\" data-end=\"1745\">Neke kamere bilje\u017ee vi\u0161e prekr\u0161aja<\/h3>\n<p data-start=\"2056\" data-end=\"2353\">Pored neregistrovanih vozila, moderni sistemi u Kantonu Sarajevo omogu\u0107avaju i detekciju kori\u0161tenja mobilnog telefona u vo\u017enji te nekori\u0161tenja sigurnosnog pojasa. Za ovakve prekr\u0161aje predvi\u0111ene su nov\u010dane kazne od 100 do 300 KM, kazneni bodovi, pa \u010dak i za\u0161titna mjera zabrane upravljanja vozilom.<\/p>\n<p data-start=\"2355\" data-end=\"2673\">Radari i radarska ku\u0107i\u0161ta raspore\u0111ena su \u0161irom Sarajeva i aktivna su 24 sata, a dopunske table s upozorenjima jasno su istaknute u u\u017eem gradskom jezgru. Prema Zakonu o osnovama sigurnosti saobra\u0107aja, dozvoljeno prekora\u010denje brzine do 10 km\/h u naseljenim mjestima nije sankcionisano, osim ako nije druga\u010dije propisano.<\/p>\n<p data-start=\"1747\" data-end=\"2136\">Posebna pa\u017enja posve\u0107ena je prekr\u0161ajima poput kori\u0161tenja mobilnog telefona u vo\u017enji, za \u0161to su predvi\u0111ene nov\u010dane kazne od 100 do 300 KM, kao i kazneni bodovi i mogu\u0107e zabrane upravljanja vozilom. Prema Zakonu o osnovama sigurnosti saobra\u0107aja, voza\u010di se ne ka\u017enjavaju za prekora\u010denje brzine do 10 kilometara na sat iznad dozvoljene u naseljenim mjestima, osim ako nije druga\u010dije propisano.<\/p>\n<p data-start=\"2138\" data-end=\"2534\" data-is-last-node=\"\" data-is-only-node=\"\">Vlade oba kantona planiraju dodatna ulaganja u videonadzor tokom 2025. godine, s ciljem prevencije saobra\u0107ajnih nesre\u0107a, ali i efikasnijeg reagovanja na krivi\u010dna djela i druge bezbjednosne izazove.,<\/p>\n<p data-start=\"2138\" data-end=\"2534\" data-is-last-node=\"\" data-is-only-node=\"\">U zemlji u kojoj su saobra\u0107ajne nesre\u0107e svakodnevna pojava, ovakvi sistemi predstavljaju klju\u010dni alat u borbi protiv nesavjesnih voza\u010da i stvaranju sigurnijeg okru\u017eenja za sve u\u010desnike u saobra\u0107aju.<\/p>\n","protected":false},"excerpt":{"rendered":"<p>U cilju unapre\u0111enja sigurnosti na cestama i efikasnije kontrole saobra\u0107aja, ministarstva unutra\u0161njih poslova u vi\u0161e&hellip;<\/p>\n","protected":false},"author":2,"featured_media":272511,"comment_status":"closed","ping_status":"closed","sticky":false,"template":"","format":"standard","meta":{"_acf_changed":false,"footnotes":""},"categories":[291,304,306],"tags":[6683,12390,408],"acf":[],"yoast_head":"<!-- This site is optimized with the Yoast SEO plugin v23.5 - https:\/\/yoast.com\/wordpress\/plugins\/seo\/ -->\n<title>\u0160ta sve kamere snimaju: Voza\u010di u BiH nesvjesno pla\u0107aju kazne zbog jedne gre\u0161ke! - TuzlaInfo.ba<\/title>\n<meta name=\"description\" content=\"MUP-ovi u BiH poja\u010davaju nadzor saobra\u0107aja uz postavljanje novih ANPR kamera i radara. Kazne sti\u017eu zbog neregistrovanih vozila, starih stikera i kori\u0161tenja telefona u vo\u017enji.\" \/>\n<meta name=\"robots\" content=\"index, follow, max-snippet:-1, max-image-preview:large, max-video-preview:-1\" \/>\n<link rel=\"canonical\" href=\"https:\/\/tuzlainfo.ba\/index.php\/bosna-i-hercegovina\/item\/272501-sta-sve-kamere-snimaju-vozaci-u-bih-nesvjesno-placaju-kazne-zbog-jedne-greske\/\" \/>\n<meta property=\"og:locale\" content=\"bs_BA\" \/>\n<meta property=\"og:type\" content=\"article\" \/>\n<meta property=\"og:title\" content=\"\u0160ta sve kamere snimaju: Voza\u010di u BiH nesvjesno pla\u0107aju kazne zbog jedne gre\u0161ke! - TuzlaInfo.ba\" \/>\n<meta property=\"og:description\" content=\"MUP-ovi u BiH poja\u010davaju nadzor saobra\u0107aja uz postavljanje novih ANPR kamera i radara. Kazne sti\u017eu zbog neregistrovanih vozila, starih stikera i kori\u0161tenja telefona u vo\u017enji.\" \/>\n<meta property=\"og:url\" content=\"https:\/\/tuzlainfo.ba\/index.php\/bosna-i-hercegovina\/item\/272501-sta-sve-kamere-snimaju-vozaci-u-bih-nesvjesno-placaju-kazne-zbog-jedne-greske\/\" \/>\n<meta property=\"og:site_name\" content=\"TuzlaInfo.ba\" \/>\n<meta property=\"article:publisher\" content=\"https:\/\/www.facebook.com\/tuzlainfo.ba\/\" \/>\n<meta property=\"article:published_time\" content=\"2025-06-23T17:02:11+00:00\" \/>\n<meta property=\"article:modified_time\" content=\"2025-06-23T12:49:34+00:00\" \/>\n<meta property=\"og:image\" content=\"https:\/\/tuzlainfo.ba\/wp-content\/uploads\/2025\/06\/2306_kamera.jpg\" \/>\n\t<meta property=\"og:image:width\" content=\"1000\" \/>\n\t<meta property=\"og:image:height\" content=\"571\" \/>\n\t<meta property=\"og:image:type\" content=\"image\/jpeg\" \/>\n<meta name=\"author\" content=\"nedim\" \/>\n<meta name=\"twitter:card\" content=\"summary_large_image\" \/>\n<meta name=\"twitter:label1\" content=\"Written by\" \/>\n\t<meta name=\"twitter:data1\" content=\"nedim\" \/>\n\t<meta name=\"twitter:label2\" content=\"Est. reading time\" \/>\n\t<meta name=\"twitter:data2\" content=\"3 minute\" \/>\n<script type=\"application\/ld+json\" class=\"yoast-schema-graph\">{\"@context\":\"https:\/\/schema.org\",\"@graph\":[{\"@type\":\"Article\",\"@id\":\"https:\/\/tuzlainfo.ba\/index.php\/bosna-i-hercegovina\/item\/272501-sta-sve-kamere-snimaju-vozaci-u-bih-nesvjesno-placaju-kazne-zbog-jedne-greske\/#article\",\"isPartOf\":{\"@id\":\"https:\/\/tuzlainfo.ba\/index.php\/bosna-i-hercegovina\/item\/272501-sta-sve-kamere-snimaju-vozaci-u-bih-nesvjesno-placaju-kazne-zbog-jedne-greske\/\"},\"author\":{\"name\":\"nedim\",\"@id\":\"https:\/\/tuzlainfo.ba\/#\/schema\/person\/f434e20dc27ea133923aab08451b7f7f\"},\"headline\":\"\u0160ta sve kamere snimaju: Voza\u010di u BiH nesvjesno pla\u0107aju kazne zbog jedne gre\u0161ke!\",\"datePublished\":\"2025-06-23T17:02:11+00:00\",\"dateModified\":\"2025-06-23T12:49:34+00:00\",\"mainEntityOfPage\":{\"@id\":\"https:\/\/tuzlainfo.ba\/index.php\/bosna-i-hercegovina\/item\/272501-sta-sve-kamere-snimaju-vozaci-u-bih-nesvjesno-placaju-kazne-zbog-jedne-greske\/\"},\"wordCount\":552,\"publisher\":{\"@id\":\"https:\/\/tuzlainfo.ba\/#organization\"},\"image\":{\"@id\":\"https:\/\/tuzlainfo.ba\/index.php\/bosna-i-hercegovina\/item\/272501-sta-sve-kamere-snimaju-vozaci-u-bih-nesvjesno-placaju-kazne-zbog-jedne-greske\/#primaryimage\"},\"thumbnailUrl\":\"https:\/\/tuzlainfo.ba\/wp-content\/uploads\/2025\/06\/2306_kamera.jpg\",\"keywords\":[\"kamere\",\"radari\",\"saobra\u0107aj\"],\"articleSection\":[\"Bosna i Hercegovina\",\"Istaknuto\",\"Preporu\u010dujemo\"],\"inLanguage\":\"bs-BA\"},{\"@type\":\"WebPage\",\"@id\":\"https:\/\/tuzlainfo.ba\/index.php\/bosna-i-hercegovina\/item\/272501-sta-sve-kamere-snimaju-vozaci-u-bih-nesvjesno-placaju-kazne-zbog-jedne-greske\/\",\"url\":\"https:\/\/tuzlainfo.ba\/index.php\/bosna-i-hercegovina\/item\/272501-sta-sve-kamere-snimaju-vozaci-u-bih-nesvjesno-placaju-kazne-zbog-jedne-greske\/\",\"name\":\"\u0160ta sve kamere snimaju: Voza\u010di u BiH nesvjesno pla\u0107aju kazne zbog jedne gre\u0161ke! - TuzlaInfo.ba\",\"isPartOf\":{\"@id\":\"https:\/\/tuzlainfo.ba\/#website\"},\"primaryImageOfPage\":{\"@id\":\"https:\/\/tuzlainfo.ba\/index.php\/bosna-i-hercegovina\/item\/272501-sta-sve-kamere-snimaju-vozaci-u-bih-nesvjesno-placaju-kazne-zbog-jedne-greske\/#primaryimage\"},\"image\":{\"@id\":\"https:\/\/tuzlainfo.ba\/index.php\/bosna-i-hercegovina\/item\/272501-sta-sve-kamere-snimaju-vozaci-u-bih-nesvjesno-placaju-kazne-zbog-jedne-greske\/#primaryimage\"},\"thumbnailUrl\":\"https:\/\/tuzlainfo.ba\/wp-content\/uploads\/2025\/06\/2306_kamera.jpg\",\"datePublished\":\"2025-06-23T17:02:11+00:00\",\"dateModified\":\"2025-06-23T12:49:34+00:00\",\"description\":\"MUP-ovi u BiH poja\u010davaju nadzor saobra\u0107aja uz postavljanje novih ANPR kamera i radara. Kazne sti\u017eu zbog neregistrovanih vozila, starih stikera i kori\u0161tenja telefona u vo\u017enji.\",\"breadcrumb\":{\"@id\":\"https:\/\/tuzlainfo.ba\/index.php\/bosna-i-hercegovina\/item\/272501-sta-sve-kamere-snimaju-vozaci-u-bih-nesvjesno-placaju-kazne-zbog-jedne-greske\/#breadcrumb\"},\"inLanguage\":\"bs-BA\",\"potentialAction\":[{\"@type\":\"ReadAction\",\"target\":[\"https:\/\/tuzlainfo.ba\/index.php\/bosna-i-hercegovina\/item\/272501-sta-sve-kamere-snimaju-vozaci-u-bih-nesvjesno-placaju-kazne-zbog-jedne-greske\/\"]}]},{\"@type\":\"ImageObject\",\"inLanguage\":\"bs-BA\",\"@id\":\"https:\/\/tuzlainfo.ba\/index.php\/bosna-i-hercegovina\/item\/272501-sta-sve-kamere-snimaju-vozaci-u-bih-nesvjesno-placaju-kazne-zbog-jedne-greske\/#primaryimage\",\"url\":\"https:\/\/tuzlainfo.ba\/wp-content\/uploads\/2025\/06\/2306_kamera.jpg\",\"contentUrl\":\"https:\/\/tuzlainfo.ba\/wp-content\/uploads\/2025\/06\/2306_kamera.jpg\",\"width\":1000,\"height\":571,\"caption\":\"Foto: Ilustracija \/ Vladislav Glukhotko on Unsplash\"},{\"@type\":\"BreadcrumbList\",\"@id\":\"https:\/\/tuzlainfo.ba\/index.php\/bosna-i-hercegovina\/item\/272501-sta-sve-kamere-snimaju-vozaci-u-bih-nesvjesno-placaju-kazne-zbog-jedne-greske\/#breadcrumb\",\"itemListElement\":[{\"@type\":\"ListItem\",\"position\":1,\"name\":\"Home\",\"item\":\"https:\/\/tuzlainfo.ba\/\"},{\"@type\":\"ListItem\",\"position\":2,\"name\":\"\u0160ta sve kamere snimaju: Voza\u010di u BiH nesvjesno pla\u0107aju kazne zbog jedne gre\u0161ke!\"}]},{\"@type\":\"WebSite\",\"@id\":\"https:\/\/tuzlainfo.ba\/#website\",\"url\":\"https:\/\/tuzlainfo.ba\/\",\"name\":\"TuzlaInfo.ba\",\"description\":\"Tuzla info, gradski informator - Tuzla na dlanu\",\"publisher\":{\"@id\":\"https:\/\/tuzlainfo.ba\/#organization\"},\"potentialAction\":[{\"@type\":\"SearchAction\",\"target\":{\"@type\":\"EntryPoint\",\"urlTemplate\":\"https:\/\/tuzlainfo.ba\/?s={search_term_string}\"},\"query-input\":{\"@type\":\"PropertyValueSpecification\",\"valueRequired\":true,\"valueName\":\"search_term_string\"}}],\"inLanguage\":\"bs-BA\"},{\"@type\":\"Organization\",\"@id\":\"https:\/\/tuzlainfo.ba\/#organization\",\"name\":\"TuzlaInfo.ba\",\"url\":\"https:\/\/tuzlainfo.ba\/\",\"logo\":{\"@type\":\"ImageObject\",\"inLanguage\":\"bs-BA\",\"@id\":\"https:\/\/tuzlainfo.ba\/#\/schema\/logo\/image\/\",\"url\":\"https:\/\/tuzlainfo.ba\/wp-content\/uploads\/2021\/03\/logo-ver-3-1.png\",\"contentUrl\":\"https:\/\/tuzlainfo.ba\/wp-content\/uploads\/2021\/03\/logo-ver-3-1.png\",\"width\":350,\"height\":95,\"caption\":\"TuzlaInfo.ba\"},\"image\":{\"@id\":\"https:\/\/tuzlainfo.ba\/#\/schema\/logo\/image\/\"},\"sameAs\":[\"https:\/\/www.facebook.com\/tuzlainfo.ba\/\"]},{\"@type\":\"Person\",\"@id\":\"https:\/\/tuzlainfo.ba\/#\/schema\/person\/f434e20dc27ea133923aab08451b7f7f\",\"name\":\"nedim\",\"image\":{\"@type\":\"ImageObject\",\"inLanguage\":\"bs-BA\",\"@id\":\"https:\/\/tuzlainfo.ba\/#\/schema\/person\/image\/\",\"url\":\"https:\/\/tuzlainfo.ba\/wp-content\/litespeed\/avatar\/aabad687af24844af817603ac1cbdc4f.jpg?ver=1776702173\",\"contentUrl\":\"https:\/\/tuzlainfo.ba\/wp-content\/litespeed\/avatar\/aabad687af24844af817603ac1cbdc4f.jpg?ver=1776702173\",\"caption\":\"nedim\"},\"description\":\"Tuzlainfo.ba pratite na dru\u0161tvenim mre\u017eama: Facebook, Instagram i Youtube. Svoje pri\u010de, upite i fotografije \u0161aljite na na\u0161u e-mail adresu.\"}]}<\/script>\n<!-- \/ Yoast SEO plugin. -->","yoast_head_json":{"title":"\u0160ta sve kamere snimaju: Voza\u010di u BiH nesvjesno pla\u0107aju kazne zbog jedne gre\u0161ke! - TuzlaInfo.ba","description":"MUP-ovi u BiH poja\u010davaju nadzor saobra\u0107aja uz postavljanje novih ANPR kamera i radara. Kazne sti\u017eu zbog neregistrovanih vozila, starih stikera i kori\u0161tenja telefona u vo\u017enji.","robots":{"index":"index","follow":"follow","max-snippet":"max-snippet:-1","max-image-preview":"max-image-preview:large","max-video-preview":"max-video-preview:-1"},"canonical":"https:\/\/tuzlainfo.ba\/index.php\/bosna-i-hercegovina\/item\/272501-sta-sve-kamere-snimaju-vozaci-u-bih-nesvjesno-placaju-kazne-zbog-jedne-greske\/","og_locale":"bs_BA","og_type":"article","og_title":"\u0160ta sve kamere snimaju: Voza\u010di u BiH nesvjesno pla\u0107aju kazne zbog jedne gre\u0161ke! - TuzlaInfo.ba","og_description":"MUP-ovi u BiH poja\u010davaju nadzor saobra\u0107aja uz postavljanje novih ANPR kamera i radara. Kazne sti\u017eu zbog neregistrovanih vozila, starih stikera i kori\u0161tenja telefona u vo\u017enji.","og_url":"https:\/\/tuzlainfo.ba\/index.php\/bosna-i-hercegovina\/item\/272501-sta-sve-kamere-snimaju-vozaci-u-bih-nesvjesno-placaju-kazne-zbog-jedne-greske\/","og_site_name":"TuzlaInfo.ba","article_publisher":"https:\/\/www.facebook.com\/tuzlainfo.ba\/","article_published_time":"2025-06-23T17:02:11+00:00","article_modified_time":"2025-06-23T12:49:34+00:00","og_image":[{"width":1000,"height":571,"url":"https:\/\/tuzlainfo.ba\/wp-content\/uploads\/2025\/06\/2306_kamera.jpg","type":"image\/jpeg"}],"author":"nedim","twitter_card":"summary_large_image","twitter_misc":{"Written by":"nedim","Est. reading time":"3 minute"},"schema":{"@context":"https:\/\/schema.org","@graph":[{"@type":"Article","@id":"https:\/\/tuzlainfo.ba\/index.php\/bosna-i-hercegovina\/item\/272501-sta-sve-kamere-snimaju-vozaci-u-bih-nesvjesno-placaju-kazne-zbog-jedne-greske\/#article","isPartOf":{"@id":"https:\/\/tuzlainfo.ba\/index.php\/bosna-i-hercegovina\/item\/272501-sta-sve-kamere-snimaju-vozaci-u-bih-nesvjesno-placaju-kazne-zbog-jedne-greske\/"},"author":{"name":"nedim","@id":"https:\/\/tuzlainfo.ba\/#\/schema\/person\/f434e20dc27ea133923aab08451b7f7f"},"headline":"\u0160ta sve kamere snimaju: Voza\u010di u BiH nesvjesno pla\u0107aju kazne zbog jedne gre\u0161ke!","datePublished":"2025-06-23T17:02:11+00:00","dateModified":"2025-06-23T12:49:34+00:00","mainEntityOfPage":{"@id":"https:\/\/tuzlainfo.ba\/index.php\/bosna-i-hercegovina\/item\/272501-sta-sve-kamere-snimaju-vozaci-u-bih-nesvjesno-placaju-kazne-zbog-jedne-greske\/"},"wordCount":552,"publisher":{"@id":"https:\/\/tuzlainfo.ba\/#organization"},"image":{"@id":"https:\/\/tuzlainfo.ba\/index.php\/bosna-i-hercegovina\/item\/272501-sta-sve-kamere-snimaju-vozaci-u-bih-nesvjesno-placaju-kazne-zbog-jedne-greske\/#primaryimage"},"thumbnailUrl":"https:\/\/tuzlainfo.ba\/wp-content\/uploads\/2025\/06\/2306_kamera.jpg","keywords":["kamere","radari","saobra\u0107aj"],"articleSection":["Bosna i Hercegovina","Istaknuto","Preporu\u010dujemo"],"inLanguage":"bs-BA"},{"@type":"WebPage","@id":"https:\/\/tuzlainfo.ba\/index.php\/bosna-i-hercegovina\/item\/272501-sta-sve-kamere-snimaju-vozaci-u-bih-nesvjesno-placaju-kazne-zbog-jedne-greske\/","url":"https:\/\/tuzlainfo.ba\/index.php\/bosna-i-hercegovina\/item\/272501-sta-sve-kamere-snimaju-vozaci-u-bih-nesvjesno-placaju-kazne-zbog-jedne-greske\/","name":"\u0160ta sve kamere snimaju: Voza\u010di u BiH nesvjesno pla\u0107aju kazne zbog jedne gre\u0161ke! - TuzlaInfo.ba","isPartOf":{"@id":"https:\/\/tuzlainfo.ba\/#website"},"primaryImageOfPage":{"@id":"https:\/\/tuzlainfo.ba\/index.php\/bosna-i-hercegovina\/item\/272501-sta-sve-kamere-snimaju-vozaci-u-bih-nesvjesno-placaju-kazne-zbog-jedne-greske\/#primaryimage"},"image":{"@id":"https:\/\/tuzlainfo.ba\/index.php\/bosna-i-hercegovina\/item\/272501-sta-sve-kamere-snimaju-vozaci-u-bih-nesvjesno-placaju-kazne-zbog-jedne-greske\/#primaryimage"},"thumbnailUrl":"https:\/\/tuzlainfo.ba\/wp-content\/uploads\/2025\/06\/2306_kamera.jpg","datePublished":"2025-06-23T17:02:11+00:00","dateModified":"2025-06-23T12:49:34+00:00","description":"MUP-ovi u BiH poja\u010davaju nadzor saobra\u0107aja uz postavljanje novih ANPR kamera i radara. Kazne sti\u017eu zbog neregistrovanih vozila, starih stikera i kori\u0161tenja telefona u vo\u017enji.","breadcrumb":{"@id":"https:\/\/tuzlainfo.ba\/index.php\/bosna-i-hercegovina\/item\/272501-sta-sve-kamere-snimaju-vozaci-u-bih-nesvjesno-placaju-kazne-zbog-jedne-greske\/#breadcrumb"},"inLanguage":"bs-BA","potentialAction":[{"@type":"ReadAction","target":["https:\/\/tuzlainfo.ba\/index.php\/bosna-i-hercegovina\/item\/272501-sta-sve-kamere-snimaju-vozaci-u-bih-nesvjesno-placaju-kazne-zbog-jedne-greske\/"]}]},{"@type":"ImageObject","inLanguage":"bs-BA","@id":"https:\/\/tuzlainfo.ba\/index.php\/bosna-i-hercegovina\/item\/272501-sta-sve-kamere-snimaju-vozaci-u-bih-nesvjesno-placaju-kazne-zbog-jedne-greske\/#primaryimage","url":"https:\/\/tuzlainfo.ba\/wp-content\/uploads\/2025\/06\/2306_kamera.jpg","contentUrl":"https:\/\/tuzlainfo.ba\/wp-content\/uploads\/2025\/06\/2306_kamera.jpg","width":1000,"height":571,"caption":"Foto: Ilustracija \/ Vladislav Glukhotko on Unsplash"},{"@type":"BreadcrumbList","@id":"https:\/\/tuzlainfo.ba\/index.php\/bosna-i-hercegovina\/item\/272501-sta-sve-kamere-snimaju-vozaci-u-bih-nesvjesno-placaju-kazne-zbog-jedne-greske\/#breadcrumb","itemListElement":[{"@type":"ListItem","position":1,"name":"Home","item":"https:\/\/tuzlainfo.ba\/"},{"@type":"ListItem","position":2,"name":"\u0160ta sve kamere snimaju: Voza\u010di u BiH nesvjesno pla\u0107aju kazne zbog jedne gre\u0161ke!"}]},{"@type":"WebSite","@id":"https:\/\/tuzlainfo.ba\/#website","url":"https:\/\/tuzlainfo.ba\/","name":"TuzlaInfo.ba","description":"Tuzla info, gradski informator - Tuzla na dlanu","publisher":{"@id":"https:\/\/tuzlainfo.ba\/#organization"},"potentialAction":[{"@type":"SearchAction","target":{"@type":"EntryPoint","urlTemplate":"https:\/\/tuzlainfo.ba\/?s={search_term_string}"},"query-input":{"@type":"PropertyValueSpecification","valueRequired":true,"valueName":"search_term_string"}}],"inLanguage":"bs-BA"},{"@type":"Organization","@id":"https:\/\/tuzlainfo.ba\/#organization","name":"TuzlaInfo.ba","url":"https:\/\/tuzlainfo.ba\/","logo":{"@type":"ImageObject","inLanguage":"bs-BA","@id":"https:\/\/tuzlainfo.ba\/#\/schema\/logo\/image\/","url":"https:\/\/tuzlainfo.ba\/wp-content\/uploads\/2021\/03\/logo-ver-3-1.png","contentUrl":"https:\/\/tuzlainfo.ba\/wp-content\/uploads\/2021\/03\/logo-ver-3-1.png","width":350,"height":95,"caption":"TuzlaInfo.ba"},"image":{"@id":"https:\/\/tuzlainfo.ba\/#\/schema\/logo\/image\/"},"sameAs":["https:\/\/www.facebook.com\/tuzlainfo.ba\/"]},{"@type":"Person","@id":"https:\/\/tuzlainfo.ba\/#\/schema\/person\/f434e20dc27ea133923aab08451b7f7f","name":"nedim","image":{"@type":"ImageObject","inLanguage":"bs-BA","@id":"https:\/\/tuzlainfo.ba\/#\/schema\/person\/image\/","url":"https:\/\/tuzlainfo.ba\/wp-content\/litespeed\/avatar\/aabad687af24844af817603ac1cbdc4f.jpg?ver=1776702173","contentUrl":"https:\/\/tuzlainfo.ba\/wp-content\/litespeed\/avatar\/aabad687af24844af817603ac1cbdc4f.jpg?ver=1776702173","caption":"nedim"},"description":"Tuzlainfo.ba pratite na dru\u0161tvenim mre\u017eama: Facebook, Instagram i Youtube. Svoje pri\u010de, upite i fotografije \u0161aljite na na\u0161u e-mail adresu."}]}},"_links":{"self":[{"href":"https:\/\/tuzlainfo.ba\/index.php\/wp-json\/wp\/v2\/posts\/272501"}],"collection":[{"href":"https:\/\/tuzlainfo.ba\/index.php\/wp-json\/wp\/v2\/posts"}],"about":[{"href":"https:\/\/tuzlainfo.ba\/index.php\/wp-json\/wp\/v2\/types\/post"}],"author":[{"embeddable":true,"href":"https:\/\/tuzlainfo.ba\/index.php\/wp-json\/wp\/v2\/users\/2"}],"replies":[{"embeddable":true,"href":"https:\/\/tuzlainfo.ba\/index.php\/wp-json\/wp\/v2\/comments?post=272501"}],"version-history":[{"count":1,"href":"https:\/\/tuzlainfo.ba\/index.php\/wp-json\/wp\/v2\/posts\/272501\/revisions"}],"predecessor-version":[{"id":272512,"href":"https:\/\/tuzlainfo.ba\/index.php\/wp-json\/wp\/v2\/posts\/272501\/revisions\/272512"}],"wp:featuredmedia":[{"embeddable":true,"href":"https:\/\/tuzlainfo.ba\/index.php\/wp-json\/wp\/v2\/media\/272511"}],"wp:attachment":[{"href":"https:\/\/tuzlainfo.ba\/index.php\/wp-json\/wp\/v2\/media?parent=272501"}],"wp:term":[{"taxonomy":"category","embeddable":true,"href":"https:\/\/tuzlainfo.ba\/index.php\/wp-json\/wp\/v2\/categories?post=272501"},{"taxonomy":"post_tag","embeddable":true,"href":"https:\/\/tuzlainfo.ba\/index.php\/wp-json\/wp\/v2\/tags?post=272501"}],"curies":[{"name":"wp","href":"https:\/\/api.w.org\/{rel}","templated":true}]}}