{"id":272465,"date":"2025-06-28T17:02:28","date_gmt":"2025-06-28T15:02:28","guid":{"rendered":"https:\/\/tuzlainfo.ba\/?p=272465"},"modified":"2025-06-29T22:29:49","modified_gmt":"2025-06-29T20:29:49","slug":"kakav-je-status-osoba-na-birou-koje-nikada-nisu-radile","status":"publish","type":"post","link":"https:\/\/tuzlainfo.ba\/index.php\/istaknuto\/item\/272465-kakav-je-status-osoba-na-birou-koje-nikada-nisu-radile\/","title":{"rendered":"Kakav je status osoba na birou koje nikada nisu radile?"},"content":{"rendered":"<p>Status osoba koje su prijavljene na biro za zapo\u0161ljavanje, a nikada nisu imale radni odnos, u Tuzlanskom kantonu specifi\u010dan je i razlikuje se u odnosu na one sa radnim iskustvom. Iako nikada nisu bile zaposlene, ova lica mogu ostvariti odre\u0111ena prava, ali i nai\u0107i na ograni\u010denja kada je rije\u010d o podr\u0161ci koju nudi sistem.<\/p>\n<p>U Federaciji Bosne i Hercegovine, uklju\u010duju\u0107i Tuzlanski kanton, osoba koja nikada nije radila mo\u017ee biti prijavljena kao nezaposlena ako je radno sposobna i aktivno tra\u017ei posao. Ova prijava se vr\u0161i u nadle\u017enoj op\u0107inskoj slu\u017ebi za zapo\u0161ljavanje i za sobom ne povla\u010di automatsko pravo na sve oblike pomo\u0107i koje nudi biro.<\/p>\n<h3>Zdravstveno osiguranje<\/h3>\n<p>Zdravstveno osiguranje je naj\u010de\u0161\u0107e pitanje koje zanima osobe bez radnog sta\u017ea. Prema va\u017ee\u0107im pravilima, pravo na osiguranje ostvaruju oni koji se prijave u propisanom roku, naj\u010de\u0161\u0107e u roku od 90 dana od zavr\u0161etka \u0161kolovanja. Ukoliko se prijava obavi izvan tog roka, lice mo\u017ee izgubiti pravo na zdravstveno osiguranje putem slu\u017ebe za zapo\u0161ljavanje. Prema posljednjim podacima, od oko 67 hiljada prijavljenih u Tuzlanskom kantonu, vi\u0161e od 40 hiljada ima pravo na zdravstveno osiguranje, dok ostali to pravo nisu ostvarili zbog prekora\u010denja roka ili zato \u0161to su ve\u0107 osigurani preko roditelja ili supru\u017enika.<\/p>\n<h3>Nov\u010dana naknada<\/h3>\n<p>Nov\u010danu naknadu za nezaposlene, osobe bez prethodnog radnog odnosa ne mogu ostvariti. Pravo na ovu vrstu podr\u0161ke imaju samo oni koji su ranije bili zaposleni i za koje su upla\u0107ivani doprinosi za osiguranje u slu\u010daju nezaposlenosti, u minimalnom trajanju koje propisuje zakon.<\/p>\n<p>Ipak, i bez radnog iskustva, lice na birou mo\u017ee u\u010destvovati u mjerama aktivne politike zapo\u0161ljavanja. Tuzlanski kanton nudi programe stru\u010dnog osposobljavanja za mlade, uklju\u010duju\u0107i i visokoobrazovane osobe koje do sada nisu imale priliku za zaposlenje. Jedan od najpoznatijih programa omogu\u0107ava osposobljavanje bez zasnivanja radnog odnosa, uz finansijsku podr\u0161ku koja uklju\u010duje naknadu i upla\u0107ene doprinose za penzijsko i zdravstveno osiguranje.<\/p>\n<p>Iako sistem ne pru\u017ea punu finansijsku sigurnost onima koji nikada nisu radili, pravilna i blagovremena prijava na biro, kao i u\u010de\u0161\u0107e u programima podr\u0161ke, mo\u017ee biti prvi korak ka zaposlenju i socijalnoj sigurnosti.<\/p>\n","protected":false},"excerpt":{"rendered":"<p>Status osoba koje su prijavljene na biro za zapo\u0161ljavanje, a nikada nisu imale radni odnos,&hellip;<\/p>\n","protected":false},"author":8,"featured_media":75544,"comment_status":"closed","ping_status":"closed","sticky":false,"template":"","format":"standard","meta":{"_acf_changed":false,"footnotes":""},"categories":[304,12,306],"tags":[6716,7301],"acf":[],"yoast_head":"<!-- This site is optimized with the Yoast SEO plugin v23.5 - https:\/\/yoast.com\/wordpress\/plugins\/seo\/ -->\n<title>Kakav je status osoba na birou koje nikada nisu radile? - TuzlaInfo.ba<\/title>\n<meta name=\"robots\" content=\"index, follow, max-snippet:-1, max-image-preview:large, max-video-preview:-1\" \/>\n<link rel=\"canonical\" href=\"https:\/\/tuzlainfo.ba\/index.php\/novosti\/item\/272465-kakav-je-status-osoba-na-birou-koje-nikada-nisu-radile\/\" \/>\n<meta property=\"og:locale\" content=\"bs_BA\" \/>\n<meta property=\"og:type\" content=\"article\" \/>\n<meta property=\"og:title\" content=\"Kakav je status osoba na birou koje nikada nisu radile? - TuzlaInfo.ba\" \/>\n<meta property=\"og:description\" content=\"Status osoba koje su prijavljene na biro za zapo\u0161ljavanje, a nikada nisu imale radni odnos,&hellip;\" \/>\n<meta property=\"og:url\" content=\"https:\/\/tuzlainfo.ba\/index.php\/novosti\/item\/272465-kakav-je-status-osoba-na-birou-koje-nikada-nisu-radile\/\" \/>\n<meta property=\"og:site_name\" content=\"TuzlaInfo.ba\" \/>\n<meta property=\"article:publisher\" content=\"https:\/\/www.facebook.com\/tuzlainfo.ba\/\" \/>\n<meta property=\"article:published_time\" content=\"2025-06-28T15:02:28+00:00\" \/>\n<meta property=\"article:modified_time\" content=\"2025-06-29T20:29:49+00:00\" \/>\n<meta property=\"og:image\" content=\"https:\/\/tuzlainfo.ba\/wp-content\/uploads\/2019\/12\/sadrzaj_2019_20190101_01012019_szztk_biro.jpg\" \/>\n\t<meta property=\"og:image:width\" content=\"770\" \/>\n\t<meta property=\"og:image:height\" content=\"422\" \/>\n\t<meta property=\"og:image:type\" content=\"image\/jpeg\" \/>\n<meta name=\"author\" content=\"Admin Tri\" \/>\n<meta name=\"twitter:card\" content=\"summary_large_image\" \/>\n<meta name=\"twitter:label1\" content=\"Written by\" \/>\n\t<meta name=\"twitter:data1\" content=\"Admin Tri\" \/>\n\t<meta name=\"twitter:label2\" content=\"Est. reading time\" \/>\n\t<meta name=\"twitter:data2\" content=\"3 minute\" \/>\n<script type=\"application\/ld+json\" class=\"yoast-schema-graph\">{\"@context\":\"https:\/\/schema.org\",\"@graph\":[{\"@type\":\"Article\",\"@id\":\"https:\/\/tuzlainfo.ba\/index.php\/novosti\/item\/272465-kakav-je-status-osoba-na-birou-koje-nikada-nisu-radile\/#article\",\"isPartOf\":{\"@id\":\"https:\/\/tuzlainfo.ba\/index.php\/novosti\/item\/272465-kakav-je-status-osoba-na-birou-koje-nikada-nisu-radile\/\"},\"author\":{\"name\":\"Admin Tri\",\"@id\":\"https:\/\/tuzlainfo.ba\/#\/schema\/person\/593e78a2f6378c5ba3e7600ecfa4e63a\"},\"headline\":\"Kakav je status osoba na birou koje nikada nisu radile?\",\"datePublished\":\"2025-06-28T15:02:28+00:00\",\"dateModified\":\"2025-06-29T20:29:49+00:00\",\"mainEntityOfPage\":{\"@id\":\"https:\/\/tuzlainfo.ba\/index.php\/novosti\/item\/272465-kakav-je-status-osoba-na-birou-koje-nikada-nisu-radile\/\"},\"wordCount\":391,\"publisher\":{\"@id\":\"https:\/\/tuzlainfo.ba\/#organization\"},\"image\":{\"@id\":\"https:\/\/tuzlainfo.ba\/index.php\/novosti\/item\/272465-kakav-je-status-osoba-na-birou-koje-nikada-nisu-radile\/#primaryimage\"},\"thumbnailUrl\":\"https:\/\/tuzlainfo.ba\/wp-content\/uploads\/2019\/12\/sadrzaj_2019_20190101_01012019_szztk_biro.jpg\",\"keywords\":[\"biro za zapo\u0161ljavanje\",\"nezaposlene osobe\"],\"articleSection\":[\"Istaknuto\",\"Novosti\",\"Preporu\u010dujemo\"],\"inLanguage\":\"bs-BA\"},{\"@type\":\"WebPage\",\"@id\":\"https:\/\/tuzlainfo.ba\/index.php\/novosti\/item\/272465-kakav-je-status-osoba-na-birou-koje-nikada-nisu-radile\/\",\"url\":\"https:\/\/tuzlainfo.ba\/index.php\/novosti\/item\/272465-kakav-je-status-osoba-na-birou-koje-nikada-nisu-radile\/\",\"name\":\"Kakav je status osoba na birou koje nikada nisu radile? - TuzlaInfo.ba\",\"isPartOf\":{\"@id\":\"https:\/\/tuzlainfo.ba\/#website\"},\"primaryImageOfPage\":{\"@id\":\"https:\/\/tuzlainfo.ba\/index.php\/novosti\/item\/272465-kakav-je-status-osoba-na-birou-koje-nikada-nisu-radile\/#primaryimage\"},\"image\":{\"@id\":\"https:\/\/tuzlainfo.ba\/index.php\/novosti\/item\/272465-kakav-je-status-osoba-na-birou-koje-nikada-nisu-radile\/#primaryimage\"},\"thumbnailUrl\":\"https:\/\/tuzlainfo.ba\/wp-content\/uploads\/2019\/12\/sadrzaj_2019_20190101_01012019_szztk_biro.jpg\",\"datePublished\":\"2025-06-28T15:02:28+00:00\",\"dateModified\":\"2025-06-29T20:29:49+00:00\",\"breadcrumb\":{\"@id\":\"https:\/\/tuzlainfo.ba\/index.php\/novosti\/item\/272465-kakav-je-status-osoba-na-birou-koje-nikada-nisu-radile\/#breadcrumb\"},\"inLanguage\":\"bs-BA\",\"potentialAction\":[{\"@type\":\"ReadAction\",\"target\":[\"https:\/\/tuzlainfo.ba\/index.php\/novosti\/item\/272465-kakav-je-status-osoba-na-birou-koje-nikada-nisu-radile\/\"]}]},{\"@type\":\"ImageObject\",\"inLanguage\":\"bs-BA\",\"@id\":\"https:\/\/tuzlainfo.ba\/index.php\/novosti\/item\/272465-kakav-je-status-osoba-na-birou-koje-nikada-nisu-radile\/#primaryimage\",\"url\":\"https:\/\/tuzlainfo.ba\/wp-content\/uploads\/2019\/12\/sadrzaj_2019_20190101_01012019_szztk_biro.jpg\",\"contentUrl\":\"https:\/\/tuzlainfo.ba\/wp-content\/uploads\/2019\/12\/sadrzaj_2019_20190101_01012019_szztk_biro.jpg\",\"width\":770,\"height\":422,\"caption\":\"01012019 szztk biro\"},{\"@type\":\"BreadcrumbList\",\"@id\":\"https:\/\/tuzlainfo.ba\/index.php\/novosti\/item\/272465-kakav-je-status-osoba-na-birou-koje-nikada-nisu-radile\/#breadcrumb\",\"itemListElement\":[{\"@type\":\"ListItem\",\"position\":1,\"name\":\"Home\",\"item\":\"https:\/\/tuzlainfo.ba\/\"},{\"@type\":\"ListItem\",\"position\":2,\"name\":\"Kakav je status osoba na birou koje nikada nisu radile?\"}]},{\"@type\":\"WebSite\",\"@id\":\"https:\/\/tuzlainfo.ba\/#website\",\"url\":\"https:\/\/tuzlainfo.ba\/\",\"name\":\"TuzlaInfo.ba\",\"description\":\"Tuzla info, gradski informator - Tuzla na dlanu\",\"publisher\":{\"@id\":\"https:\/\/tuzlainfo.ba\/#organization\"},\"potentialAction\":[{\"@type\":\"SearchAction\",\"target\":{\"@type\":\"EntryPoint\",\"urlTemplate\":\"https:\/\/tuzlainfo.ba\/?s={search_term_string}\"},\"query-input\":{\"@type\":\"PropertyValueSpecification\",\"valueRequired\":true,\"valueName\":\"search_term_string\"}}],\"inLanguage\":\"bs-BA\"},{\"@type\":\"Organization\",\"@id\":\"https:\/\/tuzlainfo.ba\/#organization\",\"name\":\"TuzlaInfo.ba\",\"url\":\"https:\/\/tuzlainfo.ba\/\",\"logo\":{\"@type\":\"ImageObject\",\"inLanguage\":\"bs-BA\",\"@id\":\"https:\/\/tuzlainfo.ba\/#\/schema\/logo\/image\/\",\"url\":\"https:\/\/tuzlainfo.ba\/wp-content\/uploads\/2021\/03\/logo-ver-3-1.png\",\"contentUrl\":\"https:\/\/tuzlainfo.ba\/wp-content\/uploads\/2021\/03\/logo-ver-3-1.png\",\"width\":350,\"height\":95,\"caption\":\"TuzlaInfo.ba\"},\"image\":{\"@id\":\"https:\/\/tuzlainfo.ba\/#\/schema\/logo\/image\/\"},\"sameAs\":[\"https:\/\/www.facebook.com\/tuzlainfo.ba\/\"]},{\"@type\":\"Person\",\"@id\":\"https:\/\/tuzlainfo.ba\/#\/schema\/person\/593e78a2f6378c5ba3e7600ecfa4e63a\",\"name\":\"Admin Tri\",\"image\":{\"@type\":\"ImageObject\",\"inLanguage\":\"bs-BA\",\"@id\":\"https:\/\/tuzlainfo.ba\/#\/schema\/person\/image\/\",\"url\":\"https:\/\/tuzlainfo.ba\/wp-content\/litespeed\/avatar\/b7920db4cc34a71ad12497283ad2fe3f.jpg?ver=1777100914\",\"contentUrl\":\"https:\/\/tuzlainfo.ba\/wp-content\/litespeed\/avatar\/b7920db4cc34a71ad12497283ad2fe3f.jpg?ver=1777100914\",\"caption\":\"Admin Tri\"},\"sameAs\":[\"https:\/\/tuzlainfo.ba\"]}]}<\/script>\n<!-- \/ Yoast SEO plugin. -->","yoast_head_json":{"title":"Kakav je status osoba na birou koje nikada nisu radile? - TuzlaInfo.ba","robots":{"index":"index","follow":"follow","max-snippet":"max-snippet:-1","max-image-preview":"max-image-preview:large","max-video-preview":"max-video-preview:-1"},"canonical":"https:\/\/tuzlainfo.ba\/index.php\/novosti\/item\/272465-kakav-je-status-osoba-na-birou-koje-nikada-nisu-radile\/","og_locale":"bs_BA","og_type":"article","og_title":"Kakav je status osoba na birou koje nikada nisu radile? - TuzlaInfo.ba","og_description":"Status osoba koje su prijavljene na biro za zapo\u0161ljavanje, a nikada nisu imale radni odnos,&hellip;","og_url":"https:\/\/tuzlainfo.ba\/index.php\/novosti\/item\/272465-kakav-je-status-osoba-na-birou-koje-nikada-nisu-radile\/","og_site_name":"TuzlaInfo.ba","article_publisher":"https:\/\/www.facebook.com\/tuzlainfo.ba\/","article_published_time":"2025-06-28T15:02:28+00:00","article_modified_time":"2025-06-29T20:29:49+00:00","og_image":[{"width":770,"height":422,"url":"https:\/\/tuzlainfo.ba\/wp-content\/uploads\/2019\/12\/sadrzaj_2019_20190101_01012019_szztk_biro.jpg","type":"image\/jpeg"}],"author":"Admin Tri","twitter_card":"summary_large_image","twitter_misc":{"Written by":"Admin Tri","Est. reading time":"3 minute"},"schema":{"@context":"https:\/\/schema.org","@graph":[{"@type":"Article","@id":"https:\/\/tuzlainfo.ba\/index.php\/novosti\/item\/272465-kakav-je-status-osoba-na-birou-koje-nikada-nisu-radile\/#article","isPartOf":{"@id":"https:\/\/tuzlainfo.ba\/index.php\/novosti\/item\/272465-kakav-je-status-osoba-na-birou-koje-nikada-nisu-radile\/"},"author":{"name":"Admin Tri","@id":"https:\/\/tuzlainfo.ba\/#\/schema\/person\/593e78a2f6378c5ba3e7600ecfa4e63a"},"headline":"Kakav je status osoba na birou koje nikada nisu radile?","datePublished":"2025-06-28T15:02:28+00:00","dateModified":"2025-06-29T20:29:49+00:00","mainEntityOfPage":{"@id":"https:\/\/tuzlainfo.ba\/index.php\/novosti\/item\/272465-kakav-je-status-osoba-na-birou-koje-nikada-nisu-radile\/"},"wordCount":391,"publisher":{"@id":"https:\/\/tuzlainfo.ba\/#organization"},"image":{"@id":"https:\/\/tuzlainfo.ba\/index.php\/novosti\/item\/272465-kakav-je-status-osoba-na-birou-koje-nikada-nisu-radile\/#primaryimage"},"thumbnailUrl":"https:\/\/tuzlainfo.ba\/wp-content\/uploads\/2019\/12\/sadrzaj_2019_20190101_01012019_szztk_biro.jpg","keywords":["biro za zapo\u0161ljavanje","nezaposlene osobe"],"articleSection":["Istaknuto","Novosti","Preporu\u010dujemo"],"inLanguage":"bs-BA"},{"@type":"WebPage","@id":"https:\/\/tuzlainfo.ba\/index.php\/novosti\/item\/272465-kakav-je-status-osoba-na-birou-koje-nikada-nisu-radile\/","url":"https:\/\/tuzlainfo.ba\/index.php\/novosti\/item\/272465-kakav-je-status-osoba-na-birou-koje-nikada-nisu-radile\/","name":"Kakav je status osoba na birou koje nikada nisu radile? - TuzlaInfo.ba","isPartOf":{"@id":"https:\/\/tuzlainfo.ba\/#website"},"primaryImageOfPage":{"@id":"https:\/\/tuzlainfo.ba\/index.php\/novosti\/item\/272465-kakav-je-status-osoba-na-birou-koje-nikada-nisu-radile\/#primaryimage"},"image":{"@id":"https:\/\/tuzlainfo.ba\/index.php\/novosti\/item\/272465-kakav-je-status-osoba-na-birou-koje-nikada-nisu-radile\/#primaryimage"},"thumbnailUrl":"https:\/\/tuzlainfo.ba\/wp-content\/uploads\/2019\/12\/sadrzaj_2019_20190101_01012019_szztk_biro.jpg","datePublished":"2025-06-28T15:02:28+00:00","dateModified":"2025-06-29T20:29:49+00:00","breadcrumb":{"@id":"https:\/\/tuzlainfo.ba\/index.php\/novosti\/item\/272465-kakav-je-status-osoba-na-birou-koje-nikada-nisu-radile\/#breadcrumb"},"inLanguage":"bs-BA","potentialAction":[{"@type":"ReadAction","target":["https:\/\/tuzlainfo.ba\/index.php\/novosti\/item\/272465-kakav-je-status-osoba-na-birou-koje-nikada-nisu-radile\/"]}]},{"@type":"ImageObject","inLanguage":"bs-BA","@id":"https:\/\/tuzlainfo.ba\/index.php\/novosti\/item\/272465-kakav-je-status-osoba-na-birou-koje-nikada-nisu-radile\/#primaryimage","url":"https:\/\/tuzlainfo.ba\/wp-content\/uploads\/2019\/12\/sadrzaj_2019_20190101_01012019_szztk_biro.jpg","contentUrl":"https:\/\/tuzlainfo.ba\/wp-content\/uploads\/2019\/12\/sadrzaj_2019_20190101_01012019_szztk_biro.jpg","width":770,"height":422,"caption":"01012019 szztk biro"},{"@type":"BreadcrumbList","@id":"https:\/\/tuzlainfo.ba\/index.php\/novosti\/item\/272465-kakav-je-status-osoba-na-birou-koje-nikada-nisu-radile\/#breadcrumb","itemListElement":[{"@type":"ListItem","position":1,"name":"Home","item":"https:\/\/tuzlainfo.ba\/"},{"@type":"ListItem","position":2,"name":"Kakav je status osoba na birou koje nikada nisu radile?"}]},{"@type":"WebSite","@id":"https:\/\/tuzlainfo.ba\/#website","url":"https:\/\/tuzlainfo.ba\/","name":"TuzlaInfo.ba","description":"Tuzla info, gradski informator - Tuzla na dlanu","publisher":{"@id":"https:\/\/tuzlainfo.ba\/#organization"},"potentialAction":[{"@type":"SearchAction","target":{"@type":"EntryPoint","urlTemplate":"https:\/\/tuzlainfo.ba\/?s={search_term_string}"},"query-input":{"@type":"PropertyValueSpecification","valueRequired":true,"valueName":"search_term_string"}}],"inLanguage":"bs-BA"},{"@type":"Organization","@id":"https:\/\/tuzlainfo.ba\/#organization","name":"TuzlaInfo.ba","url":"https:\/\/tuzlainfo.ba\/","logo":{"@type":"ImageObject","inLanguage":"bs-BA","@id":"https:\/\/tuzlainfo.ba\/#\/schema\/logo\/image\/","url":"https:\/\/tuzlainfo.ba\/wp-content\/uploads\/2021\/03\/logo-ver-3-1.png","contentUrl":"https:\/\/tuzlainfo.ba\/wp-content\/uploads\/2021\/03\/logo-ver-3-1.png","width":350,"height":95,"caption":"TuzlaInfo.ba"},"image":{"@id":"https:\/\/tuzlainfo.ba\/#\/schema\/logo\/image\/"},"sameAs":["https:\/\/www.facebook.com\/tuzlainfo.ba\/"]},{"@type":"Person","@id":"https:\/\/tuzlainfo.ba\/#\/schema\/person\/593e78a2f6378c5ba3e7600ecfa4e63a","name":"Admin Tri","image":{"@type":"ImageObject","inLanguage":"bs-BA","@id":"https:\/\/tuzlainfo.ba\/#\/schema\/person\/image\/","url":"https:\/\/tuzlainfo.ba\/wp-content\/litespeed\/avatar\/b7920db4cc34a71ad12497283ad2fe3f.jpg?ver=1777100914","contentUrl":"https:\/\/tuzlainfo.ba\/wp-content\/litespeed\/avatar\/b7920db4cc34a71ad12497283ad2fe3f.jpg?ver=1777100914","caption":"Admin Tri"},"sameAs":["https:\/\/tuzlainfo.ba"]}]}},"_links":{"self":[{"href":"https:\/\/tuzlainfo.ba\/index.php\/wp-json\/wp\/v2\/posts\/272465"}],"collection":[{"href":"https:\/\/tuzlainfo.ba\/index.php\/wp-json\/wp\/v2\/posts"}],"about":[{"href":"https:\/\/tuzlainfo.ba\/index.php\/wp-json\/wp\/v2\/types\/post"}],"author":[{"embeddable":true,"href":"https:\/\/tuzlainfo.ba\/index.php\/wp-json\/wp\/v2\/users\/8"}],"replies":[{"embeddable":true,"href":"https:\/\/tuzlainfo.ba\/index.php\/wp-json\/wp\/v2\/comments?post=272465"}],"version-history":[{"count":1,"href":"https:\/\/tuzlainfo.ba\/index.php\/wp-json\/wp\/v2\/posts\/272465\/revisions"}],"predecessor-version":[{"id":272471,"href":"https:\/\/tuzlainfo.ba\/index.php\/wp-json\/wp\/v2\/posts\/272465\/revisions\/272471"}],"wp:featuredmedia":[{"embeddable":true,"href":"https:\/\/tuzlainfo.ba\/index.php\/wp-json\/wp\/v2\/media\/75544"}],"wp:attachment":[{"href":"https:\/\/tuzlainfo.ba\/index.php\/wp-json\/wp\/v2\/media?parent=272465"}],"wp:term":[{"taxonomy":"category","embeddable":true,"href":"https:\/\/tuzlainfo.ba\/index.php\/wp-json\/wp\/v2\/categories?post=272465"},{"taxonomy":"post_tag","embeddable":true,"href":"https:\/\/tuzlainfo.ba\/index.php\/wp-json\/wp\/v2\/tags?post=272465"}],"curies":[{"name":"wp","href":"https:\/\/api.w.org\/{rel}","templated":true}]}}