{"id":272441,"date":"2025-06-22T20:24:22","date_gmt":"2025-06-22T18:24:22","guid":{"rendered":"https:\/\/tuzlainfo.ba\/?p=272441"},"modified":"2025-06-22T20:24:22","modified_gmt":"2025-06-22T18:24:22","slug":"cijene-u-bih-i-dalje-rastu-sta-je-najvise-poskupilo-u-maju","status":"publish","type":"post","link":"https:\/\/tuzlainfo.ba\/index.php\/bosna-i-hercegovina\/item\/272441-cijene-u-bih-i-dalje-rastu-sta-je-najvise-poskupilo-u-maju\/","title":{"rendered":"Cijene u BiH i dalje rastu: \u0160ta je najvi\u0161e poskupilo u maju?"},"content":{"rendered":"<article class=\"text-token-text-primary w-full\" dir=\"auto\" data-testid=\"conversation-turn-26\" data-scroll-anchor=\"true\">\n<div class=\"text-base my-auto mx-auto py-5 [--thread-content-margin:--spacing(4)] @[37rem]:[--thread-content-margin:--spacing(6)] @[72rem]:[--thread-content-margin:--spacing(16)] px-(--thread-content-margin)\">\n<div class=\"[--thread-content-max-width:32rem] @[34rem]:[--thread-content-max-width:40rem] @[64rem]:[--thread-content-max-width:48rem] mx-auto flex max-w-(--thread-content-max-width) flex-1 text-base gap-4 md:gap-5 lg:gap-6 group\/turn-messages focus-visible:outline-hidden\" tabindex=\"-1\">\n<div class=\"group\/conversation-turn relative flex w-full min-w-0 flex-col agent-turn\">\n<div class=\"relative flex-col gap-1 md:gap-3\">\n<div class=\"flex max-w-full flex-col grow\">\n<div class=\"min-h-8 text-message relative flex w-full flex-col items-end gap-2 text-start break-words whitespace-normal [.text-message+&amp;]:mt-5\" dir=\"auto\" data-message-author-role=\"assistant\" data-message-id=\"aa3dfc85-b2a9-4d4e-ac4f-6160e9260944\" data-message-model-slug=\"gpt-4o\">\n<div class=\"flex w-full flex-col gap-1 empty:hidden first:pt-[3px]\">\n<div class=\"markdown prose dark:prose-invert w-full break-words light\">\n<p data-start=\"67\" data-end=\"281\">Prema podacima Federalnog zavoda za statistiku, potro\u0161a\u010dke cijene u Federaciji Bosne i Hercegovine u maju 2025. godine bile su za 3,2 posto vi\u0161e u odnosu na maj prethodne godine, \u0161to predstavlja godi\u0161nju inflaciju.<\/p>\n<p data-start=\"283\" data-end=\"355\">U odnosu na april ove godine, cijene su u prosjeku porasle za 0,1 posto.<\/p>\n<p data-start=\"357\" data-end=\"655\">Najve\u0107i mjese\u010dni rast cijena zabilje\u017een je u odjeljcima:<br data-start=\"413\" data-end=\"416\" \/>\u2013 Namje\u0161taj, ku\u0107anski ure\u0111aji i redovno odr\u017eavanje ku\u0107e (2,2%)<br data-start=\"478\" data-end=\"481\" \/>\u2013 Rekreacija i kultura, te Restorani i hoteli (po 1,5%)<br data-start=\"536\" data-end=\"539\" \/>\u2013 Zdravstvo i Ostala dobra i usluge (po 0,7%)<br data-start=\"584\" data-end=\"587\" data-is-only-node=\"\" \/>\u2013 Hrana i bezalkoholna pi\u0107a (0,5%)<br data-start=\"621\" data-end=\"624\" \/>\u2013 Alkoholna pi\u0107a i duhan (0,1%)<\/p>\n<p data-start=\"657\" data-end=\"806\">S druge strane, pad cijena zabilje\u017een je u odjeljcima:<br data-start=\"711\" data-end=\"714\" \/>\u2013 Stanovanje, voda, elektri\u010dna energija, plin i drugi energenti (\u20131,8%)<br data-start=\"785\" data-end=\"788\" \/>\u2013 Prijevoz (\u20131,5%)<\/p>\n<p data-start=\"808\" data-end=\"967\" data-is-last-node=\"\" data-is-only-node=\"\">U ostalim odjeljcima prosje\u010dne cijene nisu se mijenjale. Ovi podaci daju uvid u umjerenu inflaciju s izra\u017eenim razlikama me\u0111u pojedinim kategorijama potro\u0161nje.<\/p>\n<\/div>\n<\/div>\n<\/div>\n<\/div>\n<\/div>\n<\/div>\n<\/div>\n<\/div>\n<\/article>\n","protected":false},"excerpt":{"rendered":"<p>Prema podacima Federalnog zavoda za statistiku, potro\u0161a\u010dke cijene u Federaciji Bosne i Hercegovine u maju&hellip;<\/p>\n","protected":false},"author":2,"featured_media":262302,"comment_status":"closed","ping_status":"closed","sticky":false,"template":"","format":"standard","meta":{"_acf_changed":false,"footnotes":""},"categories":[291,304],"tags":[1369,874],"acf":[],"yoast_head":"<!-- This site is optimized with the Yoast SEO plugin v23.5 - https:\/\/yoast.com\/wordpress\/plugins\/seo\/ -->\n<title>Cijene u BiH i dalje rastu: \u0160ta je najvi\u0161e poskupilo u maju? - TuzlaInfo.ba<\/title>\n<meta name=\"robots\" content=\"index, follow, max-snippet:-1, max-image-preview:large, max-video-preview:-1\" \/>\n<link rel=\"canonical\" href=\"https:\/\/tuzlainfo.ba\/index.php\/bosna-i-hercegovina\/item\/272441-cijene-u-bih-i-dalje-rastu-sta-je-najvise-poskupilo-u-maju\/\" \/>\n<meta property=\"og:locale\" content=\"bs_BA\" \/>\n<meta property=\"og:type\" content=\"article\" \/>\n<meta property=\"og:title\" content=\"Cijene u BiH i dalje rastu: \u0160ta je najvi\u0161e poskupilo u maju? - TuzlaInfo.ba\" \/>\n<meta property=\"og:description\" content=\"Prema podacima Federalnog zavoda za statistiku, potro\u0161a\u010dke cijene u Federaciji Bosne i Hercegovine u maju&hellip;\" \/>\n<meta property=\"og:url\" content=\"https:\/\/tuzlainfo.ba\/index.php\/bosna-i-hercegovina\/item\/272441-cijene-u-bih-i-dalje-rastu-sta-je-najvise-poskupilo-u-maju\/\" \/>\n<meta property=\"og:site_name\" content=\"TuzlaInfo.ba\" \/>\n<meta property=\"article:publisher\" content=\"https:\/\/www.facebook.com\/tuzlainfo.ba\/\" \/>\n<meta property=\"article:published_time\" content=\"2025-06-22T18:24:22+00:00\" \/>\n<meta property=\"og:image\" content=\"https:\/\/tuzlainfo.ba\/wp-content\/uploads\/2025\/02\/market_bojkot_potrosacka_korpa-2.jpg\" \/>\n\t<meta property=\"og:image:width\" content=\"1200\" \/>\n\t<meta property=\"og:image:height\" content=\"719\" \/>\n\t<meta property=\"og:image:type\" content=\"image\/jpeg\" \/>\n<meta name=\"author\" content=\"nedim\" \/>\n<meta name=\"twitter:card\" content=\"summary_large_image\" \/>\n<meta name=\"twitter:label1\" content=\"Written by\" \/>\n\t<meta name=\"twitter:data1\" content=\"nedim\" \/>\n\t<meta name=\"twitter:label2\" content=\"Est. reading time\" \/>\n\t<meta name=\"twitter:data2\" content=\"1 minuta\" \/>\n<script type=\"application\/ld+json\" class=\"yoast-schema-graph\">{\"@context\":\"https:\/\/schema.org\",\"@graph\":[{\"@type\":\"Article\",\"@id\":\"https:\/\/tuzlainfo.ba\/index.php\/bosna-i-hercegovina\/item\/272441-cijene-u-bih-i-dalje-rastu-sta-je-najvise-poskupilo-u-maju\/#article\",\"isPartOf\":{\"@id\":\"https:\/\/tuzlainfo.ba\/index.php\/bosna-i-hercegovina\/item\/272441-cijene-u-bih-i-dalje-rastu-sta-je-najvise-poskupilo-u-maju\/\"},\"author\":{\"name\":\"nedim\",\"@id\":\"https:\/\/tuzlainfo.ba\/#\/schema\/person\/f434e20dc27ea133923aab08451b7f7f\"},\"headline\":\"Cijene u BiH i dalje rastu: \u0160ta je najvi\u0161e poskupilo u maju?\",\"datePublished\":\"2025-06-22T18:24:22+00:00\",\"dateModified\":\"2025-06-22T18:24:22+00:00\",\"mainEntityOfPage\":{\"@id\":\"https:\/\/tuzlainfo.ba\/index.php\/bosna-i-hercegovina\/item\/272441-cijene-u-bih-i-dalje-rastu-sta-je-najvise-poskupilo-u-maju\/\"},\"wordCount\":155,\"publisher\":{\"@id\":\"https:\/\/tuzlainfo.ba\/#organization\"},\"image\":{\"@id\":\"https:\/\/tuzlainfo.ba\/index.php\/bosna-i-hercegovina\/item\/272441-cijene-u-bih-i-dalje-rastu-sta-je-najvise-poskupilo-u-maju\/#primaryimage\"},\"thumbnailUrl\":\"https:\/\/tuzlainfo.ba\/wp-content\/uploads\/2025\/02\/market_bojkot_potrosacka_korpa-2.jpg\",\"keywords\":[\"cijene\",\"inflacija\"],\"articleSection\":[\"Bosna i Hercegovina\",\"Istaknuto\"],\"inLanguage\":\"bs-BA\"},{\"@type\":\"WebPage\",\"@id\":\"https:\/\/tuzlainfo.ba\/index.php\/bosna-i-hercegovina\/item\/272441-cijene-u-bih-i-dalje-rastu-sta-je-najvise-poskupilo-u-maju\/\",\"url\":\"https:\/\/tuzlainfo.ba\/index.php\/bosna-i-hercegovina\/item\/272441-cijene-u-bih-i-dalje-rastu-sta-je-najvise-poskupilo-u-maju\/\",\"name\":\"Cijene u BiH i dalje rastu: \u0160ta je najvi\u0161e poskupilo u maju? - TuzlaInfo.ba\",\"isPartOf\":{\"@id\":\"https:\/\/tuzlainfo.ba\/#website\"},\"primaryImageOfPage\":{\"@id\":\"https:\/\/tuzlainfo.ba\/index.php\/bosna-i-hercegovina\/item\/272441-cijene-u-bih-i-dalje-rastu-sta-je-najvise-poskupilo-u-maju\/#primaryimage\"},\"image\":{\"@id\":\"https:\/\/tuzlainfo.ba\/index.php\/bosna-i-hercegovina\/item\/272441-cijene-u-bih-i-dalje-rastu-sta-je-najvise-poskupilo-u-maju\/#primaryimage\"},\"thumbnailUrl\":\"https:\/\/tuzlainfo.ba\/wp-content\/uploads\/2025\/02\/market_bojkot_potrosacka_korpa-2.jpg\",\"datePublished\":\"2025-06-22T18:24:22+00:00\",\"dateModified\":\"2025-06-22T18:24:22+00:00\",\"breadcrumb\":{\"@id\":\"https:\/\/tuzlainfo.ba\/index.php\/bosna-i-hercegovina\/item\/272441-cijene-u-bih-i-dalje-rastu-sta-je-najvise-poskupilo-u-maju\/#breadcrumb\"},\"inLanguage\":\"bs-BA\",\"potentialAction\":[{\"@type\":\"ReadAction\",\"target\":[\"https:\/\/tuzlainfo.ba\/index.php\/bosna-i-hercegovina\/item\/272441-cijene-u-bih-i-dalje-rastu-sta-je-najvise-poskupilo-u-maju\/\"]}]},{\"@type\":\"ImageObject\",\"inLanguage\":\"bs-BA\",\"@id\":\"https:\/\/tuzlainfo.ba\/index.php\/bosna-i-hercegovina\/item\/272441-cijene-u-bih-i-dalje-rastu-sta-je-najvise-poskupilo-u-maju\/#primaryimage\",\"url\":\"https:\/\/tuzlainfo.ba\/wp-content\/uploads\/2025\/02\/market_bojkot_potrosacka_korpa-2.jpg\",\"contentUrl\":\"https:\/\/tuzlainfo.ba\/wp-content\/uploads\/2025\/02\/market_bojkot_potrosacka_korpa-2.jpg\",\"width\":1200,\"height\":719},{\"@type\":\"BreadcrumbList\",\"@id\":\"https:\/\/tuzlainfo.ba\/index.php\/bosna-i-hercegovina\/item\/272441-cijene-u-bih-i-dalje-rastu-sta-je-najvise-poskupilo-u-maju\/#breadcrumb\",\"itemListElement\":[{\"@type\":\"ListItem\",\"position\":1,\"name\":\"Home\",\"item\":\"https:\/\/tuzlainfo.ba\/\"},{\"@type\":\"ListItem\",\"position\":2,\"name\":\"Cijene u BiH i dalje rastu: \u0160ta je najvi\u0161e poskupilo u maju?\"}]},{\"@type\":\"WebSite\",\"@id\":\"https:\/\/tuzlainfo.ba\/#website\",\"url\":\"https:\/\/tuzlainfo.ba\/\",\"name\":\"TuzlaInfo.ba\",\"description\":\"Tuzla info, gradski informator - Tuzla na dlanu\",\"publisher\":{\"@id\":\"https:\/\/tuzlainfo.ba\/#organization\"},\"potentialAction\":[{\"@type\":\"SearchAction\",\"target\":{\"@type\":\"EntryPoint\",\"urlTemplate\":\"https:\/\/tuzlainfo.ba\/?s={search_term_string}\"},\"query-input\":{\"@type\":\"PropertyValueSpecification\",\"valueRequired\":true,\"valueName\":\"search_term_string\"}}],\"inLanguage\":\"bs-BA\"},{\"@type\":\"Organization\",\"@id\":\"https:\/\/tuzlainfo.ba\/#organization\",\"name\":\"TuzlaInfo.ba\",\"url\":\"https:\/\/tuzlainfo.ba\/\",\"logo\":{\"@type\":\"ImageObject\",\"inLanguage\":\"bs-BA\",\"@id\":\"https:\/\/tuzlainfo.ba\/#\/schema\/logo\/image\/\",\"url\":\"https:\/\/tuzlainfo.ba\/wp-content\/uploads\/2021\/03\/logo-ver-3-1.png\",\"contentUrl\":\"https:\/\/tuzlainfo.ba\/wp-content\/uploads\/2021\/03\/logo-ver-3-1.png\",\"width\":350,\"height\":95,\"caption\":\"TuzlaInfo.ba\"},\"image\":{\"@id\":\"https:\/\/tuzlainfo.ba\/#\/schema\/logo\/image\/\"},\"sameAs\":[\"https:\/\/www.facebook.com\/tuzlainfo.ba\/\"]},{\"@type\":\"Person\",\"@id\":\"https:\/\/tuzlainfo.ba\/#\/schema\/person\/f434e20dc27ea133923aab08451b7f7f\",\"name\":\"nedim\",\"image\":{\"@type\":\"ImageObject\",\"inLanguage\":\"bs-BA\",\"@id\":\"https:\/\/tuzlainfo.ba\/#\/schema\/person\/image\/\",\"url\":\"https:\/\/tuzlainfo.ba\/wp-content\/litespeed\/avatar\/aabad687af24844af817603ac1cbdc4f.jpg?ver=1776702173\",\"contentUrl\":\"https:\/\/tuzlainfo.ba\/wp-content\/litespeed\/avatar\/aabad687af24844af817603ac1cbdc4f.jpg?ver=1776702173\",\"caption\":\"nedim\"},\"description\":\"Tuzlainfo.ba pratite na dru\u0161tvenim mre\u017eama: Facebook, Instagram i Youtube. Svoje pri\u010de, upite i fotografije \u0161aljite na na\u0161u e-mail adresu.\"}]}<\/script>\n<!-- \/ Yoast SEO plugin. -->","yoast_head_json":{"title":"Cijene u BiH i dalje rastu: \u0160ta je najvi\u0161e poskupilo u maju? - TuzlaInfo.ba","robots":{"index":"index","follow":"follow","max-snippet":"max-snippet:-1","max-image-preview":"max-image-preview:large","max-video-preview":"max-video-preview:-1"},"canonical":"https:\/\/tuzlainfo.ba\/index.php\/bosna-i-hercegovina\/item\/272441-cijene-u-bih-i-dalje-rastu-sta-je-najvise-poskupilo-u-maju\/","og_locale":"bs_BA","og_type":"article","og_title":"Cijene u BiH i dalje rastu: \u0160ta je najvi\u0161e poskupilo u maju? - TuzlaInfo.ba","og_description":"Prema podacima Federalnog zavoda za statistiku, potro\u0161a\u010dke cijene u Federaciji Bosne i Hercegovine u maju&hellip;","og_url":"https:\/\/tuzlainfo.ba\/index.php\/bosna-i-hercegovina\/item\/272441-cijene-u-bih-i-dalje-rastu-sta-je-najvise-poskupilo-u-maju\/","og_site_name":"TuzlaInfo.ba","article_publisher":"https:\/\/www.facebook.com\/tuzlainfo.ba\/","article_published_time":"2025-06-22T18:24:22+00:00","og_image":[{"width":1200,"height":719,"url":"https:\/\/tuzlainfo.ba\/wp-content\/uploads\/2025\/02\/market_bojkot_potrosacka_korpa-2.jpg","type":"image\/jpeg"}],"author":"nedim","twitter_card":"summary_large_image","twitter_misc":{"Written by":"nedim","Est. reading time":"1 minuta"},"schema":{"@context":"https:\/\/schema.org","@graph":[{"@type":"Article","@id":"https:\/\/tuzlainfo.ba\/index.php\/bosna-i-hercegovina\/item\/272441-cijene-u-bih-i-dalje-rastu-sta-je-najvise-poskupilo-u-maju\/#article","isPartOf":{"@id":"https:\/\/tuzlainfo.ba\/index.php\/bosna-i-hercegovina\/item\/272441-cijene-u-bih-i-dalje-rastu-sta-je-najvise-poskupilo-u-maju\/"},"author":{"name":"nedim","@id":"https:\/\/tuzlainfo.ba\/#\/schema\/person\/f434e20dc27ea133923aab08451b7f7f"},"headline":"Cijene u BiH i dalje rastu: \u0160ta je najvi\u0161e poskupilo u maju?","datePublished":"2025-06-22T18:24:22+00:00","dateModified":"2025-06-22T18:24:22+00:00","mainEntityOfPage":{"@id":"https:\/\/tuzlainfo.ba\/index.php\/bosna-i-hercegovina\/item\/272441-cijene-u-bih-i-dalje-rastu-sta-je-najvise-poskupilo-u-maju\/"},"wordCount":155,"publisher":{"@id":"https:\/\/tuzlainfo.ba\/#organization"},"image":{"@id":"https:\/\/tuzlainfo.ba\/index.php\/bosna-i-hercegovina\/item\/272441-cijene-u-bih-i-dalje-rastu-sta-je-najvise-poskupilo-u-maju\/#primaryimage"},"thumbnailUrl":"https:\/\/tuzlainfo.ba\/wp-content\/uploads\/2025\/02\/market_bojkot_potrosacka_korpa-2.jpg","keywords":["cijene","inflacija"],"articleSection":["Bosna i Hercegovina","Istaknuto"],"inLanguage":"bs-BA"},{"@type":"WebPage","@id":"https:\/\/tuzlainfo.ba\/index.php\/bosna-i-hercegovina\/item\/272441-cijene-u-bih-i-dalje-rastu-sta-je-najvise-poskupilo-u-maju\/","url":"https:\/\/tuzlainfo.ba\/index.php\/bosna-i-hercegovina\/item\/272441-cijene-u-bih-i-dalje-rastu-sta-je-najvise-poskupilo-u-maju\/","name":"Cijene u BiH i dalje rastu: \u0160ta je najvi\u0161e poskupilo u maju? - TuzlaInfo.ba","isPartOf":{"@id":"https:\/\/tuzlainfo.ba\/#website"},"primaryImageOfPage":{"@id":"https:\/\/tuzlainfo.ba\/index.php\/bosna-i-hercegovina\/item\/272441-cijene-u-bih-i-dalje-rastu-sta-je-najvise-poskupilo-u-maju\/#primaryimage"},"image":{"@id":"https:\/\/tuzlainfo.ba\/index.php\/bosna-i-hercegovina\/item\/272441-cijene-u-bih-i-dalje-rastu-sta-je-najvise-poskupilo-u-maju\/#primaryimage"},"thumbnailUrl":"https:\/\/tuzlainfo.ba\/wp-content\/uploads\/2025\/02\/market_bojkot_potrosacka_korpa-2.jpg","datePublished":"2025-06-22T18:24:22+00:00","dateModified":"2025-06-22T18:24:22+00:00","breadcrumb":{"@id":"https:\/\/tuzlainfo.ba\/index.php\/bosna-i-hercegovina\/item\/272441-cijene-u-bih-i-dalje-rastu-sta-je-najvise-poskupilo-u-maju\/#breadcrumb"},"inLanguage":"bs-BA","potentialAction":[{"@type":"ReadAction","target":["https:\/\/tuzlainfo.ba\/index.php\/bosna-i-hercegovina\/item\/272441-cijene-u-bih-i-dalje-rastu-sta-je-najvise-poskupilo-u-maju\/"]}]},{"@type":"ImageObject","inLanguage":"bs-BA","@id":"https:\/\/tuzlainfo.ba\/index.php\/bosna-i-hercegovina\/item\/272441-cijene-u-bih-i-dalje-rastu-sta-je-najvise-poskupilo-u-maju\/#primaryimage","url":"https:\/\/tuzlainfo.ba\/wp-content\/uploads\/2025\/02\/market_bojkot_potrosacka_korpa-2.jpg","contentUrl":"https:\/\/tuzlainfo.ba\/wp-content\/uploads\/2025\/02\/market_bojkot_potrosacka_korpa-2.jpg","width":1200,"height":719},{"@type":"BreadcrumbList","@id":"https:\/\/tuzlainfo.ba\/index.php\/bosna-i-hercegovina\/item\/272441-cijene-u-bih-i-dalje-rastu-sta-je-najvise-poskupilo-u-maju\/#breadcrumb","itemListElement":[{"@type":"ListItem","position":1,"name":"Home","item":"https:\/\/tuzlainfo.ba\/"},{"@type":"ListItem","position":2,"name":"Cijene u BiH i dalje rastu: \u0160ta je najvi\u0161e poskupilo u maju?"}]},{"@type":"WebSite","@id":"https:\/\/tuzlainfo.ba\/#website","url":"https:\/\/tuzlainfo.ba\/","name":"TuzlaInfo.ba","description":"Tuzla info, gradski informator - Tuzla na dlanu","publisher":{"@id":"https:\/\/tuzlainfo.ba\/#organization"},"potentialAction":[{"@type":"SearchAction","target":{"@type":"EntryPoint","urlTemplate":"https:\/\/tuzlainfo.ba\/?s={search_term_string}"},"query-input":{"@type":"PropertyValueSpecification","valueRequired":true,"valueName":"search_term_string"}}],"inLanguage":"bs-BA"},{"@type":"Organization","@id":"https:\/\/tuzlainfo.ba\/#organization","name":"TuzlaInfo.ba","url":"https:\/\/tuzlainfo.ba\/","logo":{"@type":"ImageObject","inLanguage":"bs-BA","@id":"https:\/\/tuzlainfo.ba\/#\/schema\/logo\/image\/","url":"https:\/\/tuzlainfo.ba\/wp-content\/uploads\/2021\/03\/logo-ver-3-1.png","contentUrl":"https:\/\/tuzlainfo.ba\/wp-content\/uploads\/2021\/03\/logo-ver-3-1.png","width":350,"height":95,"caption":"TuzlaInfo.ba"},"image":{"@id":"https:\/\/tuzlainfo.ba\/#\/schema\/logo\/image\/"},"sameAs":["https:\/\/www.facebook.com\/tuzlainfo.ba\/"]},{"@type":"Person","@id":"https:\/\/tuzlainfo.ba\/#\/schema\/person\/f434e20dc27ea133923aab08451b7f7f","name":"nedim","image":{"@type":"ImageObject","inLanguage":"bs-BA","@id":"https:\/\/tuzlainfo.ba\/#\/schema\/person\/image\/","url":"https:\/\/tuzlainfo.ba\/wp-content\/litespeed\/avatar\/aabad687af24844af817603ac1cbdc4f.jpg?ver=1776702173","contentUrl":"https:\/\/tuzlainfo.ba\/wp-content\/litespeed\/avatar\/aabad687af24844af817603ac1cbdc4f.jpg?ver=1776702173","caption":"nedim"},"description":"Tuzlainfo.ba pratite na dru\u0161tvenim mre\u017eama: Facebook, Instagram i Youtube. Svoje pri\u010de, upite i fotografije \u0161aljite na na\u0161u e-mail adresu."}]}},"_links":{"self":[{"href":"https:\/\/tuzlainfo.ba\/index.php\/wp-json\/wp\/v2\/posts\/272441"}],"collection":[{"href":"https:\/\/tuzlainfo.ba\/index.php\/wp-json\/wp\/v2\/posts"}],"about":[{"href":"https:\/\/tuzlainfo.ba\/index.php\/wp-json\/wp\/v2\/types\/post"}],"author":[{"embeddable":true,"href":"https:\/\/tuzlainfo.ba\/index.php\/wp-json\/wp\/v2\/users\/2"}],"replies":[{"embeddable":true,"href":"https:\/\/tuzlainfo.ba\/index.php\/wp-json\/wp\/v2\/comments?post=272441"}],"version-history":[{"count":1,"href":"https:\/\/tuzlainfo.ba\/index.php\/wp-json\/wp\/v2\/posts\/272441\/revisions"}],"predecessor-version":[{"id":272442,"href":"https:\/\/tuzlainfo.ba\/index.php\/wp-json\/wp\/v2\/posts\/272441\/revisions\/272442"}],"wp:featuredmedia":[{"embeddable":true,"href":"https:\/\/tuzlainfo.ba\/index.php\/wp-json\/wp\/v2\/media\/262302"}],"wp:attachment":[{"href":"https:\/\/tuzlainfo.ba\/index.php\/wp-json\/wp\/v2\/media?parent=272441"}],"wp:term":[{"taxonomy":"category","embeddable":true,"href":"https:\/\/tuzlainfo.ba\/index.php\/wp-json\/wp\/v2\/categories?post=272441"},{"taxonomy":"post_tag","embeddable":true,"href":"https:\/\/tuzlainfo.ba\/index.php\/wp-json\/wp\/v2\/tags?post=272441"}],"curies":[{"name":"wp","href":"https:\/\/api.w.org\/{rel}","templated":true}]}}