{"id":272412,"date":"2025-06-21T22:18:43","date_gmt":"2025-06-21T20:18:43","guid":{"rendered":"https:\/\/tuzlainfo.ba\/?p=272412"},"modified":"2025-06-21T22:18:43","modified_gmt":"2025-06-21T20:18:43","slug":"krece-sezonski-voz-sarajevo-ploce-ovo-su-novi-termini-i-cijene-ulaznica","status":"publish","type":"post","link":"https:\/\/tuzlainfo.ba\/index.php\/bosna-i-hercegovina\/item\/272412-krece-sezonski-voz-sarajevo-ploce-ovo-su-novi-termini-i-cijene-ulaznica\/","title":{"rendered":"Kre\u0107e sezonski voz Sarajevo &#8211; Plo\u010de, ovo su novi termini i cijene ulaznica"},"content":{"rendered":"<p data-start=\"115\" data-end=\"352\">\u017deljeznice Federacije BiH najavile su po\u010detak saobra\u0107anja me\u0111unarodnog sezonskog putni\u010dkog voza na relaciji Sarajevo\u2013Plo\u010de\u2013Sarajevo, koji \u0107e biti dostupan putnicima od 27. juna do 31. avgusta ove godine, i to petkom, subotom i nedjeljom.<\/p>\n<p data-start=\"354\" data-end=\"495\">Polazak iz Sarajeva je u 7:15 sati, a dolazak u Plo\u010de u 10:36 sati. Povratak iz Plo\u010da planiran je u 18:26, a dolazak u Sarajevo u 21:54 sati.<\/p>\n<h3 data-start=\"497\" data-end=\"546\"><strong data-start=\"497\" data-end=\"546\">Promjena termina popodnevnog voza iz \u010capljine<\/strong><\/h3>\n<p data-start=\"548\" data-end=\"881\">Zbog uvo\u0111enja sezonskog voza, dolazi do promjene termina popodnevnog brzog voza iz \u010capljine za Sarajevo. Od 27. juna do 31. avgusta, petkom, subotom i nedjeljom, voz \u0107e saobra\u0107ati prema sljede\u0107em rasporedu: \u010capljina 19:29, \u017ditomisli\u0107i 19:41, Mostar 19:56, Dre\u017enica Stara 20:15, Jablanica Grad 20:29, Konjic 20:45, Had\u017ei\u0107i 21:37 sati.<\/p>\n<p data-start=\"883\" data-end=\"1022\">Ostalim danima (ponedjeljak \u2013 \u010detvrtak) voz broj 722 iz \u010capljine za Sarajevo saobra\u0107at \u0107e po redovnom redu vo\u017enje, s polaskom u 16:42 sati.<\/p>\n<h3 data-start=\"1024\" data-end=\"1052\"><strong data-start=\"1024\" data-end=\"1052\">Kupovina karata i cijene<\/strong><\/h3>\n<p data-start=\"1054\" data-end=\"1409\">Karte za Plo\u010de putnici mogu kupiti na prodajnim mjestima u Sarajevu, Had\u017ei\u0107ima, Konjicu, Mostaru i \u010capljini. Online prodaja nije dostupna, a karte se moraju kupiti najkasnije dan prije putovanja do 12 sati. Prilikom kupovine, potrebno je ostaviti sljede\u0107e podatke: ime i prezime, godinu ro\u0111enja i broj paso\u0161a, radi efikasnije carinske kontrole na granici.<\/p>\n<p data-start=\"1411\" data-end=\"1557\">Putnici koji putovanje zapo\u010dinju iz Plo\u010da karte kupuju na dan putovanja direktno u vozu, kod konduktera, i to u konvertibilnim markama ili eurima.<\/p>\n<p data-start=\"1559\" data-end=\"1638\">Cijena karte u jednom smjeru je 25 KM, a povratna 41,40 KM i va\u017ei mjesec dana.<\/p>\n<p data-start=\"1640\" data-end=\"1809\">Putnici koji ostvaruju pravo na 30% popusta (studenti, novinari, penzioneri i grupe s vi\u0161e od \u0161est odraslih) pla\u0107aju kartu u jednom pravcu 18,60 KM, a povratnu 37,20 KM.<\/p>\n<p data-start=\"1811\" data-end=\"1980\" data-is-last-node=\"\" data-is-only-node=\"\">Korisnici povlastica od 50% (djeca od 4 do 12 godina, slijepe osobe sa pratnjom i grupe ve\u0107e od 30 odraslih) kartu u jednom pravcu pla\u0107aju 14,30 KM, a povratnu 28,60 KM.<\/p>\n","protected":false},"excerpt":{"rendered":"<p>\u017deljeznice Federacije BiH najavile su po\u010detak saobra\u0107anja me\u0111unarodnog sezonskog putni\u010dkog voza na relaciji Sarajevo\u2013Plo\u010de\u2013Sarajevo, koji&hellip;<\/p>\n","protected":false},"author":2,"featured_media":175376,"comment_status":"closed","ping_status":"closed","sticky":false,"template":"","format":"standard","meta":{"_acf_changed":false,"footnotes":""},"categories":[291],"tags":[4435,43,2041,2752],"acf":[],"yoast_head":"<!-- This site is optimized with the Yoast SEO plugin v23.5 - https:\/\/yoast.com\/wordpress\/plugins\/seo\/ -->\n<title>Kre\u0107e sezonski voz Sarajevo - Plo\u010de, ovo su novi termini i cijene ulaznica - TuzlaInfo.ba<\/title>\n<meta name=\"description\" content=\"Sezonski me\u0111unarodni voz Sarajevo\u2013Plo\u010de saobra\u0107a od 27. juna do 31. avgusta 2025. godine petkom, subotom i nedjeljom. Pogledajte raspored, cijene i informacije o kupovini karata.\" \/>\n<meta name=\"robots\" content=\"index, follow, max-snippet:-1, max-image-preview:large, max-video-preview:-1\" \/>\n<link rel=\"canonical\" href=\"https:\/\/tuzlainfo.ba\/index.php\/bosna-i-hercegovina\/item\/272412-krece-sezonski-voz-sarajevo-ploce-ovo-su-novi-termini-i-cijene-ulaznica\/\" \/>\n<meta property=\"og:locale\" content=\"bs_BA\" \/>\n<meta property=\"og:type\" content=\"article\" \/>\n<meta property=\"og:title\" content=\"Kre\u0107e sezonski voz Sarajevo - Plo\u010de, ovo su novi termini i cijene ulaznica - TuzlaInfo.ba\" \/>\n<meta property=\"og:description\" content=\"Sezonski me\u0111unarodni voz Sarajevo\u2013Plo\u010de saobra\u0107a od 27. juna do 31. avgusta 2025. godine petkom, subotom i nedjeljom. Pogledajte raspored, cijene i informacije o kupovini karata.\" \/>\n<meta property=\"og:url\" content=\"https:\/\/tuzlainfo.ba\/index.php\/bosna-i-hercegovina\/item\/272412-krece-sezonski-voz-sarajevo-ploce-ovo-su-novi-termini-i-cijene-ulaznica\/\" \/>\n<meta property=\"og:site_name\" content=\"TuzlaInfo.ba\" \/>\n<meta property=\"article:publisher\" content=\"https:\/\/www.facebook.com\/tuzlainfo.ba\/\" \/>\n<meta property=\"article:published_time\" content=\"2025-06-21T20:18:43+00:00\" \/>\n<meta property=\"og:image\" content=\"https:\/\/tuzlainfo.ba\/wp-content\/uploads\/2022\/06\/1506-talgo.jpg\" \/>\n\t<meta property=\"og:image:width\" content=\"1024\" \/>\n\t<meta property=\"og:image:height\" content=\"500\" \/>\n\t<meta property=\"og:image:type\" content=\"image\/jpeg\" \/>\n<meta name=\"author\" content=\"nedim\" \/>\n<meta name=\"twitter:card\" content=\"summary_large_image\" \/>\n<meta name=\"twitter:label1\" content=\"Written by\" \/>\n\t<meta name=\"twitter:data1\" content=\"nedim\" \/>\n\t<meta name=\"twitter:label2\" content=\"Est. reading time\" \/>\n\t<meta name=\"twitter:data2\" content=\"2 minute\" \/>\n<script type=\"application\/ld+json\" class=\"yoast-schema-graph\">{\"@context\":\"https:\/\/schema.org\",\"@graph\":[{\"@type\":\"Article\",\"@id\":\"https:\/\/tuzlainfo.ba\/index.php\/bosna-i-hercegovina\/item\/272412-krece-sezonski-voz-sarajevo-ploce-ovo-su-novi-termini-i-cijene-ulaznica\/#article\",\"isPartOf\":{\"@id\":\"https:\/\/tuzlainfo.ba\/index.php\/bosna-i-hercegovina\/item\/272412-krece-sezonski-voz-sarajevo-ploce-ovo-su-novi-termini-i-cijene-ulaznica\/\"},\"author\":{\"name\":\"nedim\",\"@id\":\"https:\/\/tuzlainfo.ba\/#\/schema\/person\/f434e20dc27ea133923aab08451b7f7f\"},\"headline\":\"Kre\u0107e sezonski voz Sarajevo &#8211; Plo\u010de, ovo su novi termini i cijene ulaznica\",\"datePublished\":\"2025-06-21T20:18:43+00:00\",\"dateModified\":\"2025-06-21T20:18:43+00:00\",\"mainEntityOfPage\":{\"@id\":\"https:\/\/tuzlainfo.ba\/index.php\/bosna-i-hercegovina\/item\/272412-krece-sezonski-voz-sarajevo-ploce-ovo-su-novi-termini-i-cijene-ulaznica\/\"},\"wordCount\":309,\"publisher\":{\"@id\":\"https:\/\/tuzlainfo.ba\/#organization\"},\"image\":{\"@id\":\"https:\/\/tuzlainfo.ba\/index.php\/bosna-i-hercegovina\/item\/272412-krece-sezonski-voz-sarajevo-ploce-ovo-su-novi-termini-i-cijene-ulaznica\/#primaryimage\"},\"thumbnailUrl\":\"https:\/\/tuzlainfo.ba\/wp-content\/uploads\/2022\/06\/1506-talgo.jpg\",\"keywords\":[\"plo\u010de\",\"sarajevo\",\"voz\",\"\u017eeljeznice FBiH\"],\"articleSection\":[\"Bosna i Hercegovina\"],\"inLanguage\":\"bs-BA\"},{\"@type\":\"WebPage\",\"@id\":\"https:\/\/tuzlainfo.ba\/index.php\/bosna-i-hercegovina\/item\/272412-krece-sezonski-voz-sarajevo-ploce-ovo-su-novi-termini-i-cijene-ulaznica\/\",\"url\":\"https:\/\/tuzlainfo.ba\/index.php\/bosna-i-hercegovina\/item\/272412-krece-sezonski-voz-sarajevo-ploce-ovo-su-novi-termini-i-cijene-ulaznica\/\",\"name\":\"Kre\u0107e sezonski voz Sarajevo - Plo\u010de, ovo su novi termini i cijene ulaznica - TuzlaInfo.ba\",\"isPartOf\":{\"@id\":\"https:\/\/tuzlainfo.ba\/#website\"},\"primaryImageOfPage\":{\"@id\":\"https:\/\/tuzlainfo.ba\/index.php\/bosna-i-hercegovina\/item\/272412-krece-sezonski-voz-sarajevo-ploce-ovo-su-novi-termini-i-cijene-ulaznica\/#primaryimage\"},\"image\":{\"@id\":\"https:\/\/tuzlainfo.ba\/index.php\/bosna-i-hercegovina\/item\/272412-krece-sezonski-voz-sarajevo-ploce-ovo-su-novi-termini-i-cijene-ulaznica\/#primaryimage\"},\"thumbnailUrl\":\"https:\/\/tuzlainfo.ba\/wp-content\/uploads\/2022\/06\/1506-talgo.jpg\",\"datePublished\":\"2025-06-21T20:18:43+00:00\",\"dateModified\":\"2025-06-21T20:18:43+00:00\",\"description\":\"Sezonski me\u0111unarodni voz Sarajevo\u2013Plo\u010de saobra\u0107a od 27. juna do 31. avgusta 2025. godine petkom, subotom i nedjeljom. Pogledajte raspored, cijene i informacije o kupovini karata.\",\"breadcrumb\":{\"@id\":\"https:\/\/tuzlainfo.ba\/index.php\/bosna-i-hercegovina\/item\/272412-krece-sezonski-voz-sarajevo-ploce-ovo-su-novi-termini-i-cijene-ulaznica\/#breadcrumb\"},\"inLanguage\":\"bs-BA\",\"potentialAction\":[{\"@type\":\"ReadAction\",\"target\":[\"https:\/\/tuzlainfo.ba\/index.php\/bosna-i-hercegovina\/item\/272412-krece-sezonski-voz-sarajevo-ploce-ovo-su-novi-termini-i-cijene-ulaznica\/\"]}]},{\"@type\":\"ImageObject\",\"inLanguage\":\"bs-BA\",\"@id\":\"https:\/\/tuzlainfo.ba\/index.php\/bosna-i-hercegovina\/item\/272412-krece-sezonski-voz-sarajevo-ploce-ovo-su-novi-termini-i-cijene-ulaznica\/#primaryimage\",\"url\":\"https:\/\/tuzlainfo.ba\/wp-content\/uploads\/2022\/06\/1506-talgo.jpg\",\"contentUrl\":\"https:\/\/tuzlainfo.ba\/wp-content\/uploads\/2022\/06\/1506-talgo.jpg\",\"width\":1024,\"height\":500},{\"@type\":\"BreadcrumbList\",\"@id\":\"https:\/\/tuzlainfo.ba\/index.php\/bosna-i-hercegovina\/item\/272412-krece-sezonski-voz-sarajevo-ploce-ovo-su-novi-termini-i-cijene-ulaznica\/#breadcrumb\",\"itemListElement\":[{\"@type\":\"ListItem\",\"position\":1,\"name\":\"Home\",\"item\":\"https:\/\/tuzlainfo.ba\/\"},{\"@type\":\"ListItem\",\"position\":2,\"name\":\"Kre\u0107e sezonski voz Sarajevo &#8211; Plo\u010de, ovo su novi termini i cijene ulaznica\"}]},{\"@type\":\"WebSite\",\"@id\":\"https:\/\/tuzlainfo.ba\/#website\",\"url\":\"https:\/\/tuzlainfo.ba\/\",\"name\":\"TuzlaInfo.ba\",\"description\":\"Tuzla info, gradski informator - Tuzla na dlanu\",\"publisher\":{\"@id\":\"https:\/\/tuzlainfo.ba\/#organization\"},\"potentialAction\":[{\"@type\":\"SearchAction\",\"target\":{\"@type\":\"EntryPoint\",\"urlTemplate\":\"https:\/\/tuzlainfo.ba\/?s={search_term_string}\"},\"query-input\":{\"@type\":\"PropertyValueSpecification\",\"valueRequired\":true,\"valueName\":\"search_term_string\"}}],\"inLanguage\":\"bs-BA\"},{\"@type\":\"Organization\",\"@id\":\"https:\/\/tuzlainfo.ba\/#organization\",\"name\":\"TuzlaInfo.ba\",\"url\":\"https:\/\/tuzlainfo.ba\/\",\"logo\":{\"@type\":\"ImageObject\",\"inLanguage\":\"bs-BA\",\"@id\":\"https:\/\/tuzlainfo.ba\/#\/schema\/logo\/image\/\",\"url\":\"https:\/\/tuzlainfo.ba\/wp-content\/uploads\/2021\/03\/logo-ver-3-1.png\",\"contentUrl\":\"https:\/\/tuzlainfo.ba\/wp-content\/uploads\/2021\/03\/logo-ver-3-1.png\",\"width\":350,\"height\":95,\"caption\":\"TuzlaInfo.ba\"},\"image\":{\"@id\":\"https:\/\/tuzlainfo.ba\/#\/schema\/logo\/image\/\"},\"sameAs\":[\"https:\/\/www.facebook.com\/tuzlainfo.ba\/\"]},{\"@type\":\"Person\",\"@id\":\"https:\/\/tuzlainfo.ba\/#\/schema\/person\/f434e20dc27ea133923aab08451b7f7f\",\"name\":\"nedim\",\"image\":{\"@type\":\"ImageObject\",\"inLanguage\":\"bs-BA\",\"@id\":\"https:\/\/tuzlainfo.ba\/#\/schema\/person\/image\/\",\"url\":\"https:\/\/tuzlainfo.ba\/wp-content\/litespeed\/avatar\/aabad687af24844af817603ac1cbdc4f.jpg?ver=1777306975\",\"contentUrl\":\"https:\/\/tuzlainfo.ba\/wp-content\/litespeed\/avatar\/aabad687af24844af817603ac1cbdc4f.jpg?ver=1777306975\",\"caption\":\"nedim\"},\"description\":\"Tuzlainfo.ba pratite na dru\u0161tvenim mre\u017eama: Facebook, Instagram i Youtube. Svoje pri\u010de, upite i fotografije \u0161aljite na na\u0161u e-mail adresu.\"}]}<\/script>\n<!-- \/ Yoast SEO plugin. -->","yoast_head_json":{"title":"Kre\u0107e sezonski voz Sarajevo - Plo\u010de, ovo su novi termini i cijene ulaznica - TuzlaInfo.ba","description":"Sezonski me\u0111unarodni voz Sarajevo\u2013Plo\u010de saobra\u0107a od 27. juna do 31. avgusta 2025. godine petkom, subotom i nedjeljom. Pogledajte raspored, cijene i informacije o kupovini karata.","robots":{"index":"index","follow":"follow","max-snippet":"max-snippet:-1","max-image-preview":"max-image-preview:large","max-video-preview":"max-video-preview:-1"},"canonical":"https:\/\/tuzlainfo.ba\/index.php\/bosna-i-hercegovina\/item\/272412-krece-sezonski-voz-sarajevo-ploce-ovo-su-novi-termini-i-cijene-ulaznica\/","og_locale":"bs_BA","og_type":"article","og_title":"Kre\u0107e sezonski voz Sarajevo - Plo\u010de, ovo su novi termini i cijene ulaznica - TuzlaInfo.ba","og_description":"Sezonski me\u0111unarodni voz Sarajevo\u2013Plo\u010de saobra\u0107a od 27. juna do 31. avgusta 2025. godine petkom, subotom i nedjeljom. Pogledajte raspored, cijene i informacije o kupovini karata.","og_url":"https:\/\/tuzlainfo.ba\/index.php\/bosna-i-hercegovina\/item\/272412-krece-sezonski-voz-sarajevo-ploce-ovo-su-novi-termini-i-cijene-ulaznica\/","og_site_name":"TuzlaInfo.ba","article_publisher":"https:\/\/www.facebook.com\/tuzlainfo.ba\/","article_published_time":"2025-06-21T20:18:43+00:00","og_image":[{"width":1024,"height":500,"url":"https:\/\/tuzlainfo.ba\/wp-content\/uploads\/2022\/06\/1506-talgo.jpg","type":"image\/jpeg"}],"author":"nedim","twitter_card":"summary_large_image","twitter_misc":{"Written by":"nedim","Est. reading time":"2 minute"},"schema":{"@context":"https:\/\/schema.org","@graph":[{"@type":"Article","@id":"https:\/\/tuzlainfo.ba\/index.php\/bosna-i-hercegovina\/item\/272412-krece-sezonski-voz-sarajevo-ploce-ovo-su-novi-termini-i-cijene-ulaznica\/#article","isPartOf":{"@id":"https:\/\/tuzlainfo.ba\/index.php\/bosna-i-hercegovina\/item\/272412-krece-sezonski-voz-sarajevo-ploce-ovo-su-novi-termini-i-cijene-ulaznica\/"},"author":{"name":"nedim","@id":"https:\/\/tuzlainfo.ba\/#\/schema\/person\/f434e20dc27ea133923aab08451b7f7f"},"headline":"Kre\u0107e sezonski voz Sarajevo &#8211; Plo\u010de, ovo su novi termini i cijene ulaznica","datePublished":"2025-06-21T20:18:43+00:00","dateModified":"2025-06-21T20:18:43+00:00","mainEntityOfPage":{"@id":"https:\/\/tuzlainfo.ba\/index.php\/bosna-i-hercegovina\/item\/272412-krece-sezonski-voz-sarajevo-ploce-ovo-su-novi-termini-i-cijene-ulaznica\/"},"wordCount":309,"publisher":{"@id":"https:\/\/tuzlainfo.ba\/#organization"},"image":{"@id":"https:\/\/tuzlainfo.ba\/index.php\/bosna-i-hercegovina\/item\/272412-krece-sezonski-voz-sarajevo-ploce-ovo-su-novi-termini-i-cijene-ulaznica\/#primaryimage"},"thumbnailUrl":"https:\/\/tuzlainfo.ba\/wp-content\/uploads\/2022\/06\/1506-talgo.jpg","keywords":["plo\u010de","sarajevo","voz","\u017eeljeznice FBiH"],"articleSection":["Bosna i Hercegovina"],"inLanguage":"bs-BA"},{"@type":"WebPage","@id":"https:\/\/tuzlainfo.ba\/index.php\/bosna-i-hercegovina\/item\/272412-krece-sezonski-voz-sarajevo-ploce-ovo-su-novi-termini-i-cijene-ulaznica\/","url":"https:\/\/tuzlainfo.ba\/index.php\/bosna-i-hercegovina\/item\/272412-krece-sezonski-voz-sarajevo-ploce-ovo-su-novi-termini-i-cijene-ulaznica\/","name":"Kre\u0107e sezonski voz Sarajevo - Plo\u010de, ovo su novi termini i cijene ulaznica - TuzlaInfo.ba","isPartOf":{"@id":"https:\/\/tuzlainfo.ba\/#website"},"primaryImageOfPage":{"@id":"https:\/\/tuzlainfo.ba\/index.php\/bosna-i-hercegovina\/item\/272412-krece-sezonski-voz-sarajevo-ploce-ovo-su-novi-termini-i-cijene-ulaznica\/#primaryimage"},"image":{"@id":"https:\/\/tuzlainfo.ba\/index.php\/bosna-i-hercegovina\/item\/272412-krece-sezonski-voz-sarajevo-ploce-ovo-su-novi-termini-i-cijene-ulaznica\/#primaryimage"},"thumbnailUrl":"https:\/\/tuzlainfo.ba\/wp-content\/uploads\/2022\/06\/1506-talgo.jpg","datePublished":"2025-06-21T20:18:43+00:00","dateModified":"2025-06-21T20:18:43+00:00","description":"Sezonski me\u0111unarodni voz Sarajevo\u2013Plo\u010de saobra\u0107a od 27. juna do 31. avgusta 2025. godine petkom, subotom i nedjeljom. Pogledajte raspored, cijene i informacije o kupovini karata.","breadcrumb":{"@id":"https:\/\/tuzlainfo.ba\/index.php\/bosna-i-hercegovina\/item\/272412-krece-sezonski-voz-sarajevo-ploce-ovo-su-novi-termini-i-cijene-ulaznica\/#breadcrumb"},"inLanguage":"bs-BA","potentialAction":[{"@type":"ReadAction","target":["https:\/\/tuzlainfo.ba\/index.php\/bosna-i-hercegovina\/item\/272412-krece-sezonski-voz-sarajevo-ploce-ovo-su-novi-termini-i-cijene-ulaznica\/"]}]},{"@type":"ImageObject","inLanguage":"bs-BA","@id":"https:\/\/tuzlainfo.ba\/index.php\/bosna-i-hercegovina\/item\/272412-krece-sezonski-voz-sarajevo-ploce-ovo-su-novi-termini-i-cijene-ulaznica\/#primaryimage","url":"https:\/\/tuzlainfo.ba\/wp-content\/uploads\/2022\/06\/1506-talgo.jpg","contentUrl":"https:\/\/tuzlainfo.ba\/wp-content\/uploads\/2022\/06\/1506-talgo.jpg","width":1024,"height":500},{"@type":"BreadcrumbList","@id":"https:\/\/tuzlainfo.ba\/index.php\/bosna-i-hercegovina\/item\/272412-krece-sezonski-voz-sarajevo-ploce-ovo-su-novi-termini-i-cijene-ulaznica\/#breadcrumb","itemListElement":[{"@type":"ListItem","position":1,"name":"Home","item":"https:\/\/tuzlainfo.ba\/"},{"@type":"ListItem","position":2,"name":"Kre\u0107e sezonski voz Sarajevo &#8211; Plo\u010de, ovo su novi termini i cijene ulaznica"}]},{"@type":"WebSite","@id":"https:\/\/tuzlainfo.ba\/#website","url":"https:\/\/tuzlainfo.ba\/","name":"TuzlaInfo.ba","description":"Tuzla info, gradski informator - Tuzla na dlanu","publisher":{"@id":"https:\/\/tuzlainfo.ba\/#organization"},"potentialAction":[{"@type":"SearchAction","target":{"@type":"EntryPoint","urlTemplate":"https:\/\/tuzlainfo.ba\/?s={search_term_string}"},"query-input":{"@type":"PropertyValueSpecification","valueRequired":true,"valueName":"search_term_string"}}],"inLanguage":"bs-BA"},{"@type":"Organization","@id":"https:\/\/tuzlainfo.ba\/#organization","name":"TuzlaInfo.ba","url":"https:\/\/tuzlainfo.ba\/","logo":{"@type":"ImageObject","inLanguage":"bs-BA","@id":"https:\/\/tuzlainfo.ba\/#\/schema\/logo\/image\/","url":"https:\/\/tuzlainfo.ba\/wp-content\/uploads\/2021\/03\/logo-ver-3-1.png","contentUrl":"https:\/\/tuzlainfo.ba\/wp-content\/uploads\/2021\/03\/logo-ver-3-1.png","width":350,"height":95,"caption":"TuzlaInfo.ba"},"image":{"@id":"https:\/\/tuzlainfo.ba\/#\/schema\/logo\/image\/"},"sameAs":["https:\/\/www.facebook.com\/tuzlainfo.ba\/"]},{"@type":"Person","@id":"https:\/\/tuzlainfo.ba\/#\/schema\/person\/f434e20dc27ea133923aab08451b7f7f","name":"nedim","image":{"@type":"ImageObject","inLanguage":"bs-BA","@id":"https:\/\/tuzlainfo.ba\/#\/schema\/person\/image\/","url":"https:\/\/tuzlainfo.ba\/wp-content\/litespeed\/avatar\/aabad687af24844af817603ac1cbdc4f.jpg?ver=1777306975","contentUrl":"https:\/\/tuzlainfo.ba\/wp-content\/litespeed\/avatar\/aabad687af24844af817603ac1cbdc4f.jpg?ver=1777306975","caption":"nedim"},"description":"Tuzlainfo.ba pratite na dru\u0161tvenim mre\u017eama: Facebook, Instagram i Youtube. Svoje pri\u010de, upite i fotografije \u0161aljite na na\u0161u e-mail adresu."}]}},"_links":{"self":[{"href":"https:\/\/tuzlainfo.ba\/index.php\/wp-json\/wp\/v2\/posts\/272412"}],"collection":[{"href":"https:\/\/tuzlainfo.ba\/index.php\/wp-json\/wp\/v2\/posts"}],"about":[{"href":"https:\/\/tuzlainfo.ba\/index.php\/wp-json\/wp\/v2\/types\/post"}],"author":[{"embeddable":true,"href":"https:\/\/tuzlainfo.ba\/index.php\/wp-json\/wp\/v2\/users\/2"}],"replies":[{"embeddable":true,"href":"https:\/\/tuzlainfo.ba\/index.php\/wp-json\/wp\/v2\/comments?post=272412"}],"version-history":[{"count":1,"href":"https:\/\/tuzlainfo.ba\/index.php\/wp-json\/wp\/v2\/posts\/272412\/revisions"}],"predecessor-version":[{"id":272413,"href":"https:\/\/tuzlainfo.ba\/index.php\/wp-json\/wp\/v2\/posts\/272412\/revisions\/272413"}],"wp:featuredmedia":[{"embeddable":true,"href":"https:\/\/tuzlainfo.ba\/index.php\/wp-json\/wp\/v2\/media\/175376"}],"wp:attachment":[{"href":"https:\/\/tuzlainfo.ba\/index.php\/wp-json\/wp\/v2\/media?parent=272412"}],"wp:term":[{"taxonomy":"category","embeddable":true,"href":"https:\/\/tuzlainfo.ba\/index.php\/wp-json\/wp\/v2\/categories?post=272412"},{"taxonomy":"post_tag","embeddable":true,"href":"https:\/\/tuzlainfo.ba\/index.php\/wp-json\/wp\/v2\/tags?post=272412"}],"curies":[{"name":"wp","href":"https:\/\/api.w.org\/{rel}","templated":true}]}}