{"id":272330,"date":"2025-06-20T19:05:38","date_gmt":"2025-06-20T17:05:38","guid":{"rendered":"https:\/\/tuzlainfo.ba\/?p=272330"},"modified":"2025-06-20T20:57:56","modified_gmt":"2025-06-20T18:57:56","slug":"dm-novcano-podrzao-sanaciju-izvorista-javorje","status":"publish","type":"post","link":"https:\/\/tuzlainfo.ba\/index.php\/novosti\/item\/272330-dm-novcano-podrzao-sanaciju-izvorista-javorje\/","title":{"rendered":"dm nov\u010dano podr\u017eao sanaciju izvori\u0161ta Javorje"},"content":{"rendered":"<p>U okviru dru\u0161tveno odgovorne kampanje {ZAJEDNO} za bolje sutra \u2013 ECO EDITION, dm drogerie markt BiH odabrao je 10 projekata u 10 mjesta koje \u0107e podr\u017eati s iznosom gotovo 60.000 KM.<\/p>\n<p>Realizacija odabranih projekata podrazumijeva: \u010di\u0161\u0107enje, ure\u0111enje zelenih povr\u0161ina, \u010di\u0161\u0107enje rijeka i korita, sadnja, po\u0161umljavanje, postavka kanti za otpad i sli\u010dno, a \u0161to \u0107e doprinijeti ure\u0111enju, za\u0161titi i o\u010duvanju okoli\u0161a u Bosni i Hercegovini.<\/p>\n<p>Me\u0111u odabranim projektima su:<\/p>\n<p>1. Udru\u017eenje \u017eena Bubamara iz Banja Luke s projektom \u201eZajedno za Vu\u010denovac &#8211; Ekolo\u0161ko ure\u0111enje i osna\u017eivanje \u017eena kroz zajedni\u010dki rad\u201c<br \/>\n2. Planinarsko dru\u0161tvo \u201eKonjuh\u201c Tuzla s projektom \u201eVoda s Konjuha \u2013 sanacija izvori\u0161ta Javorje\u201c<br \/>\n3. Udruga Gornji \u017dabljak iz Livna s projektom \u201eO\u017eivimo \u017eabljak\u201c<br \/>\n4. Hercegova\u010dka goska slu\u017eba spa\u0161avanja Mostar s projektom \u201e\u010cista jama \u2013 Voda za \u017eivot\u201c<br \/>\n5. Udru\u017eenje za brigu i op\u0161ta prava djece &#8220;Na\u0161a djeca&#8221; Zenica s projektom \u201eEko izazov\u201c<br \/>\n6. Udru\u017eenje roditelja djece oboljele od malignih bolesti &#8220;Iskra&#8221; iz Banja Luke s projektom \u201eMoj zeleni kutak\u201c<br \/>\n7. UG &#8220;Zeleni jug&#8221; Trebinje s projektom \u201eZa vi\u0161e kiseonika i dublji hlad\u201c<br \/>\n8. Udru\u017eenje za djecu i mlade \u201eNominativ\u201c iz Sarajeva s projektom \u201eEkolo\u0161ki preparat na bazi reaktivnog kisika za za\u0161titu p\u010dela od virusa i krpelja\u201c<br \/>\n9. Klub vodenih sportova S.C.U.B.A. Sarajevo s projektom \u201e\u010cista voda \u2013 zdrava zemlja\u201c<br \/>\n10. Udru\u017eenje za op\u0161te dobro i edukaciju \u201cDVOR\u201c \u2013 Maglaj s projektom \u201ePermaglaj\u201c<\/p>\n<p>\u201eKroz kampanju {ZAJEDNO} za bolje sutra \u2013 ECO EDITION \u017eelimo motivisati zajednicu da aktivno doprinosi o\u010duvanju prirode. Ponosni smo \u0161to \u0107emo kroz konkretne projekte \u0161irom BiH pomo\u0107i stvaranju zelenijih i \u010distijih prostora za sve nas. Ova kampanja je dio na\u0161e dugoro\u010dne posve\u0107enosti odr\u017eivosti i vjerujemo da male promjene u svakodnevnom \u017eivotu mogu imati veliki uticaj na o\u010duvanje okoli\u0161a\u201c, poru\u010dila je Ajla Had\u017ei\u0107, menad\u017eerica marketinga u dm BiH.<\/p>\n","protected":false},"excerpt":{"rendered":"<p>U okviru dru\u0161tveno odgovorne kampanje {ZAJEDNO} za bolje sutra \u2013 ECO EDITION, dm drogerie markt BiH odabrao je 10 projekata u 10 mjesta koje \u0107e podr\u017eati s iznosom gotovo 60.000 KM. Realizacija odabranih projekata podrazumijeva: \u010di\u0161\u0107enje, ure\u0111enje zelenih povr\u0161ina, \u010di\u0161\u0107enje rijeka i korita, sadnja, po\u0161umljavanje, postavka kanti za otpad i sli\u010dno, a \u0161to \u0107e doprinijeti [&hellip;]<\/p>\n","protected":false},"author":4,"featured_media":272333,"comment_status":"closed","ping_status":"closed","sticky":false,"template":"","format":"standard","meta":{"footnotes":""},"categories":[12],"tags":[7494,1747,12372],"class_list":["post-272330","post","type-post","status-publish","format-standard","has-post-thumbnail","hentry","category-novosti","tag-dm","tag-konjuh","tag-sanacija-izvorista"],"yoast_head":"<!-- This site is optimized with the Yoast SEO plugin v28.3 - https:\/\/yoast.com\/product\/yoast-seo-wordpress\/ -->\n<title>dm nov\u010dano podr\u017eao sanaciju izvori\u0161ta Javorje<\/title>\n<meta name=\"robots\" content=\"index, follow, max-snippet:-1, max-image-preview:large, max-video-preview:-1\" \/>\n<link rel=\"canonical\" href=\"https:\/\/tuzlainfo.ba\/index.php\/novosti\/item\/272330-dm-novcano-podrzao-sanaciju-izvorista-javorje\/\" \/>\n<meta property=\"og:locale\" content=\"bs_BA\" \/>\n<meta property=\"og:type\" content=\"article\" \/>\n<meta property=\"og:title\" content=\"dm nov\u010dano podr\u017eao sanaciju izvori\u0161ta Javorje\" \/>\n<meta property=\"og:description\" content=\"U okviru dru\u0161tveno odgovorne kampanje {ZAJEDNO} za bolje sutra \u2013 ECO EDITION, dm drogerie markt BiH odabrao je 10 projekata u 10 mjesta koje \u0107e podr\u017eati s iznosom gotovo 60.000 KM. Realizacija odabranih projekata podrazumijeva: \u010di\u0161\u0107enje, ure\u0111enje zelenih povr\u0161ina, \u010di\u0161\u0107enje rijeka i korita, sadnja, po\u0161umljavanje, postavka kanti za otpad i sli\u010dno, a \u0161to \u0107e doprinijeti [&hellip;]\" \/>\n<meta property=\"og:url\" content=\"https:\/\/tuzlainfo.ba\/index.php\/novosti\/item\/272330-dm-novcano-podrzao-sanaciju-izvorista-javorje\/\" \/>\n<meta property=\"og:site_name\" content=\"TuzlaInfo.ba\" \/>\n<meta property=\"article:publisher\" content=\"https:\/\/www.facebook.com\/tuzlainfo.ba\/\" \/>\n<meta property=\"article:published_time\" content=\"2025-06-20T17:05:38+00:00\" \/>\n<meta property=\"article:modified_time\" content=\"2025-06-20T18:57:56+00:00\" \/>\n<meta property=\"og:image\" content=\"https:\/\/tuzlainfo.ba\/wp-content\/uploads\/2025\/06\/Zajedno-projekti.jpg\" \/>\n\t<meta property=\"og:image:width\" content=\"1075\" \/>\n\t<meta property=\"og:image:height\" content=\"716\" \/>\n\t<meta property=\"og:image:type\" content=\"image\/jpeg\" \/>\n<meta name=\"author\" content=\"Tuzla Info\" \/>\n<meta name=\"twitter:card\" content=\"summary_large_image\" \/>\n<meta name=\"twitter:label1\" content=\"Written by\" \/>\n\t<meta name=\"twitter:data1\" content=\"Tuzla Info\" \/>\n\t<meta name=\"twitter:label2\" content=\"Est. reading time\" \/>\n\t<meta name=\"twitter:data2\" content=\"2 minute\" \/>\n<script type=\"application\/ld+json\" class=\"yoast-schema-graph\">{\"@context\":\"https:\\\/\\\/schema.org\",\"@graph\":[{\"@type\":\"Article\",\"@id\":\"https:\\\/\\\/tuzlainfo.ba\\\/index.php\\\/novosti\\\/item\\\/272330-dm-novcano-podrzao-sanaciju-izvorista-javorje\\\/#article\",\"isPartOf\":{\"@id\":\"https:\\\/\\\/tuzlainfo.ba\\\/index.php\\\/novosti\\\/item\\\/272330-dm-novcano-podrzao-sanaciju-izvorista-javorje\\\/\"},\"author\":{\"name\":\"Tuzla Info\",\"@id\":\"https:\\\/\\\/tuzlainfo.ba\\\/#\\\/schema\\\/person\\\/46cad4c57790cbc50781edd14870825a\"},\"headline\":\"dm nov\u010dano podr\u017eao sanaciju izvori\u0161ta Javorje\",\"datePublished\":\"2025-06-20T17:05:38+00:00\",\"dateModified\":\"2025-06-20T18:57:56+00:00\",\"mainEntityOfPage\":{\"@id\":\"https:\\\/\\\/tuzlainfo.ba\\\/index.php\\\/novosti\\\/item\\\/272330-dm-novcano-podrzao-sanaciju-izvorista-javorje\\\/\"},\"wordCount\":330,\"publisher\":{\"@id\":\"https:\\\/\\\/tuzlainfo.ba\\\/#organization\"},\"image\":{\"@id\":\"https:\\\/\\\/tuzlainfo.ba\\\/index.php\\\/novosti\\\/item\\\/272330-dm-novcano-podrzao-sanaciju-izvorista-javorje\\\/#primaryimage\"},\"thumbnailUrl\":\"https:\\\/\\\/tuzlainfo.ba\\\/wp-content\\\/uploads\\\/2025\\\/06\\\/Zajedno-projekti.jpg\",\"keywords\":[\"dm\",\"konjuh\",\"sanacija izvori\u0161ta\"],\"articleSection\":[\"Novosti\"],\"inLanguage\":\"bs-BA\",\"copyrightYear\":\"2025\",\"copyrightHolder\":{\"@id\":\"https:\\\/\\\/tuzlainfo.ba\\\/#organization\"}},{\"@type\":\"WebPage\",\"@id\":\"https:\\\/\\\/tuzlainfo.ba\\\/index.php\\\/novosti\\\/item\\\/272330-dm-novcano-podrzao-sanaciju-izvorista-javorje\\\/\",\"url\":\"https:\\\/\\\/tuzlainfo.ba\\\/index.php\\\/novosti\\\/item\\\/272330-dm-novcano-podrzao-sanaciju-izvorista-javorje\\\/\",\"name\":\"dm nov\u010dano podr\u017eao sanaciju izvori\u0161ta Javorje\",\"isPartOf\":{\"@id\":\"https:\\\/\\\/tuzlainfo.ba\\\/#website\"},\"primaryImageOfPage\":{\"@id\":\"https:\\\/\\\/tuzlainfo.ba\\\/index.php\\\/novosti\\\/item\\\/272330-dm-novcano-podrzao-sanaciju-izvorista-javorje\\\/#primaryimage\"},\"image\":{\"@id\":\"https:\\\/\\\/tuzlainfo.ba\\\/index.php\\\/novosti\\\/item\\\/272330-dm-novcano-podrzao-sanaciju-izvorista-javorje\\\/#primaryimage\"},\"thumbnailUrl\":\"https:\\\/\\\/tuzlainfo.ba\\\/wp-content\\\/uploads\\\/2025\\\/06\\\/Zajedno-projekti.jpg\",\"datePublished\":\"2025-06-20T17:05:38+00:00\",\"dateModified\":\"2025-06-20T18:57:56+00:00\",\"breadcrumb\":{\"@id\":\"https:\\\/\\\/tuzlainfo.ba\\\/index.php\\\/novosti\\\/item\\\/272330-dm-novcano-podrzao-sanaciju-izvorista-javorje\\\/#breadcrumb\"},\"inLanguage\":\"bs-BA\",\"potentialAction\":[{\"@type\":\"ReadAction\",\"target\":[\"https:\\\/\\\/tuzlainfo.ba\\\/index.php\\\/novosti\\\/item\\\/272330-dm-novcano-podrzao-sanaciju-izvorista-javorje\\\/\"]}]},{\"@type\":\"ImageObject\",\"inLanguage\":\"bs-BA\",\"@id\":\"https:\\\/\\\/tuzlainfo.ba\\\/index.php\\\/novosti\\\/item\\\/272330-dm-novcano-podrzao-sanaciju-izvorista-javorje\\\/#primaryimage\",\"url\":\"https:\\\/\\\/tuzlainfo.ba\\\/wp-content\\\/uploads\\\/2025\\\/06\\\/Zajedno-projekti.jpg\",\"contentUrl\":\"https:\\\/\\\/tuzlainfo.ba\\\/wp-content\\\/uploads\\\/2025\\\/06\\\/Zajedno-projekti.jpg\",\"width\":1075,\"height\":716},{\"@type\":\"BreadcrumbList\",\"@id\":\"https:\\\/\\\/tuzlainfo.ba\\\/index.php\\\/novosti\\\/item\\\/272330-dm-novcano-podrzao-sanaciju-izvorista-javorje\\\/#breadcrumb\",\"itemListElement\":[{\"@type\":\"ListItem\",\"position\":1,\"name\":\"Home\",\"item\":\"https:\\\/\\\/tuzlainfo.ba\\\/\"},{\"@type\":\"ListItem\",\"position\":2,\"name\":\"dm nov\u010dano podr\u017eao sanaciju izvori\u0161ta Javorje\"}]},{\"@type\":\"WebSite\",\"@id\":\"https:\\\/\\\/tuzlainfo.ba\\\/#website\",\"url\":\"https:\\\/\\\/tuzlainfo.ba\\\/\",\"name\":\"TuzlaInfo.ba\",\"description\":\"Tuzla info, gradski informator - Tuzla na dlanu\",\"publisher\":{\"@id\":\"https:\\\/\\\/tuzlainfo.ba\\\/#organization\"},\"potentialAction\":[{\"@type\":\"SearchAction\",\"target\":{\"@type\":\"EntryPoint\",\"urlTemplate\":\"https:\\\/\\\/tuzlainfo.ba\\\/?s={search_term_string}\"},\"query-input\":{\"@type\":\"PropertyValueSpecification\",\"valueRequired\":true,\"valueName\":\"search_term_string\"}}],\"inLanguage\":\"bs-BA\"},{\"@type\":\"Organization\",\"@id\":\"https:\\\/\\\/tuzlainfo.ba\\\/#organization\",\"name\":\"TuzlaInfo.ba\",\"url\":\"https:\\\/\\\/tuzlainfo.ba\\\/\",\"logo\":{\"@type\":\"ImageObject\",\"inLanguage\":\"bs-BA\",\"@id\":\"https:\\\/\\\/tuzlainfo.ba\\\/#\\\/schema\\\/logo\\\/image\\\/\",\"url\":\"https:\\\/\\\/tuzlainfo.ba\\\/wp-content\\\/uploads\\\/2021\\\/03\\\/logo-ver-3-1.png\",\"contentUrl\":\"https:\\\/\\\/tuzlainfo.ba\\\/wp-content\\\/uploads\\\/2021\\\/03\\\/logo-ver-3-1.png\",\"width\":350,\"height\":95,\"caption\":\"TuzlaInfo.ba\"},\"image\":{\"@id\":\"https:\\\/\\\/tuzlainfo.ba\\\/#\\\/schema\\\/logo\\\/image\\\/\"},\"sameAs\":[\"https:\\\/\\\/www.facebook.com\\\/tuzlainfo.ba\\\/\"]},{\"@type\":\"Person\",\"@id\":\"https:\\\/\\\/tuzlainfo.ba\\\/#\\\/schema\\\/person\\\/46cad4c57790cbc50781edd14870825a\",\"name\":\"Tuzla Info\",\"image\":{\"@type\":\"ImageObject\",\"inLanguage\":\"bs-BA\",\"@id\":\"https:\\\/\\\/secure.gravatar.com\\\/avatar\\\/e980921b00fa2e552723a2386544734ce6885d2b2304ccca3f45186f9ca4031d?s=96&d=mm&r=g\",\"url\":\"https:\\\/\\\/secure.gravatar.com\\\/avatar\\\/e980921b00fa2e552723a2386544734ce6885d2b2304ccca3f45186f9ca4031d?s=96&d=mm&r=g\",\"contentUrl\":\"https:\\\/\\\/secure.gravatar.com\\\/avatar\\\/e980921b00fa2e552723a2386544734ce6885d2b2304ccca3f45186f9ca4031d?s=96&d=mm&r=g\",\"caption\":\"Tuzla Info\"}}]}<\/script>\n<!-- \/ Yoast SEO plugin. -->","yoast_head_json":{"title":"dm nov\u010dano podr\u017eao sanaciju izvori\u0161ta Javorje","robots":{"index":"index","follow":"follow","max-snippet":"max-snippet:-1","max-image-preview":"max-image-preview:large","max-video-preview":"max-video-preview:-1"},"canonical":"https:\/\/tuzlainfo.ba\/index.php\/novosti\/item\/272330-dm-novcano-podrzao-sanaciju-izvorista-javorje\/","og_locale":"bs_BA","og_type":"article","og_title":"dm nov\u010dano podr\u017eao sanaciju izvori\u0161ta Javorje","og_description":"U okviru dru\u0161tveno odgovorne kampanje {ZAJEDNO} za bolje sutra \u2013 ECO EDITION, dm drogerie markt BiH odabrao je 10 projekata u 10 mjesta koje \u0107e podr\u017eati s iznosom gotovo 60.000 KM. Realizacija odabranih projekata podrazumijeva: \u010di\u0161\u0107enje, ure\u0111enje zelenih povr\u0161ina, \u010di\u0161\u0107enje rijeka i korita, sadnja, po\u0161umljavanje, postavka kanti za otpad i sli\u010dno, a \u0161to \u0107e doprinijeti [&hellip;]","og_url":"https:\/\/tuzlainfo.ba\/index.php\/novosti\/item\/272330-dm-novcano-podrzao-sanaciju-izvorista-javorje\/","og_site_name":"TuzlaInfo.ba","article_publisher":"https:\/\/www.facebook.com\/tuzlainfo.ba\/","article_published_time":"2025-06-20T17:05:38+00:00","article_modified_time":"2025-06-20T18:57:56+00:00","og_image":[{"width":1075,"height":716,"url":"https:\/\/tuzlainfo.ba\/wp-content\/uploads\/2025\/06\/Zajedno-projekti.jpg","type":"image\/jpeg"}],"author":"Tuzla Info","twitter_card":"summary_large_image","twitter_misc":{"Written by":"Tuzla Info","Est. reading time":"2 minute"},"schema":{"@context":"https:\/\/schema.org","@graph":[{"@type":"Article","@id":"https:\/\/tuzlainfo.ba\/index.php\/novosti\/item\/272330-dm-novcano-podrzao-sanaciju-izvorista-javorje\/#article","isPartOf":{"@id":"https:\/\/tuzlainfo.ba\/index.php\/novosti\/item\/272330-dm-novcano-podrzao-sanaciju-izvorista-javorje\/"},"author":{"name":"Tuzla Info","@id":"https:\/\/tuzlainfo.ba\/#\/schema\/person\/46cad4c57790cbc50781edd14870825a"},"headline":"dm nov\u010dano podr\u017eao sanaciju izvori\u0161ta Javorje","datePublished":"2025-06-20T17:05:38+00:00","dateModified":"2025-06-20T18:57:56+00:00","mainEntityOfPage":{"@id":"https:\/\/tuzlainfo.ba\/index.php\/novosti\/item\/272330-dm-novcano-podrzao-sanaciju-izvorista-javorje\/"},"wordCount":330,"publisher":{"@id":"https:\/\/tuzlainfo.ba\/#organization"},"image":{"@id":"https:\/\/tuzlainfo.ba\/index.php\/novosti\/item\/272330-dm-novcano-podrzao-sanaciju-izvorista-javorje\/#primaryimage"},"thumbnailUrl":"https:\/\/tuzlainfo.ba\/wp-content\/uploads\/2025\/06\/Zajedno-projekti.jpg","keywords":["dm","konjuh","sanacija izvori\u0161ta"],"articleSection":["Novosti"],"inLanguage":"bs-BA","copyrightYear":"2025","copyrightHolder":{"@id":"https:\/\/tuzlainfo.ba\/#organization"}},{"@type":"WebPage","@id":"https:\/\/tuzlainfo.ba\/index.php\/novosti\/item\/272330-dm-novcano-podrzao-sanaciju-izvorista-javorje\/","url":"https:\/\/tuzlainfo.ba\/index.php\/novosti\/item\/272330-dm-novcano-podrzao-sanaciju-izvorista-javorje\/","name":"dm nov\u010dano podr\u017eao sanaciju izvori\u0161ta Javorje","isPartOf":{"@id":"https:\/\/tuzlainfo.ba\/#website"},"primaryImageOfPage":{"@id":"https:\/\/tuzlainfo.ba\/index.php\/novosti\/item\/272330-dm-novcano-podrzao-sanaciju-izvorista-javorje\/#primaryimage"},"image":{"@id":"https:\/\/tuzlainfo.ba\/index.php\/novosti\/item\/272330-dm-novcano-podrzao-sanaciju-izvorista-javorje\/#primaryimage"},"thumbnailUrl":"https:\/\/tuzlainfo.ba\/wp-content\/uploads\/2025\/06\/Zajedno-projekti.jpg","datePublished":"2025-06-20T17:05:38+00:00","dateModified":"2025-06-20T18:57:56+00:00","breadcrumb":{"@id":"https:\/\/tuzlainfo.ba\/index.php\/novosti\/item\/272330-dm-novcano-podrzao-sanaciju-izvorista-javorje\/#breadcrumb"},"inLanguage":"bs-BA","potentialAction":[{"@type":"ReadAction","target":["https:\/\/tuzlainfo.ba\/index.php\/novosti\/item\/272330-dm-novcano-podrzao-sanaciju-izvorista-javorje\/"]}]},{"@type":"ImageObject","inLanguage":"bs-BA","@id":"https:\/\/tuzlainfo.ba\/index.php\/novosti\/item\/272330-dm-novcano-podrzao-sanaciju-izvorista-javorje\/#primaryimage","url":"https:\/\/tuzlainfo.ba\/wp-content\/uploads\/2025\/06\/Zajedno-projekti.jpg","contentUrl":"https:\/\/tuzlainfo.ba\/wp-content\/uploads\/2025\/06\/Zajedno-projekti.jpg","width":1075,"height":716},{"@type":"BreadcrumbList","@id":"https:\/\/tuzlainfo.ba\/index.php\/novosti\/item\/272330-dm-novcano-podrzao-sanaciju-izvorista-javorje\/#breadcrumb","itemListElement":[{"@type":"ListItem","position":1,"name":"Home","item":"https:\/\/tuzlainfo.ba\/"},{"@type":"ListItem","position":2,"name":"dm nov\u010dano podr\u017eao sanaciju izvori\u0161ta Javorje"}]},{"@type":"WebSite","@id":"https:\/\/tuzlainfo.ba\/#website","url":"https:\/\/tuzlainfo.ba\/","name":"TuzlaInfo.ba","description":"Tuzla info, gradski informator - Tuzla na dlanu","publisher":{"@id":"https:\/\/tuzlainfo.ba\/#organization"},"potentialAction":[{"@type":"SearchAction","target":{"@type":"EntryPoint","urlTemplate":"https:\/\/tuzlainfo.ba\/?s={search_term_string}"},"query-input":{"@type":"PropertyValueSpecification","valueRequired":true,"valueName":"search_term_string"}}],"inLanguage":"bs-BA"},{"@type":"Organization","@id":"https:\/\/tuzlainfo.ba\/#organization","name":"TuzlaInfo.ba","url":"https:\/\/tuzlainfo.ba\/","logo":{"@type":"ImageObject","inLanguage":"bs-BA","@id":"https:\/\/tuzlainfo.ba\/#\/schema\/logo\/image\/","url":"https:\/\/tuzlainfo.ba\/wp-content\/uploads\/2021\/03\/logo-ver-3-1.png","contentUrl":"https:\/\/tuzlainfo.ba\/wp-content\/uploads\/2021\/03\/logo-ver-3-1.png","width":350,"height":95,"caption":"TuzlaInfo.ba"},"image":{"@id":"https:\/\/tuzlainfo.ba\/#\/schema\/logo\/image\/"},"sameAs":["https:\/\/www.facebook.com\/tuzlainfo.ba\/"]},{"@type":"Person","@id":"https:\/\/tuzlainfo.ba\/#\/schema\/person\/46cad4c57790cbc50781edd14870825a","name":"Tuzla Info","image":{"@type":"ImageObject","inLanguage":"bs-BA","@id":"https:\/\/secure.gravatar.com\/avatar\/e980921b00fa2e552723a2386544734ce6885d2b2304ccca3f45186f9ca4031d?s=96&d=mm&r=g","url":"https:\/\/secure.gravatar.com\/avatar\/e980921b00fa2e552723a2386544734ce6885d2b2304ccca3f45186f9ca4031d?s=96&d=mm&r=g","contentUrl":"https:\/\/secure.gravatar.com\/avatar\/e980921b00fa2e552723a2386544734ce6885d2b2304ccca3f45186f9ca4031d?s=96&d=mm&r=g","caption":"Tuzla Info"}}]}},"_links":{"self":[{"href":"https:\/\/tuzlainfo.ba\/index.php\/wp-json\/wp\/v2\/posts\/272330","targetHints":{"allow":["GET"]}}],"collection":[{"href":"https:\/\/tuzlainfo.ba\/index.php\/wp-json\/wp\/v2\/posts"}],"about":[{"href":"https:\/\/tuzlainfo.ba\/index.php\/wp-json\/wp\/v2\/types\/post"}],"author":[{"embeddable":true,"href":"https:\/\/tuzlainfo.ba\/index.php\/wp-json\/wp\/v2\/users\/4"}],"replies":[{"embeddable":true,"href":"https:\/\/tuzlainfo.ba\/index.php\/wp-json\/wp\/v2\/comments?post=272330"}],"version-history":[{"count":1,"href":"https:\/\/tuzlainfo.ba\/index.php\/wp-json\/wp\/v2\/posts\/272330\/revisions"}],"predecessor-version":[{"id":272335,"href":"https:\/\/tuzlainfo.ba\/index.php\/wp-json\/wp\/v2\/posts\/272330\/revisions\/272335"}],"wp:featuredmedia":[{"embeddable":true,"href":"https:\/\/tuzlainfo.ba\/index.php\/wp-json\/wp\/v2\/media\/272333"}],"wp:attachment":[{"href":"https:\/\/tuzlainfo.ba\/index.php\/wp-json\/wp\/v2\/media?parent=272330"}],"wp:term":[{"taxonomy":"category","embeddable":true,"href":"https:\/\/tuzlainfo.ba\/index.php\/wp-json\/wp\/v2\/categories?post=272330"},{"taxonomy":"post_tag","embeddable":true,"href":"https:\/\/tuzlainfo.ba\/index.php\/wp-json\/wp\/v2\/tags?post=272330"}],"curies":[{"name":"wp","href":"https:\/\/api.w.org\/{rel}","templated":true}]}}