{"id":272214,"date":"2025-06-19T15:05:08","date_gmt":"2025-06-19T13:05:08","guid":{"rendered":"https:\/\/tuzlainfo.ba\/?p=272214"},"modified":"2025-06-19T13:14:23","modified_gmt":"2025-06-19T11:14:23","slug":"tijelovo-u-tuzli-vjernici-u-molitvi-i-zahvalnosti","status":"publish","type":"post","link":"https:\/\/tuzlainfo.ba\/index.php\/novosti\/item\/272214-tijelovo-u-tuzli-vjernici-u-molitvi-i-zahvalnosti\/","title":{"rendered":"Tijelovo u Tuzli: Vjernici u molitvi i zahvalnosti"},"content":{"rendered":"<div class=\"html-div xdj266r x14z9mp xat24cr x1lziwak xexx8yu xyri2b x18d9i69 x1c1uobl x6ikm8r x10wlt62\">\n<div class=\"html-div xdj266r x14z9mp xat24cr x1lziwak x14ctfv x13sv91t x6ikm8r x10wlt62 xerhiuh x1pn3fxy x10zy8in xm9bcq3 x1n2onr6 x1vjfegm x1k4qllp x1mzt3pk x13faqbe x1xr0vuk x1jm4cbz x114wg8e xrrpcnn x14rx4xb x13fuv20 x18b5jzi x1q0q8m5 x1t7ytsu x19livfd x1h2krnu x3p3xfz xet2kk3 xaymx6s x1lu5o8o x1ou5ly4 xofb2d2\" role=\"presentation\">\n<p class=\"html-div xexx8yu xyri2b x18d9i69 x1c1uobl x1gslohp x14z9mp x12nagc x1lziwak x1yc453h x126k92a x18lvrbx\" dir=\"auto\">U Franjeva\u010dkom samostanu svetog Petra i Pavla u Tuzli danas je sve\u010dano obilje\u017een blagdan Tijelova \u2013 Presvetog Tijela i Krvi Kristove. Sveta misa u \u017eupnoj crkvi slu\u017eena je u 11:00 sati, a predvodio ju je gvardijan Franjeva\u010dkog samostana u Tuzli, fra \u017deljko Nikoli\u0107.<\/p>\n<p class=\"html-div xexx8yu xyri2b x18d9i69 x1c1uobl x1gslohp x14z9mp x12nagc x1lziwak x1yc453h x126k92a x18lvrbx\" dir=\"auto\">Sve\u010dana ve\u010dernja misa s euharistijskom procesijom bit \u0107e odr\u017eana u 18:00 sati. Nakon jutarnje mise, vjernici su sudjelovali u tradicionalnoj procesiji unutar crkvenog dvori\u0161ta, gdje su u sabranosti i molitvi pratili Presveti Oltarski Sakrament. U ozra\u010dju ti\u0161ine i ukrasa od cvije\u0107a, slavlje je proteklo u duhu duboke duhovnosti i zajedni\u0161tva.<\/p>\n<p class=\"html-div xexx8yu xyri2b x18d9i69 x1c1uobl x1gslohp x14z9mp x12nagc x1lziwak x1yc453h x126k92a x18lvrbx\" dir=\"auto\">Tijelovo je pokretni katoli\u010dki blagdan koji se obilje\u017eava devetog \u010detvrtka nakon Uskrsa, a predstavlja sredi\u0161nje slavlje Kristove prisutnosti u euharistiji. Za vjernike, ovaj dan nosi posebno zna\u010denje, javno svjedo\u010danstvo vjere, zahvalnosti i nade. \/S.P.\/<\/p>\n<\/div>\n<\/div>\n<p><iframe title=\"Tijelovo u Tuzli - Vjernici u molitvi i zahvalnosti\" width=\"1170\" height=\"658\" src=\"https:\/\/www.youtube.com\/embed\/wN4owZNxaCw?feature=oembed\" frameborder=\"0\" allow=\"accelerometer; autoplay; clipboard-write; encrypted-media; gyroscope; picture-in-picture; web-share\" referrerpolicy=\"strict-origin-when-cross-origin\" allowfullscreen><\/iframe><\/p>\n","protected":false},"excerpt":{"rendered":"<p>U Franjeva\u010dkom samostanu svetog Petra i Pavla u Tuzli danas je sve\u010dano obilje\u017een blagdan Tijelova&hellip;<\/p>\n","protected":false},"author":4,"featured_media":272219,"comment_status":"closed","ping_status":"closed","sticky":false,"template":"","format":"standard","meta":{"_acf_changed":false,"footnotes":""},"categories":[304,12],"tags":[1941,12360,42],"acf":[],"yoast_head":"<!-- This site is optimized with the Yoast SEO plugin v23.5 - https:\/\/yoast.com\/wordpress\/plugins\/seo\/ -->\n<title>Tijelovo u Tuzli: Vjernici u molitvi i zahvalnosti - TuzlaInfo.ba<\/title>\n<meta name=\"robots\" content=\"index, follow, max-snippet:-1, max-image-preview:large, max-video-preview:-1\" \/>\n<link rel=\"canonical\" href=\"https:\/\/tuzlainfo.ba\/index.php\/novosti\/item\/272214-tijelovo-u-tuzli-vjernici-u-molitvi-i-zahvalnosti\/\" \/>\n<meta property=\"og:locale\" content=\"bs_BA\" \/>\n<meta property=\"og:type\" content=\"article\" \/>\n<meta property=\"og:title\" content=\"Tijelovo u Tuzli: Vjernici u molitvi i zahvalnosti - TuzlaInfo.ba\" \/>\n<meta property=\"og:description\" content=\"U Franjeva\u010dkom samostanu svetog Petra i Pavla u Tuzli danas je sve\u010dano obilje\u017een blagdan Tijelova&hellip;\" \/>\n<meta property=\"og:url\" content=\"https:\/\/tuzlainfo.ba\/index.php\/novosti\/item\/272214-tijelovo-u-tuzli-vjernici-u-molitvi-i-zahvalnosti\/\" \/>\n<meta property=\"og:site_name\" content=\"TuzlaInfo.ba\" \/>\n<meta property=\"article:publisher\" content=\"https:\/\/www.facebook.com\/tuzlainfo.ba\/\" \/>\n<meta property=\"article:published_time\" content=\"2025-06-19T13:05:08+00:00\" \/>\n<meta property=\"article:modified_time\" content=\"2025-06-19T11:14:23+00:00\" \/>\n<meta property=\"og:image\" content=\"https:\/\/tuzlainfo.ba\/wp-content\/uploads\/2025\/06\/tijelovo.jpg\" \/>\n\t<meta property=\"og:image:width\" content=\"1482\" \/>\n\t<meta property=\"og:image:height\" content=\"902\" \/>\n\t<meta property=\"og:image:type\" content=\"image\/jpeg\" \/>\n<meta name=\"author\" content=\"Tuzla Info\" \/>\n<meta name=\"twitter:card\" content=\"summary_large_image\" \/>\n<meta name=\"twitter:label1\" content=\"Written by\" \/>\n\t<meta name=\"twitter:data1\" content=\"Tuzla Info\" \/>\n\t<meta name=\"twitter:label2\" content=\"Est. reading time\" \/>\n\t<meta name=\"twitter:data2\" content=\"1 minuta\" \/>\n<script type=\"application\/ld+json\" class=\"yoast-schema-graph\">{\"@context\":\"https:\/\/schema.org\",\"@graph\":[{\"@type\":\"Article\",\"@id\":\"https:\/\/tuzlainfo.ba\/index.php\/novosti\/item\/272214-tijelovo-u-tuzli-vjernici-u-molitvi-i-zahvalnosti\/#article\",\"isPartOf\":{\"@id\":\"https:\/\/tuzlainfo.ba\/index.php\/novosti\/item\/272214-tijelovo-u-tuzli-vjernici-u-molitvi-i-zahvalnosti\/\"},\"author\":{\"name\":\"Tuzla Info\",\"@id\":\"https:\/\/tuzlainfo.ba\/#\/schema\/person\/46cad4c57790cbc50781edd14870825a\"},\"headline\":\"Tijelovo u Tuzli: Vjernici u molitvi i zahvalnosti\",\"datePublished\":\"2025-06-19T13:05:08+00:00\",\"dateModified\":\"2025-06-19T11:14:23+00:00\",\"mainEntityOfPage\":{\"@id\":\"https:\/\/tuzlainfo.ba\/index.php\/novosti\/item\/272214-tijelovo-u-tuzli-vjernici-u-molitvi-i-zahvalnosti\/\"},\"wordCount\":159,\"publisher\":{\"@id\":\"https:\/\/tuzlainfo.ba\/#organization\"},\"image\":{\"@id\":\"https:\/\/tuzlainfo.ba\/index.php\/novosti\/item\/272214-tijelovo-u-tuzli-vjernici-u-molitvi-i-zahvalnosti\/#primaryimage\"},\"thumbnailUrl\":\"https:\/\/tuzlainfo.ba\/wp-content\/uploads\/2025\/06\/tijelovo.jpg\",\"keywords\":[\"Franjeva\u010dki samostan Tuzla\",\"tijelovo\",\"tuzla\"],\"articleSection\":[\"Istaknuto\",\"Novosti\"],\"inLanguage\":\"bs-BA\"},{\"@type\":\"WebPage\",\"@id\":\"https:\/\/tuzlainfo.ba\/index.php\/novosti\/item\/272214-tijelovo-u-tuzli-vjernici-u-molitvi-i-zahvalnosti\/\",\"url\":\"https:\/\/tuzlainfo.ba\/index.php\/novosti\/item\/272214-tijelovo-u-tuzli-vjernici-u-molitvi-i-zahvalnosti\/\",\"name\":\"Tijelovo u Tuzli: Vjernici u molitvi i zahvalnosti - TuzlaInfo.ba\",\"isPartOf\":{\"@id\":\"https:\/\/tuzlainfo.ba\/#website\"},\"primaryImageOfPage\":{\"@id\":\"https:\/\/tuzlainfo.ba\/index.php\/novosti\/item\/272214-tijelovo-u-tuzli-vjernici-u-molitvi-i-zahvalnosti\/#primaryimage\"},\"image\":{\"@id\":\"https:\/\/tuzlainfo.ba\/index.php\/novosti\/item\/272214-tijelovo-u-tuzli-vjernici-u-molitvi-i-zahvalnosti\/#primaryimage\"},\"thumbnailUrl\":\"https:\/\/tuzlainfo.ba\/wp-content\/uploads\/2025\/06\/tijelovo.jpg\",\"datePublished\":\"2025-06-19T13:05:08+00:00\",\"dateModified\":\"2025-06-19T11:14:23+00:00\",\"breadcrumb\":{\"@id\":\"https:\/\/tuzlainfo.ba\/index.php\/novosti\/item\/272214-tijelovo-u-tuzli-vjernici-u-molitvi-i-zahvalnosti\/#breadcrumb\"},\"inLanguage\":\"bs-BA\",\"potentialAction\":[{\"@type\":\"ReadAction\",\"target\":[\"https:\/\/tuzlainfo.ba\/index.php\/novosti\/item\/272214-tijelovo-u-tuzli-vjernici-u-molitvi-i-zahvalnosti\/\"]}]},{\"@type\":\"ImageObject\",\"inLanguage\":\"bs-BA\",\"@id\":\"https:\/\/tuzlainfo.ba\/index.php\/novosti\/item\/272214-tijelovo-u-tuzli-vjernici-u-molitvi-i-zahvalnosti\/#primaryimage\",\"url\":\"https:\/\/tuzlainfo.ba\/wp-content\/uploads\/2025\/06\/tijelovo.jpg\",\"contentUrl\":\"https:\/\/tuzlainfo.ba\/wp-content\/uploads\/2025\/06\/tijelovo.jpg\",\"width\":1482,\"height\":902},{\"@type\":\"BreadcrumbList\",\"@id\":\"https:\/\/tuzlainfo.ba\/index.php\/novosti\/item\/272214-tijelovo-u-tuzli-vjernici-u-molitvi-i-zahvalnosti\/#breadcrumb\",\"itemListElement\":[{\"@type\":\"ListItem\",\"position\":1,\"name\":\"Home\",\"item\":\"https:\/\/tuzlainfo.ba\/\"},{\"@type\":\"ListItem\",\"position\":2,\"name\":\"Tijelovo u Tuzli: Vjernici u molitvi i zahvalnosti\"}]},{\"@type\":\"WebSite\",\"@id\":\"https:\/\/tuzlainfo.ba\/#website\",\"url\":\"https:\/\/tuzlainfo.ba\/\",\"name\":\"TuzlaInfo.ba\",\"description\":\"Tuzla info, gradski informator - Tuzla na dlanu\",\"publisher\":{\"@id\":\"https:\/\/tuzlainfo.ba\/#organization\"},\"potentialAction\":[{\"@type\":\"SearchAction\",\"target\":{\"@type\":\"EntryPoint\",\"urlTemplate\":\"https:\/\/tuzlainfo.ba\/?s={search_term_string}\"},\"query-input\":{\"@type\":\"PropertyValueSpecification\",\"valueRequired\":true,\"valueName\":\"search_term_string\"}}],\"inLanguage\":\"bs-BA\"},{\"@type\":\"Organization\",\"@id\":\"https:\/\/tuzlainfo.ba\/#organization\",\"name\":\"TuzlaInfo.ba\",\"url\":\"https:\/\/tuzlainfo.ba\/\",\"logo\":{\"@type\":\"ImageObject\",\"inLanguage\":\"bs-BA\",\"@id\":\"https:\/\/tuzlainfo.ba\/#\/schema\/logo\/image\/\",\"url\":\"https:\/\/tuzlainfo.ba\/wp-content\/uploads\/2021\/03\/logo-ver-3-1.png\",\"contentUrl\":\"https:\/\/tuzlainfo.ba\/wp-content\/uploads\/2021\/03\/logo-ver-3-1.png\",\"width\":350,\"height\":95,\"caption\":\"TuzlaInfo.ba\"},\"image\":{\"@id\":\"https:\/\/tuzlainfo.ba\/#\/schema\/logo\/image\/\"},\"sameAs\":[\"https:\/\/www.facebook.com\/tuzlainfo.ba\/\"]},{\"@type\":\"Person\",\"@id\":\"https:\/\/tuzlainfo.ba\/#\/schema\/person\/46cad4c57790cbc50781edd14870825a\",\"name\":\"Tuzla Info\",\"image\":{\"@type\":\"ImageObject\",\"inLanguage\":\"bs-BA\",\"@id\":\"https:\/\/tuzlainfo.ba\/#\/schema\/person\/image\/\",\"url\":\"https:\/\/tuzlainfo.ba\/wp-content\/litespeed\/avatar\/b6c453a6c38e3654f2e4416c643fc25c.jpg?ver=1777051911\",\"contentUrl\":\"https:\/\/tuzlainfo.ba\/wp-content\/litespeed\/avatar\/b6c453a6c38e3654f2e4416c643fc25c.jpg?ver=1777051911\",\"caption\":\"Tuzla Info\"}}]}<\/script>\n<!-- \/ Yoast SEO plugin. -->","yoast_head_json":{"title":"Tijelovo u Tuzli: Vjernici u molitvi i zahvalnosti - TuzlaInfo.ba","robots":{"index":"index","follow":"follow","max-snippet":"max-snippet:-1","max-image-preview":"max-image-preview:large","max-video-preview":"max-video-preview:-1"},"canonical":"https:\/\/tuzlainfo.ba\/index.php\/novosti\/item\/272214-tijelovo-u-tuzli-vjernici-u-molitvi-i-zahvalnosti\/","og_locale":"bs_BA","og_type":"article","og_title":"Tijelovo u Tuzli: Vjernici u molitvi i zahvalnosti - TuzlaInfo.ba","og_description":"U Franjeva\u010dkom samostanu svetog Petra i Pavla u Tuzli danas je sve\u010dano obilje\u017een blagdan Tijelova&hellip;","og_url":"https:\/\/tuzlainfo.ba\/index.php\/novosti\/item\/272214-tijelovo-u-tuzli-vjernici-u-molitvi-i-zahvalnosti\/","og_site_name":"TuzlaInfo.ba","article_publisher":"https:\/\/www.facebook.com\/tuzlainfo.ba\/","article_published_time":"2025-06-19T13:05:08+00:00","article_modified_time":"2025-06-19T11:14:23+00:00","og_image":[{"width":1482,"height":902,"url":"https:\/\/tuzlainfo.ba\/wp-content\/uploads\/2025\/06\/tijelovo.jpg","type":"image\/jpeg"}],"author":"Tuzla Info","twitter_card":"summary_large_image","twitter_misc":{"Written by":"Tuzla Info","Est. reading time":"1 minuta"},"schema":{"@context":"https:\/\/schema.org","@graph":[{"@type":"Article","@id":"https:\/\/tuzlainfo.ba\/index.php\/novosti\/item\/272214-tijelovo-u-tuzli-vjernici-u-molitvi-i-zahvalnosti\/#article","isPartOf":{"@id":"https:\/\/tuzlainfo.ba\/index.php\/novosti\/item\/272214-tijelovo-u-tuzli-vjernici-u-molitvi-i-zahvalnosti\/"},"author":{"name":"Tuzla Info","@id":"https:\/\/tuzlainfo.ba\/#\/schema\/person\/46cad4c57790cbc50781edd14870825a"},"headline":"Tijelovo u Tuzli: Vjernici u molitvi i zahvalnosti","datePublished":"2025-06-19T13:05:08+00:00","dateModified":"2025-06-19T11:14:23+00:00","mainEntityOfPage":{"@id":"https:\/\/tuzlainfo.ba\/index.php\/novosti\/item\/272214-tijelovo-u-tuzli-vjernici-u-molitvi-i-zahvalnosti\/"},"wordCount":159,"publisher":{"@id":"https:\/\/tuzlainfo.ba\/#organization"},"image":{"@id":"https:\/\/tuzlainfo.ba\/index.php\/novosti\/item\/272214-tijelovo-u-tuzli-vjernici-u-molitvi-i-zahvalnosti\/#primaryimage"},"thumbnailUrl":"https:\/\/tuzlainfo.ba\/wp-content\/uploads\/2025\/06\/tijelovo.jpg","keywords":["Franjeva\u010dki samostan Tuzla","tijelovo","tuzla"],"articleSection":["Istaknuto","Novosti"],"inLanguage":"bs-BA"},{"@type":"WebPage","@id":"https:\/\/tuzlainfo.ba\/index.php\/novosti\/item\/272214-tijelovo-u-tuzli-vjernici-u-molitvi-i-zahvalnosti\/","url":"https:\/\/tuzlainfo.ba\/index.php\/novosti\/item\/272214-tijelovo-u-tuzli-vjernici-u-molitvi-i-zahvalnosti\/","name":"Tijelovo u Tuzli: Vjernici u molitvi i zahvalnosti - TuzlaInfo.ba","isPartOf":{"@id":"https:\/\/tuzlainfo.ba\/#website"},"primaryImageOfPage":{"@id":"https:\/\/tuzlainfo.ba\/index.php\/novosti\/item\/272214-tijelovo-u-tuzli-vjernici-u-molitvi-i-zahvalnosti\/#primaryimage"},"image":{"@id":"https:\/\/tuzlainfo.ba\/index.php\/novosti\/item\/272214-tijelovo-u-tuzli-vjernici-u-molitvi-i-zahvalnosti\/#primaryimage"},"thumbnailUrl":"https:\/\/tuzlainfo.ba\/wp-content\/uploads\/2025\/06\/tijelovo.jpg","datePublished":"2025-06-19T13:05:08+00:00","dateModified":"2025-06-19T11:14:23+00:00","breadcrumb":{"@id":"https:\/\/tuzlainfo.ba\/index.php\/novosti\/item\/272214-tijelovo-u-tuzli-vjernici-u-molitvi-i-zahvalnosti\/#breadcrumb"},"inLanguage":"bs-BA","potentialAction":[{"@type":"ReadAction","target":["https:\/\/tuzlainfo.ba\/index.php\/novosti\/item\/272214-tijelovo-u-tuzli-vjernici-u-molitvi-i-zahvalnosti\/"]}]},{"@type":"ImageObject","inLanguage":"bs-BA","@id":"https:\/\/tuzlainfo.ba\/index.php\/novosti\/item\/272214-tijelovo-u-tuzli-vjernici-u-molitvi-i-zahvalnosti\/#primaryimage","url":"https:\/\/tuzlainfo.ba\/wp-content\/uploads\/2025\/06\/tijelovo.jpg","contentUrl":"https:\/\/tuzlainfo.ba\/wp-content\/uploads\/2025\/06\/tijelovo.jpg","width":1482,"height":902},{"@type":"BreadcrumbList","@id":"https:\/\/tuzlainfo.ba\/index.php\/novosti\/item\/272214-tijelovo-u-tuzli-vjernici-u-molitvi-i-zahvalnosti\/#breadcrumb","itemListElement":[{"@type":"ListItem","position":1,"name":"Home","item":"https:\/\/tuzlainfo.ba\/"},{"@type":"ListItem","position":2,"name":"Tijelovo u Tuzli: Vjernici u molitvi i zahvalnosti"}]},{"@type":"WebSite","@id":"https:\/\/tuzlainfo.ba\/#website","url":"https:\/\/tuzlainfo.ba\/","name":"TuzlaInfo.ba","description":"Tuzla info, gradski informator - Tuzla na dlanu","publisher":{"@id":"https:\/\/tuzlainfo.ba\/#organization"},"potentialAction":[{"@type":"SearchAction","target":{"@type":"EntryPoint","urlTemplate":"https:\/\/tuzlainfo.ba\/?s={search_term_string}"},"query-input":{"@type":"PropertyValueSpecification","valueRequired":true,"valueName":"search_term_string"}}],"inLanguage":"bs-BA"},{"@type":"Organization","@id":"https:\/\/tuzlainfo.ba\/#organization","name":"TuzlaInfo.ba","url":"https:\/\/tuzlainfo.ba\/","logo":{"@type":"ImageObject","inLanguage":"bs-BA","@id":"https:\/\/tuzlainfo.ba\/#\/schema\/logo\/image\/","url":"https:\/\/tuzlainfo.ba\/wp-content\/uploads\/2021\/03\/logo-ver-3-1.png","contentUrl":"https:\/\/tuzlainfo.ba\/wp-content\/uploads\/2021\/03\/logo-ver-3-1.png","width":350,"height":95,"caption":"TuzlaInfo.ba"},"image":{"@id":"https:\/\/tuzlainfo.ba\/#\/schema\/logo\/image\/"},"sameAs":["https:\/\/www.facebook.com\/tuzlainfo.ba\/"]},{"@type":"Person","@id":"https:\/\/tuzlainfo.ba\/#\/schema\/person\/46cad4c57790cbc50781edd14870825a","name":"Tuzla Info","image":{"@type":"ImageObject","inLanguage":"bs-BA","@id":"https:\/\/tuzlainfo.ba\/#\/schema\/person\/image\/","url":"https:\/\/tuzlainfo.ba\/wp-content\/litespeed\/avatar\/b6c453a6c38e3654f2e4416c643fc25c.jpg?ver=1777051911","contentUrl":"https:\/\/tuzlainfo.ba\/wp-content\/litespeed\/avatar\/b6c453a6c38e3654f2e4416c643fc25c.jpg?ver=1777051911","caption":"Tuzla Info"}}]}},"_links":{"self":[{"href":"https:\/\/tuzlainfo.ba\/index.php\/wp-json\/wp\/v2\/posts\/272214"}],"collection":[{"href":"https:\/\/tuzlainfo.ba\/index.php\/wp-json\/wp\/v2\/posts"}],"about":[{"href":"https:\/\/tuzlainfo.ba\/index.php\/wp-json\/wp\/v2\/types\/post"}],"author":[{"embeddable":true,"href":"https:\/\/tuzlainfo.ba\/index.php\/wp-json\/wp\/v2\/users\/4"}],"replies":[{"embeddable":true,"href":"https:\/\/tuzlainfo.ba\/index.php\/wp-json\/wp\/v2\/comments?post=272214"}],"version-history":[{"count":1,"href":"https:\/\/tuzlainfo.ba\/index.php\/wp-json\/wp\/v2\/posts\/272214\/revisions"}],"predecessor-version":[{"id":272220,"href":"https:\/\/tuzlainfo.ba\/index.php\/wp-json\/wp\/v2\/posts\/272214\/revisions\/272220"}],"wp:featuredmedia":[{"embeddable":true,"href":"https:\/\/tuzlainfo.ba\/index.php\/wp-json\/wp\/v2\/media\/272219"}],"wp:attachment":[{"href":"https:\/\/tuzlainfo.ba\/index.php\/wp-json\/wp\/v2\/media?parent=272214"}],"wp:term":[{"taxonomy":"category","embeddable":true,"href":"https:\/\/tuzlainfo.ba\/index.php\/wp-json\/wp\/v2\/categories?post=272214"},{"taxonomy":"post_tag","embeddable":true,"href":"https:\/\/tuzlainfo.ba\/index.php\/wp-json\/wp\/v2\/tags?post=272214"}],"curies":[{"name":"wp","href":"https:\/\/api.w.org\/{rel}","templated":true}]}}