{"id":272153,"date":"2025-06-18T17:14:34","date_gmt":"2025-06-18T15:14:34","guid":{"rendered":"https:\/\/tuzlainfo.ba\/?p=272153"},"modified":"2025-06-18T21:19:20","modified_gmt":"2025-06-18T19:19:20","slug":"roditelji-protiv-poskupljenja-usluga-u-ju-nase-dijete-tuzla-traze-odgovornost-nadleznih","status":"publish","type":"post","link":"https:\/\/tuzlainfo.ba\/index.php\/novosti\/item\/272153-roditelji-protiv-poskupljenja-usluga-u-ju-nase-dijete-tuzla-traze-odgovornost-nadleznih\/","title":{"rendered":"Roditelji protiv poskupljenja usluga u JU &#8220;Na\u0161e dijete&#8221; Tuzla, tra\u017ee odgovornost nadle\u017enih"},"content":{"rendered":"<p data-start=\"130\" data-end=\"452\">Vije\u0107e roditelja JU Obdani\u0161te &#8220;Na\u0161e dijete&#8221; Tuzla uputilo je javni apel u kojem izra\u017eava sna\u017eno nezadovoljstvo, zabrinutost i ogor\u010denost zbog na\u010dina upravljanja ovom javnom ustanovom, ali i zbog najavljenog poskupljenja usluga za 15 posto, o kojem roditelji \u2013 kako navode \u2013 nisu bili ni informisani, a kamoli konsultovani.<\/p>\n<p data-start=\"454\" data-end=\"872\">Roditelji tvrde da je prijedlog Odluke o pove\u0107anju cijena, koji \u0107e se na\u0107i pred vije\u0107nicima Gradskog vije\u0107a Tuzla u petak, 20. juna, donesen bez njihove saglasnosti i da je menad\u017ement ustanove iznio neistinite tvrdnje o podr\u0161ci roditelja tom prijedlogu. Posebno ukazuju na \u010dinjenicu da su poku\u0161aji informisanja drugih roditelja o zaklju\u010dcima sastanka sa upravom ustanove bili blokirani, \u0161to smatraju poku\u0161ajem cenzure.<\/p>\n<p data-start=\"874\" data-end=\"1403\">U pismu se podsje\u0107a da je 2023. godine cijena cjelodnevnog boravka pove\u0107ana sa 160 na 200 KM, \u010dime je naru\u0161en do tada va\u017ee\u0107i omjer tro\u0161kova izme\u0111u roditelja i osniva\u010da (50:50). Novo poskupljenje, prema navodima roditelja, dodatno bi opteretilo porodice jer bi ukupni godi\u0161nji iznos koji roditelji izdvajaju iznosio oko 3,5 miliona KM, dok Grad u\u010destvuje sa 2,9 miliona KM. Vije\u0107e roditelja isti\u010de da bi prihvatili pove\u0107anje od 10 posto, ali samo ako Grad preuzme jednak dio tro\u0161ka, po modelu 220 KM roditelji i 220 KM Grad Tuzla.<\/p>\n<p data-start=\"1405\" data-end=\"1728\">U saop\u0107enju se isti\u010du i ozbiljne optu\u017ebe na ra\u010dun rukovodstva ustanove, uklju\u010duju\u0107i nehuman radni ambijent za odgajateljice, manipulacije s ugovorima, te nedostatak podr\u0161ke i asistenata u radu s djecom. Roditelji tvrde da je njihova djeca smje\u0161tena u neuslovne prostorije, dok se gradska sredstva tro\u0161e na druge prioritete.<\/p>\n<p data-start=\"1730\" data-end=\"1997\">Vije\u0107e roditelja iznijelo je konkretne zahtjeve: hitno povla\u010denje Odluke o poskupljenju, provo\u0111enje nezavisne revizije poslovanja, smjenu trenutnog rukovodstva ustanove, javnu raspravu sa roditeljima, te pove\u0107anje izdvajanja iz gradskog bud\u017eeta za pred\u0161kolski sektor.<\/p>\n<p data-start=\"1999\" data-end=\"2298\">Na kraju apela, roditelji su pozvali gradske vije\u0107nike i gradona\u010delnika Tuzle Zijada Lugavi\u0107a da preuzmu odgovornost. Najavljuju poduzimanje svih demokratskih i pravnih koraka \u2013 od protesta do obra\u0107anja ombudsmanu i me\u0111unarodnim institucijama \u2013 kako bi za\u0161titili interese svoje djece.<\/p>\n","protected":false},"excerpt":{"rendered":"<p>Vije\u0107e roditelja JU Obdani\u0161te &#8220;Na\u0161e dijete&#8221; Tuzla uputilo je javni apel u kojem izra\u017eava sna\u017eno&hellip;<\/p>\n","protected":false},"author":2,"featured_media":172596,"comment_status":"closed","ping_status":"closed","sticky":false,"template":"","format":"standard","meta":{"_acf_changed":false,"footnotes":""},"categories":[304,12,306],"tags":[10949,8892,12119],"acf":[],"yoast_head":"<!-- This site is optimized with the Yoast SEO plugin v23.5 - https:\/\/yoast.com\/wordpress\/plugins\/seo\/ -->\n<title>Roditelji protiv poskupljenja usluga u JU &quot;Na\u0161e dijete&quot; Tuzla, tra\u017ee odgovornost nadle\u017enih - TuzlaInfo.ba<\/title>\n<meta name=\"robots\" content=\"index, follow, max-snippet:-1, max-image-preview:large, max-video-preview:-1\" \/>\n<link rel=\"canonical\" href=\"https:\/\/tuzlainfo.ba\/index.php\/novosti\/item\/272153-roditelji-protiv-poskupljenja-usluga-u-ju-nase-dijete-tuzla-traze-odgovornost-nadleznih\/\" \/>\n<meta property=\"og:locale\" content=\"bs_BA\" \/>\n<meta property=\"og:type\" content=\"article\" \/>\n<meta property=\"og:title\" content=\"Roditelji protiv poskupljenja usluga u JU &quot;Na\u0161e dijete&quot; Tuzla, tra\u017ee odgovornost nadle\u017enih - TuzlaInfo.ba\" \/>\n<meta property=\"og:description\" content=\"Vije\u0107e roditelja JU Obdani\u0161te &#8220;Na\u0161e dijete&#8221; Tuzla uputilo je javni apel u kojem izra\u017eava sna\u017eno&hellip;\" \/>\n<meta property=\"og:url\" content=\"https:\/\/tuzlainfo.ba\/index.php\/novosti\/item\/272153-roditelji-protiv-poskupljenja-usluga-u-ju-nase-dijete-tuzla-traze-odgovornost-nadleznih\/\" \/>\n<meta property=\"og:site_name\" content=\"TuzlaInfo.ba\" \/>\n<meta property=\"article:publisher\" content=\"https:\/\/www.facebook.com\/tuzlainfo.ba\/\" \/>\n<meta property=\"article:published_time\" content=\"2025-06-18T15:14:34+00:00\" \/>\n<meta property=\"article:modified_time\" content=\"2025-06-18T19:19:20+00:00\" \/>\n<meta property=\"og:image\" content=\"https:\/\/tuzlainfo.ba\/wp-content\/uploads\/2022\/05\/1905_obdaniste-1.jpg\" \/>\n\t<meta property=\"og:image:width\" content=\"1000\" \/>\n\t<meta property=\"og:image:height\" content=\"666\" \/>\n\t<meta property=\"og:image:type\" content=\"image\/jpeg\" \/>\n<meta name=\"author\" content=\"nedim\" \/>\n<meta name=\"twitter:card\" content=\"summary_large_image\" \/>\n<meta name=\"twitter:label1\" content=\"Written by\" \/>\n\t<meta name=\"twitter:data1\" content=\"nedim\" \/>\n\t<meta name=\"twitter:label2\" content=\"Est. reading time\" \/>\n\t<meta name=\"twitter:data2\" content=\"2 minute\" \/>\n<script type=\"application\/ld+json\" class=\"yoast-schema-graph\">{\"@context\":\"https:\/\/schema.org\",\"@graph\":[{\"@type\":\"Article\",\"@id\":\"https:\/\/tuzlainfo.ba\/index.php\/novosti\/item\/272153-roditelji-protiv-poskupljenja-usluga-u-ju-nase-dijete-tuzla-traze-odgovornost-nadleznih\/#article\",\"isPartOf\":{\"@id\":\"https:\/\/tuzlainfo.ba\/index.php\/novosti\/item\/272153-roditelji-protiv-poskupljenja-usluga-u-ju-nase-dijete-tuzla-traze-odgovornost-nadleznih\/\"},\"author\":{\"name\":\"nedim\",\"@id\":\"https:\/\/tuzlainfo.ba\/#\/schema\/person\/f434e20dc27ea133923aab08451b7f7f\"},\"headline\":\"Roditelji protiv poskupljenja usluga u JU &#8220;Na\u0161e dijete&#8221; Tuzla, tra\u017ee odgovornost nadle\u017enih\",\"datePublished\":\"2025-06-18T15:14:34+00:00\",\"dateModified\":\"2025-06-18T19:19:20+00:00\",\"mainEntityOfPage\":{\"@id\":\"https:\/\/tuzlainfo.ba\/index.php\/novosti\/item\/272153-roditelji-protiv-poskupljenja-usluga-u-ju-nase-dijete-tuzla-traze-odgovornost-nadleznih\/\"},\"wordCount\":365,\"publisher\":{\"@id\":\"https:\/\/tuzlainfo.ba\/#organization\"},\"image\":{\"@id\":\"https:\/\/tuzlainfo.ba\/index.php\/novosti\/item\/272153-roditelji-protiv-poskupljenja-usluga-u-ju-nase-dijete-tuzla-traze-odgovornost-nadleznih\/#primaryimage\"},\"thumbnailUrl\":\"https:\/\/tuzlainfo.ba\/wp-content\/uploads\/2022\/05\/1905_obdaniste-1.jpg\",\"keywords\":[\"ju na\u0161e dijete tuzla\",\"obdani\u0161ta\",\"vije\u0107e roditelja\"],\"articleSection\":[\"Istaknuto\",\"Novosti\",\"Preporu\u010dujemo\"],\"inLanguage\":\"bs-BA\"},{\"@type\":\"WebPage\",\"@id\":\"https:\/\/tuzlainfo.ba\/index.php\/novosti\/item\/272153-roditelji-protiv-poskupljenja-usluga-u-ju-nase-dijete-tuzla-traze-odgovornost-nadleznih\/\",\"url\":\"https:\/\/tuzlainfo.ba\/index.php\/novosti\/item\/272153-roditelji-protiv-poskupljenja-usluga-u-ju-nase-dijete-tuzla-traze-odgovornost-nadleznih\/\",\"name\":\"Roditelji protiv poskupljenja usluga u JU \\\"Na\u0161e dijete\\\" Tuzla, tra\u017ee odgovornost nadle\u017enih - TuzlaInfo.ba\",\"isPartOf\":{\"@id\":\"https:\/\/tuzlainfo.ba\/#website\"},\"primaryImageOfPage\":{\"@id\":\"https:\/\/tuzlainfo.ba\/index.php\/novosti\/item\/272153-roditelji-protiv-poskupljenja-usluga-u-ju-nase-dijete-tuzla-traze-odgovornost-nadleznih\/#primaryimage\"},\"image\":{\"@id\":\"https:\/\/tuzlainfo.ba\/index.php\/novosti\/item\/272153-roditelji-protiv-poskupljenja-usluga-u-ju-nase-dijete-tuzla-traze-odgovornost-nadleznih\/#primaryimage\"},\"thumbnailUrl\":\"https:\/\/tuzlainfo.ba\/wp-content\/uploads\/2022\/05\/1905_obdaniste-1.jpg\",\"datePublished\":\"2025-06-18T15:14:34+00:00\",\"dateModified\":\"2025-06-18T19:19:20+00:00\",\"breadcrumb\":{\"@id\":\"https:\/\/tuzlainfo.ba\/index.php\/novosti\/item\/272153-roditelji-protiv-poskupljenja-usluga-u-ju-nase-dijete-tuzla-traze-odgovornost-nadleznih\/#breadcrumb\"},\"inLanguage\":\"bs-BA\",\"potentialAction\":[{\"@type\":\"ReadAction\",\"target\":[\"https:\/\/tuzlainfo.ba\/index.php\/novosti\/item\/272153-roditelji-protiv-poskupljenja-usluga-u-ju-nase-dijete-tuzla-traze-odgovornost-nadleznih\/\"]}]},{\"@type\":\"ImageObject\",\"inLanguage\":\"bs-BA\",\"@id\":\"https:\/\/tuzlainfo.ba\/index.php\/novosti\/item\/272153-roditelji-protiv-poskupljenja-usluga-u-ju-nase-dijete-tuzla-traze-odgovornost-nadleznih\/#primaryimage\",\"url\":\"https:\/\/tuzlainfo.ba\/wp-content\/uploads\/2022\/05\/1905_obdaniste-1.jpg\",\"contentUrl\":\"https:\/\/tuzlainfo.ba\/wp-content\/uploads\/2022\/05\/1905_obdaniste-1.jpg\",\"width\":1000,\"height\":666,\"caption\":\"Ilustracija\"},{\"@type\":\"BreadcrumbList\",\"@id\":\"https:\/\/tuzlainfo.ba\/index.php\/novosti\/item\/272153-roditelji-protiv-poskupljenja-usluga-u-ju-nase-dijete-tuzla-traze-odgovornost-nadleznih\/#breadcrumb\",\"itemListElement\":[{\"@type\":\"ListItem\",\"position\":1,\"name\":\"Home\",\"item\":\"https:\/\/tuzlainfo.ba\/\"},{\"@type\":\"ListItem\",\"position\":2,\"name\":\"Roditelji protiv poskupljenja usluga u JU &#8220;Na\u0161e dijete&#8221; Tuzla, tra\u017ee odgovornost nadle\u017enih\"}]},{\"@type\":\"WebSite\",\"@id\":\"https:\/\/tuzlainfo.ba\/#website\",\"url\":\"https:\/\/tuzlainfo.ba\/\",\"name\":\"TuzlaInfo.ba\",\"description\":\"Tuzla info, gradski informator - Tuzla na dlanu\",\"publisher\":{\"@id\":\"https:\/\/tuzlainfo.ba\/#organization\"},\"potentialAction\":[{\"@type\":\"SearchAction\",\"target\":{\"@type\":\"EntryPoint\",\"urlTemplate\":\"https:\/\/tuzlainfo.ba\/?s={search_term_string}\"},\"query-input\":{\"@type\":\"PropertyValueSpecification\",\"valueRequired\":true,\"valueName\":\"search_term_string\"}}],\"inLanguage\":\"bs-BA\"},{\"@type\":\"Organization\",\"@id\":\"https:\/\/tuzlainfo.ba\/#organization\",\"name\":\"TuzlaInfo.ba\",\"url\":\"https:\/\/tuzlainfo.ba\/\",\"logo\":{\"@type\":\"ImageObject\",\"inLanguage\":\"bs-BA\",\"@id\":\"https:\/\/tuzlainfo.ba\/#\/schema\/logo\/image\/\",\"url\":\"https:\/\/tuzlainfo.ba\/wp-content\/uploads\/2021\/03\/logo-ver-3-1.png\",\"contentUrl\":\"https:\/\/tuzlainfo.ba\/wp-content\/uploads\/2021\/03\/logo-ver-3-1.png\",\"width\":350,\"height\":95,\"caption\":\"TuzlaInfo.ba\"},\"image\":{\"@id\":\"https:\/\/tuzlainfo.ba\/#\/schema\/logo\/image\/\"},\"sameAs\":[\"https:\/\/www.facebook.com\/tuzlainfo.ba\/\"]},{\"@type\":\"Person\",\"@id\":\"https:\/\/tuzlainfo.ba\/#\/schema\/person\/f434e20dc27ea133923aab08451b7f7f\",\"name\":\"nedim\",\"image\":{\"@type\":\"ImageObject\",\"inLanguage\":\"bs-BA\",\"@id\":\"https:\/\/tuzlainfo.ba\/#\/schema\/person\/image\/\",\"url\":\"https:\/\/tuzlainfo.ba\/wp-content\/litespeed\/avatar\/aabad687af24844af817603ac1cbdc4f.jpg?ver=1777306975\",\"contentUrl\":\"https:\/\/tuzlainfo.ba\/wp-content\/litespeed\/avatar\/aabad687af24844af817603ac1cbdc4f.jpg?ver=1777306975\",\"caption\":\"nedim\"},\"description\":\"Tuzlainfo.ba pratite na dru\u0161tvenim mre\u017eama: Facebook, Instagram i Youtube. Svoje pri\u010de, upite i fotografije \u0161aljite na na\u0161u e-mail adresu.\"}]}<\/script>\n<!-- \/ Yoast SEO plugin. -->","yoast_head_json":{"title":"Roditelji protiv poskupljenja usluga u JU \"Na\u0161e dijete\" Tuzla, tra\u017ee odgovornost nadle\u017enih - TuzlaInfo.ba","robots":{"index":"index","follow":"follow","max-snippet":"max-snippet:-1","max-image-preview":"max-image-preview:large","max-video-preview":"max-video-preview:-1"},"canonical":"https:\/\/tuzlainfo.ba\/index.php\/novosti\/item\/272153-roditelji-protiv-poskupljenja-usluga-u-ju-nase-dijete-tuzla-traze-odgovornost-nadleznih\/","og_locale":"bs_BA","og_type":"article","og_title":"Roditelji protiv poskupljenja usluga u JU \"Na\u0161e dijete\" Tuzla, tra\u017ee odgovornost nadle\u017enih - TuzlaInfo.ba","og_description":"Vije\u0107e roditelja JU Obdani\u0161te &#8220;Na\u0161e dijete&#8221; Tuzla uputilo je javni apel u kojem izra\u017eava sna\u017eno&hellip;","og_url":"https:\/\/tuzlainfo.ba\/index.php\/novosti\/item\/272153-roditelji-protiv-poskupljenja-usluga-u-ju-nase-dijete-tuzla-traze-odgovornost-nadleznih\/","og_site_name":"TuzlaInfo.ba","article_publisher":"https:\/\/www.facebook.com\/tuzlainfo.ba\/","article_published_time":"2025-06-18T15:14:34+00:00","article_modified_time":"2025-06-18T19:19:20+00:00","og_image":[{"width":1000,"height":666,"url":"https:\/\/tuzlainfo.ba\/wp-content\/uploads\/2022\/05\/1905_obdaniste-1.jpg","type":"image\/jpeg"}],"author":"nedim","twitter_card":"summary_large_image","twitter_misc":{"Written by":"nedim","Est. reading time":"2 minute"},"schema":{"@context":"https:\/\/schema.org","@graph":[{"@type":"Article","@id":"https:\/\/tuzlainfo.ba\/index.php\/novosti\/item\/272153-roditelji-protiv-poskupljenja-usluga-u-ju-nase-dijete-tuzla-traze-odgovornost-nadleznih\/#article","isPartOf":{"@id":"https:\/\/tuzlainfo.ba\/index.php\/novosti\/item\/272153-roditelji-protiv-poskupljenja-usluga-u-ju-nase-dijete-tuzla-traze-odgovornost-nadleznih\/"},"author":{"name":"nedim","@id":"https:\/\/tuzlainfo.ba\/#\/schema\/person\/f434e20dc27ea133923aab08451b7f7f"},"headline":"Roditelji protiv poskupljenja usluga u JU &#8220;Na\u0161e dijete&#8221; Tuzla, tra\u017ee odgovornost nadle\u017enih","datePublished":"2025-06-18T15:14:34+00:00","dateModified":"2025-06-18T19:19:20+00:00","mainEntityOfPage":{"@id":"https:\/\/tuzlainfo.ba\/index.php\/novosti\/item\/272153-roditelji-protiv-poskupljenja-usluga-u-ju-nase-dijete-tuzla-traze-odgovornost-nadleznih\/"},"wordCount":365,"publisher":{"@id":"https:\/\/tuzlainfo.ba\/#organization"},"image":{"@id":"https:\/\/tuzlainfo.ba\/index.php\/novosti\/item\/272153-roditelji-protiv-poskupljenja-usluga-u-ju-nase-dijete-tuzla-traze-odgovornost-nadleznih\/#primaryimage"},"thumbnailUrl":"https:\/\/tuzlainfo.ba\/wp-content\/uploads\/2022\/05\/1905_obdaniste-1.jpg","keywords":["ju na\u0161e dijete tuzla","obdani\u0161ta","vije\u0107e roditelja"],"articleSection":["Istaknuto","Novosti","Preporu\u010dujemo"],"inLanguage":"bs-BA"},{"@type":"WebPage","@id":"https:\/\/tuzlainfo.ba\/index.php\/novosti\/item\/272153-roditelji-protiv-poskupljenja-usluga-u-ju-nase-dijete-tuzla-traze-odgovornost-nadleznih\/","url":"https:\/\/tuzlainfo.ba\/index.php\/novosti\/item\/272153-roditelji-protiv-poskupljenja-usluga-u-ju-nase-dijete-tuzla-traze-odgovornost-nadleznih\/","name":"Roditelji protiv poskupljenja usluga u JU \"Na\u0161e dijete\" Tuzla, tra\u017ee odgovornost nadle\u017enih - TuzlaInfo.ba","isPartOf":{"@id":"https:\/\/tuzlainfo.ba\/#website"},"primaryImageOfPage":{"@id":"https:\/\/tuzlainfo.ba\/index.php\/novosti\/item\/272153-roditelji-protiv-poskupljenja-usluga-u-ju-nase-dijete-tuzla-traze-odgovornost-nadleznih\/#primaryimage"},"image":{"@id":"https:\/\/tuzlainfo.ba\/index.php\/novosti\/item\/272153-roditelji-protiv-poskupljenja-usluga-u-ju-nase-dijete-tuzla-traze-odgovornost-nadleznih\/#primaryimage"},"thumbnailUrl":"https:\/\/tuzlainfo.ba\/wp-content\/uploads\/2022\/05\/1905_obdaniste-1.jpg","datePublished":"2025-06-18T15:14:34+00:00","dateModified":"2025-06-18T19:19:20+00:00","breadcrumb":{"@id":"https:\/\/tuzlainfo.ba\/index.php\/novosti\/item\/272153-roditelji-protiv-poskupljenja-usluga-u-ju-nase-dijete-tuzla-traze-odgovornost-nadleznih\/#breadcrumb"},"inLanguage":"bs-BA","potentialAction":[{"@type":"ReadAction","target":["https:\/\/tuzlainfo.ba\/index.php\/novosti\/item\/272153-roditelji-protiv-poskupljenja-usluga-u-ju-nase-dijete-tuzla-traze-odgovornost-nadleznih\/"]}]},{"@type":"ImageObject","inLanguage":"bs-BA","@id":"https:\/\/tuzlainfo.ba\/index.php\/novosti\/item\/272153-roditelji-protiv-poskupljenja-usluga-u-ju-nase-dijete-tuzla-traze-odgovornost-nadleznih\/#primaryimage","url":"https:\/\/tuzlainfo.ba\/wp-content\/uploads\/2022\/05\/1905_obdaniste-1.jpg","contentUrl":"https:\/\/tuzlainfo.ba\/wp-content\/uploads\/2022\/05\/1905_obdaniste-1.jpg","width":1000,"height":666,"caption":"Ilustracija"},{"@type":"BreadcrumbList","@id":"https:\/\/tuzlainfo.ba\/index.php\/novosti\/item\/272153-roditelji-protiv-poskupljenja-usluga-u-ju-nase-dijete-tuzla-traze-odgovornost-nadleznih\/#breadcrumb","itemListElement":[{"@type":"ListItem","position":1,"name":"Home","item":"https:\/\/tuzlainfo.ba\/"},{"@type":"ListItem","position":2,"name":"Roditelji protiv poskupljenja usluga u JU &#8220;Na\u0161e dijete&#8221; Tuzla, tra\u017ee odgovornost nadle\u017enih"}]},{"@type":"WebSite","@id":"https:\/\/tuzlainfo.ba\/#website","url":"https:\/\/tuzlainfo.ba\/","name":"TuzlaInfo.ba","description":"Tuzla info, gradski informator - Tuzla na dlanu","publisher":{"@id":"https:\/\/tuzlainfo.ba\/#organization"},"potentialAction":[{"@type":"SearchAction","target":{"@type":"EntryPoint","urlTemplate":"https:\/\/tuzlainfo.ba\/?s={search_term_string}"},"query-input":{"@type":"PropertyValueSpecification","valueRequired":true,"valueName":"search_term_string"}}],"inLanguage":"bs-BA"},{"@type":"Organization","@id":"https:\/\/tuzlainfo.ba\/#organization","name":"TuzlaInfo.ba","url":"https:\/\/tuzlainfo.ba\/","logo":{"@type":"ImageObject","inLanguage":"bs-BA","@id":"https:\/\/tuzlainfo.ba\/#\/schema\/logo\/image\/","url":"https:\/\/tuzlainfo.ba\/wp-content\/uploads\/2021\/03\/logo-ver-3-1.png","contentUrl":"https:\/\/tuzlainfo.ba\/wp-content\/uploads\/2021\/03\/logo-ver-3-1.png","width":350,"height":95,"caption":"TuzlaInfo.ba"},"image":{"@id":"https:\/\/tuzlainfo.ba\/#\/schema\/logo\/image\/"},"sameAs":["https:\/\/www.facebook.com\/tuzlainfo.ba\/"]},{"@type":"Person","@id":"https:\/\/tuzlainfo.ba\/#\/schema\/person\/f434e20dc27ea133923aab08451b7f7f","name":"nedim","image":{"@type":"ImageObject","inLanguage":"bs-BA","@id":"https:\/\/tuzlainfo.ba\/#\/schema\/person\/image\/","url":"https:\/\/tuzlainfo.ba\/wp-content\/litespeed\/avatar\/aabad687af24844af817603ac1cbdc4f.jpg?ver=1777306975","contentUrl":"https:\/\/tuzlainfo.ba\/wp-content\/litespeed\/avatar\/aabad687af24844af817603ac1cbdc4f.jpg?ver=1777306975","caption":"nedim"},"description":"Tuzlainfo.ba pratite na dru\u0161tvenim mre\u017eama: Facebook, Instagram i Youtube. Svoje pri\u010de, upite i fotografije \u0161aljite na na\u0161u e-mail adresu."}]}},"_links":{"self":[{"href":"https:\/\/tuzlainfo.ba\/index.php\/wp-json\/wp\/v2\/posts\/272153"}],"collection":[{"href":"https:\/\/tuzlainfo.ba\/index.php\/wp-json\/wp\/v2\/posts"}],"about":[{"href":"https:\/\/tuzlainfo.ba\/index.php\/wp-json\/wp\/v2\/types\/post"}],"author":[{"embeddable":true,"href":"https:\/\/tuzlainfo.ba\/index.php\/wp-json\/wp\/v2\/users\/2"}],"replies":[{"embeddable":true,"href":"https:\/\/tuzlainfo.ba\/index.php\/wp-json\/wp\/v2\/comments?post=272153"}],"version-history":[{"count":1,"href":"https:\/\/tuzlainfo.ba\/index.php\/wp-json\/wp\/v2\/posts\/272153\/revisions"}],"predecessor-version":[{"id":272154,"href":"https:\/\/tuzlainfo.ba\/index.php\/wp-json\/wp\/v2\/posts\/272153\/revisions\/272154"}],"wp:featuredmedia":[{"embeddable":true,"href":"https:\/\/tuzlainfo.ba\/index.php\/wp-json\/wp\/v2\/media\/172596"}],"wp:attachment":[{"href":"https:\/\/tuzlainfo.ba\/index.php\/wp-json\/wp\/v2\/media?parent=272153"}],"wp:term":[{"taxonomy":"category","embeddable":true,"href":"https:\/\/tuzlainfo.ba\/index.php\/wp-json\/wp\/v2\/categories?post=272153"},{"taxonomy":"post_tag","embeddable":true,"href":"https:\/\/tuzlainfo.ba\/index.php\/wp-json\/wp\/v2\/tags?post=272153"}],"curies":[{"name":"wp","href":"https:\/\/api.w.org\/{rel}","templated":true}]}}