{"id":272106,"date":"2025-06-18T11:52:13","date_gmt":"2025-06-18T09:52:13","guid":{"rendered":"https:\/\/tuzlainfo.ba\/?p=272106"},"modified":"2025-06-18T11:53:38","modified_gmt":"2025-06-18T09:53:38","slug":"oglasila-se-policija-o-nesreci-u-bistarcu-teze-povrijedjena-zena","status":"publish","type":"post","link":"https:\/\/tuzlainfo.ba\/index.php\/istaknuto\/item\/272106-oglasila-se-policija-o-nesreci-u-bistarcu-teze-povrijedjena-zena\/","title":{"rendered":"Oglasila se policija o nesre\u0107i u Bistarcu, te\u017ee povrije\u0111ena \u017eena"},"content":{"rendered":"<p data-start=\"166\" data-end=\"396\">Na magistralnom putu M-4, u mjestu Bistarac, jutros je do\u0161lo do te\u017ee saobra\u0107ajne nezgode u kojoj je povrije\u0111ena jedna osoba. Nezgoda se dogodila u srijedu, 18. juna 2025. godine, oko 7:40 sati, u blizini objekta betonare &#8220;Reweus&#8221;.<\/p>\n<p data-start=\"398\" data-end=\"585\">U nesre\u0107i su u\u010destvovali teretno motorno vozilo marke Man, kojim je upravljao B.M. (1974) iz Tuzle, i putni\u010dko motorno vozilo Renault Clio, kojim je upravljala A.H. (1977) iz Lukavca.<\/p>\n<p data-start=\"587\" data-end=\"845\">Prema informacijama iz Uprave policije MUP-a Tuzlanskog kantona, voza\u010dica Renaulta zadobila je te\u0161ke tjelesne povrede te je vozilom Slu\u017ebe hitne medicinske pomo\u0107i Doma zdravlja Lukavac prevezena i zadr\u017eana na lije\u010denju u Klinici za hirurgiju JZU UKC Tuzla.<\/p>\n<p data-start=\"847\" data-end=\"1095\">Uvi\u0111aj su obavili istra\u017eitelji Odjeljenja kriminalisti\u010dke policije PU Lukavac, uz asistenciju policijskih slu\u017ebenika PS Lukavac. Saobra\u0107aj na ovoj dionici bio je potpuno obustavljen u periodu od 7:45 do 9:30 sati, nakon \u010dega je ponovo uspostavljen.<\/p>\n","protected":false},"excerpt":{"rendered":"<p>Na magistralnom putu M-4, u mjestu Bistarac, jutros je do\u0161lo do te\u017ee saobra\u0107ajne nezgode u&hellip;<\/p>\n","protected":false},"author":4,"featured_media":272107,"comment_status":"closed","ping_status":"closed","sticky":false,"template":"","format":"standard","meta":{"_acf_changed":false,"footnotes":""},"categories":[304,12],"tags":[338,4157],"acf":[],"yoast_head":"<!-- This site is optimized with the Yoast SEO plugin v23.5 - https:\/\/yoast.com\/wordpress\/plugins\/seo\/ -->\n<title>Oglasila se policija o nesre\u0107i u Bistarcu, te\u017ee povrije\u0111ena \u017eena - TuzlaInfo.ba<\/title>\n<meta name=\"robots\" content=\"index, follow, max-snippet:-1, max-image-preview:large, max-video-preview:-1\" \/>\n<link rel=\"canonical\" href=\"https:\/\/tuzlainfo.ba\/index.php\/novosti\/item\/272106-oglasila-se-policija-o-nesreci-u-bistarcu-teze-povrijedjena-zena\/\" \/>\n<meta property=\"og:locale\" content=\"bs_BA\" \/>\n<meta property=\"og:type\" content=\"article\" \/>\n<meta property=\"og:title\" content=\"Oglasila se policija o nesre\u0107i u Bistarcu, te\u017ee povrije\u0111ena \u017eena - TuzlaInfo.ba\" \/>\n<meta property=\"og:description\" content=\"Na magistralnom putu M-4, u mjestu Bistarac, jutros je do\u0161lo do te\u017ee saobra\u0107ajne nezgode u&hellip;\" \/>\n<meta property=\"og:url\" content=\"https:\/\/tuzlainfo.ba\/index.php\/novosti\/item\/272106-oglasila-se-policija-o-nesreci-u-bistarcu-teze-povrijedjena-zena\/\" \/>\n<meta property=\"og:site_name\" content=\"TuzlaInfo.ba\" \/>\n<meta property=\"article:publisher\" content=\"https:\/\/www.facebook.com\/tuzlainfo.ba\/\" \/>\n<meta property=\"article:published_time\" content=\"2025-06-18T09:52:13+00:00\" \/>\n<meta property=\"article:modified_time\" content=\"2025-06-18T09:53:38+00:00\" \/>\n<meta property=\"og:image\" content=\"https:\/\/tuzlainfo.ba\/wp-content\/uploads\/2025\/06\/nesreca-lukavac.jpg\" \/>\n\t<meta property=\"og:image:width\" content=\"780\" \/>\n\t<meta property=\"og:image:height\" content=\"293\" \/>\n\t<meta property=\"og:image:type\" content=\"image\/jpeg\" \/>\n<meta name=\"author\" content=\"Tuzla Info\" \/>\n<meta name=\"twitter:card\" content=\"summary_large_image\" \/>\n<meta name=\"twitter:label1\" content=\"Written by\" \/>\n\t<meta name=\"twitter:data1\" content=\"Tuzla Info\" \/>\n\t<meta name=\"twitter:label2\" content=\"Est. reading time\" \/>\n\t<meta name=\"twitter:data2\" content=\"1 minuta\" \/>\n<script type=\"application\/ld+json\" class=\"yoast-schema-graph\">{\"@context\":\"https:\/\/schema.org\",\"@graph\":[{\"@type\":\"Article\",\"@id\":\"https:\/\/tuzlainfo.ba\/index.php\/novosti\/item\/272106-oglasila-se-policija-o-nesreci-u-bistarcu-teze-povrijedjena-zena\/#article\",\"isPartOf\":{\"@id\":\"https:\/\/tuzlainfo.ba\/index.php\/novosti\/item\/272106-oglasila-se-policija-o-nesreci-u-bistarcu-teze-povrijedjena-zena\/\"},\"author\":{\"name\":\"Tuzla Info\",\"@id\":\"https:\/\/tuzlainfo.ba\/#\/schema\/person\/46cad4c57790cbc50781edd14870825a\"},\"headline\":\"Oglasila se policija o nesre\u0107i u Bistarcu, te\u017ee povrije\u0111ena \u017eena\",\"datePublished\":\"2025-06-18T09:52:13+00:00\",\"dateModified\":\"2025-06-18T09:53:38+00:00\",\"mainEntityOfPage\":{\"@id\":\"https:\/\/tuzlainfo.ba\/index.php\/novosti\/item\/272106-oglasila-se-policija-o-nesreci-u-bistarcu-teze-povrijedjena-zena\/\"},\"wordCount\":164,\"publisher\":{\"@id\":\"https:\/\/tuzlainfo.ba\/#organization\"},\"image\":{\"@id\":\"https:\/\/tuzlainfo.ba\/index.php\/novosti\/item\/272106-oglasila-se-policija-o-nesreci-u-bistarcu-teze-povrijedjena-zena\/#primaryimage\"},\"thumbnailUrl\":\"https:\/\/tuzlainfo.ba\/wp-content\/uploads\/2025\/06\/nesreca-lukavac.jpg\",\"keywords\":[\"saobracajna nesreca\",\"Uprava policije MUP TK\"],\"articleSection\":[\"Istaknuto\",\"Novosti\"],\"inLanguage\":\"bs-BA\"},{\"@type\":\"WebPage\",\"@id\":\"https:\/\/tuzlainfo.ba\/index.php\/novosti\/item\/272106-oglasila-se-policija-o-nesreci-u-bistarcu-teze-povrijedjena-zena\/\",\"url\":\"https:\/\/tuzlainfo.ba\/index.php\/novosti\/item\/272106-oglasila-se-policija-o-nesreci-u-bistarcu-teze-povrijedjena-zena\/\",\"name\":\"Oglasila se policija o nesre\u0107i u Bistarcu, te\u017ee povrije\u0111ena \u017eena - TuzlaInfo.ba\",\"isPartOf\":{\"@id\":\"https:\/\/tuzlainfo.ba\/#website\"},\"primaryImageOfPage\":{\"@id\":\"https:\/\/tuzlainfo.ba\/index.php\/novosti\/item\/272106-oglasila-se-policija-o-nesreci-u-bistarcu-teze-povrijedjena-zena\/#primaryimage\"},\"image\":{\"@id\":\"https:\/\/tuzlainfo.ba\/index.php\/novosti\/item\/272106-oglasila-se-policija-o-nesreci-u-bistarcu-teze-povrijedjena-zena\/#primaryimage\"},\"thumbnailUrl\":\"https:\/\/tuzlainfo.ba\/wp-content\/uploads\/2025\/06\/nesreca-lukavac.jpg\",\"datePublished\":\"2025-06-18T09:52:13+00:00\",\"dateModified\":\"2025-06-18T09:53:38+00:00\",\"breadcrumb\":{\"@id\":\"https:\/\/tuzlainfo.ba\/index.php\/novosti\/item\/272106-oglasila-se-policija-o-nesreci-u-bistarcu-teze-povrijedjena-zena\/#breadcrumb\"},\"inLanguage\":\"bs-BA\",\"potentialAction\":[{\"@type\":\"ReadAction\",\"target\":[\"https:\/\/tuzlainfo.ba\/index.php\/novosti\/item\/272106-oglasila-se-policija-o-nesreci-u-bistarcu-teze-povrijedjena-zena\/\"]}]},{\"@type\":\"ImageObject\",\"inLanguage\":\"bs-BA\",\"@id\":\"https:\/\/tuzlainfo.ba\/index.php\/novosti\/item\/272106-oglasila-se-policija-o-nesreci-u-bistarcu-teze-povrijedjena-zena\/#primaryimage\",\"url\":\"https:\/\/tuzlainfo.ba\/wp-content\/uploads\/2025\/06\/nesreca-lukavac.jpg\",\"contentUrl\":\"https:\/\/tuzlainfo.ba\/wp-content\/uploads\/2025\/06\/nesreca-lukavac.jpg\",\"width\":780,\"height\":293},{\"@type\":\"BreadcrumbList\",\"@id\":\"https:\/\/tuzlainfo.ba\/index.php\/novosti\/item\/272106-oglasila-se-policija-o-nesreci-u-bistarcu-teze-povrijedjena-zena\/#breadcrumb\",\"itemListElement\":[{\"@type\":\"ListItem\",\"position\":1,\"name\":\"Home\",\"item\":\"https:\/\/tuzlainfo.ba\/\"},{\"@type\":\"ListItem\",\"position\":2,\"name\":\"Oglasila se policija o nesre\u0107i u Bistarcu, te\u017ee povrije\u0111ena \u017eena\"}]},{\"@type\":\"WebSite\",\"@id\":\"https:\/\/tuzlainfo.ba\/#website\",\"url\":\"https:\/\/tuzlainfo.ba\/\",\"name\":\"TuzlaInfo.ba\",\"description\":\"Tuzla info, gradski informator - Tuzla na dlanu\",\"publisher\":{\"@id\":\"https:\/\/tuzlainfo.ba\/#organization\"},\"potentialAction\":[{\"@type\":\"SearchAction\",\"target\":{\"@type\":\"EntryPoint\",\"urlTemplate\":\"https:\/\/tuzlainfo.ba\/?s={search_term_string}\"},\"query-input\":{\"@type\":\"PropertyValueSpecification\",\"valueRequired\":true,\"valueName\":\"search_term_string\"}}],\"inLanguage\":\"bs-BA\"},{\"@type\":\"Organization\",\"@id\":\"https:\/\/tuzlainfo.ba\/#organization\",\"name\":\"TuzlaInfo.ba\",\"url\":\"https:\/\/tuzlainfo.ba\/\",\"logo\":{\"@type\":\"ImageObject\",\"inLanguage\":\"bs-BA\",\"@id\":\"https:\/\/tuzlainfo.ba\/#\/schema\/logo\/image\/\",\"url\":\"https:\/\/tuzlainfo.ba\/wp-content\/uploads\/2021\/03\/logo-ver-3-1.png\",\"contentUrl\":\"https:\/\/tuzlainfo.ba\/wp-content\/uploads\/2021\/03\/logo-ver-3-1.png\",\"width\":350,\"height\":95,\"caption\":\"TuzlaInfo.ba\"},\"image\":{\"@id\":\"https:\/\/tuzlainfo.ba\/#\/schema\/logo\/image\/\"},\"sameAs\":[\"https:\/\/www.facebook.com\/tuzlainfo.ba\/\"]},{\"@type\":\"Person\",\"@id\":\"https:\/\/tuzlainfo.ba\/#\/schema\/person\/46cad4c57790cbc50781edd14870825a\",\"name\":\"Tuzla Info\",\"image\":{\"@type\":\"ImageObject\",\"inLanguage\":\"bs-BA\",\"@id\":\"https:\/\/tuzlainfo.ba\/#\/schema\/person\/image\/\",\"url\":\"https:\/\/tuzlainfo.ba\/wp-content\/litespeed\/avatar\/b6c453a6c38e3654f2e4416c643fc25c.jpg?ver=1777051911\",\"contentUrl\":\"https:\/\/tuzlainfo.ba\/wp-content\/litespeed\/avatar\/b6c453a6c38e3654f2e4416c643fc25c.jpg?ver=1777051911\",\"caption\":\"Tuzla Info\"}}]}<\/script>\n<!-- \/ Yoast SEO plugin. -->","yoast_head_json":{"title":"Oglasila se policija o nesre\u0107i u Bistarcu, te\u017ee povrije\u0111ena \u017eena - TuzlaInfo.ba","robots":{"index":"index","follow":"follow","max-snippet":"max-snippet:-1","max-image-preview":"max-image-preview:large","max-video-preview":"max-video-preview:-1"},"canonical":"https:\/\/tuzlainfo.ba\/index.php\/novosti\/item\/272106-oglasila-se-policija-o-nesreci-u-bistarcu-teze-povrijedjena-zena\/","og_locale":"bs_BA","og_type":"article","og_title":"Oglasila se policija o nesre\u0107i u Bistarcu, te\u017ee povrije\u0111ena \u017eena - TuzlaInfo.ba","og_description":"Na magistralnom putu M-4, u mjestu Bistarac, jutros je do\u0161lo do te\u017ee saobra\u0107ajne nezgode u&hellip;","og_url":"https:\/\/tuzlainfo.ba\/index.php\/novosti\/item\/272106-oglasila-se-policija-o-nesreci-u-bistarcu-teze-povrijedjena-zena\/","og_site_name":"TuzlaInfo.ba","article_publisher":"https:\/\/www.facebook.com\/tuzlainfo.ba\/","article_published_time":"2025-06-18T09:52:13+00:00","article_modified_time":"2025-06-18T09:53:38+00:00","og_image":[{"width":780,"height":293,"url":"https:\/\/tuzlainfo.ba\/wp-content\/uploads\/2025\/06\/nesreca-lukavac.jpg","type":"image\/jpeg"}],"author":"Tuzla Info","twitter_card":"summary_large_image","twitter_misc":{"Written by":"Tuzla Info","Est. reading time":"1 minuta"},"schema":{"@context":"https:\/\/schema.org","@graph":[{"@type":"Article","@id":"https:\/\/tuzlainfo.ba\/index.php\/novosti\/item\/272106-oglasila-se-policija-o-nesreci-u-bistarcu-teze-povrijedjena-zena\/#article","isPartOf":{"@id":"https:\/\/tuzlainfo.ba\/index.php\/novosti\/item\/272106-oglasila-se-policija-o-nesreci-u-bistarcu-teze-povrijedjena-zena\/"},"author":{"name":"Tuzla Info","@id":"https:\/\/tuzlainfo.ba\/#\/schema\/person\/46cad4c57790cbc50781edd14870825a"},"headline":"Oglasila se policija o nesre\u0107i u Bistarcu, te\u017ee povrije\u0111ena \u017eena","datePublished":"2025-06-18T09:52:13+00:00","dateModified":"2025-06-18T09:53:38+00:00","mainEntityOfPage":{"@id":"https:\/\/tuzlainfo.ba\/index.php\/novosti\/item\/272106-oglasila-se-policija-o-nesreci-u-bistarcu-teze-povrijedjena-zena\/"},"wordCount":164,"publisher":{"@id":"https:\/\/tuzlainfo.ba\/#organization"},"image":{"@id":"https:\/\/tuzlainfo.ba\/index.php\/novosti\/item\/272106-oglasila-se-policija-o-nesreci-u-bistarcu-teze-povrijedjena-zena\/#primaryimage"},"thumbnailUrl":"https:\/\/tuzlainfo.ba\/wp-content\/uploads\/2025\/06\/nesreca-lukavac.jpg","keywords":["saobracajna nesreca","Uprava policije MUP TK"],"articleSection":["Istaknuto","Novosti"],"inLanguage":"bs-BA"},{"@type":"WebPage","@id":"https:\/\/tuzlainfo.ba\/index.php\/novosti\/item\/272106-oglasila-se-policija-o-nesreci-u-bistarcu-teze-povrijedjena-zena\/","url":"https:\/\/tuzlainfo.ba\/index.php\/novosti\/item\/272106-oglasila-se-policija-o-nesreci-u-bistarcu-teze-povrijedjena-zena\/","name":"Oglasila se policija o nesre\u0107i u Bistarcu, te\u017ee povrije\u0111ena \u017eena - TuzlaInfo.ba","isPartOf":{"@id":"https:\/\/tuzlainfo.ba\/#website"},"primaryImageOfPage":{"@id":"https:\/\/tuzlainfo.ba\/index.php\/novosti\/item\/272106-oglasila-se-policija-o-nesreci-u-bistarcu-teze-povrijedjena-zena\/#primaryimage"},"image":{"@id":"https:\/\/tuzlainfo.ba\/index.php\/novosti\/item\/272106-oglasila-se-policija-o-nesreci-u-bistarcu-teze-povrijedjena-zena\/#primaryimage"},"thumbnailUrl":"https:\/\/tuzlainfo.ba\/wp-content\/uploads\/2025\/06\/nesreca-lukavac.jpg","datePublished":"2025-06-18T09:52:13+00:00","dateModified":"2025-06-18T09:53:38+00:00","breadcrumb":{"@id":"https:\/\/tuzlainfo.ba\/index.php\/novosti\/item\/272106-oglasila-se-policija-o-nesreci-u-bistarcu-teze-povrijedjena-zena\/#breadcrumb"},"inLanguage":"bs-BA","potentialAction":[{"@type":"ReadAction","target":["https:\/\/tuzlainfo.ba\/index.php\/novosti\/item\/272106-oglasila-se-policija-o-nesreci-u-bistarcu-teze-povrijedjena-zena\/"]}]},{"@type":"ImageObject","inLanguage":"bs-BA","@id":"https:\/\/tuzlainfo.ba\/index.php\/novosti\/item\/272106-oglasila-se-policija-o-nesreci-u-bistarcu-teze-povrijedjena-zena\/#primaryimage","url":"https:\/\/tuzlainfo.ba\/wp-content\/uploads\/2025\/06\/nesreca-lukavac.jpg","contentUrl":"https:\/\/tuzlainfo.ba\/wp-content\/uploads\/2025\/06\/nesreca-lukavac.jpg","width":780,"height":293},{"@type":"BreadcrumbList","@id":"https:\/\/tuzlainfo.ba\/index.php\/novosti\/item\/272106-oglasila-se-policija-o-nesreci-u-bistarcu-teze-povrijedjena-zena\/#breadcrumb","itemListElement":[{"@type":"ListItem","position":1,"name":"Home","item":"https:\/\/tuzlainfo.ba\/"},{"@type":"ListItem","position":2,"name":"Oglasila se policija o nesre\u0107i u Bistarcu, te\u017ee povrije\u0111ena \u017eena"}]},{"@type":"WebSite","@id":"https:\/\/tuzlainfo.ba\/#website","url":"https:\/\/tuzlainfo.ba\/","name":"TuzlaInfo.ba","description":"Tuzla info, gradski informator - Tuzla na dlanu","publisher":{"@id":"https:\/\/tuzlainfo.ba\/#organization"},"potentialAction":[{"@type":"SearchAction","target":{"@type":"EntryPoint","urlTemplate":"https:\/\/tuzlainfo.ba\/?s={search_term_string}"},"query-input":{"@type":"PropertyValueSpecification","valueRequired":true,"valueName":"search_term_string"}}],"inLanguage":"bs-BA"},{"@type":"Organization","@id":"https:\/\/tuzlainfo.ba\/#organization","name":"TuzlaInfo.ba","url":"https:\/\/tuzlainfo.ba\/","logo":{"@type":"ImageObject","inLanguage":"bs-BA","@id":"https:\/\/tuzlainfo.ba\/#\/schema\/logo\/image\/","url":"https:\/\/tuzlainfo.ba\/wp-content\/uploads\/2021\/03\/logo-ver-3-1.png","contentUrl":"https:\/\/tuzlainfo.ba\/wp-content\/uploads\/2021\/03\/logo-ver-3-1.png","width":350,"height":95,"caption":"TuzlaInfo.ba"},"image":{"@id":"https:\/\/tuzlainfo.ba\/#\/schema\/logo\/image\/"},"sameAs":["https:\/\/www.facebook.com\/tuzlainfo.ba\/"]},{"@type":"Person","@id":"https:\/\/tuzlainfo.ba\/#\/schema\/person\/46cad4c57790cbc50781edd14870825a","name":"Tuzla Info","image":{"@type":"ImageObject","inLanguage":"bs-BA","@id":"https:\/\/tuzlainfo.ba\/#\/schema\/person\/image\/","url":"https:\/\/tuzlainfo.ba\/wp-content\/litespeed\/avatar\/b6c453a6c38e3654f2e4416c643fc25c.jpg?ver=1777051911","contentUrl":"https:\/\/tuzlainfo.ba\/wp-content\/litespeed\/avatar\/b6c453a6c38e3654f2e4416c643fc25c.jpg?ver=1777051911","caption":"Tuzla Info"}}]}},"_links":{"self":[{"href":"https:\/\/tuzlainfo.ba\/index.php\/wp-json\/wp\/v2\/posts\/272106"}],"collection":[{"href":"https:\/\/tuzlainfo.ba\/index.php\/wp-json\/wp\/v2\/posts"}],"about":[{"href":"https:\/\/tuzlainfo.ba\/index.php\/wp-json\/wp\/v2\/types\/post"}],"author":[{"embeddable":true,"href":"https:\/\/tuzlainfo.ba\/index.php\/wp-json\/wp\/v2\/users\/4"}],"replies":[{"embeddable":true,"href":"https:\/\/tuzlainfo.ba\/index.php\/wp-json\/wp\/v2\/comments?post=272106"}],"version-history":[{"count":2,"href":"https:\/\/tuzlainfo.ba\/index.php\/wp-json\/wp\/v2\/posts\/272106\/revisions"}],"predecessor-version":[{"id":272110,"href":"https:\/\/tuzlainfo.ba\/index.php\/wp-json\/wp\/v2\/posts\/272106\/revisions\/272110"}],"wp:featuredmedia":[{"embeddable":true,"href":"https:\/\/tuzlainfo.ba\/index.php\/wp-json\/wp\/v2\/media\/272107"}],"wp:attachment":[{"href":"https:\/\/tuzlainfo.ba\/index.php\/wp-json\/wp\/v2\/media?parent=272106"}],"wp:term":[{"taxonomy":"category","embeddable":true,"href":"https:\/\/tuzlainfo.ba\/index.php\/wp-json\/wp\/v2\/categories?post=272106"},{"taxonomy":"post_tag","embeddable":true,"href":"https:\/\/tuzlainfo.ba\/index.php\/wp-json\/wp\/v2\/tags?post=272106"}],"curies":[{"name":"wp","href":"https:\/\/api.w.org\/{rel}","templated":true}]}}