{"id":271849,"date":"2025-06-15T12:01:46","date_gmt":"2025-06-15T10:01:46","guid":{"rendered":"https:\/\/tuzlainfo.ba\/?p=271849"},"modified":"2025-06-15T17:26:09","modified_gmt":"2025-06-15T15:26:09","slug":"zbog-porasta-troskova-i-plata-za-koliko-poskupljuje-participacija-u-tuzlanskim-vrticima","status":"publish","type":"post","link":"https:\/\/tuzlainfo.ba\/index.php\/novosti\/item\/271849-zbog-porasta-troskova-i-plata-za-koliko-poskupljuje-participacija-u-tuzlanskim-vrticima\/","title":{"rendered":"Zbog porasta tro\u0161kova i plata: Za koliko poskupljuje participacija u tuzlanskim vrti\u0107ima?"},"content":{"rendered":"<p data-start=\"140\" data-end=\"464\">Gradsko vije\u0107e Tuzle na narednoj sjednici razmatrat \u0107e dono\u0161enje Odluke o davanju prethodne saglasnosti na novu Odluku Upravnog odbora Javne ustanove za pred\u0161kolski odgoj i obrazovanje \u201eNa\u0161e dijete\u201c Tuzla, kojom su definisani novi iznosi participacije korisnika usluga i izmijenjeni kriteriji za njihovo umanjenje.<\/p>\n<p data-start=\"466\" data-end=\"757\">Prema prijedlogu Upravnog odbora, participacija za <strong data-start=\"517\" data-end=\"546\">cjelodnevni boravak djece<\/strong> pove\u0107ava se sa <strong data-start=\"562\" data-end=\"588\">200,00 KM na 230,00 KM<\/strong>, a za <strong data-start=\"595\" data-end=\"617\">poludnevni boravak<\/strong> sa <strong data-start=\"621\" data-end=\"647\">150,00 KM na 170,00 KM<\/strong>. Pove\u0107anje iznosi 15%, odnosno 13,33% u odnosu na dosada\u0161nje cijene, koje su u primjeni bile od 2023. godine.<\/p>\n<p data-start=\"759\" data-end=\"1358\">Odluka predvi\u0111a i <strong data-start=\"777\" data-end=\"825\">izmjene kriterija za umanjenje participacije<\/strong>, pri \u010demu se procenat umanjenja u slu\u010daju odsustva djeteta zbog godi\u0161njeg odmora ili bolesti smanjuje sa dosada\u0161njih 30% na <strong data-start=\"950\" data-end=\"975\">20% po danu izostanka<\/strong>. Tako\u0111er, za djecu \u0161kolskog uzrasta koja koriste produ\u017eeni boravak, procenat umanjenja za vrijeme zimskog raspusta umanjuje se sa 50% na <strong data-start=\"1113\" data-end=\"1138\">30% po danu izostanka<\/strong>. Ne mijenjaju se kriteriji za umanjenje participacije u slu\u010daju neprekidnog odsustva od najmanje mjesec dana (50% umanjenje, maksimalno dva mjeseca godi\u0161nje), kao ni umanjenje za roditelje sa dvoje ili vi\u0161e djece (10%).<\/p>\n<h3 data-start=\"759\" data-end=\"1358\">Pove\u0107ani tro\u0161kovi poslovanja<\/h3>\n<p data-start=\"1360\" data-end=\"1685\">Izmjene su predlo\u017eene u kontekstu <strong data-start=\"1394\" data-end=\"1435\">rastu\u0107ih tro\u0161kova poslovanja Ustanove<\/strong>, posebno nakon pove\u0107anja minimalne pla\u0107e na 1.000 KM, rasta tro\u0161kova energenata, prehrambenih proizvoda i drugih operativnih izdataka. Prema elaboratu koji prati odluku, tro\u0161ak osnovnih namirnica pove\u0107an je za skoro <strong data-start=\"1652\" data-end=\"1684\">54% u odnosu na 2022. godinu<\/strong>.<\/p>\n<p data-start=\"1687\" data-end=\"2123\">Analizom operativnog plana prihoda i rashoda za 2025. godinu utvr\u0111eno je da se, bez pove\u0107anja participacije, ne mo\u017ee osigurati stabilno finansiranje rada Ustanove, uprkos pove\u0107anom transferu iz Bud\u017eeta Grada Tuzle za 13% u odnosu na 2024. godinu.<\/p>\n<p data-start=\"1687\" data-end=\"2123\">O\u010dekuje se da bi novo uve\u0107anje cijena donijelo dodatnih <strong data-start=\"1990\" data-end=\"2012\">39.000 KM mjese\u010dno<\/strong>, dok bi razliku nedostaju\u0107ih sredstava od oko <strong data-start=\"2059\" data-end=\"2073\">150.000 KM<\/strong> Grad Tuzla planirao osigurati rebalansom bud\u017eeta.<\/p>\n<p data-start=\"2125\" data-end=\"2312\">U slu\u017ebenoj analizi se navodi da je dono\u0161enje nove Odluke nu\u017eno za o\u010duvanje postoje\u0107eg nivoa usluga u JU \u201eNa\u0161e dijete\u201c, a prijedlog je upu\u0107en Gradskom vije\u0107u Tuzla na davanje saglasnosti.<strong>\/Tuzlainfo.ba.\/<\/strong><\/p>\n","protected":false},"excerpt":{"rendered":"<p>Gradsko vije\u0107e Tuzle na narednoj sjednici razmatrat \u0107e dono\u0161enje Odluke o davanju prethodne saglasnosti na&hellip;<\/p>\n","protected":false},"author":2,"featured_media":80561,"comment_status":"closed","ping_status":"closed","sticky":false,"template":"","format":"standard","meta":{"_acf_changed":false,"footnotes":""},"categories":[304,12,306],"tags":[10949,5155],"acf":[],"yoast_head":"<!-- This site is optimized with the Yoast SEO plugin v23.5 - https:\/\/yoast.com\/wordpress\/plugins\/seo\/ -->\n<title>Zbog porasta tro\u0161kova i plata: Za koliko poskupljuje participacija u tuzlanskim vrti\u0107ima? - TuzlaInfo.ba<\/title>\n<meta name=\"description\" content=\"Gradsko vije\u0107e Tuzla razmatra pove\u0107anje participacije u vrti\u0107ima JU \u201eNa\u0161e dijete\u201c, uz izmjene kriterija za umanjenje i planirano pove\u0107anje prihoda.\" \/>\n<meta name=\"robots\" content=\"index, follow, max-snippet:-1, max-image-preview:large, max-video-preview:-1\" \/>\n<link rel=\"canonical\" href=\"https:\/\/tuzlainfo.ba\/index.php\/novosti\/item\/271849-zbog-porasta-troskova-i-plata-za-koliko-poskupljuje-participacija-u-tuzlanskim-vrticima\/\" \/>\n<meta property=\"og:locale\" content=\"bs_BA\" \/>\n<meta property=\"og:type\" content=\"article\" \/>\n<meta property=\"og:title\" content=\"Zbog porasta tro\u0161kova i plata: Za koliko poskupljuje participacija u tuzlanskim vrti\u0107ima? - TuzlaInfo.ba\" \/>\n<meta property=\"og:description\" content=\"Gradsko vije\u0107e Tuzla razmatra pove\u0107anje participacije u vrti\u0107ima JU \u201eNa\u0161e dijete\u201c, uz izmjene kriterija za umanjenje i planirano pove\u0107anje prihoda.\" \/>\n<meta property=\"og:url\" content=\"https:\/\/tuzlainfo.ba\/index.php\/novosti\/item\/271849-zbog-porasta-troskova-i-plata-za-koliko-poskupljuje-participacija-u-tuzlanskim-vrticima\/\" \/>\n<meta property=\"og:site_name\" content=\"TuzlaInfo.ba\" \/>\n<meta property=\"article:publisher\" content=\"https:\/\/www.facebook.com\/tuzlainfo.ba\/\" \/>\n<meta property=\"article:published_time\" content=\"2025-06-15T10:01:46+00:00\" \/>\n<meta property=\"article:modified_time\" content=\"2025-06-15T15:26:09+00:00\" \/>\n<meta property=\"og:image\" content=\"https:\/\/tuzlainfo.ba\/wp-content\/uploads\/2020\/06\/sadrzaj_2020_20200601_2806_obdaniste.jpg\" \/>\n\t<meta property=\"og:image:width\" content=\"770\" \/>\n\t<meta property=\"og:image:height\" content=\"479\" \/>\n\t<meta property=\"og:image:type\" content=\"image\/jpeg\" \/>\n<meta name=\"author\" content=\"nedim\" \/>\n<meta name=\"twitter:card\" content=\"summary_large_image\" \/>\n<meta name=\"twitter:label1\" content=\"Written by\" \/>\n\t<meta name=\"twitter:data1\" content=\"nedim\" \/>\n\t<meta name=\"twitter:label2\" content=\"Est. reading time\" \/>\n\t<meta name=\"twitter:data2\" content=\"2 minute\" \/>\n<script type=\"application\/ld+json\" class=\"yoast-schema-graph\">{\"@context\":\"https:\/\/schema.org\",\"@graph\":[{\"@type\":\"Article\",\"@id\":\"https:\/\/tuzlainfo.ba\/index.php\/novosti\/item\/271849-zbog-porasta-troskova-i-plata-za-koliko-poskupljuje-participacija-u-tuzlanskim-vrticima\/#article\",\"isPartOf\":{\"@id\":\"https:\/\/tuzlainfo.ba\/index.php\/novosti\/item\/271849-zbog-porasta-troskova-i-plata-za-koliko-poskupljuje-participacija-u-tuzlanskim-vrticima\/\"},\"author\":{\"name\":\"nedim\",\"@id\":\"https:\/\/tuzlainfo.ba\/#\/schema\/person\/f434e20dc27ea133923aab08451b7f7f\"},\"headline\":\"Zbog porasta tro\u0161kova i plata: Za koliko poskupljuje participacija u tuzlanskim vrti\u0107ima?\",\"datePublished\":\"2025-06-15T10:01:46+00:00\",\"dateModified\":\"2025-06-15T15:26:09+00:00\",\"mainEntityOfPage\":{\"@id\":\"https:\/\/tuzlainfo.ba\/index.php\/novosti\/item\/271849-zbog-porasta-troskova-i-plata-za-koliko-poskupljuje-participacija-u-tuzlanskim-vrticima\/\"},\"wordCount\":355,\"publisher\":{\"@id\":\"https:\/\/tuzlainfo.ba\/#organization\"},\"image\":{\"@id\":\"https:\/\/tuzlainfo.ba\/index.php\/novosti\/item\/271849-zbog-porasta-troskova-i-plata-za-koliko-poskupljuje-participacija-u-tuzlanskim-vrticima\/#primaryimage\"},\"thumbnailUrl\":\"https:\/\/tuzlainfo.ba\/wp-content\/uploads\/2020\/06\/sadrzaj_2020_20200601_2806_obdaniste.jpg\",\"keywords\":[\"ju na\u0161e dijete tuzla\",\"obdani\u0161te\"],\"articleSection\":[\"Istaknuto\",\"Novosti\",\"Preporu\u010dujemo\"],\"inLanguage\":\"bs-BA\"},{\"@type\":\"WebPage\",\"@id\":\"https:\/\/tuzlainfo.ba\/index.php\/novosti\/item\/271849-zbog-porasta-troskova-i-plata-za-koliko-poskupljuje-participacija-u-tuzlanskim-vrticima\/\",\"url\":\"https:\/\/tuzlainfo.ba\/index.php\/novosti\/item\/271849-zbog-porasta-troskova-i-plata-za-koliko-poskupljuje-participacija-u-tuzlanskim-vrticima\/\",\"name\":\"Zbog porasta tro\u0161kova i plata: Za koliko poskupljuje participacija u tuzlanskim vrti\u0107ima? - TuzlaInfo.ba\",\"isPartOf\":{\"@id\":\"https:\/\/tuzlainfo.ba\/#website\"},\"primaryImageOfPage\":{\"@id\":\"https:\/\/tuzlainfo.ba\/index.php\/novosti\/item\/271849-zbog-porasta-troskova-i-plata-za-koliko-poskupljuje-participacija-u-tuzlanskim-vrticima\/#primaryimage\"},\"image\":{\"@id\":\"https:\/\/tuzlainfo.ba\/index.php\/novosti\/item\/271849-zbog-porasta-troskova-i-plata-za-koliko-poskupljuje-participacija-u-tuzlanskim-vrticima\/#primaryimage\"},\"thumbnailUrl\":\"https:\/\/tuzlainfo.ba\/wp-content\/uploads\/2020\/06\/sadrzaj_2020_20200601_2806_obdaniste.jpg\",\"datePublished\":\"2025-06-15T10:01:46+00:00\",\"dateModified\":\"2025-06-15T15:26:09+00:00\",\"description\":\"Gradsko vije\u0107e Tuzla razmatra pove\u0107anje participacije u vrti\u0107ima JU \u201eNa\u0161e dijete\u201c, uz izmjene kriterija za umanjenje i planirano pove\u0107anje prihoda.\",\"breadcrumb\":{\"@id\":\"https:\/\/tuzlainfo.ba\/index.php\/novosti\/item\/271849-zbog-porasta-troskova-i-plata-za-koliko-poskupljuje-participacija-u-tuzlanskim-vrticima\/#breadcrumb\"},\"inLanguage\":\"bs-BA\",\"potentialAction\":[{\"@type\":\"ReadAction\",\"target\":[\"https:\/\/tuzlainfo.ba\/index.php\/novosti\/item\/271849-zbog-porasta-troskova-i-plata-za-koliko-poskupljuje-participacija-u-tuzlanskim-vrticima\/\"]}]},{\"@type\":\"ImageObject\",\"inLanguage\":\"bs-BA\",\"@id\":\"https:\/\/tuzlainfo.ba\/index.php\/novosti\/item\/271849-zbog-porasta-troskova-i-plata-za-koliko-poskupljuje-participacija-u-tuzlanskim-vrticima\/#primaryimage\",\"url\":\"https:\/\/tuzlainfo.ba\/wp-content\/uploads\/2020\/06\/sadrzaj_2020_20200601_2806_obdaniste.jpg\",\"contentUrl\":\"https:\/\/tuzlainfo.ba\/wp-content\/uploads\/2020\/06\/sadrzaj_2020_20200601_2806_obdaniste.jpg\",\"width\":770,\"height\":479,\"caption\":\"2806 obdaniste\"},{\"@type\":\"BreadcrumbList\",\"@id\":\"https:\/\/tuzlainfo.ba\/index.php\/novosti\/item\/271849-zbog-porasta-troskova-i-plata-za-koliko-poskupljuje-participacija-u-tuzlanskim-vrticima\/#breadcrumb\",\"itemListElement\":[{\"@type\":\"ListItem\",\"position\":1,\"name\":\"Home\",\"item\":\"https:\/\/tuzlainfo.ba\/\"},{\"@type\":\"ListItem\",\"position\":2,\"name\":\"Zbog porasta tro\u0161kova i plata: Za koliko poskupljuje participacija u tuzlanskim vrti\u0107ima?\"}]},{\"@type\":\"WebSite\",\"@id\":\"https:\/\/tuzlainfo.ba\/#website\",\"url\":\"https:\/\/tuzlainfo.ba\/\",\"name\":\"TuzlaInfo.ba\",\"description\":\"Tuzla info, gradski informator - Tuzla na dlanu\",\"publisher\":{\"@id\":\"https:\/\/tuzlainfo.ba\/#organization\"},\"potentialAction\":[{\"@type\":\"SearchAction\",\"target\":{\"@type\":\"EntryPoint\",\"urlTemplate\":\"https:\/\/tuzlainfo.ba\/?s={search_term_string}\"},\"query-input\":{\"@type\":\"PropertyValueSpecification\",\"valueRequired\":true,\"valueName\":\"search_term_string\"}}],\"inLanguage\":\"bs-BA\"},{\"@type\":\"Organization\",\"@id\":\"https:\/\/tuzlainfo.ba\/#organization\",\"name\":\"TuzlaInfo.ba\",\"url\":\"https:\/\/tuzlainfo.ba\/\",\"logo\":{\"@type\":\"ImageObject\",\"inLanguage\":\"bs-BA\",\"@id\":\"https:\/\/tuzlainfo.ba\/#\/schema\/logo\/image\/\",\"url\":\"https:\/\/tuzlainfo.ba\/wp-content\/uploads\/2021\/03\/logo-ver-3-1.png\",\"contentUrl\":\"https:\/\/tuzlainfo.ba\/wp-content\/uploads\/2021\/03\/logo-ver-3-1.png\",\"width\":350,\"height\":95,\"caption\":\"TuzlaInfo.ba\"},\"image\":{\"@id\":\"https:\/\/tuzlainfo.ba\/#\/schema\/logo\/image\/\"},\"sameAs\":[\"https:\/\/www.facebook.com\/tuzlainfo.ba\/\"]},{\"@type\":\"Person\",\"@id\":\"https:\/\/tuzlainfo.ba\/#\/schema\/person\/f434e20dc27ea133923aab08451b7f7f\",\"name\":\"nedim\",\"image\":{\"@type\":\"ImageObject\",\"inLanguage\":\"bs-BA\",\"@id\":\"https:\/\/tuzlainfo.ba\/#\/schema\/person\/image\/\",\"url\":\"https:\/\/tuzlainfo.ba\/wp-content\/litespeed\/avatar\/aabad687af24844af817603ac1cbdc4f.jpg?ver=1777306975\",\"contentUrl\":\"https:\/\/tuzlainfo.ba\/wp-content\/litespeed\/avatar\/aabad687af24844af817603ac1cbdc4f.jpg?ver=1777306975\",\"caption\":\"nedim\"},\"description\":\"Tuzlainfo.ba pratite na dru\u0161tvenim mre\u017eama: Facebook, Instagram i Youtube. Svoje pri\u010de, upite i fotografije \u0161aljite na na\u0161u e-mail adresu.\"}]}<\/script>\n<!-- \/ Yoast SEO plugin. -->","yoast_head_json":{"title":"Zbog porasta tro\u0161kova i plata: Za koliko poskupljuje participacija u tuzlanskim vrti\u0107ima? - TuzlaInfo.ba","description":"Gradsko vije\u0107e Tuzla razmatra pove\u0107anje participacije u vrti\u0107ima JU \u201eNa\u0161e dijete\u201c, uz izmjene kriterija za umanjenje i planirano pove\u0107anje prihoda.","robots":{"index":"index","follow":"follow","max-snippet":"max-snippet:-1","max-image-preview":"max-image-preview:large","max-video-preview":"max-video-preview:-1"},"canonical":"https:\/\/tuzlainfo.ba\/index.php\/novosti\/item\/271849-zbog-porasta-troskova-i-plata-za-koliko-poskupljuje-participacija-u-tuzlanskim-vrticima\/","og_locale":"bs_BA","og_type":"article","og_title":"Zbog porasta tro\u0161kova i plata: Za koliko poskupljuje participacija u tuzlanskim vrti\u0107ima? - TuzlaInfo.ba","og_description":"Gradsko vije\u0107e Tuzla razmatra pove\u0107anje participacije u vrti\u0107ima JU \u201eNa\u0161e dijete\u201c, uz izmjene kriterija za umanjenje i planirano pove\u0107anje prihoda.","og_url":"https:\/\/tuzlainfo.ba\/index.php\/novosti\/item\/271849-zbog-porasta-troskova-i-plata-za-koliko-poskupljuje-participacija-u-tuzlanskim-vrticima\/","og_site_name":"TuzlaInfo.ba","article_publisher":"https:\/\/www.facebook.com\/tuzlainfo.ba\/","article_published_time":"2025-06-15T10:01:46+00:00","article_modified_time":"2025-06-15T15:26:09+00:00","og_image":[{"width":770,"height":479,"url":"https:\/\/tuzlainfo.ba\/wp-content\/uploads\/2020\/06\/sadrzaj_2020_20200601_2806_obdaniste.jpg","type":"image\/jpeg"}],"author":"nedim","twitter_card":"summary_large_image","twitter_misc":{"Written by":"nedim","Est. reading time":"2 minute"},"schema":{"@context":"https:\/\/schema.org","@graph":[{"@type":"Article","@id":"https:\/\/tuzlainfo.ba\/index.php\/novosti\/item\/271849-zbog-porasta-troskova-i-plata-za-koliko-poskupljuje-participacija-u-tuzlanskim-vrticima\/#article","isPartOf":{"@id":"https:\/\/tuzlainfo.ba\/index.php\/novosti\/item\/271849-zbog-porasta-troskova-i-plata-za-koliko-poskupljuje-participacija-u-tuzlanskim-vrticima\/"},"author":{"name":"nedim","@id":"https:\/\/tuzlainfo.ba\/#\/schema\/person\/f434e20dc27ea133923aab08451b7f7f"},"headline":"Zbog porasta tro\u0161kova i plata: Za koliko poskupljuje participacija u tuzlanskim vrti\u0107ima?","datePublished":"2025-06-15T10:01:46+00:00","dateModified":"2025-06-15T15:26:09+00:00","mainEntityOfPage":{"@id":"https:\/\/tuzlainfo.ba\/index.php\/novosti\/item\/271849-zbog-porasta-troskova-i-plata-za-koliko-poskupljuje-participacija-u-tuzlanskim-vrticima\/"},"wordCount":355,"publisher":{"@id":"https:\/\/tuzlainfo.ba\/#organization"},"image":{"@id":"https:\/\/tuzlainfo.ba\/index.php\/novosti\/item\/271849-zbog-porasta-troskova-i-plata-za-koliko-poskupljuje-participacija-u-tuzlanskim-vrticima\/#primaryimage"},"thumbnailUrl":"https:\/\/tuzlainfo.ba\/wp-content\/uploads\/2020\/06\/sadrzaj_2020_20200601_2806_obdaniste.jpg","keywords":["ju na\u0161e dijete tuzla","obdani\u0161te"],"articleSection":["Istaknuto","Novosti","Preporu\u010dujemo"],"inLanguage":"bs-BA"},{"@type":"WebPage","@id":"https:\/\/tuzlainfo.ba\/index.php\/novosti\/item\/271849-zbog-porasta-troskova-i-plata-za-koliko-poskupljuje-participacija-u-tuzlanskim-vrticima\/","url":"https:\/\/tuzlainfo.ba\/index.php\/novosti\/item\/271849-zbog-porasta-troskova-i-plata-za-koliko-poskupljuje-participacija-u-tuzlanskim-vrticima\/","name":"Zbog porasta tro\u0161kova i plata: Za koliko poskupljuje participacija u tuzlanskim vrti\u0107ima? - TuzlaInfo.ba","isPartOf":{"@id":"https:\/\/tuzlainfo.ba\/#website"},"primaryImageOfPage":{"@id":"https:\/\/tuzlainfo.ba\/index.php\/novosti\/item\/271849-zbog-porasta-troskova-i-plata-za-koliko-poskupljuje-participacija-u-tuzlanskim-vrticima\/#primaryimage"},"image":{"@id":"https:\/\/tuzlainfo.ba\/index.php\/novosti\/item\/271849-zbog-porasta-troskova-i-plata-za-koliko-poskupljuje-participacija-u-tuzlanskim-vrticima\/#primaryimage"},"thumbnailUrl":"https:\/\/tuzlainfo.ba\/wp-content\/uploads\/2020\/06\/sadrzaj_2020_20200601_2806_obdaniste.jpg","datePublished":"2025-06-15T10:01:46+00:00","dateModified":"2025-06-15T15:26:09+00:00","description":"Gradsko vije\u0107e Tuzla razmatra pove\u0107anje participacije u vrti\u0107ima JU \u201eNa\u0161e dijete\u201c, uz izmjene kriterija za umanjenje i planirano pove\u0107anje prihoda.","breadcrumb":{"@id":"https:\/\/tuzlainfo.ba\/index.php\/novosti\/item\/271849-zbog-porasta-troskova-i-plata-za-koliko-poskupljuje-participacija-u-tuzlanskim-vrticima\/#breadcrumb"},"inLanguage":"bs-BA","potentialAction":[{"@type":"ReadAction","target":["https:\/\/tuzlainfo.ba\/index.php\/novosti\/item\/271849-zbog-porasta-troskova-i-plata-za-koliko-poskupljuje-participacija-u-tuzlanskim-vrticima\/"]}]},{"@type":"ImageObject","inLanguage":"bs-BA","@id":"https:\/\/tuzlainfo.ba\/index.php\/novosti\/item\/271849-zbog-porasta-troskova-i-plata-za-koliko-poskupljuje-participacija-u-tuzlanskim-vrticima\/#primaryimage","url":"https:\/\/tuzlainfo.ba\/wp-content\/uploads\/2020\/06\/sadrzaj_2020_20200601_2806_obdaniste.jpg","contentUrl":"https:\/\/tuzlainfo.ba\/wp-content\/uploads\/2020\/06\/sadrzaj_2020_20200601_2806_obdaniste.jpg","width":770,"height":479,"caption":"2806 obdaniste"},{"@type":"BreadcrumbList","@id":"https:\/\/tuzlainfo.ba\/index.php\/novosti\/item\/271849-zbog-porasta-troskova-i-plata-za-koliko-poskupljuje-participacija-u-tuzlanskim-vrticima\/#breadcrumb","itemListElement":[{"@type":"ListItem","position":1,"name":"Home","item":"https:\/\/tuzlainfo.ba\/"},{"@type":"ListItem","position":2,"name":"Zbog porasta tro\u0161kova i plata: Za koliko poskupljuje participacija u tuzlanskim vrti\u0107ima?"}]},{"@type":"WebSite","@id":"https:\/\/tuzlainfo.ba\/#website","url":"https:\/\/tuzlainfo.ba\/","name":"TuzlaInfo.ba","description":"Tuzla info, gradski informator - Tuzla na dlanu","publisher":{"@id":"https:\/\/tuzlainfo.ba\/#organization"},"potentialAction":[{"@type":"SearchAction","target":{"@type":"EntryPoint","urlTemplate":"https:\/\/tuzlainfo.ba\/?s={search_term_string}"},"query-input":{"@type":"PropertyValueSpecification","valueRequired":true,"valueName":"search_term_string"}}],"inLanguage":"bs-BA"},{"@type":"Organization","@id":"https:\/\/tuzlainfo.ba\/#organization","name":"TuzlaInfo.ba","url":"https:\/\/tuzlainfo.ba\/","logo":{"@type":"ImageObject","inLanguage":"bs-BA","@id":"https:\/\/tuzlainfo.ba\/#\/schema\/logo\/image\/","url":"https:\/\/tuzlainfo.ba\/wp-content\/uploads\/2021\/03\/logo-ver-3-1.png","contentUrl":"https:\/\/tuzlainfo.ba\/wp-content\/uploads\/2021\/03\/logo-ver-3-1.png","width":350,"height":95,"caption":"TuzlaInfo.ba"},"image":{"@id":"https:\/\/tuzlainfo.ba\/#\/schema\/logo\/image\/"},"sameAs":["https:\/\/www.facebook.com\/tuzlainfo.ba\/"]},{"@type":"Person","@id":"https:\/\/tuzlainfo.ba\/#\/schema\/person\/f434e20dc27ea133923aab08451b7f7f","name":"nedim","image":{"@type":"ImageObject","inLanguage":"bs-BA","@id":"https:\/\/tuzlainfo.ba\/#\/schema\/person\/image\/","url":"https:\/\/tuzlainfo.ba\/wp-content\/litespeed\/avatar\/aabad687af24844af817603ac1cbdc4f.jpg?ver=1777306975","contentUrl":"https:\/\/tuzlainfo.ba\/wp-content\/litespeed\/avatar\/aabad687af24844af817603ac1cbdc4f.jpg?ver=1777306975","caption":"nedim"},"description":"Tuzlainfo.ba pratite na dru\u0161tvenim mre\u017eama: Facebook, Instagram i Youtube. Svoje pri\u010de, upite i fotografije \u0161aljite na na\u0161u e-mail adresu."}]}},"_links":{"self":[{"href":"https:\/\/tuzlainfo.ba\/index.php\/wp-json\/wp\/v2\/posts\/271849"}],"collection":[{"href":"https:\/\/tuzlainfo.ba\/index.php\/wp-json\/wp\/v2\/posts"}],"about":[{"href":"https:\/\/tuzlainfo.ba\/index.php\/wp-json\/wp\/v2\/types\/post"}],"author":[{"embeddable":true,"href":"https:\/\/tuzlainfo.ba\/index.php\/wp-json\/wp\/v2\/users\/2"}],"replies":[{"embeddable":true,"href":"https:\/\/tuzlainfo.ba\/index.php\/wp-json\/wp\/v2\/comments?post=271849"}],"version-history":[{"count":1,"href":"https:\/\/tuzlainfo.ba\/index.php\/wp-json\/wp\/v2\/posts\/271849\/revisions"}],"predecessor-version":[{"id":271850,"href":"https:\/\/tuzlainfo.ba\/index.php\/wp-json\/wp\/v2\/posts\/271849\/revisions\/271850"}],"wp:featuredmedia":[{"embeddable":true,"href":"https:\/\/tuzlainfo.ba\/index.php\/wp-json\/wp\/v2\/media\/80561"}],"wp:attachment":[{"href":"https:\/\/tuzlainfo.ba\/index.php\/wp-json\/wp\/v2\/media?parent=271849"}],"wp:term":[{"taxonomy":"category","embeddable":true,"href":"https:\/\/tuzlainfo.ba\/index.php\/wp-json\/wp\/v2\/categories?post=271849"},{"taxonomy":"post_tag","embeddable":true,"href":"https:\/\/tuzlainfo.ba\/index.php\/wp-json\/wp\/v2\/tags?post=271849"}],"curies":[{"name":"wp","href":"https:\/\/api.w.org\/{rel}","templated":true}]}}