{"id":271483,"date":"2025-06-11T08:28:26","date_gmt":"2025-06-11T06:28:26","guid":{"rendered":"https:\/\/tuzlainfo.ba\/?p=271483"},"modified":"2025-06-11T08:28:26","modified_gmt":"2025-06-11T06:28:26","slug":"otvorena-proba-ukud-a-zvonko-ceric-na-trgu-slobode-pretvorila-se-u-praznik-tradicije-i-dobrog-raspolozenja","status":"publish","type":"post","link":"https:\/\/tuzlainfo.ba\/index.php\/novosti\/item\/271483-otvorena-proba-ukud-a-zvonko-ceric-na-trgu-slobode-pretvorila-se-u-praznik-tradicije-i-dobrog-raspolozenja\/","title":{"rendered":"Otvorena proba UKUD-a &#8220;Zvonko Ceri\u0107&#8221; na Trgu slobode pretvorila se u praznik tradicije i dobrog raspolo\u017eenja"},"content":{"rendered":"<p data-start=\"102\" data-end=\"512\">Otvorena proba Univerzitetskog kulturno-umjetni\u010dkog dru\u0161tva \u201cZvonko Ceri\u0107\u201d, odr\u017eana sino\u0107 na Trgu slobode u Tuzli, privukla je veliki broj gra\u0111ana koji su s odu\u0161evljenjem pratili kako izgleda svakodnevni rad ovog ansambla. ,<\/p>\n<p data-start=\"102\" data-end=\"512\">Umjesto uobi\u010dajenog nastupa, \u010dlanovi su publici omogu\u0107ili jedinstven uvid u proces priprema folklorne, muzi\u010dke i vokalne postave \u2013 spoj umjetni\u010dkog izraza i otvorenog dijaloga s publikom.<\/p>\n<p data-start=\"514\" data-end=\"873\">Posebnu pa\u017enju izazvalo je vjerovatno najve\u0107e kolo koje je Trg slobode do sada vidio, u kojem su se spojili sada\u0161nji \u010dlanovi ansambla, gosti, slu\u010dajni prolaznici i publika. Interaktivni karakter probe omogu\u0107io je svima zainteresiranima da se priklju\u010de, zaple\u0161u i osjete duh zajedni\u0161tva kojim UKUD \u201cZvonko Ceri\u0107\u201d ve\u0107 decenijama njeguje i \u010duva kulturnu ba\u0161tinu.<\/p>\n<p data-start=\"875\" data-end=\"1338\">Sino\u0107nji doga\u0111aj obilje\u017eili su i izuzetno emotivni trenuci. Naime, na probi su se pojavili i biv\u0161i \u010dlanovi dru\u0161tva koji ve\u0107 godinama \u017eive u inostranstvu \u2013 stigli su iz Francuske i Njema\u010dke, neki kao publika, a neki nisu mogli odoljeti da se ne priklju\u010de kolu. Jedan od najdirljivijih trenutaka bio je kada je Muhamed Kulovi\u0107 \u2013 Kula, nakon vi\u0161e od 30 godina, ponovo zaigrao \u201cRugovo\u201d i \u201cDrenicu\u201d, tradicionalne kosovske igre, zajedno sa svojim nekada\u0161njim kolegama.<\/p>\n<p><iframe title=\"Tuzla: Veliko kolo na Trgu slobode\" width=\"1170\" height=\"658\" src=\"https:\/\/www.youtube.com\/embed\/rH5wLZmCMxA?feature=oembed\" frameborder=\"0\" allow=\"accelerometer; autoplay; clipboard-write; encrypted-media; gyroscope; picture-in-picture; web-share\" referrerpolicy=\"strict-origin-when-cross-origin\" allowfullscreen><\/iframe><\/p>\n<p><iframe title=\"UKUD &quot;Zvonko Ceri\u0107&quot; Tuzla - Javna proba na Trgu slobode u Tuzli\" width=\"1170\" height=\"658\" src=\"https:\/\/www.youtube.com\/embed\/cm9k2l0zctI?feature=oembed\" frameborder=\"0\" allow=\"accelerometer; autoplay; clipboard-write; encrypted-media; gyroscope; picture-in-picture; web-share\" referrerpolicy=\"strict-origin-when-cross-origin\" allowfullscreen><\/iframe><\/p>\n<p>&nbsp;<\/p>\n<p data-start=\"1340\" data-end=\"1527\" data-is-last-node=\"\" data-is-only-node=\"\">Osmijesi, zagrljaji i koraci puni sje\u0107anja pokazali su da je \u201cCeri\u0107\u201d vi\u0161e od kulturno-umjetni\u010dkog dru\u0161tva \u2013 on je mjesto susreta, trajanja i ljubavi prema tradiciji koje spaja generacije.\/Tuzlainfo.ba.\/<\/p>\n","protected":false},"excerpt":{"rendered":"<p>Otvorena proba Univerzitetskog kulturno-umjetni\u010dkog dru\u0161tva \u201cZvonko Ceri\u0107\u201d, odr\u017eana sino\u0107 na Trgu slobode u Tuzli, privukla&hellip;<\/p>\n","protected":false},"author":2,"featured_media":271484,"comment_status":"closed","ping_status":"closed","sticky":false,"template":"","format":"standard","meta":{"_acf_changed":false,"footnotes":""},"categories":[304,12],"tags":[3189],"acf":[],"yoast_head":"<!-- This site is optimized with the Yoast SEO plugin v23.5 - https:\/\/yoast.com\/wordpress\/plugins\/seo\/ -->\n<title>Otvorena proba UKUD-a &quot;Zvonko Ceri\u0107&quot; na Trgu slobode pretvorila se u praznik tradicije i dobrog raspolo\u017eenja - TuzlaInfo.ba<\/title>\n<meta name=\"robots\" content=\"index, follow, max-snippet:-1, max-image-preview:large, max-video-preview:-1\" \/>\n<link rel=\"canonical\" href=\"https:\/\/tuzlainfo.ba\/index.php\/novosti\/item\/271483-otvorena-proba-ukud-a-zvonko-ceric-na-trgu-slobode-pretvorila-se-u-praznik-tradicije-i-dobrog-raspolozenja\/\" \/>\n<meta property=\"og:locale\" content=\"bs_BA\" \/>\n<meta property=\"og:type\" content=\"article\" \/>\n<meta property=\"og:title\" content=\"Otvorena proba UKUD-a &quot;Zvonko Ceri\u0107&quot; na Trgu slobode pretvorila se u praznik tradicije i dobrog raspolo\u017eenja - TuzlaInfo.ba\" \/>\n<meta property=\"og:description\" content=\"Otvorena proba Univerzitetskog kulturno-umjetni\u010dkog dru\u0161tva \u201cZvonko Ceri\u0107\u201d, odr\u017eana sino\u0107 na Trgu slobode u Tuzli, privukla&hellip;\" \/>\n<meta property=\"og:url\" content=\"https:\/\/tuzlainfo.ba\/index.php\/novosti\/item\/271483-otvorena-proba-ukud-a-zvonko-ceric-na-trgu-slobode-pretvorila-se-u-praznik-tradicije-i-dobrog-raspolozenja\/\" \/>\n<meta property=\"og:site_name\" content=\"TuzlaInfo.ba\" \/>\n<meta property=\"article:publisher\" content=\"https:\/\/www.facebook.com\/tuzlainfo.ba\/\" \/>\n<meta property=\"article:published_time\" content=\"2025-06-11T06:28:26+00:00\" \/>\n<meta property=\"og:image\" content=\"https:\/\/tuzlainfo.ba\/wp-content\/uploads\/2025\/06\/1106_proba_ceric.jpg\" \/>\n\t<meta property=\"og:image:width\" content=\"1000\" \/>\n\t<meta property=\"og:image:height\" content=\"750\" \/>\n\t<meta property=\"og:image:type\" content=\"image\/jpeg\" \/>\n<meta name=\"author\" content=\"nedim\" \/>\n<meta name=\"twitter:card\" content=\"summary_large_image\" \/>\n<meta name=\"twitter:label1\" content=\"Written by\" \/>\n\t<meta name=\"twitter:data1\" content=\"nedim\" \/>\n\t<meta name=\"twitter:label2\" content=\"Est. reading time\" \/>\n\t<meta name=\"twitter:data2\" content=\"2 minute\" \/>\n<script type=\"application\/ld+json\" class=\"yoast-schema-graph\">{\"@context\":\"https:\/\/schema.org\",\"@graph\":[{\"@type\":\"Article\",\"@id\":\"https:\/\/tuzlainfo.ba\/index.php\/novosti\/item\/271483-otvorena-proba-ukud-a-zvonko-ceric-na-trgu-slobode-pretvorila-se-u-praznik-tradicije-i-dobrog-raspolozenja\/#article\",\"isPartOf\":{\"@id\":\"https:\/\/tuzlainfo.ba\/index.php\/novosti\/item\/271483-otvorena-proba-ukud-a-zvonko-ceric-na-trgu-slobode-pretvorila-se-u-praznik-tradicije-i-dobrog-raspolozenja\/\"},\"author\":{\"name\":\"nedim\",\"@id\":\"https:\/\/tuzlainfo.ba\/#\/schema\/person\/f434e20dc27ea133923aab08451b7f7f\"},\"headline\":\"Otvorena proba UKUD-a &#8220;Zvonko Ceri\u0107&#8221; na Trgu slobode pretvorila se u praznik tradicije i dobrog raspolo\u017eenja\",\"datePublished\":\"2025-06-11T06:28:26+00:00\",\"dateModified\":\"2025-06-11T06:28:26+00:00\",\"mainEntityOfPage\":{\"@id\":\"https:\/\/tuzlainfo.ba\/index.php\/novosti\/item\/271483-otvorena-proba-ukud-a-zvonko-ceric-na-trgu-slobode-pretvorila-se-u-praznik-tradicije-i-dobrog-raspolozenja\/\"},\"wordCount\":276,\"publisher\":{\"@id\":\"https:\/\/tuzlainfo.ba\/#organization\"},\"image\":{\"@id\":\"https:\/\/tuzlainfo.ba\/index.php\/novosti\/item\/271483-otvorena-proba-ukud-a-zvonko-ceric-na-trgu-slobode-pretvorila-se-u-praznik-tradicije-i-dobrog-raspolozenja\/#primaryimage\"},\"thumbnailUrl\":\"https:\/\/tuzlainfo.ba\/wp-content\/uploads\/2025\/06\/1106_proba_ceric.jpg\",\"keywords\":[\"UKUD Zvonko Ceri\u0107\"],\"articleSection\":[\"Istaknuto\",\"Novosti\"],\"inLanguage\":\"bs-BA\"},{\"@type\":\"WebPage\",\"@id\":\"https:\/\/tuzlainfo.ba\/index.php\/novosti\/item\/271483-otvorena-proba-ukud-a-zvonko-ceric-na-trgu-slobode-pretvorila-se-u-praznik-tradicije-i-dobrog-raspolozenja\/\",\"url\":\"https:\/\/tuzlainfo.ba\/index.php\/novosti\/item\/271483-otvorena-proba-ukud-a-zvonko-ceric-na-trgu-slobode-pretvorila-se-u-praznik-tradicije-i-dobrog-raspolozenja\/\",\"name\":\"Otvorena proba UKUD-a \\\"Zvonko Ceri\u0107\\\" na Trgu slobode pretvorila se u praznik tradicije i dobrog raspolo\u017eenja - TuzlaInfo.ba\",\"isPartOf\":{\"@id\":\"https:\/\/tuzlainfo.ba\/#website\"},\"primaryImageOfPage\":{\"@id\":\"https:\/\/tuzlainfo.ba\/index.php\/novosti\/item\/271483-otvorena-proba-ukud-a-zvonko-ceric-na-trgu-slobode-pretvorila-se-u-praznik-tradicije-i-dobrog-raspolozenja\/#primaryimage\"},\"image\":{\"@id\":\"https:\/\/tuzlainfo.ba\/index.php\/novosti\/item\/271483-otvorena-proba-ukud-a-zvonko-ceric-na-trgu-slobode-pretvorila-se-u-praznik-tradicije-i-dobrog-raspolozenja\/#primaryimage\"},\"thumbnailUrl\":\"https:\/\/tuzlainfo.ba\/wp-content\/uploads\/2025\/06\/1106_proba_ceric.jpg\",\"datePublished\":\"2025-06-11T06:28:26+00:00\",\"dateModified\":\"2025-06-11T06:28:26+00:00\",\"breadcrumb\":{\"@id\":\"https:\/\/tuzlainfo.ba\/index.php\/novosti\/item\/271483-otvorena-proba-ukud-a-zvonko-ceric-na-trgu-slobode-pretvorila-se-u-praznik-tradicije-i-dobrog-raspolozenja\/#breadcrumb\"},\"inLanguage\":\"bs-BA\",\"potentialAction\":[{\"@type\":\"ReadAction\",\"target\":[\"https:\/\/tuzlainfo.ba\/index.php\/novosti\/item\/271483-otvorena-proba-ukud-a-zvonko-ceric-na-trgu-slobode-pretvorila-se-u-praznik-tradicije-i-dobrog-raspolozenja\/\"]}]},{\"@type\":\"ImageObject\",\"inLanguage\":\"bs-BA\",\"@id\":\"https:\/\/tuzlainfo.ba\/index.php\/novosti\/item\/271483-otvorena-proba-ukud-a-zvonko-ceric-na-trgu-slobode-pretvorila-se-u-praznik-tradicije-i-dobrog-raspolozenja\/#primaryimage\",\"url\":\"https:\/\/tuzlainfo.ba\/wp-content\/uploads\/2025\/06\/1106_proba_ceric.jpg\",\"contentUrl\":\"https:\/\/tuzlainfo.ba\/wp-content\/uploads\/2025\/06\/1106_proba_ceric.jpg\",\"width\":1000,\"height\":750},{\"@type\":\"BreadcrumbList\",\"@id\":\"https:\/\/tuzlainfo.ba\/index.php\/novosti\/item\/271483-otvorena-proba-ukud-a-zvonko-ceric-na-trgu-slobode-pretvorila-se-u-praznik-tradicije-i-dobrog-raspolozenja\/#breadcrumb\",\"itemListElement\":[{\"@type\":\"ListItem\",\"position\":1,\"name\":\"Home\",\"item\":\"https:\/\/tuzlainfo.ba\/\"},{\"@type\":\"ListItem\",\"position\":2,\"name\":\"Otvorena proba UKUD-a &#8220;Zvonko Ceri\u0107&#8221; na Trgu slobode pretvorila se u praznik tradicije i dobrog raspolo\u017eenja\"}]},{\"@type\":\"WebSite\",\"@id\":\"https:\/\/tuzlainfo.ba\/#website\",\"url\":\"https:\/\/tuzlainfo.ba\/\",\"name\":\"TuzlaInfo.ba\",\"description\":\"Tuzla info, gradski informator - Tuzla na dlanu\",\"publisher\":{\"@id\":\"https:\/\/tuzlainfo.ba\/#organization\"},\"potentialAction\":[{\"@type\":\"SearchAction\",\"target\":{\"@type\":\"EntryPoint\",\"urlTemplate\":\"https:\/\/tuzlainfo.ba\/?s={search_term_string}\"},\"query-input\":{\"@type\":\"PropertyValueSpecification\",\"valueRequired\":true,\"valueName\":\"search_term_string\"}}],\"inLanguage\":\"bs-BA\"},{\"@type\":\"Organization\",\"@id\":\"https:\/\/tuzlainfo.ba\/#organization\",\"name\":\"TuzlaInfo.ba\",\"url\":\"https:\/\/tuzlainfo.ba\/\",\"logo\":{\"@type\":\"ImageObject\",\"inLanguage\":\"bs-BA\",\"@id\":\"https:\/\/tuzlainfo.ba\/#\/schema\/logo\/image\/\",\"url\":\"https:\/\/tuzlainfo.ba\/wp-content\/uploads\/2021\/03\/logo-ver-3-1.png\",\"contentUrl\":\"https:\/\/tuzlainfo.ba\/wp-content\/uploads\/2021\/03\/logo-ver-3-1.png\",\"width\":350,\"height\":95,\"caption\":\"TuzlaInfo.ba\"},\"image\":{\"@id\":\"https:\/\/tuzlainfo.ba\/#\/schema\/logo\/image\/\"},\"sameAs\":[\"https:\/\/www.facebook.com\/tuzlainfo.ba\/\"]},{\"@type\":\"Person\",\"@id\":\"https:\/\/tuzlainfo.ba\/#\/schema\/person\/f434e20dc27ea133923aab08451b7f7f\",\"name\":\"nedim\",\"image\":{\"@type\":\"ImageObject\",\"inLanguage\":\"bs-BA\",\"@id\":\"https:\/\/tuzlainfo.ba\/#\/schema\/person\/image\/\",\"url\":\"https:\/\/tuzlainfo.ba\/wp-content\/litespeed\/avatar\/aabad687af24844af817603ac1cbdc4f.jpg?ver=1777306975\",\"contentUrl\":\"https:\/\/tuzlainfo.ba\/wp-content\/litespeed\/avatar\/aabad687af24844af817603ac1cbdc4f.jpg?ver=1777306975\",\"caption\":\"nedim\"},\"description\":\"Tuzlainfo.ba pratite na dru\u0161tvenim mre\u017eama: Facebook, Instagram i Youtube. Svoje pri\u010de, upite i fotografije \u0161aljite na na\u0161u e-mail adresu.\"}]}<\/script>\n<!-- \/ Yoast SEO plugin. -->","yoast_head_json":{"title":"Otvorena proba UKUD-a \"Zvonko Ceri\u0107\" na Trgu slobode pretvorila se u praznik tradicije i dobrog raspolo\u017eenja - TuzlaInfo.ba","robots":{"index":"index","follow":"follow","max-snippet":"max-snippet:-1","max-image-preview":"max-image-preview:large","max-video-preview":"max-video-preview:-1"},"canonical":"https:\/\/tuzlainfo.ba\/index.php\/novosti\/item\/271483-otvorena-proba-ukud-a-zvonko-ceric-na-trgu-slobode-pretvorila-se-u-praznik-tradicije-i-dobrog-raspolozenja\/","og_locale":"bs_BA","og_type":"article","og_title":"Otvorena proba UKUD-a \"Zvonko Ceri\u0107\" na Trgu slobode pretvorila se u praznik tradicije i dobrog raspolo\u017eenja - TuzlaInfo.ba","og_description":"Otvorena proba Univerzitetskog kulturno-umjetni\u010dkog dru\u0161tva \u201cZvonko Ceri\u0107\u201d, odr\u017eana sino\u0107 na Trgu slobode u Tuzli, privukla&hellip;","og_url":"https:\/\/tuzlainfo.ba\/index.php\/novosti\/item\/271483-otvorena-proba-ukud-a-zvonko-ceric-na-trgu-slobode-pretvorila-se-u-praznik-tradicije-i-dobrog-raspolozenja\/","og_site_name":"TuzlaInfo.ba","article_publisher":"https:\/\/www.facebook.com\/tuzlainfo.ba\/","article_published_time":"2025-06-11T06:28:26+00:00","og_image":[{"width":1000,"height":750,"url":"https:\/\/tuzlainfo.ba\/wp-content\/uploads\/2025\/06\/1106_proba_ceric.jpg","type":"image\/jpeg"}],"author":"nedim","twitter_card":"summary_large_image","twitter_misc":{"Written by":"nedim","Est. reading time":"2 minute"},"schema":{"@context":"https:\/\/schema.org","@graph":[{"@type":"Article","@id":"https:\/\/tuzlainfo.ba\/index.php\/novosti\/item\/271483-otvorena-proba-ukud-a-zvonko-ceric-na-trgu-slobode-pretvorila-se-u-praznik-tradicije-i-dobrog-raspolozenja\/#article","isPartOf":{"@id":"https:\/\/tuzlainfo.ba\/index.php\/novosti\/item\/271483-otvorena-proba-ukud-a-zvonko-ceric-na-trgu-slobode-pretvorila-se-u-praznik-tradicije-i-dobrog-raspolozenja\/"},"author":{"name":"nedim","@id":"https:\/\/tuzlainfo.ba\/#\/schema\/person\/f434e20dc27ea133923aab08451b7f7f"},"headline":"Otvorena proba UKUD-a &#8220;Zvonko Ceri\u0107&#8221; na Trgu slobode pretvorila se u praznik tradicije i dobrog raspolo\u017eenja","datePublished":"2025-06-11T06:28:26+00:00","dateModified":"2025-06-11T06:28:26+00:00","mainEntityOfPage":{"@id":"https:\/\/tuzlainfo.ba\/index.php\/novosti\/item\/271483-otvorena-proba-ukud-a-zvonko-ceric-na-trgu-slobode-pretvorila-se-u-praznik-tradicije-i-dobrog-raspolozenja\/"},"wordCount":276,"publisher":{"@id":"https:\/\/tuzlainfo.ba\/#organization"},"image":{"@id":"https:\/\/tuzlainfo.ba\/index.php\/novosti\/item\/271483-otvorena-proba-ukud-a-zvonko-ceric-na-trgu-slobode-pretvorila-se-u-praznik-tradicije-i-dobrog-raspolozenja\/#primaryimage"},"thumbnailUrl":"https:\/\/tuzlainfo.ba\/wp-content\/uploads\/2025\/06\/1106_proba_ceric.jpg","keywords":["UKUD Zvonko Ceri\u0107"],"articleSection":["Istaknuto","Novosti"],"inLanguage":"bs-BA"},{"@type":"WebPage","@id":"https:\/\/tuzlainfo.ba\/index.php\/novosti\/item\/271483-otvorena-proba-ukud-a-zvonko-ceric-na-trgu-slobode-pretvorila-se-u-praznik-tradicije-i-dobrog-raspolozenja\/","url":"https:\/\/tuzlainfo.ba\/index.php\/novosti\/item\/271483-otvorena-proba-ukud-a-zvonko-ceric-na-trgu-slobode-pretvorila-se-u-praznik-tradicije-i-dobrog-raspolozenja\/","name":"Otvorena proba UKUD-a \"Zvonko Ceri\u0107\" na Trgu slobode pretvorila se u praznik tradicije i dobrog raspolo\u017eenja - TuzlaInfo.ba","isPartOf":{"@id":"https:\/\/tuzlainfo.ba\/#website"},"primaryImageOfPage":{"@id":"https:\/\/tuzlainfo.ba\/index.php\/novosti\/item\/271483-otvorena-proba-ukud-a-zvonko-ceric-na-trgu-slobode-pretvorila-se-u-praznik-tradicije-i-dobrog-raspolozenja\/#primaryimage"},"image":{"@id":"https:\/\/tuzlainfo.ba\/index.php\/novosti\/item\/271483-otvorena-proba-ukud-a-zvonko-ceric-na-trgu-slobode-pretvorila-se-u-praznik-tradicije-i-dobrog-raspolozenja\/#primaryimage"},"thumbnailUrl":"https:\/\/tuzlainfo.ba\/wp-content\/uploads\/2025\/06\/1106_proba_ceric.jpg","datePublished":"2025-06-11T06:28:26+00:00","dateModified":"2025-06-11T06:28:26+00:00","breadcrumb":{"@id":"https:\/\/tuzlainfo.ba\/index.php\/novosti\/item\/271483-otvorena-proba-ukud-a-zvonko-ceric-na-trgu-slobode-pretvorila-se-u-praznik-tradicije-i-dobrog-raspolozenja\/#breadcrumb"},"inLanguage":"bs-BA","potentialAction":[{"@type":"ReadAction","target":["https:\/\/tuzlainfo.ba\/index.php\/novosti\/item\/271483-otvorena-proba-ukud-a-zvonko-ceric-na-trgu-slobode-pretvorila-se-u-praznik-tradicije-i-dobrog-raspolozenja\/"]}]},{"@type":"ImageObject","inLanguage":"bs-BA","@id":"https:\/\/tuzlainfo.ba\/index.php\/novosti\/item\/271483-otvorena-proba-ukud-a-zvonko-ceric-na-trgu-slobode-pretvorila-se-u-praznik-tradicije-i-dobrog-raspolozenja\/#primaryimage","url":"https:\/\/tuzlainfo.ba\/wp-content\/uploads\/2025\/06\/1106_proba_ceric.jpg","contentUrl":"https:\/\/tuzlainfo.ba\/wp-content\/uploads\/2025\/06\/1106_proba_ceric.jpg","width":1000,"height":750},{"@type":"BreadcrumbList","@id":"https:\/\/tuzlainfo.ba\/index.php\/novosti\/item\/271483-otvorena-proba-ukud-a-zvonko-ceric-na-trgu-slobode-pretvorila-se-u-praznik-tradicije-i-dobrog-raspolozenja\/#breadcrumb","itemListElement":[{"@type":"ListItem","position":1,"name":"Home","item":"https:\/\/tuzlainfo.ba\/"},{"@type":"ListItem","position":2,"name":"Otvorena proba UKUD-a &#8220;Zvonko Ceri\u0107&#8221; na Trgu slobode pretvorila se u praznik tradicije i dobrog raspolo\u017eenja"}]},{"@type":"WebSite","@id":"https:\/\/tuzlainfo.ba\/#website","url":"https:\/\/tuzlainfo.ba\/","name":"TuzlaInfo.ba","description":"Tuzla info, gradski informator - Tuzla na dlanu","publisher":{"@id":"https:\/\/tuzlainfo.ba\/#organization"},"potentialAction":[{"@type":"SearchAction","target":{"@type":"EntryPoint","urlTemplate":"https:\/\/tuzlainfo.ba\/?s={search_term_string}"},"query-input":{"@type":"PropertyValueSpecification","valueRequired":true,"valueName":"search_term_string"}}],"inLanguage":"bs-BA"},{"@type":"Organization","@id":"https:\/\/tuzlainfo.ba\/#organization","name":"TuzlaInfo.ba","url":"https:\/\/tuzlainfo.ba\/","logo":{"@type":"ImageObject","inLanguage":"bs-BA","@id":"https:\/\/tuzlainfo.ba\/#\/schema\/logo\/image\/","url":"https:\/\/tuzlainfo.ba\/wp-content\/uploads\/2021\/03\/logo-ver-3-1.png","contentUrl":"https:\/\/tuzlainfo.ba\/wp-content\/uploads\/2021\/03\/logo-ver-3-1.png","width":350,"height":95,"caption":"TuzlaInfo.ba"},"image":{"@id":"https:\/\/tuzlainfo.ba\/#\/schema\/logo\/image\/"},"sameAs":["https:\/\/www.facebook.com\/tuzlainfo.ba\/"]},{"@type":"Person","@id":"https:\/\/tuzlainfo.ba\/#\/schema\/person\/f434e20dc27ea133923aab08451b7f7f","name":"nedim","image":{"@type":"ImageObject","inLanguage":"bs-BA","@id":"https:\/\/tuzlainfo.ba\/#\/schema\/person\/image\/","url":"https:\/\/tuzlainfo.ba\/wp-content\/litespeed\/avatar\/aabad687af24844af817603ac1cbdc4f.jpg?ver=1777306975","contentUrl":"https:\/\/tuzlainfo.ba\/wp-content\/litespeed\/avatar\/aabad687af24844af817603ac1cbdc4f.jpg?ver=1777306975","caption":"nedim"},"description":"Tuzlainfo.ba pratite na dru\u0161tvenim mre\u017eama: Facebook, Instagram i Youtube. Svoje pri\u010de, upite i fotografije \u0161aljite na na\u0161u e-mail adresu."}]}},"_links":{"self":[{"href":"https:\/\/tuzlainfo.ba\/index.php\/wp-json\/wp\/v2\/posts\/271483"}],"collection":[{"href":"https:\/\/tuzlainfo.ba\/index.php\/wp-json\/wp\/v2\/posts"}],"about":[{"href":"https:\/\/tuzlainfo.ba\/index.php\/wp-json\/wp\/v2\/types\/post"}],"author":[{"embeddable":true,"href":"https:\/\/tuzlainfo.ba\/index.php\/wp-json\/wp\/v2\/users\/2"}],"replies":[{"embeddable":true,"href":"https:\/\/tuzlainfo.ba\/index.php\/wp-json\/wp\/v2\/comments?post=271483"}],"version-history":[{"count":1,"href":"https:\/\/tuzlainfo.ba\/index.php\/wp-json\/wp\/v2\/posts\/271483\/revisions"}],"predecessor-version":[{"id":271485,"href":"https:\/\/tuzlainfo.ba\/index.php\/wp-json\/wp\/v2\/posts\/271483\/revisions\/271485"}],"wp:featuredmedia":[{"embeddable":true,"href":"https:\/\/tuzlainfo.ba\/index.php\/wp-json\/wp\/v2\/media\/271484"}],"wp:attachment":[{"href":"https:\/\/tuzlainfo.ba\/index.php\/wp-json\/wp\/v2\/media?parent=271483"}],"wp:term":[{"taxonomy":"category","embeddable":true,"href":"https:\/\/tuzlainfo.ba\/index.php\/wp-json\/wp\/v2\/categories?post=271483"},{"taxonomy":"post_tag","embeddable":true,"href":"https:\/\/tuzlainfo.ba\/index.php\/wp-json\/wp\/v2\/tags?post=271483"}],"curies":[{"name":"wp","href":"https:\/\/api.w.org\/{rel}","templated":true}]}}