{"id":27142,"date":"2021-02-13T20:13:21","date_gmt":"2021-02-13T20:13:21","guid":{"rendered":"https:\/\/v2.tuzlainfo.ba\/2021\/02\/13\/ministar-dzindic-najavio-otvaranje-fabrike-namjenske-industrije-u-tuzlanskom-kantonu\/"},"modified":"2021-03-23T08:27:56","modified_gmt":"2021-03-23T08:27:56","slug":"ministar-dzindic-najavio-otvaranje-fabrike-namjenske-industrije-u-tuzlanskom-kantonu","status":"publish","type":"post","link":"https:\/\/tuzlainfo.ba\/index.php\/novosti\/item\/27142-ministar-dzindic-najavio-otvaranje-fabrike-namjenske-industrije-u-tuzlanskom-kantonu\/","title":{"rendered":"Ministar D\u017eindi\u0107 najavio otvaranje fabrike namjenske industrije u Tuzlanskom kantonu"},"content":{"rendered":"<p class=\"single-intro\">\n<p class=\"single-intro\">Gost Federacije danas bio je Nermin D\u017eindi\u0107, ministar energije, industrije i rudarstva FBiH.<\/p>\n<div class=\"single-text\">\n<p>&#8220;Problem u rudnicima se ne rje\u0161ava od rata pa do danas. Prvi put je pokrenut proces prestrukturiranja u rudnicima Federacije. Prvi put, otkako postoji BiH, u rudnicima umjesto 50 imamo 7 direktora u 7 rudnika. Svim rudnicima u FBiH, osim rudnika Banovi\u0107i, upravlja Uprava EPBiH. Ne Vlada FBiH i ne resorno ministarstvo.&#8221;<\/p>\n<p>O sastanku koji je zakazan za ponedjeljak ka\u017ee da treba sjesti i razgovarati, a ne na ovakav na\u010din rje\u0161avati probleme.<\/p>\n<p>&#8220;Rudnik Zenica je u januaru imao ukupni prihod od 2,8 miliona KM, a novac potreban za isplatu plata je upravo 2,8 miliona. Dakle, sa ovim brojem radnika i ovakvim na\u010dinom rada, bez obzira \u0161to ka\u017eemo da je realizacija bila 100%, od ukupnog prihoda rudnik Zenica mo\u017ee samo platiti plate sa doprinosima. U ponedjeljak \u0107emo, zajedno sa svim akterima sastanka, sjesti, otvoreno pogledati jedni drugima u o\u010di i pokazati \u0161ta je mogu\u0107e. Proces prestrukturiranja nije hir niti \u017eelja bilo koga od nas. To je proces koji mora i\u0107i dalje. Mi ho\u0107emo u EU, ho\u0107emo da primjenjujemo evropske zakone i ta\u010dno znamo koli\u010dinu uglja koja nam je potrebna. Vi\u0161e od toga nam ne treba.&#8221;<\/p>\n<p><strong>Uskoro po\u010detak izgradnje Bloka 7<\/strong><\/p>\n<p>Kada je rije\u010d o izgradnji Bloka 7 ministar navodi da bi naredni mjesec trebali dobiti finalnu saglasnost strate\u0161kog partnera da se ide u po\u010detak gradnje.<\/p>\n<p>&#8220;\u010cim prije moramo krenuti u taj projekat. Zamjenski Blok nam omogu\u0107ava da imamo \u010di\u0161\u0107u, bolju i ekonomski opravdanu energiju. To nama treba. Radimo i na provo\u0111enju projketa energije iz obnovljivih izbora. Dovodimo modernu tehnologiju, sa minimalnim zaga\u0111enjem koje je dozvoljeno u EU i gasimo ono \u0161to je napravljeno &#8216;50-ih godina. Nije mi jasno za\u0161to neko sprje\u010dava da to uradimo. To je posljednji projekat takve vrste u BiH.&#8221;<\/p>\n<p>D\u017eindi\u0107 o namjenskoj industriji ka\u017ee da gradovi u kojima je ona razvijena 90 posto zavise od dobrog rada tih privrednih dru\u0161tava, pogotovo u Igmanu i Konjicu.<\/p>\n<p>&#8220;Oni su motor razvoja tih lokalnih zajednica, to je sigurno. Imamo u planu jo\u0161 dvije fabrike, jednu u Mostaru i jednu u Tuzlanskom kantonu.&#8221;<\/p>\n<p><strong>Ste\u010daj Vitezita je dobra stvar<\/strong><\/p>\n<p>O sudbini Vitezita navodi da njihov ste\u010dajni postupak nije negativna stvar.<\/p>\n<p>&#8220;Ovo je jedan primjer da Vlada FBiHnije vi\u0161e mogla davati sredstva i da zato nije dobila nikakve rezultate. Opredjeljenje Vlade je da je ova firma trebala oti\u0107i u ste\u010daj i ona je kroz ste\u010daj do\u017eivjela transformaciju i \u017eelim sre\u0107u onome ko je preuzme.&#8221;<\/p>\n<p>Isti\u010de da su ispunjeni svi zakonski uslovi da po\u010dne eksploatacija olova i cinka u Vare\u0161u.<\/p>\n<p>&#8220;Mislim da \u0107e to biti jako uspje\u0161no i mo\u017eda i najpozitivnija pri\u010da u ovom dijelu Evrope.&#8221;<\/p>\n<p><strong>(TI\/federalna.ba)<\/strong><\/p>\n<\/p><\/div>\n","protected":false},"excerpt":{"rendered":"<p>Gost Federacije danas bio je Nermin D\u017eindi\u0107, ministar energije, industrije i rudarstva FBiH. &#8220;Problem u&hellip;<\/p>\n","protected":false},"author":2,"featured_media":86458,"comment_status":"open","ping_status":"closed","sticky":false,"template":"","format":"standard","meta":{"_acf_changed":false,"footnotes":""},"categories":[12],"tags":[],"acf":[],"yoast_head":"<!-- This site is optimized with the Yoast SEO plugin v23.5 - https:\/\/yoast.com\/wordpress\/plugins\/seo\/ -->\n<title>Ministar D\u017eindi\u0107 najavio otvaranje fabrike namjenske industrije u Tuzlanskom kantonu - TuzlaInfo.ba<\/title>\n<meta name=\"robots\" content=\"index, follow, max-snippet:-1, max-image-preview:large, max-video-preview:-1\" \/>\n<link rel=\"canonical\" href=\"https:\/\/tuzlainfo.ba\/index.php\/novosti\/item\/27142-ministar-dzindic-najavio-otvaranje-fabrike-namjenske-industrije-u-tuzlanskom-kantonu\/\" \/>\n<meta property=\"og:locale\" content=\"bs_BA\" \/>\n<meta property=\"og:type\" content=\"article\" \/>\n<meta property=\"og:title\" content=\"Ministar D\u017eindi\u0107 najavio otvaranje fabrike namjenske industrije u Tuzlanskom kantonu - TuzlaInfo.ba\" \/>\n<meta property=\"og:description\" content=\"Gost Federacije danas bio je Nermin D\u017eindi\u0107, ministar energije, industrije i rudarstva FBiH. &#8220;Problem u&hellip;\" \/>\n<meta property=\"og:url\" content=\"https:\/\/tuzlainfo.ba\/index.php\/novosti\/item\/27142-ministar-dzindic-najavio-otvaranje-fabrike-namjenske-industrije-u-tuzlanskom-kantonu\/\" \/>\n<meta property=\"og:site_name\" content=\"TuzlaInfo.ba\" \/>\n<meta property=\"article:publisher\" content=\"https:\/\/www.facebook.com\/tuzlainfo.ba\/\" \/>\n<meta property=\"article:published_time\" content=\"2021-02-13T20:13:21+00:00\" \/>\n<meta property=\"article:modified_time\" content=\"2021-03-23T08:27:56+00:00\" \/>\n<meta property=\"og:image\" content=\"https:\/\/tuzlainfo.ba\/wp-content\/uploads\/2021\/02\/k2_items_src_aaa8851ffd83a8f3371e1c5db89f80f9.jpg\" \/>\n\t<meta property=\"og:image:width\" content=\"770\" \/>\n\t<meta property=\"og:image:height\" content=\"433\" \/>\n\t<meta property=\"og:image:type\" content=\"image\/jpeg\" \/>\n<meta name=\"author\" content=\"nedim\" \/>\n<meta name=\"twitter:card\" content=\"summary_large_image\" \/>\n<meta name=\"twitter:label1\" content=\"Written by\" \/>\n\t<meta name=\"twitter:data1\" content=\"nedim\" \/>\n\t<meta name=\"twitter:label2\" content=\"Est. reading time\" \/>\n\t<meta name=\"twitter:data2\" content=\"2 minute\" \/>\n<script type=\"application\/ld+json\" class=\"yoast-schema-graph\">{\"@context\":\"https:\/\/schema.org\",\"@graph\":[{\"@type\":\"Article\",\"@id\":\"https:\/\/tuzlainfo.ba\/index.php\/novosti\/item\/27142-ministar-dzindic-najavio-otvaranje-fabrike-namjenske-industrije-u-tuzlanskom-kantonu\/#article\",\"isPartOf\":{\"@id\":\"https:\/\/tuzlainfo.ba\/index.php\/novosti\/item\/27142-ministar-dzindic-najavio-otvaranje-fabrike-namjenske-industrije-u-tuzlanskom-kantonu\/\"},\"author\":{\"name\":\"nedim\",\"@id\":\"https:\/\/tuzlainfo.ba\/#\/schema\/person\/f434e20dc27ea133923aab08451b7f7f\"},\"headline\":\"Ministar D\u017eindi\u0107 najavio otvaranje fabrike namjenske industrije u Tuzlanskom kantonu\",\"datePublished\":\"2021-02-13T20:13:21+00:00\",\"dateModified\":\"2021-03-23T08:27:56+00:00\",\"mainEntityOfPage\":{\"@id\":\"https:\/\/tuzlainfo.ba\/index.php\/novosti\/item\/27142-ministar-dzindic-najavio-otvaranje-fabrike-namjenske-industrije-u-tuzlanskom-kantonu\/\"},\"wordCount\":482,\"commentCount\":0,\"publisher\":{\"@id\":\"https:\/\/tuzlainfo.ba\/#organization\"},\"image\":{\"@id\":\"https:\/\/tuzlainfo.ba\/index.php\/novosti\/item\/27142-ministar-dzindic-najavio-otvaranje-fabrike-namjenske-industrije-u-tuzlanskom-kantonu\/#primaryimage\"},\"thumbnailUrl\":\"https:\/\/tuzlainfo.ba\/wp-content\/uploads\/2021\/02\/k2_items_src_aaa8851ffd83a8f3371e1c5db89f80f9.jpg\",\"articleSection\":[\"Novosti\"],\"inLanguage\":\"bs-BA\"},{\"@type\":\"WebPage\",\"@id\":\"https:\/\/tuzlainfo.ba\/index.php\/novosti\/item\/27142-ministar-dzindic-najavio-otvaranje-fabrike-namjenske-industrije-u-tuzlanskom-kantonu\/\",\"url\":\"https:\/\/tuzlainfo.ba\/index.php\/novosti\/item\/27142-ministar-dzindic-najavio-otvaranje-fabrike-namjenske-industrije-u-tuzlanskom-kantonu\/\",\"name\":\"Ministar D\u017eindi\u0107 najavio otvaranje fabrike namjenske industrije u Tuzlanskom kantonu - TuzlaInfo.ba\",\"isPartOf\":{\"@id\":\"https:\/\/tuzlainfo.ba\/#website\"},\"primaryImageOfPage\":{\"@id\":\"https:\/\/tuzlainfo.ba\/index.php\/novosti\/item\/27142-ministar-dzindic-najavio-otvaranje-fabrike-namjenske-industrije-u-tuzlanskom-kantonu\/#primaryimage\"},\"image\":{\"@id\":\"https:\/\/tuzlainfo.ba\/index.php\/novosti\/item\/27142-ministar-dzindic-najavio-otvaranje-fabrike-namjenske-industrije-u-tuzlanskom-kantonu\/#primaryimage\"},\"thumbnailUrl\":\"https:\/\/tuzlainfo.ba\/wp-content\/uploads\/2021\/02\/k2_items_src_aaa8851ffd83a8f3371e1c5db89f80f9.jpg\",\"datePublished\":\"2021-02-13T20:13:21+00:00\",\"dateModified\":\"2021-03-23T08:27:56+00:00\",\"breadcrumb\":{\"@id\":\"https:\/\/tuzlainfo.ba\/index.php\/novosti\/item\/27142-ministar-dzindic-najavio-otvaranje-fabrike-namjenske-industrije-u-tuzlanskom-kantonu\/#breadcrumb\"},\"inLanguage\":\"bs-BA\",\"potentialAction\":[{\"@type\":\"ReadAction\",\"target\":[\"https:\/\/tuzlainfo.ba\/index.php\/novosti\/item\/27142-ministar-dzindic-najavio-otvaranje-fabrike-namjenske-industrije-u-tuzlanskom-kantonu\/\"]}]},{\"@type\":\"ImageObject\",\"inLanguage\":\"bs-BA\",\"@id\":\"https:\/\/tuzlainfo.ba\/index.php\/novosti\/item\/27142-ministar-dzindic-najavio-otvaranje-fabrike-namjenske-industrije-u-tuzlanskom-kantonu\/#primaryimage\",\"url\":\"https:\/\/tuzlainfo.ba\/wp-content\/uploads\/2021\/02\/k2_items_src_aaa8851ffd83a8f3371e1c5db89f80f9.jpg\",\"contentUrl\":\"https:\/\/tuzlainfo.ba\/wp-content\/uploads\/2021\/02\/k2_items_src_aaa8851ffd83a8f3371e1c5db89f80f9.jpg\",\"width\":770,\"height\":433},{\"@type\":\"BreadcrumbList\",\"@id\":\"https:\/\/tuzlainfo.ba\/index.php\/novosti\/item\/27142-ministar-dzindic-najavio-otvaranje-fabrike-namjenske-industrije-u-tuzlanskom-kantonu\/#breadcrumb\",\"itemListElement\":[{\"@type\":\"ListItem\",\"position\":1,\"name\":\"Home\",\"item\":\"https:\/\/tuzlainfo.ba\/\"},{\"@type\":\"ListItem\",\"position\":2,\"name\":\"Ministar D\u017eindi\u0107 najavio otvaranje fabrike namjenske industrije u Tuzlanskom kantonu\"}]},{\"@type\":\"WebSite\",\"@id\":\"https:\/\/tuzlainfo.ba\/#website\",\"url\":\"https:\/\/tuzlainfo.ba\/\",\"name\":\"TuzlaInfo.ba\",\"description\":\"Tuzla info, gradski informator - Tuzla na dlanu\",\"publisher\":{\"@id\":\"https:\/\/tuzlainfo.ba\/#organization\"},\"potentialAction\":[{\"@type\":\"SearchAction\",\"target\":{\"@type\":\"EntryPoint\",\"urlTemplate\":\"https:\/\/tuzlainfo.ba\/?s={search_term_string}\"},\"query-input\":{\"@type\":\"PropertyValueSpecification\",\"valueRequired\":true,\"valueName\":\"search_term_string\"}}],\"inLanguage\":\"bs-BA\"},{\"@type\":\"Organization\",\"@id\":\"https:\/\/tuzlainfo.ba\/#organization\",\"name\":\"TuzlaInfo.ba\",\"url\":\"https:\/\/tuzlainfo.ba\/\",\"logo\":{\"@type\":\"ImageObject\",\"inLanguage\":\"bs-BA\",\"@id\":\"https:\/\/tuzlainfo.ba\/#\/schema\/logo\/image\/\",\"url\":\"https:\/\/tuzlainfo.ba\/wp-content\/uploads\/2021\/03\/logo-ver-3-1.png\",\"contentUrl\":\"https:\/\/tuzlainfo.ba\/wp-content\/uploads\/2021\/03\/logo-ver-3-1.png\",\"width\":350,\"height\":95,\"caption\":\"TuzlaInfo.ba\"},\"image\":{\"@id\":\"https:\/\/tuzlainfo.ba\/#\/schema\/logo\/image\/\"},\"sameAs\":[\"https:\/\/www.facebook.com\/tuzlainfo.ba\/\"]},{\"@type\":\"Person\",\"@id\":\"https:\/\/tuzlainfo.ba\/#\/schema\/person\/f434e20dc27ea133923aab08451b7f7f\",\"name\":\"nedim\",\"image\":{\"@type\":\"ImageObject\",\"inLanguage\":\"bs-BA\",\"@id\":\"https:\/\/tuzlainfo.ba\/#\/schema\/person\/image\/\",\"url\":\"https:\/\/tuzlainfo.ba\/wp-content\/litespeed\/avatar\/aabad687af24844af817603ac1cbdc4f.jpg?ver=1777306975\",\"contentUrl\":\"https:\/\/tuzlainfo.ba\/wp-content\/litespeed\/avatar\/aabad687af24844af817603ac1cbdc4f.jpg?ver=1777306975\",\"caption\":\"nedim\"},\"description\":\"Tuzlainfo.ba pratite na dru\u0161tvenim mre\u017eama: Facebook, Instagram i Youtube. Svoje pri\u010de, upite i fotografije \u0161aljite na na\u0161u e-mail adresu.\"}]}<\/script>\n<!-- \/ Yoast SEO plugin. -->","yoast_head_json":{"title":"Ministar D\u017eindi\u0107 najavio otvaranje fabrike namjenske industrije u Tuzlanskom kantonu - TuzlaInfo.ba","robots":{"index":"index","follow":"follow","max-snippet":"max-snippet:-1","max-image-preview":"max-image-preview:large","max-video-preview":"max-video-preview:-1"},"canonical":"https:\/\/tuzlainfo.ba\/index.php\/novosti\/item\/27142-ministar-dzindic-najavio-otvaranje-fabrike-namjenske-industrije-u-tuzlanskom-kantonu\/","og_locale":"bs_BA","og_type":"article","og_title":"Ministar D\u017eindi\u0107 najavio otvaranje fabrike namjenske industrije u Tuzlanskom kantonu - TuzlaInfo.ba","og_description":"Gost Federacije danas bio je Nermin D\u017eindi\u0107, ministar energije, industrije i rudarstva FBiH. &#8220;Problem u&hellip;","og_url":"https:\/\/tuzlainfo.ba\/index.php\/novosti\/item\/27142-ministar-dzindic-najavio-otvaranje-fabrike-namjenske-industrije-u-tuzlanskom-kantonu\/","og_site_name":"TuzlaInfo.ba","article_publisher":"https:\/\/www.facebook.com\/tuzlainfo.ba\/","article_published_time":"2021-02-13T20:13:21+00:00","article_modified_time":"2021-03-23T08:27:56+00:00","og_image":[{"width":770,"height":433,"url":"https:\/\/tuzlainfo.ba\/wp-content\/uploads\/2021\/02\/k2_items_src_aaa8851ffd83a8f3371e1c5db89f80f9.jpg","type":"image\/jpeg"}],"author":"nedim","twitter_card":"summary_large_image","twitter_misc":{"Written by":"nedim","Est. reading time":"2 minute"},"schema":{"@context":"https:\/\/schema.org","@graph":[{"@type":"Article","@id":"https:\/\/tuzlainfo.ba\/index.php\/novosti\/item\/27142-ministar-dzindic-najavio-otvaranje-fabrike-namjenske-industrije-u-tuzlanskom-kantonu\/#article","isPartOf":{"@id":"https:\/\/tuzlainfo.ba\/index.php\/novosti\/item\/27142-ministar-dzindic-najavio-otvaranje-fabrike-namjenske-industrije-u-tuzlanskom-kantonu\/"},"author":{"name":"nedim","@id":"https:\/\/tuzlainfo.ba\/#\/schema\/person\/f434e20dc27ea133923aab08451b7f7f"},"headline":"Ministar D\u017eindi\u0107 najavio otvaranje fabrike namjenske industrije u Tuzlanskom kantonu","datePublished":"2021-02-13T20:13:21+00:00","dateModified":"2021-03-23T08:27:56+00:00","mainEntityOfPage":{"@id":"https:\/\/tuzlainfo.ba\/index.php\/novosti\/item\/27142-ministar-dzindic-najavio-otvaranje-fabrike-namjenske-industrije-u-tuzlanskom-kantonu\/"},"wordCount":482,"commentCount":0,"publisher":{"@id":"https:\/\/tuzlainfo.ba\/#organization"},"image":{"@id":"https:\/\/tuzlainfo.ba\/index.php\/novosti\/item\/27142-ministar-dzindic-najavio-otvaranje-fabrike-namjenske-industrije-u-tuzlanskom-kantonu\/#primaryimage"},"thumbnailUrl":"https:\/\/tuzlainfo.ba\/wp-content\/uploads\/2021\/02\/k2_items_src_aaa8851ffd83a8f3371e1c5db89f80f9.jpg","articleSection":["Novosti"],"inLanguage":"bs-BA"},{"@type":"WebPage","@id":"https:\/\/tuzlainfo.ba\/index.php\/novosti\/item\/27142-ministar-dzindic-najavio-otvaranje-fabrike-namjenske-industrije-u-tuzlanskom-kantonu\/","url":"https:\/\/tuzlainfo.ba\/index.php\/novosti\/item\/27142-ministar-dzindic-najavio-otvaranje-fabrike-namjenske-industrije-u-tuzlanskom-kantonu\/","name":"Ministar D\u017eindi\u0107 najavio otvaranje fabrike namjenske industrije u Tuzlanskom kantonu - TuzlaInfo.ba","isPartOf":{"@id":"https:\/\/tuzlainfo.ba\/#website"},"primaryImageOfPage":{"@id":"https:\/\/tuzlainfo.ba\/index.php\/novosti\/item\/27142-ministar-dzindic-najavio-otvaranje-fabrike-namjenske-industrije-u-tuzlanskom-kantonu\/#primaryimage"},"image":{"@id":"https:\/\/tuzlainfo.ba\/index.php\/novosti\/item\/27142-ministar-dzindic-najavio-otvaranje-fabrike-namjenske-industrije-u-tuzlanskom-kantonu\/#primaryimage"},"thumbnailUrl":"https:\/\/tuzlainfo.ba\/wp-content\/uploads\/2021\/02\/k2_items_src_aaa8851ffd83a8f3371e1c5db89f80f9.jpg","datePublished":"2021-02-13T20:13:21+00:00","dateModified":"2021-03-23T08:27:56+00:00","breadcrumb":{"@id":"https:\/\/tuzlainfo.ba\/index.php\/novosti\/item\/27142-ministar-dzindic-najavio-otvaranje-fabrike-namjenske-industrije-u-tuzlanskom-kantonu\/#breadcrumb"},"inLanguage":"bs-BA","potentialAction":[{"@type":"ReadAction","target":["https:\/\/tuzlainfo.ba\/index.php\/novosti\/item\/27142-ministar-dzindic-najavio-otvaranje-fabrike-namjenske-industrije-u-tuzlanskom-kantonu\/"]}]},{"@type":"ImageObject","inLanguage":"bs-BA","@id":"https:\/\/tuzlainfo.ba\/index.php\/novosti\/item\/27142-ministar-dzindic-najavio-otvaranje-fabrike-namjenske-industrije-u-tuzlanskom-kantonu\/#primaryimage","url":"https:\/\/tuzlainfo.ba\/wp-content\/uploads\/2021\/02\/k2_items_src_aaa8851ffd83a8f3371e1c5db89f80f9.jpg","contentUrl":"https:\/\/tuzlainfo.ba\/wp-content\/uploads\/2021\/02\/k2_items_src_aaa8851ffd83a8f3371e1c5db89f80f9.jpg","width":770,"height":433},{"@type":"BreadcrumbList","@id":"https:\/\/tuzlainfo.ba\/index.php\/novosti\/item\/27142-ministar-dzindic-najavio-otvaranje-fabrike-namjenske-industrije-u-tuzlanskom-kantonu\/#breadcrumb","itemListElement":[{"@type":"ListItem","position":1,"name":"Home","item":"https:\/\/tuzlainfo.ba\/"},{"@type":"ListItem","position":2,"name":"Ministar D\u017eindi\u0107 najavio otvaranje fabrike namjenske industrije u Tuzlanskom kantonu"}]},{"@type":"WebSite","@id":"https:\/\/tuzlainfo.ba\/#website","url":"https:\/\/tuzlainfo.ba\/","name":"TuzlaInfo.ba","description":"Tuzla info, gradski informator - Tuzla na dlanu","publisher":{"@id":"https:\/\/tuzlainfo.ba\/#organization"},"potentialAction":[{"@type":"SearchAction","target":{"@type":"EntryPoint","urlTemplate":"https:\/\/tuzlainfo.ba\/?s={search_term_string}"},"query-input":{"@type":"PropertyValueSpecification","valueRequired":true,"valueName":"search_term_string"}}],"inLanguage":"bs-BA"},{"@type":"Organization","@id":"https:\/\/tuzlainfo.ba\/#organization","name":"TuzlaInfo.ba","url":"https:\/\/tuzlainfo.ba\/","logo":{"@type":"ImageObject","inLanguage":"bs-BA","@id":"https:\/\/tuzlainfo.ba\/#\/schema\/logo\/image\/","url":"https:\/\/tuzlainfo.ba\/wp-content\/uploads\/2021\/03\/logo-ver-3-1.png","contentUrl":"https:\/\/tuzlainfo.ba\/wp-content\/uploads\/2021\/03\/logo-ver-3-1.png","width":350,"height":95,"caption":"TuzlaInfo.ba"},"image":{"@id":"https:\/\/tuzlainfo.ba\/#\/schema\/logo\/image\/"},"sameAs":["https:\/\/www.facebook.com\/tuzlainfo.ba\/"]},{"@type":"Person","@id":"https:\/\/tuzlainfo.ba\/#\/schema\/person\/f434e20dc27ea133923aab08451b7f7f","name":"nedim","image":{"@type":"ImageObject","inLanguage":"bs-BA","@id":"https:\/\/tuzlainfo.ba\/#\/schema\/person\/image\/","url":"https:\/\/tuzlainfo.ba\/wp-content\/litespeed\/avatar\/aabad687af24844af817603ac1cbdc4f.jpg?ver=1777306975","contentUrl":"https:\/\/tuzlainfo.ba\/wp-content\/litespeed\/avatar\/aabad687af24844af817603ac1cbdc4f.jpg?ver=1777306975","caption":"nedim"},"description":"Tuzlainfo.ba pratite na dru\u0161tvenim mre\u017eama: Facebook, Instagram i Youtube. Svoje pri\u010de, upite i fotografije \u0161aljite na na\u0161u e-mail adresu."}]}},"_links":{"self":[{"href":"https:\/\/tuzlainfo.ba\/index.php\/wp-json\/wp\/v2\/posts\/27142"}],"collection":[{"href":"https:\/\/tuzlainfo.ba\/index.php\/wp-json\/wp\/v2\/posts"}],"about":[{"href":"https:\/\/tuzlainfo.ba\/index.php\/wp-json\/wp\/v2\/types\/post"}],"author":[{"embeddable":true,"href":"https:\/\/tuzlainfo.ba\/index.php\/wp-json\/wp\/v2\/users\/2"}],"replies":[{"embeddable":true,"href":"https:\/\/tuzlainfo.ba\/index.php\/wp-json\/wp\/v2\/comments?post=27142"}],"version-history":[{"count":0,"href":"https:\/\/tuzlainfo.ba\/index.php\/wp-json\/wp\/v2\/posts\/27142\/revisions"}],"wp:featuredmedia":[{"embeddable":true,"href":"https:\/\/tuzlainfo.ba\/index.php\/wp-json\/wp\/v2\/media\/86458"}],"wp:attachment":[{"href":"https:\/\/tuzlainfo.ba\/index.php\/wp-json\/wp\/v2\/media?parent=27142"}],"wp:term":[{"taxonomy":"category","embeddable":true,"href":"https:\/\/tuzlainfo.ba\/index.php\/wp-json\/wp\/v2\/categories?post=27142"},{"taxonomy":"post_tag","embeddable":true,"href":"https:\/\/tuzlainfo.ba\/index.php\/wp-json\/wp\/v2\/tags?post=27142"}],"curies":[{"name":"wp","href":"https:\/\/api.w.org\/{rel}","templated":true}]}}