{"id":271411,"date":"2025-06-10T15:02:57","date_gmt":"2025-06-10T13:02:57","guid":{"rendered":"https:\/\/tuzlainfo.ba\/?p=271411"},"modified":"2025-06-10T13:52:13","modified_gmt":"2025-06-10T11:52:13","slug":"alarm-u-tuzlanskom-kantonu-znacajan-porast-prijava-nasilja-u-porodici","status":"publish","type":"post","link":"https:\/\/tuzlainfo.ba\/index.php\/novosti\/item\/271411-alarm-u-tuzlanskom-kantonu-znacajan-porast-prijava-nasilja-u-porodici\/","title":{"rendered":"Alarm u Tuzlanskom kantonu: Zna\u010dajan porast prijava nasilja u porodici"},"content":{"rendered":"<p data-start=\"106\" data-end=\"362\">Vlada Tuzlanskog kantona usvojila je Izvje\u0161taj o realizaciji Akcionog plana za prevenciju i borbu protiv nasilja u porodici za 2024. godinu, koji pokazuje zna\u010dajan porast broja prijava nasilja i ukazuje na potrebu daljeg ja\u010danja institucionalnog odgovora.<\/p>\n<p data-start=\"364\" data-end=\"712\">Prema podacima iz izvje\u0161taja, u centrima za socijalni rad na podru\u010dju kantona zabilje\u017eeno je 647 prijava nasilja, \u0161to predstavlja pove\u0107anje od 34 posto u odnosu na prethodnu godinu. Tako\u0111er, Ministarstvo unutra\u0161njih poslova TK evidentiralo je 244 izvje\u0161taja o u\u010dinjenim krivi\u010dnim djelima u vezi s nasiljem u porodici \u2013 \u0161to je porast od 17,9 posto.<\/p>\n<p data-start=\"714\" data-end=\"984\">Op\u0107inski sudovi su u 2024. godini donijeli 371 rje\u0161enje kojima je izre\u010deno ukupno 863 za\u0161titne mjere, \u0161to je za 78 posto vi\u0161e nego u 2023. godini. Kroz mehanizme podr\u0161ke centara za socijalni rad obezbije\u0111ena je za\u0161tita za 508 osoba, \u0161to predstavlja porast od 23,3 posto.<\/p>\n<p data-start=\"986\" data-end=\"1385\">Koordinacioni tim za borbu protiv nasilja u porodici, u saradnji sa udru\u017eenjima \u201eVive \u017eene\u201c, \u201eAmica Educa\u201c, \u201eSnaga \u017eene\u201c, \u201eIC Lotos\u201c i drugim nevladinim organizacijama, proveo je brojne edukativne i promotivne aktivnosti. Me\u0111u njima su i kampanje poput \u201e16 dana aktivizma\u201c, \u201ePrevencija fizi\u010dkog ka\u017enjavanja djece\u201c, \u201eUli\u010dna kampanja \u2013 Mentalno zdravlje mladih\u201c, te performans \u201eDa li sam ja sljede\u0107a\u201c.<\/p>\n<p data-start=\"1387\" data-end=\"1785\">Posebno zna\u010dajna bila je kampanja \u201eStop nasilju\u201c, realizovana u \u0161kolama u organizaciji Ministarstva obrazovanja i nauke TK i Pedago\u0161kog zavoda TK. Tokom kampanje provedeno je 1705 aktivnosti koje su uklju\u010divale radionice, kreativne konkurse, edukacije i predstave, a obuhva\u0107eno je ukupno 33.901 u\u010denik. Istovremeno, 686 nastavnika i stru\u010dnih saradnika pro\u0161lo je edukacije o toleranciji i nenasilju.<\/p>\n<p data-start=\"1787\" data-end=\"2006\" data-is-last-node=\"\" data-is-only-node=\"\">Vlada TK je zadu\u017eila sve nadle\u017ene institucije da nastave s provedbom mjera Akcionog plana, te da ih ugrade u svoje godi\u0161nje i trogodi\u0161nje planove rada, s ciljem ja\u010danja sistemske za\u0161tite i prevencije nasilja u porodici.<\/p>\n","protected":false},"excerpt":{"rendered":"<p>Vlada Tuzlanskog kantona usvojila je Izvje\u0161taj o realizaciji Akcionog plana za prevenciju i borbu protiv&hellip;<\/p>\n","protected":false},"author":2,"featured_media":213624,"comment_status":"closed","ping_status":"closed","sticky":false,"template":"","format":"standard","meta":{"_acf_changed":false,"footnotes":""},"categories":[304,12],"tags":[1015,360,336],"acf":[],"yoast_head":"<!-- This site is optimized with the Yoast SEO plugin v23.5 - https:\/\/yoast.com\/wordpress\/plugins\/seo\/ -->\n<title>Alarm u Tuzlanskom kantonu: Zna\u010dajan porast prijava nasilja u porodici - TuzlaInfo.ba<\/title>\n<meta name=\"robots\" content=\"index, follow, max-snippet:-1, max-image-preview:large, max-video-preview:-1\" \/>\n<link rel=\"canonical\" href=\"https:\/\/tuzlainfo.ba\/index.php\/novosti\/item\/271411-alarm-u-tuzlanskom-kantonu-znacajan-porast-prijava-nasilja-u-porodici\/\" \/>\n<meta property=\"og:locale\" content=\"bs_BA\" \/>\n<meta property=\"og:type\" content=\"article\" \/>\n<meta property=\"og:title\" content=\"Alarm u Tuzlanskom kantonu: Zna\u010dajan porast prijava nasilja u porodici - TuzlaInfo.ba\" \/>\n<meta property=\"og:description\" content=\"Vlada Tuzlanskog kantona usvojila je Izvje\u0161taj o realizaciji Akcionog plana za prevenciju i borbu protiv&hellip;\" \/>\n<meta property=\"og:url\" content=\"https:\/\/tuzlainfo.ba\/index.php\/novosti\/item\/271411-alarm-u-tuzlanskom-kantonu-znacajan-porast-prijava-nasilja-u-porodici\/\" \/>\n<meta property=\"og:site_name\" content=\"TuzlaInfo.ba\" \/>\n<meta property=\"article:publisher\" content=\"https:\/\/www.facebook.com\/tuzlainfo.ba\/\" \/>\n<meta property=\"article:published_time\" content=\"2025-06-10T13:02:57+00:00\" \/>\n<meta property=\"article:modified_time\" content=\"2025-06-10T11:52:13+00:00\" \/>\n<meta property=\"og:image\" content=\"https:\/\/tuzlainfo.ba\/wp-content\/uploads\/2023\/08\/1208_nasilje-nad-zenama.jpg\" \/>\n\t<meta property=\"og:image:width\" content=\"1100\" \/>\n\t<meta property=\"og:image:height\" content=\"733\" \/>\n\t<meta property=\"og:image:type\" content=\"image\/jpeg\" \/>\n<meta name=\"author\" content=\"nedim\" \/>\n<meta name=\"twitter:card\" content=\"summary_large_image\" \/>\n<meta name=\"twitter:label1\" content=\"Written by\" \/>\n\t<meta name=\"twitter:data1\" content=\"nedim\" \/>\n\t<meta name=\"twitter:label2\" content=\"Est. reading time\" \/>\n\t<meta name=\"twitter:data2\" content=\"2 minute\" \/>\n<script type=\"application\/ld+json\" class=\"yoast-schema-graph\">{\"@context\":\"https:\/\/schema.org\",\"@graph\":[{\"@type\":\"Article\",\"@id\":\"https:\/\/tuzlainfo.ba\/index.php\/novosti\/item\/271411-alarm-u-tuzlanskom-kantonu-znacajan-porast-prijava-nasilja-u-porodici\/#article\",\"isPartOf\":{\"@id\":\"https:\/\/tuzlainfo.ba\/index.php\/novosti\/item\/271411-alarm-u-tuzlanskom-kantonu-znacajan-porast-prijava-nasilja-u-porodici\/\"},\"author\":{\"name\":\"nedim\",\"@id\":\"https:\/\/tuzlainfo.ba\/#\/schema\/person\/f434e20dc27ea133923aab08451b7f7f\"},\"headline\":\"Alarm u Tuzlanskom kantonu: Zna\u010dajan porast prijava nasilja u porodici\",\"datePublished\":\"2025-06-10T13:02:57+00:00\",\"dateModified\":\"2025-06-10T11:52:13+00:00\",\"mainEntityOfPage\":{\"@id\":\"https:\/\/tuzlainfo.ba\/index.php\/novosti\/item\/271411-alarm-u-tuzlanskom-kantonu-znacajan-porast-prijava-nasilja-u-porodici\/\"},\"wordCount\":314,\"publisher\":{\"@id\":\"https:\/\/tuzlainfo.ba\/#organization\"},\"image\":{\"@id\":\"https:\/\/tuzlainfo.ba\/index.php\/novosti\/item\/271411-alarm-u-tuzlanskom-kantonu-znacajan-porast-prijava-nasilja-u-porodici\/#primaryimage\"},\"thumbnailUrl\":\"https:\/\/tuzlainfo.ba\/wp-content\/uploads\/2023\/08\/1208_nasilje-nad-zenama.jpg\",\"keywords\":[\"nasilje u porodici\",\"tuzlanski kanton\",\"vlada tk\"],\"articleSection\":[\"Istaknuto\",\"Novosti\"],\"inLanguage\":\"bs-BA\"},{\"@type\":\"WebPage\",\"@id\":\"https:\/\/tuzlainfo.ba\/index.php\/novosti\/item\/271411-alarm-u-tuzlanskom-kantonu-znacajan-porast-prijava-nasilja-u-porodici\/\",\"url\":\"https:\/\/tuzlainfo.ba\/index.php\/novosti\/item\/271411-alarm-u-tuzlanskom-kantonu-znacajan-porast-prijava-nasilja-u-porodici\/\",\"name\":\"Alarm u Tuzlanskom kantonu: Zna\u010dajan porast prijava nasilja u porodici - TuzlaInfo.ba\",\"isPartOf\":{\"@id\":\"https:\/\/tuzlainfo.ba\/#website\"},\"primaryImageOfPage\":{\"@id\":\"https:\/\/tuzlainfo.ba\/index.php\/novosti\/item\/271411-alarm-u-tuzlanskom-kantonu-znacajan-porast-prijava-nasilja-u-porodici\/#primaryimage\"},\"image\":{\"@id\":\"https:\/\/tuzlainfo.ba\/index.php\/novosti\/item\/271411-alarm-u-tuzlanskom-kantonu-znacajan-porast-prijava-nasilja-u-porodici\/#primaryimage\"},\"thumbnailUrl\":\"https:\/\/tuzlainfo.ba\/wp-content\/uploads\/2023\/08\/1208_nasilje-nad-zenama.jpg\",\"datePublished\":\"2025-06-10T13:02:57+00:00\",\"dateModified\":\"2025-06-10T11:52:13+00:00\",\"breadcrumb\":{\"@id\":\"https:\/\/tuzlainfo.ba\/index.php\/novosti\/item\/271411-alarm-u-tuzlanskom-kantonu-znacajan-porast-prijava-nasilja-u-porodici\/#breadcrumb\"},\"inLanguage\":\"bs-BA\",\"potentialAction\":[{\"@type\":\"ReadAction\",\"target\":[\"https:\/\/tuzlainfo.ba\/index.php\/novosti\/item\/271411-alarm-u-tuzlanskom-kantonu-znacajan-porast-prijava-nasilja-u-porodici\/\"]}]},{\"@type\":\"ImageObject\",\"inLanguage\":\"bs-BA\",\"@id\":\"https:\/\/tuzlainfo.ba\/index.php\/novosti\/item\/271411-alarm-u-tuzlanskom-kantonu-znacajan-porast-prijava-nasilja-u-porodici\/#primaryimage\",\"url\":\"https:\/\/tuzlainfo.ba\/wp-content\/uploads\/2023\/08\/1208_nasilje-nad-zenama.jpg\",\"contentUrl\":\"https:\/\/tuzlainfo.ba\/wp-content\/uploads\/2023\/08\/1208_nasilje-nad-zenama.jpg\",\"width\":1100,\"height\":733},{\"@type\":\"BreadcrumbList\",\"@id\":\"https:\/\/tuzlainfo.ba\/index.php\/novosti\/item\/271411-alarm-u-tuzlanskom-kantonu-znacajan-porast-prijava-nasilja-u-porodici\/#breadcrumb\",\"itemListElement\":[{\"@type\":\"ListItem\",\"position\":1,\"name\":\"Home\",\"item\":\"https:\/\/tuzlainfo.ba\/\"},{\"@type\":\"ListItem\",\"position\":2,\"name\":\"Alarm u Tuzlanskom kantonu: Zna\u010dajan porast prijava nasilja u porodici\"}]},{\"@type\":\"WebSite\",\"@id\":\"https:\/\/tuzlainfo.ba\/#website\",\"url\":\"https:\/\/tuzlainfo.ba\/\",\"name\":\"TuzlaInfo.ba\",\"description\":\"Tuzla info, gradski informator - Tuzla na dlanu\",\"publisher\":{\"@id\":\"https:\/\/tuzlainfo.ba\/#organization\"},\"potentialAction\":[{\"@type\":\"SearchAction\",\"target\":{\"@type\":\"EntryPoint\",\"urlTemplate\":\"https:\/\/tuzlainfo.ba\/?s={search_term_string}\"},\"query-input\":{\"@type\":\"PropertyValueSpecification\",\"valueRequired\":true,\"valueName\":\"search_term_string\"}}],\"inLanguage\":\"bs-BA\"},{\"@type\":\"Organization\",\"@id\":\"https:\/\/tuzlainfo.ba\/#organization\",\"name\":\"TuzlaInfo.ba\",\"url\":\"https:\/\/tuzlainfo.ba\/\",\"logo\":{\"@type\":\"ImageObject\",\"inLanguage\":\"bs-BA\",\"@id\":\"https:\/\/tuzlainfo.ba\/#\/schema\/logo\/image\/\",\"url\":\"https:\/\/tuzlainfo.ba\/wp-content\/uploads\/2021\/03\/logo-ver-3-1.png\",\"contentUrl\":\"https:\/\/tuzlainfo.ba\/wp-content\/uploads\/2021\/03\/logo-ver-3-1.png\",\"width\":350,\"height\":95,\"caption\":\"TuzlaInfo.ba\"},\"image\":{\"@id\":\"https:\/\/tuzlainfo.ba\/#\/schema\/logo\/image\/\"},\"sameAs\":[\"https:\/\/www.facebook.com\/tuzlainfo.ba\/\"]},{\"@type\":\"Person\",\"@id\":\"https:\/\/tuzlainfo.ba\/#\/schema\/person\/f434e20dc27ea133923aab08451b7f7f\",\"name\":\"nedim\",\"image\":{\"@type\":\"ImageObject\",\"inLanguage\":\"bs-BA\",\"@id\":\"https:\/\/tuzlainfo.ba\/#\/schema\/person\/image\/\",\"url\":\"https:\/\/tuzlainfo.ba\/wp-content\/litespeed\/avatar\/aabad687af24844af817603ac1cbdc4f.jpg?ver=1776702173\",\"contentUrl\":\"https:\/\/tuzlainfo.ba\/wp-content\/litespeed\/avatar\/aabad687af24844af817603ac1cbdc4f.jpg?ver=1776702173\",\"caption\":\"nedim\"},\"description\":\"Tuzlainfo.ba pratite na dru\u0161tvenim mre\u017eama: Facebook, Instagram i Youtube. Svoje pri\u010de, upite i fotografije \u0161aljite na na\u0161u e-mail adresu.\"}]}<\/script>\n<!-- \/ Yoast SEO plugin. -->","yoast_head_json":{"title":"Alarm u Tuzlanskom kantonu: Zna\u010dajan porast prijava nasilja u porodici - TuzlaInfo.ba","robots":{"index":"index","follow":"follow","max-snippet":"max-snippet:-1","max-image-preview":"max-image-preview:large","max-video-preview":"max-video-preview:-1"},"canonical":"https:\/\/tuzlainfo.ba\/index.php\/novosti\/item\/271411-alarm-u-tuzlanskom-kantonu-znacajan-porast-prijava-nasilja-u-porodici\/","og_locale":"bs_BA","og_type":"article","og_title":"Alarm u Tuzlanskom kantonu: Zna\u010dajan porast prijava nasilja u porodici - TuzlaInfo.ba","og_description":"Vlada Tuzlanskog kantona usvojila je Izvje\u0161taj o realizaciji Akcionog plana za prevenciju i borbu protiv&hellip;","og_url":"https:\/\/tuzlainfo.ba\/index.php\/novosti\/item\/271411-alarm-u-tuzlanskom-kantonu-znacajan-porast-prijava-nasilja-u-porodici\/","og_site_name":"TuzlaInfo.ba","article_publisher":"https:\/\/www.facebook.com\/tuzlainfo.ba\/","article_published_time":"2025-06-10T13:02:57+00:00","article_modified_time":"2025-06-10T11:52:13+00:00","og_image":[{"width":1100,"height":733,"url":"https:\/\/tuzlainfo.ba\/wp-content\/uploads\/2023\/08\/1208_nasilje-nad-zenama.jpg","type":"image\/jpeg"}],"author":"nedim","twitter_card":"summary_large_image","twitter_misc":{"Written by":"nedim","Est. reading time":"2 minute"},"schema":{"@context":"https:\/\/schema.org","@graph":[{"@type":"Article","@id":"https:\/\/tuzlainfo.ba\/index.php\/novosti\/item\/271411-alarm-u-tuzlanskom-kantonu-znacajan-porast-prijava-nasilja-u-porodici\/#article","isPartOf":{"@id":"https:\/\/tuzlainfo.ba\/index.php\/novosti\/item\/271411-alarm-u-tuzlanskom-kantonu-znacajan-porast-prijava-nasilja-u-porodici\/"},"author":{"name":"nedim","@id":"https:\/\/tuzlainfo.ba\/#\/schema\/person\/f434e20dc27ea133923aab08451b7f7f"},"headline":"Alarm u Tuzlanskom kantonu: Zna\u010dajan porast prijava nasilja u porodici","datePublished":"2025-06-10T13:02:57+00:00","dateModified":"2025-06-10T11:52:13+00:00","mainEntityOfPage":{"@id":"https:\/\/tuzlainfo.ba\/index.php\/novosti\/item\/271411-alarm-u-tuzlanskom-kantonu-znacajan-porast-prijava-nasilja-u-porodici\/"},"wordCount":314,"publisher":{"@id":"https:\/\/tuzlainfo.ba\/#organization"},"image":{"@id":"https:\/\/tuzlainfo.ba\/index.php\/novosti\/item\/271411-alarm-u-tuzlanskom-kantonu-znacajan-porast-prijava-nasilja-u-porodici\/#primaryimage"},"thumbnailUrl":"https:\/\/tuzlainfo.ba\/wp-content\/uploads\/2023\/08\/1208_nasilje-nad-zenama.jpg","keywords":["nasilje u porodici","tuzlanski kanton","vlada tk"],"articleSection":["Istaknuto","Novosti"],"inLanguage":"bs-BA"},{"@type":"WebPage","@id":"https:\/\/tuzlainfo.ba\/index.php\/novosti\/item\/271411-alarm-u-tuzlanskom-kantonu-znacajan-porast-prijava-nasilja-u-porodici\/","url":"https:\/\/tuzlainfo.ba\/index.php\/novosti\/item\/271411-alarm-u-tuzlanskom-kantonu-znacajan-porast-prijava-nasilja-u-porodici\/","name":"Alarm u Tuzlanskom kantonu: Zna\u010dajan porast prijava nasilja u porodici - TuzlaInfo.ba","isPartOf":{"@id":"https:\/\/tuzlainfo.ba\/#website"},"primaryImageOfPage":{"@id":"https:\/\/tuzlainfo.ba\/index.php\/novosti\/item\/271411-alarm-u-tuzlanskom-kantonu-znacajan-porast-prijava-nasilja-u-porodici\/#primaryimage"},"image":{"@id":"https:\/\/tuzlainfo.ba\/index.php\/novosti\/item\/271411-alarm-u-tuzlanskom-kantonu-znacajan-porast-prijava-nasilja-u-porodici\/#primaryimage"},"thumbnailUrl":"https:\/\/tuzlainfo.ba\/wp-content\/uploads\/2023\/08\/1208_nasilje-nad-zenama.jpg","datePublished":"2025-06-10T13:02:57+00:00","dateModified":"2025-06-10T11:52:13+00:00","breadcrumb":{"@id":"https:\/\/tuzlainfo.ba\/index.php\/novosti\/item\/271411-alarm-u-tuzlanskom-kantonu-znacajan-porast-prijava-nasilja-u-porodici\/#breadcrumb"},"inLanguage":"bs-BA","potentialAction":[{"@type":"ReadAction","target":["https:\/\/tuzlainfo.ba\/index.php\/novosti\/item\/271411-alarm-u-tuzlanskom-kantonu-znacajan-porast-prijava-nasilja-u-porodici\/"]}]},{"@type":"ImageObject","inLanguage":"bs-BA","@id":"https:\/\/tuzlainfo.ba\/index.php\/novosti\/item\/271411-alarm-u-tuzlanskom-kantonu-znacajan-porast-prijava-nasilja-u-porodici\/#primaryimage","url":"https:\/\/tuzlainfo.ba\/wp-content\/uploads\/2023\/08\/1208_nasilje-nad-zenama.jpg","contentUrl":"https:\/\/tuzlainfo.ba\/wp-content\/uploads\/2023\/08\/1208_nasilje-nad-zenama.jpg","width":1100,"height":733},{"@type":"BreadcrumbList","@id":"https:\/\/tuzlainfo.ba\/index.php\/novosti\/item\/271411-alarm-u-tuzlanskom-kantonu-znacajan-porast-prijava-nasilja-u-porodici\/#breadcrumb","itemListElement":[{"@type":"ListItem","position":1,"name":"Home","item":"https:\/\/tuzlainfo.ba\/"},{"@type":"ListItem","position":2,"name":"Alarm u Tuzlanskom kantonu: Zna\u010dajan porast prijava nasilja u porodici"}]},{"@type":"WebSite","@id":"https:\/\/tuzlainfo.ba\/#website","url":"https:\/\/tuzlainfo.ba\/","name":"TuzlaInfo.ba","description":"Tuzla info, gradski informator - Tuzla na dlanu","publisher":{"@id":"https:\/\/tuzlainfo.ba\/#organization"},"potentialAction":[{"@type":"SearchAction","target":{"@type":"EntryPoint","urlTemplate":"https:\/\/tuzlainfo.ba\/?s={search_term_string}"},"query-input":{"@type":"PropertyValueSpecification","valueRequired":true,"valueName":"search_term_string"}}],"inLanguage":"bs-BA"},{"@type":"Organization","@id":"https:\/\/tuzlainfo.ba\/#organization","name":"TuzlaInfo.ba","url":"https:\/\/tuzlainfo.ba\/","logo":{"@type":"ImageObject","inLanguage":"bs-BA","@id":"https:\/\/tuzlainfo.ba\/#\/schema\/logo\/image\/","url":"https:\/\/tuzlainfo.ba\/wp-content\/uploads\/2021\/03\/logo-ver-3-1.png","contentUrl":"https:\/\/tuzlainfo.ba\/wp-content\/uploads\/2021\/03\/logo-ver-3-1.png","width":350,"height":95,"caption":"TuzlaInfo.ba"},"image":{"@id":"https:\/\/tuzlainfo.ba\/#\/schema\/logo\/image\/"},"sameAs":["https:\/\/www.facebook.com\/tuzlainfo.ba\/"]},{"@type":"Person","@id":"https:\/\/tuzlainfo.ba\/#\/schema\/person\/f434e20dc27ea133923aab08451b7f7f","name":"nedim","image":{"@type":"ImageObject","inLanguage":"bs-BA","@id":"https:\/\/tuzlainfo.ba\/#\/schema\/person\/image\/","url":"https:\/\/tuzlainfo.ba\/wp-content\/litespeed\/avatar\/aabad687af24844af817603ac1cbdc4f.jpg?ver=1776702173","contentUrl":"https:\/\/tuzlainfo.ba\/wp-content\/litespeed\/avatar\/aabad687af24844af817603ac1cbdc4f.jpg?ver=1776702173","caption":"nedim"},"description":"Tuzlainfo.ba pratite na dru\u0161tvenim mre\u017eama: Facebook, Instagram i Youtube. Svoje pri\u010de, upite i fotografije \u0161aljite na na\u0161u e-mail adresu."}]}},"_links":{"self":[{"href":"https:\/\/tuzlainfo.ba\/index.php\/wp-json\/wp\/v2\/posts\/271411"}],"collection":[{"href":"https:\/\/tuzlainfo.ba\/index.php\/wp-json\/wp\/v2\/posts"}],"about":[{"href":"https:\/\/tuzlainfo.ba\/index.php\/wp-json\/wp\/v2\/types\/post"}],"author":[{"embeddable":true,"href":"https:\/\/tuzlainfo.ba\/index.php\/wp-json\/wp\/v2\/users\/2"}],"replies":[{"embeddable":true,"href":"https:\/\/tuzlainfo.ba\/index.php\/wp-json\/wp\/v2\/comments?post=271411"}],"version-history":[{"count":2,"href":"https:\/\/tuzlainfo.ba\/index.php\/wp-json\/wp\/v2\/posts\/271411\/revisions"}],"predecessor-version":[{"id":271413,"href":"https:\/\/tuzlainfo.ba\/index.php\/wp-json\/wp\/v2\/posts\/271411\/revisions\/271413"}],"wp:featuredmedia":[{"embeddable":true,"href":"https:\/\/tuzlainfo.ba\/index.php\/wp-json\/wp\/v2\/media\/213624"}],"wp:attachment":[{"href":"https:\/\/tuzlainfo.ba\/index.php\/wp-json\/wp\/v2\/media?parent=271411"}],"wp:term":[{"taxonomy":"category","embeddable":true,"href":"https:\/\/tuzlainfo.ba\/index.php\/wp-json\/wp\/v2\/categories?post=271411"},{"taxonomy":"post_tag","embeddable":true,"href":"https:\/\/tuzlainfo.ba\/index.php\/wp-json\/wp\/v2\/tags?post=271411"}],"curies":[{"name":"wp","href":"https:\/\/api.w.org\/{rel}","templated":true}]}}