{"id":271285,"date":"2025-06-09T08:04:44","date_gmt":"2025-06-09T06:04:44","guid":{"rendered":"https:\/\/tuzlainfo.ba\/?p=271285"},"modified":"2025-06-09T06:32:29","modified_gmt":"2025-06-09T04:32:29","slug":"kakvo-nas-vrijeme-danas-ocekuje-2","status":"publish","type":"post","link":"https:\/\/tuzlainfo.ba\/index.php\/bosna-i-hercegovina\/item\/271285-kakvo-nas-vrijeme-danas-ocekuje-2\/","title":{"rendered":"Kakvo nas vrijeme danas o\u010dekuje?"},"content":{"rendered":"<p>Danas u Bosni prije podne umjereno do prete\u017eno obla\u010dno vrijeme. Rijetko mo\u017ee pasti malo ki\u0161e. Sun\u010danije u drugom dijelu dana. U Hercegovini prete\u017eno sun\u010dano. Umjerene obla\u010dnosti \u0107e biti prije podne na sjeveru Hercegovine. Vjetar slab do umjerene ja\u010dine isto\u010dnog i sjeveroisto\u010dnog smjera. Jutarnja temperatura zraka ve\u0107inom izme\u0111u 12 i 17, na jugu zemlje do 19, a najvi\u0161a dnevna temperatura zraka uglavnom izme\u0111u 24 i 28, na jugu zemlje od 30 do 34 stepena.<\/p>\n<p>Biometeorolo\u0161ka prognoza<\/p>\n<div class=\"column-2-3\">\n<div class=\"white-box\">\n<div class=\"box-content\">\n<div class=\"post\">\n<div class=\"column-1-2\">\n<div id=\"newboxes1\" class=\"newboxes\">Uz stabilne vremenske prilike i povoljnu biometeorolo\u0161ku prognozu, ve\u0107ina populacije \u0107e biti boljeg raspolo\u017eenja i radno motivirana. Tegobe kod osjetljivih osoba \u0107e se umanjiti. Nakon svje\u017eije no\u0107i i mirnijeg sna, sa odmicanjem dana \u0107e u cijeloj zemlji i dalje biti ugodno, prete\u017eno zbog ni\u017eih temperatura zraka, primjerenijih ovom dijelu godine. Po\u017eeljno je slojevito se odjenuti.<\/div>\n<\/div>\n<\/div>\n<\/div>\n<\/div>\n<\/div>\n<div class=\"column-1-3\">\n<div class=\"white-box\"><\/div>\n<\/div>\n","protected":false},"excerpt":{"rendered":"<p>Danas u Bosni prije podne umjereno do prete\u017eno obla\u010dno vrijeme. Rijetko mo\u017ee pasti malo ki\u0161e.&hellip;<\/p>\n","protected":false},"author":4,"featured_media":168609,"comment_status":"closed","ping_status":"closed","sticky":false,"template":"","format":"standard","meta":{"_acf_changed":false,"footnotes":""},"categories":[291,304],"tags":[1635],"acf":[],"yoast_head":"<!-- This site is optimized with the Yoast SEO plugin v23.5 - https:\/\/yoast.com\/wordpress\/plugins\/seo\/ -->\n<title>Kakvo nas vrijeme danas o\u010dekuje? - TuzlaInfo.ba<\/title>\n<meta name=\"robots\" content=\"index, follow, max-snippet:-1, max-image-preview:large, max-video-preview:-1\" \/>\n<link rel=\"canonical\" href=\"https:\/\/tuzlainfo.ba\/index.php\/bosna-i-hercegovina\/item\/271285-kakvo-nas-vrijeme-danas-ocekuje-2\/\" \/>\n<meta property=\"og:locale\" content=\"bs_BA\" \/>\n<meta property=\"og:type\" content=\"article\" \/>\n<meta property=\"og:title\" content=\"Kakvo nas vrijeme danas o\u010dekuje? - TuzlaInfo.ba\" \/>\n<meta property=\"og:description\" content=\"Danas u Bosni prije podne umjereno do prete\u017eno obla\u010dno vrijeme. Rijetko mo\u017ee pasti malo ki\u0161e.&hellip;\" \/>\n<meta property=\"og:url\" content=\"https:\/\/tuzlainfo.ba\/index.php\/bosna-i-hercegovina\/item\/271285-kakvo-nas-vrijeme-danas-ocekuje-2\/\" \/>\n<meta property=\"og:site_name\" content=\"TuzlaInfo.ba\" \/>\n<meta property=\"article:publisher\" content=\"https:\/\/www.facebook.com\/tuzlainfo.ba\/\" \/>\n<meta property=\"article:published_time\" content=\"2025-06-09T06:04:44+00:00\" \/>\n<meta property=\"article:modified_time\" content=\"2025-06-09T04:32:29+00:00\" \/>\n<meta property=\"og:image\" content=\"https:\/\/tuzlainfo.ba\/wp-content\/uploads\/2022\/04\/0604-tuzla_grad-tuzla_vrijeme_oblacno.jpg\" \/>\n\t<meta property=\"og:image:width\" content=\"1084\" \/>\n\t<meta property=\"og:image:height\" content=\"814\" \/>\n\t<meta property=\"og:image:type\" content=\"image\/jpeg\" \/>\n<meta name=\"author\" content=\"Tuzla Info\" \/>\n<meta name=\"twitter:card\" content=\"summary_large_image\" \/>\n<meta name=\"twitter:label1\" content=\"Written by\" \/>\n\t<meta name=\"twitter:data1\" content=\"Tuzla Info\" \/>\n\t<meta name=\"twitter:label2\" content=\"Est. reading time\" \/>\n\t<meta name=\"twitter:data2\" content=\"1 minuta\" \/>\n<script type=\"application\/ld+json\" class=\"yoast-schema-graph\">{\"@context\":\"https:\/\/schema.org\",\"@graph\":[{\"@type\":\"Article\",\"@id\":\"https:\/\/tuzlainfo.ba\/index.php\/bosna-i-hercegovina\/item\/271285-kakvo-nas-vrijeme-danas-ocekuje-2\/#article\",\"isPartOf\":{\"@id\":\"https:\/\/tuzlainfo.ba\/index.php\/bosna-i-hercegovina\/item\/271285-kakvo-nas-vrijeme-danas-ocekuje-2\/\"},\"author\":{\"name\":\"Tuzla Info\",\"@id\":\"https:\/\/tuzlainfo.ba\/#\/schema\/person\/46cad4c57790cbc50781edd14870825a\"},\"headline\":\"Kakvo nas vrijeme danas o\u010dekuje?\",\"datePublished\":\"2025-06-09T06:04:44+00:00\",\"dateModified\":\"2025-06-09T04:32:29+00:00\",\"mainEntityOfPage\":{\"@id\":\"https:\/\/tuzlainfo.ba\/index.php\/bosna-i-hercegovina\/item\/271285-kakvo-nas-vrijeme-danas-ocekuje-2\/\"},\"wordCount\":153,\"publisher\":{\"@id\":\"https:\/\/tuzlainfo.ba\/#organization\"},\"image\":{\"@id\":\"https:\/\/tuzlainfo.ba\/index.php\/bosna-i-hercegovina\/item\/271285-kakvo-nas-vrijeme-danas-ocekuje-2\/#primaryimage\"},\"thumbnailUrl\":\"https:\/\/tuzlainfo.ba\/wp-content\/uploads\/2022\/04\/0604-tuzla_grad-tuzla_vrijeme_oblacno.jpg\",\"keywords\":[\"vemenska prognoza\"],\"articleSection\":[\"Bosna i Hercegovina\",\"Istaknuto\"],\"inLanguage\":\"bs-BA\"},{\"@type\":\"WebPage\",\"@id\":\"https:\/\/tuzlainfo.ba\/index.php\/bosna-i-hercegovina\/item\/271285-kakvo-nas-vrijeme-danas-ocekuje-2\/\",\"url\":\"https:\/\/tuzlainfo.ba\/index.php\/bosna-i-hercegovina\/item\/271285-kakvo-nas-vrijeme-danas-ocekuje-2\/\",\"name\":\"Kakvo nas vrijeme danas o\u010dekuje? - TuzlaInfo.ba\",\"isPartOf\":{\"@id\":\"https:\/\/tuzlainfo.ba\/#website\"},\"primaryImageOfPage\":{\"@id\":\"https:\/\/tuzlainfo.ba\/index.php\/bosna-i-hercegovina\/item\/271285-kakvo-nas-vrijeme-danas-ocekuje-2\/#primaryimage\"},\"image\":{\"@id\":\"https:\/\/tuzlainfo.ba\/index.php\/bosna-i-hercegovina\/item\/271285-kakvo-nas-vrijeme-danas-ocekuje-2\/#primaryimage\"},\"thumbnailUrl\":\"https:\/\/tuzlainfo.ba\/wp-content\/uploads\/2022\/04\/0604-tuzla_grad-tuzla_vrijeme_oblacno.jpg\",\"datePublished\":\"2025-06-09T06:04:44+00:00\",\"dateModified\":\"2025-06-09T04:32:29+00:00\",\"breadcrumb\":{\"@id\":\"https:\/\/tuzlainfo.ba\/index.php\/bosna-i-hercegovina\/item\/271285-kakvo-nas-vrijeme-danas-ocekuje-2\/#breadcrumb\"},\"inLanguage\":\"bs-BA\",\"potentialAction\":[{\"@type\":\"ReadAction\",\"target\":[\"https:\/\/tuzlainfo.ba\/index.php\/bosna-i-hercegovina\/item\/271285-kakvo-nas-vrijeme-danas-ocekuje-2\/\"]}]},{\"@type\":\"ImageObject\",\"inLanguage\":\"bs-BA\",\"@id\":\"https:\/\/tuzlainfo.ba\/index.php\/bosna-i-hercegovina\/item\/271285-kakvo-nas-vrijeme-danas-ocekuje-2\/#primaryimage\",\"url\":\"https:\/\/tuzlainfo.ba\/wp-content\/uploads\/2022\/04\/0604-tuzla_grad-tuzla_vrijeme_oblacno.jpg\",\"contentUrl\":\"https:\/\/tuzlainfo.ba\/wp-content\/uploads\/2022\/04\/0604-tuzla_grad-tuzla_vrijeme_oblacno.jpg\",\"width\":1084,\"height\":814,\"caption\":\"Foto: Tuzlainfo\"},{\"@type\":\"BreadcrumbList\",\"@id\":\"https:\/\/tuzlainfo.ba\/index.php\/bosna-i-hercegovina\/item\/271285-kakvo-nas-vrijeme-danas-ocekuje-2\/#breadcrumb\",\"itemListElement\":[{\"@type\":\"ListItem\",\"position\":1,\"name\":\"Home\",\"item\":\"https:\/\/tuzlainfo.ba\/\"},{\"@type\":\"ListItem\",\"position\":2,\"name\":\"Kakvo nas vrijeme danas o\u010dekuje?\"}]},{\"@type\":\"WebSite\",\"@id\":\"https:\/\/tuzlainfo.ba\/#website\",\"url\":\"https:\/\/tuzlainfo.ba\/\",\"name\":\"TuzlaInfo.ba\",\"description\":\"Tuzla info, gradski informator - Tuzla na dlanu\",\"publisher\":{\"@id\":\"https:\/\/tuzlainfo.ba\/#organization\"},\"potentialAction\":[{\"@type\":\"SearchAction\",\"target\":{\"@type\":\"EntryPoint\",\"urlTemplate\":\"https:\/\/tuzlainfo.ba\/?s={search_term_string}\"},\"query-input\":{\"@type\":\"PropertyValueSpecification\",\"valueRequired\":true,\"valueName\":\"search_term_string\"}}],\"inLanguage\":\"bs-BA\"},{\"@type\":\"Organization\",\"@id\":\"https:\/\/tuzlainfo.ba\/#organization\",\"name\":\"TuzlaInfo.ba\",\"url\":\"https:\/\/tuzlainfo.ba\/\",\"logo\":{\"@type\":\"ImageObject\",\"inLanguage\":\"bs-BA\",\"@id\":\"https:\/\/tuzlainfo.ba\/#\/schema\/logo\/image\/\",\"url\":\"https:\/\/tuzlainfo.ba\/wp-content\/uploads\/2021\/03\/logo-ver-3-1.png\",\"contentUrl\":\"https:\/\/tuzlainfo.ba\/wp-content\/uploads\/2021\/03\/logo-ver-3-1.png\",\"width\":350,\"height\":95,\"caption\":\"TuzlaInfo.ba\"},\"image\":{\"@id\":\"https:\/\/tuzlainfo.ba\/#\/schema\/logo\/image\/\"},\"sameAs\":[\"https:\/\/www.facebook.com\/tuzlainfo.ba\/\"]},{\"@type\":\"Person\",\"@id\":\"https:\/\/tuzlainfo.ba\/#\/schema\/person\/46cad4c57790cbc50781edd14870825a\",\"name\":\"Tuzla Info\",\"image\":{\"@type\":\"ImageObject\",\"inLanguage\":\"bs-BA\",\"@id\":\"https:\/\/tuzlainfo.ba\/#\/schema\/person\/image\/\",\"url\":\"https:\/\/tuzlainfo.ba\/wp-content\/litespeed\/avatar\/b6c453a6c38e3654f2e4416c643fc25c.jpg?ver=1777051911\",\"contentUrl\":\"https:\/\/tuzlainfo.ba\/wp-content\/litespeed\/avatar\/b6c453a6c38e3654f2e4416c643fc25c.jpg?ver=1777051911\",\"caption\":\"Tuzla Info\"}}]}<\/script>\n<!-- \/ Yoast SEO plugin. -->","yoast_head_json":{"title":"Kakvo nas vrijeme danas o\u010dekuje? - TuzlaInfo.ba","robots":{"index":"index","follow":"follow","max-snippet":"max-snippet:-1","max-image-preview":"max-image-preview:large","max-video-preview":"max-video-preview:-1"},"canonical":"https:\/\/tuzlainfo.ba\/index.php\/bosna-i-hercegovina\/item\/271285-kakvo-nas-vrijeme-danas-ocekuje-2\/","og_locale":"bs_BA","og_type":"article","og_title":"Kakvo nas vrijeme danas o\u010dekuje? - TuzlaInfo.ba","og_description":"Danas u Bosni prije podne umjereno do prete\u017eno obla\u010dno vrijeme. Rijetko mo\u017ee pasti malo ki\u0161e.&hellip;","og_url":"https:\/\/tuzlainfo.ba\/index.php\/bosna-i-hercegovina\/item\/271285-kakvo-nas-vrijeme-danas-ocekuje-2\/","og_site_name":"TuzlaInfo.ba","article_publisher":"https:\/\/www.facebook.com\/tuzlainfo.ba\/","article_published_time":"2025-06-09T06:04:44+00:00","article_modified_time":"2025-06-09T04:32:29+00:00","og_image":[{"width":1084,"height":814,"url":"https:\/\/tuzlainfo.ba\/wp-content\/uploads\/2022\/04\/0604-tuzla_grad-tuzla_vrijeme_oblacno.jpg","type":"image\/jpeg"}],"author":"Tuzla Info","twitter_card":"summary_large_image","twitter_misc":{"Written by":"Tuzla Info","Est. reading time":"1 minuta"},"schema":{"@context":"https:\/\/schema.org","@graph":[{"@type":"Article","@id":"https:\/\/tuzlainfo.ba\/index.php\/bosna-i-hercegovina\/item\/271285-kakvo-nas-vrijeme-danas-ocekuje-2\/#article","isPartOf":{"@id":"https:\/\/tuzlainfo.ba\/index.php\/bosna-i-hercegovina\/item\/271285-kakvo-nas-vrijeme-danas-ocekuje-2\/"},"author":{"name":"Tuzla Info","@id":"https:\/\/tuzlainfo.ba\/#\/schema\/person\/46cad4c57790cbc50781edd14870825a"},"headline":"Kakvo nas vrijeme danas o\u010dekuje?","datePublished":"2025-06-09T06:04:44+00:00","dateModified":"2025-06-09T04:32:29+00:00","mainEntityOfPage":{"@id":"https:\/\/tuzlainfo.ba\/index.php\/bosna-i-hercegovina\/item\/271285-kakvo-nas-vrijeme-danas-ocekuje-2\/"},"wordCount":153,"publisher":{"@id":"https:\/\/tuzlainfo.ba\/#organization"},"image":{"@id":"https:\/\/tuzlainfo.ba\/index.php\/bosna-i-hercegovina\/item\/271285-kakvo-nas-vrijeme-danas-ocekuje-2\/#primaryimage"},"thumbnailUrl":"https:\/\/tuzlainfo.ba\/wp-content\/uploads\/2022\/04\/0604-tuzla_grad-tuzla_vrijeme_oblacno.jpg","keywords":["vemenska prognoza"],"articleSection":["Bosna i Hercegovina","Istaknuto"],"inLanguage":"bs-BA"},{"@type":"WebPage","@id":"https:\/\/tuzlainfo.ba\/index.php\/bosna-i-hercegovina\/item\/271285-kakvo-nas-vrijeme-danas-ocekuje-2\/","url":"https:\/\/tuzlainfo.ba\/index.php\/bosna-i-hercegovina\/item\/271285-kakvo-nas-vrijeme-danas-ocekuje-2\/","name":"Kakvo nas vrijeme danas o\u010dekuje? - TuzlaInfo.ba","isPartOf":{"@id":"https:\/\/tuzlainfo.ba\/#website"},"primaryImageOfPage":{"@id":"https:\/\/tuzlainfo.ba\/index.php\/bosna-i-hercegovina\/item\/271285-kakvo-nas-vrijeme-danas-ocekuje-2\/#primaryimage"},"image":{"@id":"https:\/\/tuzlainfo.ba\/index.php\/bosna-i-hercegovina\/item\/271285-kakvo-nas-vrijeme-danas-ocekuje-2\/#primaryimage"},"thumbnailUrl":"https:\/\/tuzlainfo.ba\/wp-content\/uploads\/2022\/04\/0604-tuzla_grad-tuzla_vrijeme_oblacno.jpg","datePublished":"2025-06-09T06:04:44+00:00","dateModified":"2025-06-09T04:32:29+00:00","breadcrumb":{"@id":"https:\/\/tuzlainfo.ba\/index.php\/bosna-i-hercegovina\/item\/271285-kakvo-nas-vrijeme-danas-ocekuje-2\/#breadcrumb"},"inLanguage":"bs-BA","potentialAction":[{"@type":"ReadAction","target":["https:\/\/tuzlainfo.ba\/index.php\/bosna-i-hercegovina\/item\/271285-kakvo-nas-vrijeme-danas-ocekuje-2\/"]}]},{"@type":"ImageObject","inLanguage":"bs-BA","@id":"https:\/\/tuzlainfo.ba\/index.php\/bosna-i-hercegovina\/item\/271285-kakvo-nas-vrijeme-danas-ocekuje-2\/#primaryimage","url":"https:\/\/tuzlainfo.ba\/wp-content\/uploads\/2022\/04\/0604-tuzla_grad-tuzla_vrijeme_oblacno.jpg","contentUrl":"https:\/\/tuzlainfo.ba\/wp-content\/uploads\/2022\/04\/0604-tuzla_grad-tuzla_vrijeme_oblacno.jpg","width":1084,"height":814,"caption":"Foto: Tuzlainfo"},{"@type":"BreadcrumbList","@id":"https:\/\/tuzlainfo.ba\/index.php\/bosna-i-hercegovina\/item\/271285-kakvo-nas-vrijeme-danas-ocekuje-2\/#breadcrumb","itemListElement":[{"@type":"ListItem","position":1,"name":"Home","item":"https:\/\/tuzlainfo.ba\/"},{"@type":"ListItem","position":2,"name":"Kakvo nas vrijeme danas o\u010dekuje?"}]},{"@type":"WebSite","@id":"https:\/\/tuzlainfo.ba\/#website","url":"https:\/\/tuzlainfo.ba\/","name":"TuzlaInfo.ba","description":"Tuzla info, gradski informator - Tuzla na dlanu","publisher":{"@id":"https:\/\/tuzlainfo.ba\/#organization"},"potentialAction":[{"@type":"SearchAction","target":{"@type":"EntryPoint","urlTemplate":"https:\/\/tuzlainfo.ba\/?s={search_term_string}"},"query-input":{"@type":"PropertyValueSpecification","valueRequired":true,"valueName":"search_term_string"}}],"inLanguage":"bs-BA"},{"@type":"Organization","@id":"https:\/\/tuzlainfo.ba\/#organization","name":"TuzlaInfo.ba","url":"https:\/\/tuzlainfo.ba\/","logo":{"@type":"ImageObject","inLanguage":"bs-BA","@id":"https:\/\/tuzlainfo.ba\/#\/schema\/logo\/image\/","url":"https:\/\/tuzlainfo.ba\/wp-content\/uploads\/2021\/03\/logo-ver-3-1.png","contentUrl":"https:\/\/tuzlainfo.ba\/wp-content\/uploads\/2021\/03\/logo-ver-3-1.png","width":350,"height":95,"caption":"TuzlaInfo.ba"},"image":{"@id":"https:\/\/tuzlainfo.ba\/#\/schema\/logo\/image\/"},"sameAs":["https:\/\/www.facebook.com\/tuzlainfo.ba\/"]},{"@type":"Person","@id":"https:\/\/tuzlainfo.ba\/#\/schema\/person\/46cad4c57790cbc50781edd14870825a","name":"Tuzla Info","image":{"@type":"ImageObject","inLanguage":"bs-BA","@id":"https:\/\/tuzlainfo.ba\/#\/schema\/person\/image\/","url":"https:\/\/tuzlainfo.ba\/wp-content\/litespeed\/avatar\/b6c453a6c38e3654f2e4416c643fc25c.jpg?ver=1777051911","contentUrl":"https:\/\/tuzlainfo.ba\/wp-content\/litespeed\/avatar\/b6c453a6c38e3654f2e4416c643fc25c.jpg?ver=1777051911","caption":"Tuzla Info"}}]}},"_links":{"self":[{"href":"https:\/\/tuzlainfo.ba\/index.php\/wp-json\/wp\/v2\/posts\/271285"}],"collection":[{"href":"https:\/\/tuzlainfo.ba\/index.php\/wp-json\/wp\/v2\/posts"}],"about":[{"href":"https:\/\/tuzlainfo.ba\/index.php\/wp-json\/wp\/v2\/types\/post"}],"author":[{"embeddable":true,"href":"https:\/\/tuzlainfo.ba\/index.php\/wp-json\/wp\/v2\/users\/4"}],"replies":[{"embeddable":true,"href":"https:\/\/tuzlainfo.ba\/index.php\/wp-json\/wp\/v2\/comments?post=271285"}],"version-history":[{"count":1,"href":"https:\/\/tuzlainfo.ba\/index.php\/wp-json\/wp\/v2\/posts\/271285\/revisions"}],"predecessor-version":[{"id":271286,"href":"https:\/\/tuzlainfo.ba\/index.php\/wp-json\/wp\/v2\/posts\/271285\/revisions\/271286"}],"wp:featuredmedia":[{"embeddable":true,"href":"https:\/\/tuzlainfo.ba\/index.php\/wp-json\/wp\/v2\/media\/168609"}],"wp:attachment":[{"href":"https:\/\/tuzlainfo.ba\/index.php\/wp-json\/wp\/v2\/media?parent=271285"}],"wp:term":[{"taxonomy":"category","embeddable":true,"href":"https:\/\/tuzlainfo.ba\/index.php\/wp-json\/wp\/v2\/categories?post=271285"},{"taxonomy":"post_tag","embeddable":true,"href":"https:\/\/tuzlainfo.ba\/index.php\/wp-json\/wp\/v2\/tags?post=271285"}],"curies":[{"name":"wp","href":"https:\/\/api.w.org\/{rel}","templated":true}]}}